{"id":93581,"date":"2015-12-09T20:21:18","date_gmt":"2015-12-09T19:21:18","guid":{"rendered":"http:\/\/www.visit-ulcinj.com\/blog\/?p=93581"},"modified":"2015-12-10T22:30:22","modified_gmt":"2015-12-10T21:30:22","slug":"hajdinaga-mali-zi-e-shqiperia-projekte-te-perbashketa-turistike","status":"publish","type":"post","link":"https:\/\/www.visit-ulcinj.com\/blog\/2015\/12\/09\/hajdinaga-mali-zi-e-shqiperia-projekte-te-perbashketa-turistike\/","title":{"rendered":"Hajdinaga: Mali i Zi e Shqip\u00ebria me projekte t\u00eb p\u00ebrbashk\u00ebta turistike"},"content":{"rendered":"<h4><a href=\"http:\/\/www.visit-ulcinj.com\/blog\/wp-content\/uploads\/2011\/06\/Kampanja-Zove-more-_predstavljena-i-u-Albaniji.1.jpg\"><img loading=\"lazy\" class=\"alignleft wp-image-47242\" src=\"http:\/\/www.visit-ulcinj.com\/blog\/wp-content\/uploads\/2011\/06\/Kampanja-Zove-more-_predstavljena-i-u-Albaniji.1.jpg\" alt=\"Kampanja - Zove more _predstavljena i u Albaniji.1\" width=\"508\" height=\"355\" srcset=\"https:\/\/www.visit-ulcinj.com\/blog\/wp-content\/uploads\/2011\/06\/Kampanja-Zove-more-_predstavljena-i-u-Albaniji.1.jpg 470w, https:\/\/www.visit-ulcinj.com\/blog\/wp-content\/uploads\/2011\/06\/Kampanja-Zove-more-_predstavljena-i-u-Albaniji.1-300x209.jpg 300w\" sizes=\"(max-width: 508px) 100vw, 508px\" \/><\/a>Mali i Zi dhe Shqip\u00ebria kan\u00eb shum\u00eb mund\u00ebsi p\u00ebr diversifikimin dhe zhvillimin e turizmit mes dy vendeve p\u00ebrmes projekteve rajonale t\u00eb p\u00ebrbashk\u00ebta.<\/h4>\n<p>G\u00ebzim Hajdinaga, p\u00ebrfaq\u00ebsues i Organizat\u00ebs Komb\u00ebtare t\u00eb Turizmit p\u00ebr Malin e Zi, n\u00eb nj\u00eb intervist\u00eb p\u00ebr ATSH-n\u00eb u shpreh se, ndodhet n\u00eb Tiran\u00eb bashk\u00eb me operator\u00eb dhe aktor\u00ebt t\u00eb tjer\u00eb t\u00eb fush\u00ebs s\u00eb turizmit malazez, p\u00ebr t\u00eb prezantuar vlerat dhe risit\u00eb turistike q\u00eb ofron Mali i Zi gjat\u00eb k\u00ebtij sezoni dim\u00ebror, por jo vet\u00ebm.<\/p>\n<p>Mali i Zi ka potenciale dhe nd\u00ebrthurje t\u00eb bregdetit me malet, me peizazhe piktoreske mahnit\u00ebse, q\u00eb ja vlen t\u2019i eksplorosh, si Kolashini, Zhabjaku, por edhe vende si Plava e Gucia.<\/p>\n<p>Gjej rastin, thot\u00eb Hajdinaga, t\u00eb v\u00eb n\u00eb dukje q\u00eb vizitor\u00ebt nga Shqip\u00ebria kan\u00eb qen\u00eb gjithnj\u00eb t\u00eb mir\u00ebpritur dhe t\u00eb mir\u00ebseradhur n\u00eb Malin e Zi dhe kjo sipas tij, reflektohet edhe n\u00eb shifrat turistike t\u00eb sezonit t\u00eb fundit veror, ku u sh\u00ebnua nj\u00eb num\u00ebr n\u00eb rritje i turist\u00ebve shqiptar\u00eb n\u00eb trevat malazeze.<\/p>\n<p>N\u00eb k\u00ebt\u00eb kontekst, ai fton vizitor\u00ebt shqiptar\u00eb duke i siguruar se do t\u00eb gjejn\u00eb gjithnj\u00eb mikpritje n\u00eb Malin e Zi. Hajdinaga apelon p\u00ebr projekte rajonale mes dy vendeve, q\u00eb do t\u00eb zhvillojn\u00eb m\u00eb tej sektorin e turizmit.<\/p>\n<div><strong><span id=\"ctl00_ContentPlaceHolder1_gvNews_ctl02_Label1\">ATSH<\/span><\/strong><\/div>\n<p><iframe loading=\"lazy\" src=\"http:\/\/zeriamerikes.share.voanews.eu\/flashembed.aspx?t=vid&amp;id=3097420&amp;w=640&amp;h=363&amp;skin=embeded\" scrolling=\"no\" frameborder=\"0\" width=\"508\" height=\"363\"><\/iframe><\/p>\n","protected":false},"excerpt":{"rendered":"<p>Mali i Zi dhe Shqip\u00ebria kan\u00eb shum\u00eb mund\u00ebsi p\u00ebr diversifikimin dhe zhvillimin e turizmit mes dy vendeve p\u00ebrmes projekteve rajonale t\u00eb p\u00ebrbashk\u00ebta. G\u00ebzim Hajdinaga, p\u00ebrfaq\u00ebsues i Organizat\u00ebs Komb\u00ebtare t\u00eb Turizmit p\u00ebr Malin e Zi, n\u00eb nj\u00eb intervist\u00eb p\u00ebr ATSH-n\u00eb u shpreh se, ndodhet n\u00eb Tiran\u00eb bashk\u00eb me operator\u00eb dhe aktor\u00ebt t\u00eb tjer\u00eb t\u00eb fush\u00ebs s\u00eb [&hellip;]<\/p>\n","protected":false},"author":1,"featured_media":0,"comment_status":"closed","ping_status":"closed","sticky":false,"template":"","format":"standard","meta":{"spay_email":"","jetpack_publicize_message":"","jetpack_is_tweetstorm":false,"jetpack_publicize_feature_enabled":true},"categories":[15],"tags":[],"jetpack_publicize_connections":[],"yoast_head":"<!-- This site is optimized with the Yoast SEO plugin v19.1 - https:\/\/yoast.com\/wordpress\/plugins\/seo\/ -->\n<title>Hajdinaga: Mali i Zi e Shqip\u00ebria me projekte t\u00eb p\u00ebrbashk\u00ebta turistike - Lajme nga Ulqini<\/title>\n<meta name=\"description\" content=\"Mali i Zi dhe Shqip\u00ebria kan\u00eb shum\u00eb mund\u00ebsi p\u00ebr diversifikimin dhe zhvillimin e turizmit mes dy vendeve p\u00ebrmes projekteve rajonale t\u00eb p\u00ebrbashk\u00ebta. G\u00ebzim\" \/>\n<meta name=\"robots\" content=\"index, follow, max-snippet:-1, max-image-preview:large, max-video-preview:-1\" \/>\n<link rel=\"canonical\" href=\"https:\/\/www.visit-ulcinj.com\/blog\/2015\/12\/09\/hajdinaga-mali-zi-e-shqiperia-projekte-te-perbashketa-turistike\/\" \/>\n<meta property=\"og:locale\" content=\"en_US\" \/>\n<meta property=\"og:type\" content=\"article\" \/>\n<meta property=\"og:title\" content=\"Hajdinaga: Mali i Zi e Shqip\u00ebria me projekte t\u00eb p\u00ebrbashk\u00ebta turistike - Lajme nga Ulqini\" \/>\n<meta property=\"og:description\" content=\"Mali i Zi dhe Shqip\u00ebria kan\u00eb shum\u00eb mund\u00ebsi p\u00ebr diversifikimin dhe zhvillimin e turizmit mes dy vendeve p\u00ebrmes projekteve rajonale t\u00eb p\u00ebrbashk\u00ebta. G\u00ebzim\" \/>\n<meta property=\"og:url\" content=\"https:\/\/www.visit-ulcinj.com\/blog\/2015\/12\/09\/hajdinaga-mali-zi-e-shqiperia-projekte-te-perbashketa-turistike\/\" \/>\n<meta property=\"og:site_name\" content=\"Lajme nga Ulqini\" \/>\n<meta property=\"article:published_time\" content=\"2015-12-09T19:21:18+00:00\" \/>\n<meta property=\"article:modified_time\" content=\"2015-12-10T21:30:22+00:00\" \/>\n<meta property=\"og:image\" content=\"http:\/\/www.visit-ulcinj.com\/blog\/wp-content\/uploads\/2011\/06\/Kampanja-Zove-more-_predstavljena-i-u-Albaniji.1.jpg\" \/>\n<meta name=\"twitter:label1\" content=\"Written by\" \/>\n\t<meta name=\"twitter:data1\" content=\"ulqini\" \/>\n\t<meta name=\"twitter:label2\" content=\"Est. reading time\" \/>\n\t<meta name=\"twitter:data2\" content=\"1 minute\" \/>\n<script type=\"application\/ld+json\" class=\"yoast-schema-graph\">{\"@context\":\"https:\/\/schema.org\",\"@graph\":[{\"@type\":\"WebSite\",\"@id\":\"https:\/\/www.visit-ulcinj.com\/blog\/#website\",\"url\":\"https:\/\/www.visit-ulcinj.com\/blog\/\",\"name\":\"Lajme nga Ulqini\",\"description\":\"Lajme,Vijesti,Ulqini,Ulqin,Crna Gora,Mali i Zi\",\"potentialAction\":[{\"@type\":\"SearchAction\",\"target\":{\"@type\":\"EntryPoint\",\"urlTemplate\":\"https:\/\/www.visit-ulcinj.com\/blog\/?s={search_term_string}\"},\"query-input\":\"required name=search_term_string\"}],\"inLanguage\":\"en-US\"},{\"@type\":\"ImageObject\",\"inLanguage\":\"en-US\",\"@id\":\"https:\/\/www.visit-ulcinj.com\/blog\/2015\/12\/09\/hajdinaga-mali-zi-e-shqiperia-projekte-te-perbashketa-turistike\/#primaryimage\",\"url\":\"https:\/\/www.visit-ulcinj.com\/blog\/wp-content\/uploads\/2011\/06\/Kampanja-Zove-more-_predstavljena-i-u-Albaniji.1.jpg\",\"contentUrl\":\"https:\/\/www.visit-ulcinj.com\/blog\/wp-content\/uploads\/2011\/06\/Kampanja-Zove-more-_predstavljena-i-u-Albaniji.1.jpg\",\"width\":\"470\",\"height\":\"328\"},{\"@type\":\"WebPage\",\"@id\":\"https:\/\/www.visit-ulcinj.com\/blog\/2015\/12\/09\/hajdinaga-mali-zi-e-shqiperia-projekte-te-perbashketa-turistike\/#webpage\",\"url\":\"https:\/\/www.visit-ulcinj.com\/blog\/2015\/12\/09\/hajdinaga-mali-zi-e-shqiperia-projekte-te-perbashketa-turistike\/\",\"name\":\"Hajdinaga: Mali i Zi e Shqip\u00ebria me projekte t\u00eb p\u00ebrbashk\u00ebta turistike - Lajme nga Ulqini\",\"isPartOf\":{\"@id\":\"https:\/\/www.visit-ulcinj.com\/blog\/#website\"},\"primaryImageOfPage\":{\"@id\":\"https:\/\/www.visit-ulcinj.com\/blog\/2015\/12\/09\/hajdinaga-mali-zi-e-shqiperia-projekte-te-perbashketa-turistike\/#primaryimage\"},\"datePublished\":\"2015-12-09T19:21:18+00:00\",\"dateModified\":\"2015-12-10T21:30:22+00:00\",\"author\":{\"@id\":\"https:\/\/www.visit-ulcinj.com\/blog\/#\/schema\/person\/dcab619c614d3038751c63bc2aadc06d\"},\"description\":\"Mali i Zi dhe Shqip\u00ebria kan\u00eb shum\u00eb mund\u00ebsi p\u00ebr diversifikimin dhe zhvillimin e turizmit mes dy vendeve p\u00ebrmes projekteve rajonale t\u00eb p\u00ebrbashk\u00ebta. G\u00ebzim\",\"breadcrumb\":{\"@id\":\"https:\/\/www.visit-ulcinj.com\/blog\/2015\/12\/09\/hajdinaga-mali-zi-e-shqiperia-projekte-te-perbashketa-turistike\/#breadcrumb\"},\"inLanguage\":\"en-US\",\"potentialAction\":[{\"@type\":\"ReadAction\",\"target\":[\"https:\/\/www.visit-ulcinj.com\/blog\/2015\/12\/09\/hajdinaga-mali-zi-e-shqiperia-projekte-te-perbashketa-turistike\/\"]}]},{\"@type\":\"BreadcrumbList\",\"@id\":\"https:\/\/www.visit-ulcinj.com\/blog\/2015\/12\/09\/hajdinaga-mali-zi-e-shqiperia-projekte-te-perbashketa-turistike\/#breadcrumb\",\"itemListElement\":[{\"@type\":\"ListItem\",\"position\":1,\"name\":\"Hajdinaga: Mali i Zi e Shqip\u00ebria me projekte t\u00eb p\u00ebrbashk\u00ebta turistike\"}]},{\"@type\":\"Person\",\"@id\":\"https:\/\/www.visit-ulcinj.com\/blog\/#\/schema\/person\/dcab619c614d3038751c63bc2aadc06d\",\"name\":\"ulqini\",\"sameAs\":[\"http:\/\/www.visit-ulcinj.com\"],\"url\":\"https:\/\/www.visit-ulcinj.com\/blog\/author\/admin\/\"}]}<\/script>\n<!-- \/ Yoast SEO plugin. -->","yoast_head_json":{"title":"Hajdinaga: Mali i Zi e Shqip\u00ebria me projekte t\u00eb p\u00ebrbashk\u00ebta turistike - Lajme nga Ulqini","description":"Mali i Zi dhe Shqip\u00ebria kan\u00eb shum\u00eb mund\u00ebsi p\u00ebr diversifikimin dhe zhvillimin e turizmit mes dy vendeve p\u00ebrmes projekteve rajonale t\u00eb p\u00ebrbashk\u00ebta. G\u00ebzim","robots":{"index":"index","follow":"follow","max-snippet":"max-snippet:-1","max-image-preview":"max-image-preview:large","max-video-preview":"max-video-preview:-1"},"canonical":"https:\/\/www.visit-ulcinj.com\/blog\/2015\/12\/09\/hajdinaga-mali-zi-e-shqiperia-projekte-te-perbashketa-turistike\/","og_locale":"en_US","og_type":"article","og_title":"Hajdinaga: Mali i Zi e Shqip\u00ebria me projekte t\u00eb p\u00ebrbashk\u00ebta turistike - Lajme nga Ulqini","og_description":"Mali i Zi dhe Shqip\u00ebria kan\u00eb shum\u00eb mund\u00ebsi p\u00ebr diversifikimin dhe zhvillimin e turizmit mes dy vendeve p\u00ebrmes projekteve rajonale t\u00eb p\u00ebrbashk\u00ebta. G\u00ebzim","og_url":"https:\/\/www.visit-ulcinj.com\/blog\/2015\/12\/09\/hajdinaga-mali-zi-e-shqiperia-projekte-te-perbashketa-turistike\/","og_site_name":"Lajme nga Ulqini","article_published_time":"2015-12-09T19:21:18+00:00","article_modified_time":"2015-12-10T21:30:22+00:00","og_image":[{"url":"http:\/\/www.visit-ulcinj.com\/blog\/wp-content\/uploads\/2011\/06\/Kampanja-Zove-more-_predstavljena-i-u-Albaniji.1.jpg"}],"twitter_misc":{"Written by":"ulqini","Est. reading time":"1 minute"},"schema":{"@context":"https:\/\/schema.org","@graph":[{"@type":"WebSite","@id":"https:\/\/www.visit-ulcinj.com\/blog\/#website","url":"https:\/\/www.visit-ulcinj.com\/blog\/","name":"Lajme nga Ulqini","description":"Lajme,Vijesti,Ulqini,Ulqin,Crna Gora,Mali i Zi","potentialAction":[{"@type":"SearchAction","target":{"@type":"EntryPoint","urlTemplate":"https:\/\/www.visit-ulcinj.com\/blog\/?s={search_term_string}"},"query-input":"required name=search_term_string"}],"inLanguage":"en-US"},{"@type":"ImageObject","inLanguage":"en-US","@id":"https:\/\/www.visit-ulcinj.com\/blog\/2015\/12\/09\/hajdinaga-mali-zi-e-shqiperia-projekte-te-perbashketa-turistike\/#primaryimage","url":"https:\/\/www.visit-ulcinj.com\/blog\/wp-content\/uploads\/2011\/06\/Kampanja-Zove-more-_predstavljena-i-u-Albaniji.1.jpg","contentUrl":"https:\/\/www.visit-ulcinj.com\/blog\/wp-content\/uploads\/2011\/06\/Kampanja-Zove-more-_predstavljena-i-u-Albaniji.1.jpg","width":"470","height":"328"},{"@type":"WebPage","@id":"https:\/\/www.visit-ulcinj.com\/blog\/2015\/12\/09\/hajdinaga-mali-zi-e-shqiperia-projekte-te-perbashketa-turistike\/#webpage","url":"https:\/\/www.visit-ulcinj.com\/blog\/2015\/12\/09\/hajdinaga-mali-zi-e-shqiperia-projekte-te-perbashketa-turistike\/","name":"Hajdinaga: Mali i Zi e Shqip\u00ebria me projekte t\u00eb p\u00ebrbashk\u00ebta turistike - Lajme nga Ulqini","isPartOf":{"@id":"https:\/\/www.visit-ulcinj.com\/blog\/#website"},"primaryImageOfPage":{"@id":"https:\/\/www.visit-ulcinj.com\/blog\/2015\/12\/09\/hajdinaga-mali-zi-e-shqiperia-projekte-te-perbashketa-turistike\/#primaryimage"},"datePublished":"2015-12-09T19:21:18+00:00","dateModified":"2015-12-10T21:30:22+00:00","author":{"@id":"https:\/\/www.visit-ulcinj.com\/blog\/#\/schema\/person\/dcab619c614d3038751c63bc2aadc06d"},"description":"Mali i Zi dhe Shqip\u00ebria kan\u00eb shum\u00eb mund\u00ebsi p\u00ebr diversifikimin dhe zhvillimin e turizmit mes dy vendeve p\u00ebrmes projekteve rajonale t\u00eb p\u00ebrbashk\u00ebta. G\u00ebzim","breadcrumb":{"@id":"https:\/\/www.visit-ulcinj.com\/blog\/2015\/12\/09\/hajdinaga-mali-zi-e-shqiperia-projekte-te-perbashketa-turistike\/#breadcrumb"},"inLanguage":"en-US","potentialAction":[{"@type":"ReadAction","target":["https:\/\/www.visit-ulcinj.com\/blog\/2015\/12\/09\/hajdinaga-mali-zi-e-shqiperia-projekte-te-perbashketa-turistike\/"]}]},{"@type":"BreadcrumbList","@id":"https:\/\/www.visit-ulcinj.com\/blog\/2015\/12\/09\/hajdinaga-mali-zi-e-shqiperia-projekte-te-perbashketa-turistike\/#breadcrumb","itemListElement":[{"@type":"ListItem","position":1,"name":"Hajdinaga: Mali i Zi e Shqip\u00ebria me projekte t\u00eb p\u00ebrbashk\u00ebta turistike"}]},{"@type":"Person","@id":"https:\/\/www.visit-ulcinj.com\/blog\/#\/schema\/person\/dcab619c614d3038751c63bc2aadc06d","name":"ulqini","sameAs":["http:\/\/www.visit-ulcinj.com"],"url":"https:\/\/www.visit-ulcinj.com\/blog\/author\/admin\/"}]}},"jetpack_featured_media_url":"","jetpack_sharing_enabled":true,"jetpack_shortlink":"https:\/\/wp.me\/pe6lTn-oln","_links":{"self":[{"href":"https:\/\/www.visit-ulcinj.com\/blog\/wp-json\/wp\/v2\/posts\/93581"}],"collection":[{"href":"https:\/\/www.visit-ulcinj.com\/blog\/wp-json\/wp\/v2\/posts"}],"about":[{"href":"https:\/\/www.visit-ulcinj.com\/blog\/wp-json\/wp\/v2\/types\/post"}],"author":[{"embeddable":true,"href":"https:\/\/www.visit-ulcinj.com\/blog\/wp-json\/wp\/v2\/users\/1"}],"replies":[{"embeddable":true,"href":"https:\/\/www.visit-ulcinj.com\/blog\/wp-json\/wp\/v2\/comments?post=93581"}],"version-history":[{"count":2,"href":"https:\/\/www.visit-ulcinj.com\/blog\/wp-json\/wp\/v2\/posts\/93581\/revisions"}],"predecessor-version":[{"id":93605,"href":"https:\/\/www.visit-ulcinj.com\/blog\/wp-json\/wp\/v2\/posts\/93581\/revisions\/93605"}],"wp:attachment":[{"href":"https:\/\/www.visit-ulcinj.com\/blog\/wp-json\/wp\/v2\/media?parent=93581"}],"wp:term":[{"taxonomy":"category","embeddable":true,"href":"https:\/\/www.visit-ulcinj.com\/blog\/wp-json\/wp\/v2\/categories?post=93581"},{"taxonomy":"post_tag","embeddable":true,"href":"https:\/\/www.visit-ulcinj.com\/blog\/wp-json\/wp\/v2\/tags?post=93581"}],"curies":[{"name":"wp","href":"https:\/\/api.w.org\/{rel}","templated":true}]}}