{"id":93589,"date":"2015-12-10T12:21:57","date_gmt":"2015-12-10T11:21:57","guid":{"rendered":"http:\/\/www.visit-ulcinj.com\/blog\/?p=93589"},"modified":"2015-12-10T12:21:57","modified_gmt":"2015-12-10T11:21:57","slug":"kryetari-komunes-se-ulqinit-z-fatmir-gjeka-ben-homazhe-ne-nderim-te-imzot-rrok-mirdita","status":"publish","type":"post","link":"https:\/\/www.visit-ulcinj.com\/blog\/2015\/12\/10\/kryetari-komunes-se-ulqinit-z-fatmir-gjeka-ben-homazhe-ne-nderim-te-imzot-rrok-mirdita\/","title":{"rendered":"Kryetari i Komun\u00ebs s\u00eb Ulqinit z. Fatmir Gjeka b\u00ebn homazhe n\u00eb nderim t\u00eb Imzot Rrok Mirdita"},"content":{"rendered":"<p><a href=\"http:\/\/www.visit-ulcinj.com\/blog\/wp-content\/uploads\/2015\/12\/kryetari-Gjeka-Nrekiq.jpg\"><img loading=\"lazy\" class=\"alignleft wp-image-93590\" src=\"http:\/\/www.visit-ulcinj.com\/blog\/wp-content\/uploads\/2015\/12\/kryetari-Gjeka-Nrekiq.jpg\" alt=\"kryetari Gjeka-Nrekiq\" width=\"508\" height=\"677\" srcset=\"https:\/\/www.visit-ulcinj.com\/blog\/wp-content\/uploads\/2015\/12\/kryetari-Gjeka-Nrekiq.jpg 750w, https:\/\/www.visit-ulcinj.com\/blog\/wp-content\/uploads\/2015\/12\/kryetari-Gjeka-Nrekiq-225x300.jpg 225w\" sizes=\"(max-width: 508px) 100vw, 508px\" \/><\/a>Kryetari i Komun\u00ebs s\u00eb Ulqinit Fatmir Gjeka ka shprehur keqardhje t\u00eb thell\u00eb p\u00ebr humbjen e\u00a0 Imzot Rrok Mirdit\u00ebs, Arqipeshkv i Kryedioqez\u00ebs s\u00eb Tiran\u00ebs dhe Durr\u00ebsit.<\/p>\n<ol>\n<li>Gjeka n\u00eb librin e zis\u00eb shkroi se ndihet krenar\u00eb p\u00ebr pun\u00ebn dhe vepr\u00ebn e imzot Rrok Mirdita, jo vet\u00ebm q\u00eb ai vinte nga an\u00ebt tona por \u00ebsht\u00eb konstatim i t\u00eb gjith\u00ebve se Ai ka luajtur nj\u00eb rrol dometh\u00ebn\u00ebs n\u00eb ruajtjen dhe forcimin e bashk\u00ebjetes\u00ebs fetare nd\u00ebr shqiptar\u00eb.<\/li>\n<\/ol>\n<p>Duke i shprehur ngush\u00ebllimet e sinqerta familjar\u00ebve, komunitetit katolik dhe Kish\u00ebs Katolike n\u00eb\u00a0 Shqip\u00ebri, kryetari Gjeka tha se lutemi q\u00eb Imzot Rrok Mirdita t\u00eb gjej\u00eb prehjen e amshuarn.<\/p>\n<p>Komuna Ulqinit<\/p>\n","protected":false},"excerpt":{"rendered":"<p>Kryetari i Komun\u00ebs s\u00eb Ulqinit Fatmir Gjeka ka shprehur keqardhje t\u00eb thell\u00eb p\u00ebr humbjen e\u00a0 Imzot Rrok Mirdit\u00ebs, Arqipeshkv i Kryedioqez\u00ebs s\u00eb Tiran\u00ebs dhe Durr\u00ebsit. Gjeka n\u00eb librin e zis\u00eb shkroi se ndihet krenar\u00eb p\u00ebr pun\u00ebn dhe vepr\u00ebn e imzot Rrok Mirdita, jo vet\u00ebm q\u00eb ai vinte nga an\u00ebt tona por \u00ebsht\u00eb konstatim i t\u00eb [&hellip;]<\/p>\n","protected":false},"author":1,"featured_media":0,"comment_status":"closed","ping_status":"closed","sticky":false,"template":"","format":"standard","meta":{"spay_email":"","jetpack_publicize_message":"","jetpack_is_tweetstorm":false,"jetpack_publicize_feature_enabled":true},"categories":[14],"tags":[],"jetpack_publicize_connections":[],"yoast_head":"<!-- This site is optimized with the Yoast SEO plugin v19.1 - https:\/\/yoast.com\/wordpress\/plugins\/seo\/ -->\n<title>Kryetari i Komun\u00ebs s\u00eb Ulqinit z. Fatmir Gjeka b\u00ebn homazhe n\u00eb nderim t\u00eb Imzot Rrok Mirdita - Lajme nga Ulqini<\/title>\n<meta name=\"description\" content=\"Kryetari i Komun\u00ebs s\u00eb Ulqinit Fatmir Gjeka ka shprehur keqardhje t\u00eb thell\u00eb p\u00ebr humbjen e\u00a0 Imzot Rrok Mirdit\u00ebs, Arqipeshkv i Kryedioqez\u00ebs s\u00eb Tiran\u00ebs dhe\" \/>\n<meta name=\"robots\" content=\"index, follow, max-snippet:-1, max-image-preview:large, max-video-preview:-1\" \/>\n<link rel=\"canonical\" href=\"https:\/\/www.visit-ulcinj.com\/blog\/2015\/12\/10\/kryetari-komunes-se-ulqinit-z-fatmir-gjeka-ben-homazhe-ne-nderim-te-imzot-rrok-mirdita\/\" \/>\n<meta property=\"og:locale\" content=\"en_US\" \/>\n<meta property=\"og:type\" content=\"article\" \/>\n<meta property=\"og:title\" content=\"Kryetari i Komun\u00ebs s\u00eb Ulqinit z. Fatmir Gjeka b\u00ebn homazhe n\u00eb nderim t\u00eb Imzot Rrok Mirdita - Lajme nga Ulqini\" \/>\n<meta property=\"og:description\" content=\"Kryetari i Komun\u00ebs s\u00eb Ulqinit Fatmir Gjeka ka shprehur keqardhje t\u00eb thell\u00eb p\u00ebr humbjen e\u00a0 Imzot Rrok Mirdit\u00ebs, Arqipeshkv i Kryedioqez\u00ebs s\u00eb Tiran\u00ebs dhe\" \/>\n<meta property=\"og:url\" content=\"https:\/\/www.visit-ulcinj.com\/blog\/2015\/12\/10\/kryetari-komunes-se-ulqinit-z-fatmir-gjeka-ben-homazhe-ne-nderim-te-imzot-rrok-mirdita\/\" \/>\n<meta property=\"og:site_name\" content=\"Lajme nga Ulqini\" \/>\n<meta property=\"article:published_time\" content=\"2015-12-10T11:21:57+00:00\" \/>\n<meta property=\"og:image\" content=\"http:\/\/www.visit-ulcinj.com\/blog\/wp-content\/uploads\/2015\/12\/kryetari-Gjeka-Nrekiq.jpg\" \/>\n<meta name=\"twitter:label1\" content=\"Written by\" \/>\n\t<meta name=\"twitter:data1\" content=\"ulqini\" \/>\n\t<meta name=\"twitter:label2\" content=\"Est. reading time\" \/>\n\t<meta name=\"twitter:data2\" content=\"1 minute\" \/>\n<script type=\"application\/ld+json\" class=\"yoast-schema-graph\">{\"@context\":\"https:\/\/schema.org\",\"@graph\":[{\"@type\":\"WebSite\",\"@id\":\"https:\/\/www.visit-ulcinj.com\/blog\/#website\",\"url\":\"https:\/\/www.visit-ulcinj.com\/blog\/\",\"name\":\"Lajme nga Ulqini\",\"description\":\"Lajme,Vijesti,Ulqini,Ulqin,Crna Gora,Mali i Zi\",\"potentialAction\":[{\"@type\":\"SearchAction\",\"target\":{\"@type\":\"EntryPoint\",\"urlTemplate\":\"https:\/\/www.visit-ulcinj.com\/blog\/?s={search_term_string}\"},\"query-input\":\"required name=search_term_string\"}],\"inLanguage\":\"en-US\"},{\"@type\":\"ImageObject\",\"inLanguage\":\"en-US\",\"@id\":\"https:\/\/www.visit-ulcinj.com\/blog\/2015\/12\/10\/kryetari-komunes-se-ulqinit-z-fatmir-gjeka-ben-homazhe-ne-nderim-te-imzot-rrok-mirdita\/#primaryimage\",\"url\":\"https:\/\/www.visit-ulcinj.com\/blog\/wp-content\/uploads\/2015\/12\/kryetari-Gjeka-Nrekiq.jpg\",\"contentUrl\":\"https:\/\/www.visit-ulcinj.com\/blog\/wp-content\/uploads\/2015\/12\/kryetari-Gjeka-Nrekiq.jpg\",\"width\":750,\"height\":1000},{\"@type\":\"WebPage\",\"@id\":\"https:\/\/www.visit-ulcinj.com\/blog\/2015\/12\/10\/kryetari-komunes-se-ulqinit-z-fatmir-gjeka-ben-homazhe-ne-nderim-te-imzot-rrok-mirdita\/#webpage\",\"url\":\"https:\/\/www.visit-ulcinj.com\/blog\/2015\/12\/10\/kryetari-komunes-se-ulqinit-z-fatmir-gjeka-ben-homazhe-ne-nderim-te-imzot-rrok-mirdita\/\",\"name\":\"Kryetari i Komun\u00ebs s\u00eb Ulqinit z. Fatmir Gjeka b\u00ebn homazhe n\u00eb nderim t\u00eb Imzot Rrok Mirdita - Lajme nga Ulqini\",\"isPartOf\":{\"@id\":\"https:\/\/www.visit-ulcinj.com\/blog\/#website\"},\"primaryImageOfPage\":{\"@id\":\"https:\/\/www.visit-ulcinj.com\/blog\/2015\/12\/10\/kryetari-komunes-se-ulqinit-z-fatmir-gjeka-ben-homazhe-ne-nderim-te-imzot-rrok-mirdita\/#primaryimage\"},\"datePublished\":\"2015-12-10T11:21:57+00:00\",\"dateModified\":\"2015-12-10T11:21:57+00:00\",\"author\":{\"@id\":\"https:\/\/www.visit-ulcinj.com\/blog\/#\/schema\/person\/dcab619c614d3038751c63bc2aadc06d\"},\"description\":\"Kryetari i Komun\u00ebs s\u00eb Ulqinit Fatmir Gjeka ka shprehur keqardhje t\u00eb thell\u00eb p\u00ebr humbjen e\u00a0 Imzot Rrok Mirdit\u00ebs, Arqipeshkv i Kryedioqez\u00ebs s\u00eb Tiran\u00ebs dhe\",\"breadcrumb\":{\"@id\":\"https:\/\/www.visit-ulcinj.com\/blog\/2015\/12\/10\/kryetari-komunes-se-ulqinit-z-fatmir-gjeka-ben-homazhe-ne-nderim-te-imzot-rrok-mirdita\/#breadcrumb\"},\"inLanguage\":\"en-US\",\"potentialAction\":[{\"@type\":\"ReadAction\",\"target\":[\"https:\/\/www.visit-ulcinj.com\/blog\/2015\/12\/10\/kryetari-komunes-se-ulqinit-z-fatmir-gjeka-ben-homazhe-ne-nderim-te-imzot-rrok-mirdita\/\"]}]},{\"@type\":\"BreadcrumbList\",\"@id\":\"https:\/\/www.visit-ulcinj.com\/blog\/2015\/12\/10\/kryetari-komunes-se-ulqinit-z-fatmir-gjeka-ben-homazhe-ne-nderim-te-imzot-rrok-mirdita\/#breadcrumb\",\"itemListElement\":[{\"@type\":\"ListItem\",\"position\":1,\"name\":\"Kryetari i Komun\u00ebs s\u00eb Ulqinit z. Fatmir Gjeka b\u00ebn homazhe n\u00eb nderim t\u00eb Imzot Rrok Mirdita\"}]},{\"@type\":\"Person\",\"@id\":\"https:\/\/www.visit-ulcinj.com\/blog\/#\/schema\/person\/dcab619c614d3038751c63bc2aadc06d\",\"name\":\"ulqini\",\"sameAs\":[\"http:\/\/www.visit-ulcinj.com\"],\"url\":\"https:\/\/www.visit-ulcinj.com\/blog\/author\/admin\/\"}]}<\/script>\n<!-- \/ Yoast SEO plugin. -->","yoast_head_json":{"title":"Kryetari i Komun\u00ebs s\u00eb Ulqinit z. Fatmir Gjeka b\u00ebn homazhe n\u00eb nderim t\u00eb Imzot Rrok Mirdita - Lajme nga Ulqini","description":"Kryetari i Komun\u00ebs s\u00eb Ulqinit Fatmir Gjeka ka shprehur keqardhje t\u00eb thell\u00eb p\u00ebr humbjen e\u00a0 Imzot Rrok Mirdit\u00ebs, Arqipeshkv i Kryedioqez\u00ebs s\u00eb Tiran\u00ebs dhe","robots":{"index":"index","follow":"follow","max-snippet":"max-snippet:-1","max-image-preview":"max-image-preview:large","max-video-preview":"max-video-preview:-1"},"canonical":"https:\/\/www.visit-ulcinj.com\/blog\/2015\/12\/10\/kryetari-komunes-se-ulqinit-z-fatmir-gjeka-ben-homazhe-ne-nderim-te-imzot-rrok-mirdita\/","og_locale":"en_US","og_type":"article","og_title":"Kryetari i Komun\u00ebs s\u00eb Ulqinit z. Fatmir Gjeka b\u00ebn homazhe n\u00eb nderim t\u00eb Imzot Rrok Mirdita - Lajme nga Ulqini","og_description":"Kryetari i Komun\u00ebs s\u00eb Ulqinit Fatmir Gjeka ka shprehur keqardhje t\u00eb thell\u00eb p\u00ebr humbjen e\u00a0 Imzot Rrok Mirdit\u00ebs, Arqipeshkv i Kryedioqez\u00ebs s\u00eb Tiran\u00ebs dhe","og_url":"https:\/\/www.visit-ulcinj.com\/blog\/2015\/12\/10\/kryetari-komunes-se-ulqinit-z-fatmir-gjeka-ben-homazhe-ne-nderim-te-imzot-rrok-mirdita\/","og_site_name":"Lajme nga Ulqini","article_published_time":"2015-12-10T11:21:57+00:00","og_image":[{"url":"http:\/\/www.visit-ulcinj.com\/blog\/wp-content\/uploads\/2015\/12\/kryetari-Gjeka-Nrekiq.jpg"}],"twitter_misc":{"Written by":"ulqini","Est. reading time":"1 minute"},"schema":{"@context":"https:\/\/schema.org","@graph":[{"@type":"WebSite","@id":"https:\/\/www.visit-ulcinj.com\/blog\/#website","url":"https:\/\/www.visit-ulcinj.com\/blog\/","name":"Lajme nga Ulqini","description":"Lajme,Vijesti,Ulqini,Ulqin,Crna Gora,Mali i Zi","potentialAction":[{"@type":"SearchAction","target":{"@type":"EntryPoint","urlTemplate":"https:\/\/www.visit-ulcinj.com\/blog\/?s={search_term_string}"},"query-input":"required name=search_term_string"}],"inLanguage":"en-US"},{"@type":"ImageObject","inLanguage":"en-US","@id":"https:\/\/www.visit-ulcinj.com\/blog\/2015\/12\/10\/kryetari-komunes-se-ulqinit-z-fatmir-gjeka-ben-homazhe-ne-nderim-te-imzot-rrok-mirdita\/#primaryimage","url":"https:\/\/www.visit-ulcinj.com\/blog\/wp-content\/uploads\/2015\/12\/kryetari-Gjeka-Nrekiq.jpg","contentUrl":"https:\/\/www.visit-ulcinj.com\/blog\/wp-content\/uploads\/2015\/12\/kryetari-Gjeka-Nrekiq.jpg","width":750,"height":1000},{"@type":"WebPage","@id":"https:\/\/www.visit-ulcinj.com\/blog\/2015\/12\/10\/kryetari-komunes-se-ulqinit-z-fatmir-gjeka-ben-homazhe-ne-nderim-te-imzot-rrok-mirdita\/#webpage","url":"https:\/\/www.visit-ulcinj.com\/blog\/2015\/12\/10\/kryetari-komunes-se-ulqinit-z-fatmir-gjeka-ben-homazhe-ne-nderim-te-imzot-rrok-mirdita\/","name":"Kryetari i Komun\u00ebs s\u00eb Ulqinit z. Fatmir Gjeka b\u00ebn homazhe n\u00eb nderim t\u00eb Imzot Rrok Mirdita - Lajme nga Ulqini","isPartOf":{"@id":"https:\/\/www.visit-ulcinj.com\/blog\/#website"},"primaryImageOfPage":{"@id":"https:\/\/www.visit-ulcinj.com\/blog\/2015\/12\/10\/kryetari-komunes-se-ulqinit-z-fatmir-gjeka-ben-homazhe-ne-nderim-te-imzot-rrok-mirdita\/#primaryimage"},"datePublished":"2015-12-10T11:21:57+00:00","dateModified":"2015-12-10T11:21:57+00:00","author":{"@id":"https:\/\/www.visit-ulcinj.com\/blog\/#\/schema\/person\/dcab619c614d3038751c63bc2aadc06d"},"description":"Kryetari i Komun\u00ebs s\u00eb Ulqinit Fatmir Gjeka ka shprehur keqardhje t\u00eb thell\u00eb p\u00ebr humbjen e\u00a0 Imzot Rrok Mirdit\u00ebs, Arqipeshkv i Kryedioqez\u00ebs s\u00eb Tiran\u00ebs dhe","breadcrumb":{"@id":"https:\/\/www.visit-ulcinj.com\/blog\/2015\/12\/10\/kryetari-komunes-se-ulqinit-z-fatmir-gjeka-ben-homazhe-ne-nderim-te-imzot-rrok-mirdita\/#breadcrumb"},"inLanguage":"en-US","potentialAction":[{"@type":"ReadAction","target":["https:\/\/www.visit-ulcinj.com\/blog\/2015\/12\/10\/kryetari-komunes-se-ulqinit-z-fatmir-gjeka-ben-homazhe-ne-nderim-te-imzot-rrok-mirdita\/"]}]},{"@type":"BreadcrumbList","@id":"https:\/\/www.visit-ulcinj.com\/blog\/2015\/12\/10\/kryetari-komunes-se-ulqinit-z-fatmir-gjeka-ben-homazhe-ne-nderim-te-imzot-rrok-mirdita\/#breadcrumb","itemListElement":[{"@type":"ListItem","position":1,"name":"Kryetari i Komun\u00ebs s\u00eb Ulqinit z. Fatmir Gjeka b\u00ebn homazhe n\u00eb nderim t\u00eb Imzot Rrok Mirdita"}]},{"@type":"Person","@id":"https:\/\/www.visit-ulcinj.com\/blog\/#\/schema\/person\/dcab619c614d3038751c63bc2aadc06d","name":"ulqini","sameAs":["http:\/\/www.visit-ulcinj.com"],"url":"https:\/\/www.visit-ulcinj.com\/blog\/author\/admin\/"}]}},"jetpack_featured_media_url":"","jetpack_sharing_enabled":true,"jetpack_shortlink":"https:\/\/wp.me\/pe6lTn-olv","_links":{"self":[{"href":"https:\/\/www.visit-ulcinj.com\/blog\/wp-json\/wp\/v2\/posts\/93589"}],"collection":[{"href":"https:\/\/www.visit-ulcinj.com\/blog\/wp-json\/wp\/v2\/posts"}],"about":[{"href":"https:\/\/www.visit-ulcinj.com\/blog\/wp-json\/wp\/v2\/types\/post"}],"author":[{"embeddable":true,"href":"https:\/\/www.visit-ulcinj.com\/blog\/wp-json\/wp\/v2\/users\/1"}],"replies":[{"embeddable":true,"href":"https:\/\/www.visit-ulcinj.com\/blog\/wp-json\/wp\/v2\/comments?post=93589"}],"version-history":[{"count":1,"href":"https:\/\/www.visit-ulcinj.com\/blog\/wp-json\/wp\/v2\/posts\/93589\/revisions"}],"predecessor-version":[{"id":93591,"href":"https:\/\/www.visit-ulcinj.com\/blog\/wp-json\/wp\/v2\/posts\/93589\/revisions\/93591"}],"wp:attachment":[{"href":"https:\/\/www.visit-ulcinj.com\/blog\/wp-json\/wp\/v2\/media?parent=93589"}],"wp:term":[{"taxonomy":"category","embeddable":true,"href":"https:\/\/www.visit-ulcinj.com\/blog\/wp-json\/wp\/v2\/categories?post=93589"},{"taxonomy":"post_tag","embeddable":true,"href":"https:\/\/www.visit-ulcinj.com\/blog\/wp-json\/wp\/v2\/tags?post=93589"}],"curies":[{"name":"wp","href":"https:\/\/api.w.org\/{rel}","templated":true}]}}