{"id":93602,"date":"2015-12-10T22:21:58","date_gmt":"2015-12-10T21:21:58","guid":{"rendered":"http:\/\/www.visit-ulcinj.com\/blog\/?p=93602"},"modified":"2015-12-10T22:21:58","modified_gmt":"2015-12-10T21:21:58","slug":"dritan-abazovic-solana-najklasicniji-primjer-tranzicione-pljacke","status":"publish","type":"post","link":"https:\/\/www.visit-ulcinj.com\/blog\/2015\/12\/10\/dritan-abazovic-solana-najklasicniji-primjer-tranzicione-pljacke\/","title":{"rendered":"Dritan Abazovi\u0107: Solana najklasi\u010dniji primjer tranzicione plja\u010dke"},"content":{"rendered":"<p><strong><a href=\"http:\/\/www.visit-ulcinj.com\/blog\/wp-content\/uploads\/2015\/12\/Dritan-Abazoviq1.jpg\"><img loading=\"lazy\" class=\"alignleft wp-image-93603\" src=\"http:\/\/www.visit-ulcinj.com\/blog\/wp-content\/uploads\/2015\/12\/Dritan-Abazoviq1.jpg\" alt=\"Dritan-Abazoviq\" width=\"508\" height=\"339\" srcset=\"https:\/\/www.visit-ulcinj.com\/blog\/wp-content\/uploads\/2015\/12\/Dritan-Abazoviq1.jpg 768w, https:\/\/www.visit-ulcinj.com\/blog\/wp-content\/uploads\/2015\/12\/Dritan-Abazoviq1-300x200.jpg 300w\" sizes=\"(max-width: 508px) 100vw, 508px\" \/><\/a>Solana \u201cBajo Sekuli\u0107\u201d je najklasi\u010dniji primjer tranzicione plja\u010dke, ocijenio je nezavisni poslanik u Skup\u0161tini, Dritan Abazovi\u0107<\/strong><\/p>\n<p>On je rekao da je ulcinska Solana radila od 1934. godine i da je pre\u017eivjela Drugi svjetski rat.<\/p>\n<p>\u201cMe\u0111utim ova vlast joj je do\u0161la glave. Kada je prije deset godina privatizovana njeni su dugovi bili 250 hiljada EUR, a danas oni iznose skoro osam miliona EUR\u201d, kazao je Abazovi\u0107, prenosi portal Ul-info.<\/p>\n<p>Prema njegovim rije\u010dima, proizvodnje nema ve\u0107 tri sezone, a trenutni vlasnici su, kako je naveo, sve pokrali i oplja\u010dkali.<\/p>\n<p>\u201cTako\u0111e su imovinu Solane, odnosno dr\u017eavnu imovinu, stavili na hipoteku kod Prve banke i Crnogorske komercijalne banke (CKB)\u201d, kazao je Abazovi\u0107.<\/p>\n<p>Javno preduze\u0107e Nacionalni parkovi Crne Gore preuzelo je po\u010detkom septembra u jednogodi\u0161nji zakup imovinu Solane &#8220;Bajo Sekuli\u0107&#8221;.<\/p>\n<p>U cilju za\u0161tite biodiverziteta, Nacionalni parkovi \u0107e preduzimati potrebne mjere i radnje kako bi se odr\u017eao i unaprijedio uspostavljeni ekosistem u zakupljenom podru\u010dju.<\/p>\n<p>U kompaniju je 2005. godine uveden programirani ste\u010daj zbog duga od 13 hiljada EUR, a \u0161est godina kasnije i klasi\u010dni, koji je rezultirao otpu\u0161tanjem svih radnika.<\/p>\n<p>Posljednji oglas za prodaju cjelokupne imovine Solane \u201eBajo Sekuli\u0107\u201d, raspisan krajem oktobra, propao je, jer nije stigla nijedna ponuda.<\/p>\n<p><strong>Izvor: PortalAnalitika<\/strong><\/p>\n","protected":false},"excerpt":{"rendered":"<p>Solana \u201cBajo Sekuli\u0107\u201d je najklasi\u010dniji primjer tranzicione plja\u010dke, ocijenio je nezavisni poslanik u Skup\u0161tini, Dritan Abazovi\u0107 On je rekao da je ulcinska Solana radila od 1934. godine i da je pre\u017eivjela Drugi svjetski rat. \u201cMe\u0111utim ova vlast joj je do\u0161la glave. Kada je prije deset godina privatizovana njeni su dugovi bili 250 hiljada EUR, a [&hellip;]<\/p>\n","protected":false},"author":1,"featured_media":0,"comment_status":"closed","ping_status":"closed","sticky":false,"template":"","format":"standard","meta":{"spay_email":"","jetpack_publicize_message":"","jetpack_is_tweetstorm":false,"jetpack_publicize_feature_enabled":true},"categories":[6950],"tags":[],"jetpack_publicize_connections":[],"yoast_head":"<!-- This site is optimized with the Yoast SEO plugin v19.1 - https:\/\/yoast.com\/wordpress\/plugins\/seo\/ -->\n<title>Dritan Abazovi\u0107: Solana najklasi\u010dniji primjer tranzicione plja\u010dke - Lajme nga Ulqini<\/title>\n<meta name=\"description\" content=\"Solana \u201cBajo Sekuli\u0107\u201d je najklasi\u010dniji primjer tranzicione plja\u010dke, ocijenio je nezavisni poslanik u Skup\u0161tini, Dritan Abazovi\u0107 On je rekao da je ulcinska\" \/>\n<meta name=\"robots\" content=\"index, follow, max-snippet:-1, max-image-preview:large, max-video-preview:-1\" \/>\n<link rel=\"canonical\" href=\"https:\/\/www.visit-ulcinj.com\/blog\/2015\/12\/10\/dritan-abazovic-solana-najklasicniji-primjer-tranzicione-pljacke\/\" \/>\n<meta property=\"og:locale\" content=\"en_US\" \/>\n<meta property=\"og:type\" content=\"article\" \/>\n<meta property=\"og:title\" content=\"Dritan Abazovi\u0107: Solana najklasi\u010dniji primjer tranzicione plja\u010dke - Lajme nga Ulqini\" \/>\n<meta property=\"og:description\" content=\"Solana \u201cBajo Sekuli\u0107\u201d je najklasi\u010dniji primjer tranzicione plja\u010dke, ocijenio je nezavisni poslanik u Skup\u0161tini, Dritan Abazovi\u0107 On je rekao da je ulcinska\" \/>\n<meta property=\"og:url\" content=\"https:\/\/www.visit-ulcinj.com\/blog\/2015\/12\/10\/dritan-abazovic-solana-najklasicniji-primjer-tranzicione-pljacke\/\" \/>\n<meta property=\"og:site_name\" content=\"Lajme nga Ulqini\" \/>\n<meta property=\"article:published_time\" content=\"2015-12-10T21:21:58+00:00\" \/>\n<meta property=\"og:image\" content=\"http:\/\/www.visit-ulcinj.com\/blog\/wp-content\/uploads\/2015\/12\/Dritan-Abazoviq1.jpg\" \/>\n<meta name=\"twitter:label1\" content=\"Written by\" \/>\n\t<meta name=\"twitter:data1\" content=\"ulqini\" \/>\n\t<meta name=\"twitter:label2\" content=\"Est. reading time\" \/>\n\t<meta name=\"twitter:data2\" content=\"1 minute\" \/>\n<script type=\"application\/ld+json\" class=\"yoast-schema-graph\">{\"@context\":\"https:\/\/schema.org\",\"@graph\":[{\"@type\":\"WebSite\",\"@id\":\"https:\/\/www.visit-ulcinj.com\/blog\/#website\",\"url\":\"https:\/\/www.visit-ulcinj.com\/blog\/\",\"name\":\"Lajme nga Ulqini\",\"description\":\"Lajme,Vijesti,Ulqini,Ulqin,Crna Gora,Mali i Zi\",\"potentialAction\":[{\"@type\":\"SearchAction\",\"target\":{\"@type\":\"EntryPoint\",\"urlTemplate\":\"https:\/\/www.visit-ulcinj.com\/blog\/?s={search_term_string}\"},\"query-input\":\"required name=search_term_string\"}],\"inLanguage\":\"en-US\"},{\"@type\":\"ImageObject\",\"inLanguage\":\"en-US\",\"@id\":\"https:\/\/www.visit-ulcinj.com\/blog\/2015\/12\/10\/dritan-abazovic-solana-najklasicniji-primjer-tranzicione-pljacke\/#primaryimage\",\"url\":\"https:\/\/www.visit-ulcinj.com\/blog\/wp-content\/uploads\/2015\/12\/Dritan-Abazoviq1.jpg\",\"contentUrl\":\"https:\/\/www.visit-ulcinj.com\/blog\/wp-content\/uploads\/2015\/12\/Dritan-Abazoviq1.jpg\",\"width\":768,\"height\":512},{\"@type\":\"WebPage\",\"@id\":\"https:\/\/www.visit-ulcinj.com\/blog\/2015\/12\/10\/dritan-abazovic-solana-najklasicniji-primjer-tranzicione-pljacke\/#webpage\",\"url\":\"https:\/\/www.visit-ulcinj.com\/blog\/2015\/12\/10\/dritan-abazovic-solana-najklasicniji-primjer-tranzicione-pljacke\/\",\"name\":\"Dritan Abazovi\u0107: Solana najklasi\u010dniji primjer tranzicione plja\u010dke - Lajme nga Ulqini\",\"isPartOf\":{\"@id\":\"https:\/\/www.visit-ulcinj.com\/blog\/#website\"},\"primaryImageOfPage\":{\"@id\":\"https:\/\/www.visit-ulcinj.com\/blog\/2015\/12\/10\/dritan-abazovic-solana-najklasicniji-primjer-tranzicione-pljacke\/#primaryimage\"},\"datePublished\":\"2015-12-10T21:21:58+00:00\",\"dateModified\":\"2015-12-10T21:21:58+00:00\",\"author\":{\"@id\":\"https:\/\/www.visit-ulcinj.com\/blog\/#\/schema\/person\/dcab619c614d3038751c63bc2aadc06d\"},\"description\":\"Solana \u201cBajo Sekuli\u0107\u201d je najklasi\u010dniji primjer tranzicione plja\u010dke, ocijenio je nezavisni poslanik u Skup\u0161tini, Dritan Abazovi\u0107 On je rekao da je ulcinska\",\"breadcrumb\":{\"@id\":\"https:\/\/www.visit-ulcinj.com\/blog\/2015\/12\/10\/dritan-abazovic-solana-najklasicniji-primjer-tranzicione-pljacke\/#breadcrumb\"},\"inLanguage\":\"en-US\",\"potentialAction\":[{\"@type\":\"ReadAction\",\"target\":[\"https:\/\/www.visit-ulcinj.com\/blog\/2015\/12\/10\/dritan-abazovic-solana-najklasicniji-primjer-tranzicione-pljacke\/\"]}]},{\"@type\":\"BreadcrumbList\",\"@id\":\"https:\/\/www.visit-ulcinj.com\/blog\/2015\/12\/10\/dritan-abazovic-solana-najklasicniji-primjer-tranzicione-pljacke\/#breadcrumb\",\"itemListElement\":[{\"@type\":\"ListItem\",\"position\":1,\"name\":\"Dritan Abazovi\u0107: Solana najklasi\u010dniji primjer tranzicione plja\u010dke\"}]},{\"@type\":\"Person\",\"@id\":\"https:\/\/www.visit-ulcinj.com\/blog\/#\/schema\/person\/dcab619c614d3038751c63bc2aadc06d\",\"name\":\"ulqini\",\"sameAs\":[\"http:\/\/www.visit-ulcinj.com\"],\"url\":\"https:\/\/www.visit-ulcinj.com\/blog\/author\/admin\/\"}]}<\/script>\n<!-- \/ Yoast SEO plugin. -->","yoast_head_json":{"title":"Dritan Abazovi\u0107: Solana najklasi\u010dniji primjer tranzicione plja\u010dke - Lajme nga Ulqini","description":"Solana \u201cBajo Sekuli\u0107\u201d je najklasi\u010dniji primjer tranzicione plja\u010dke, ocijenio je nezavisni poslanik u Skup\u0161tini, Dritan Abazovi\u0107 On je rekao da je ulcinska","robots":{"index":"index","follow":"follow","max-snippet":"max-snippet:-1","max-image-preview":"max-image-preview:large","max-video-preview":"max-video-preview:-1"},"canonical":"https:\/\/www.visit-ulcinj.com\/blog\/2015\/12\/10\/dritan-abazovic-solana-najklasicniji-primjer-tranzicione-pljacke\/","og_locale":"en_US","og_type":"article","og_title":"Dritan Abazovi\u0107: Solana najklasi\u010dniji primjer tranzicione plja\u010dke - Lajme nga Ulqini","og_description":"Solana \u201cBajo Sekuli\u0107\u201d je najklasi\u010dniji primjer tranzicione plja\u010dke, ocijenio je nezavisni poslanik u Skup\u0161tini, Dritan Abazovi\u0107 On je rekao da je ulcinska","og_url":"https:\/\/www.visit-ulcinj.com\/blog\/2015\/12\/10\/dritan-abazovic-solana-najklasicniji-primjer-tranzicione-pljacke\/","og_site_name":"Lajme nga Ulqini","article_published_time":"2015-12-10T21:21:58+00:00","og_image":[{"url":"http:\/\/www.visit-ulcinj.com\/blog\/wp-content\/uploads\/2015\/12\/Dritan-Abazoviq1.jpg"}],"twitter_misc":{"Written by":"ulqini","Est. reading time":"1 minute"},"schema":{"@context":"https:\/\/schema.org","@graph":[{"@type":"WebSite","@id":"https:\/\/www.visit-ulcinj.com\/blog\/#website","url":"https:\/\/www.visit-ulcinj.com\/blog\/","name":"Lajme nga Ulqini","description":"Lajme,Vijesti,Ulqini,Ulqin,Crna Gora,Mali i Zi","potentialAction":[{"@type":"SearchAction","target":{"@type":"EntryPoint","urlTemplate":"https:\/\/www.visit-ulcinj.com\/blog\/?s={search_term_string}"},"query-input":"required name=search_term_string"}],"inLanguage":"en-US"},{"@type":"ImageObject","inLanguage":"en-US","@id":"https:\/\/www.visit-ulcinj.com\/blog\/2015\/12\/10\/dritan-abazovic-solana-najklasicniji-primjer-tranzicione-pljacke\/#primaryimage","url":"https:\/\/www.visit-ulcinj.com\/blog\/wp-content\/uploads\/2015\/12\/Dritan-Abazoviq1.jpg","contentUrl":"https:\/\/www.visit-ulcinj.com\/blog\/wp-content\/uploads\/2015\/12\/Dritan-Abazoviq1.jpg","width":768,"height":512},{"@type":"WebPage","@id":"https:\/\/www.visit-ulcinj.com\/blog\/2015\/12\/10\/dritan-abazovic-solana-najklasicniji-primjer-tranzicione-pljacke\/#webpage","url":"https:\/\/www.visit-ulcinj.com\/blog\/2015\/12\/10\/dritan-abazovic-solana-najklasicniji-primjer-tranzicione-pljacke\/","name":"Dritan Abazovi\u0107: Solana najklasi\u010dniji primjer tranzicione plja\u010dke - Lajme nga Ulqini","isPartOf":{"@id":"https:\/\/www.visit-ulcinj.com\/blog\/#website"},"primaryImageOfPage":{"@id":"https:\/\/www.visit-ulcinj.com\/blog\/2015\/12\/10\/dritan-abazovic-solana-najklasicniji-primjer-tranzicione-pljacke\/#primaryimage"},"datePublished":"2015-12-10T21:21:58+00:00","dateModified":"2015-12-10T21:21:58+00:00","author":{"@id":"https:\/\/www.visit-ulcinj.com\/blog\/#\/schema\/person\/dcab619c614d3038751c63bc2aadc06d"},"description":"Solana \u201cBajo Sekuli\u0107\u201d je najklasi\u010dniji primjer tranzicione plja\u010dke, ocijenio je nezavisni poslanik u Skup\u0161tini, Dritan Abazovi\u0107 On je rekao da je ulcinska","breadcrumb":{"@id":"https:\/\/www.visit-ulcinj.com\/blog\/2015\/12\/10\/dritan-abazovic-solana-najklasicniji-primjer-tranzicione-pljacke\/#breadcrumb"},"inLanguage":"en-US","potentialAction":[{"@type":"ReadAction","target":["https:\/\/www.visit-ulcinj.com\/blog\/2015\/12\/10\/dritan-abazovic-solana-najklasicniji-primjer-tranzicione-pljacke\/"]}]},{"@type":"BreadcrumbList","@id":"https:\/\/www.visit-ulcinj.com\/blog\/2015\/12\/10\/dritan-abazovic-solana-najklasicniji-primjer-tranzicione-pljacke\/#breadcrumb","itemListElement":[{"@type":"ListItem","position":1,"name":"Dritan Abazovi\u0107: Solana najklasi\u010dniji primjer tranzicione plja\u010dke"}]},{"@type":"Person","@id":"https:\/\/www.visit-ulcinj.com\/blog\/#\/schema\/person\/dcab619c614d3038751c63bc2aadc06d","name":"ulqini","sameAs":["http:\/\/www.visit-ulcinj.com"],"url":"https:\/\/www.visit-ulcinj.com\/blog\/author\/admin\/"}]}},"jetpack_featured_media_url":"","jetpack_sharing_enabled":true,"jetpack_shortlink":"https:\/\/wp.me\/pe6lTn-olI","_links":{"self":[{"href":"https:\/\/www.visit-ulcinj.com\/blog\/wp-json\/wp\/v2\/posts\/93602"}],"collection":[{"href":"https:\/\/www.visit-ulcinj.com\/blog\/wp-json\/wp\/v2\/posts"}],"about":[{"href":"https:\/\/www.visit-ulcinj.com\/blog\/wp-json\/wp\/v2\/types\/post"}],"author":[{"embeddable":true,"href":"https:\/\/www.visit-ulcinj.com\/blog\/wp-json\/wp\/v2\/users\/1"}],"replies":[{"embeddable":true,"href":"https:\/\/www.visit-ulcinj.com\/blog\/wp-json\/wp\/v2\/comments?post=93602"}],"version-history":[{"count":1,"href":"https:\/\/www.visit-ulcinj.com\/blog\/wp-json\/wp\/v2\/posts\/93602\/revisions"}],"predecessor-version":[{"id":93604,"href":"https:\/\/www.visit-ulcinj.com\/blog\/wp-json\/wp\/v2\/posts\/93602\/revisions\/93604"}],"wp:attachment":[{"href":"https:\/\/www.visit-ulcinj.com\/blog\/wp-json\/wp\/v2\/media?parent=93602"}],"wp:term":[{"taxonomy":"category","embeddable":true,"href":"https:\/\/www.visit-ulcinj.com\/blog\/wp-json\/wp\/v2\/categories?post=93602"},{"taxonomy":"post_tag","embeddable":true,"href":"https:\/\/www.visit-ulcinj.com\/blog\/wp-json\/wp\/v2\/tags?post=93602"}],"curies":[{"name":"wp","href":"https:\/\/api.w.org\/{rel}","templated":true}]}}