{"id":93615,"date":"2015-12-11T22:14:26","date_gmt":"2015-12-11T21:14:26","guid":{"rendered":"http:\/\/www.visit-ulcinj.com\/blog\/?p=93615"},"modified":"2015-12-11T22:14:26","modified_gmt":"2015-12-11T21:14:26","slug":"treci-dan-bez-vode-u-ulcinj","status":"publish","type":"post","link":"https:\/\/www.visit-ulcinj.com\/blog\/2015\/12\/11\/treci-dan-bez-vode-u-ulcinj\/","title":{"rendered":"Tre\u0107i dan bez vode u Ulcinj"},"content":{"rendered":"<p><strong><a href=\"http:\/\/www.visit-ulcinj.com\/blog\/wp-content\/uploads\/2015\/12\/ulqini-pa-uj\u00eb.jpg\"><img loading=\"lazy\" class=\"alignleft wp-image-93616\" src=\"http:\/\/www.visit-ulcinj.com\/blog\/wp-content\/uploads\/2015\/12\/ulqini-pa-uj\u00eb.jpg\" alt=\"ulqini-pa-uj\u00eb\" width=\"508\" height=\"515\" srcset=\"https:\/\/www.visit-ulcinj.com\/blog\/wp-content\/uploads\/2015\/12\/ulqini-pa-uj\u00eb.jpg 444w, https:\/\/www.visit-ulcinj.com\/blog\/wp-content\/uploads\/2015\/12\/ulqini-pa-uj\u00eb-296x300.jpg 296w\" sizes=\"(max-width: 508px) 100vw, 508px\" \/><\/a>Tako je, kako je &#8220;Vijestima&#8221; kazao direktor vodovoda Fehmi Avdiu, opravka kvara odlo\u017eena za sjutra<\/strong><\/p>\n<p><strong><span class=\"credits__author\"> Autor: Samir Adrovi\u0107 <\/span><\/strong><\/p>\n<p>Ve\u0107i dio Ulcinja u\u0161ao je u tre\u0107i dan bez vode.<\/p>\n<p>Iako su iz vodovoda najavili da \u0107e tokom popodneva voda biti dostupna svim djelovima grada\u00a0to se nije desilo jer je in\u017eenjerski tim preduze\u0107a\u00a0previdio da prilikom iskopa cijevi u cilju izmjena zona radi efikasnijeg mjerenja gubitaka u mre\u017ei nema adekvatne \u0161ajbne i spojnice.<\/p>\n<p>Tako je, kako je &#8220;Vijestima&#8221;\u00a0kazao direktor vodovoda Fehmi Avdiu, opravka kvara odlo\u017eena za sjutra.<\/p>\n<p>Vodu su dobili neki djelovi grada, ali su u ve\u010dernjim satima opet ostali bez nje. U\u00a0Pinje\u0161u i Meterizima neka doma\u0107instva su i bez struje zbog promjene brojila.<\/p>\n<p>&#8220;Dajte da mi neko normalan objasni kako se to u 21. vijeku u Crnoj Gori mo\u017ee ljudski \u017eivjeti bez struje i vode&#8221;, kazao je mje\u0161tanin Pinje\u0161a.<\/p>\n<p><strong>Izvor: Vijesti Online<\/strong><\/p>\n","protected":false},"excerpt":{"rendered":"<p>Tako je, kako je &#8220;Vijestima&#8221; kazao direktor vodovoda Fehmi Avdiu, opravka kvara odlo\u017eena za sjutra Autor: Samir Adrovi\u0107 Ve\u0107i dio Ulcinja u\u0161ao je u tre\u0107i dan bez vode. Iako su iz vodovoda najavili da \u0107e tokom popodneva voda biti dostupna svim djelovima grada\u00a0to se nije desilo jer je in\u017eenjerski tim preduze\u0107a\u00a0previdio da prilikom iskopa cijevi [&hellip;]<\/p>\n","protected":false},"author":1,"featured_media":0,"comment_status":"closed","ping_status":"closed","sticky":false,"template":"","format":"standard","meta":{"spay_email":"","jetpack_publicize_message":"","jetpack_is_tweetstorm":false,"jetpack_publicize_feature_enabled":true},"categories":[8337],"tags":[],"jetpack_publicize_connections":[],"yoast_head":"<!-- This site is optimized with the Yoast SEO plugin v19.1 - https:\/\/yoast.com\/wordpress\/plugins\/seo\/ -->\n<title>Tre\u0107i dan bez vode u Ulcinj - Lajme nga Ulqini<\/title>\n<meta name=\"description\" content=\"Tako je, kako je &quot;Vijestima&quot; kazao direktor vodovoda Fehmi Avdiu, opravka kvara odlo\u017eena za sjutra Autor: Samir Adrovi\u0107 Ve\u0107i dio Ulcinja u\u0161ao je u tre\u0107i\" \/>\n<meta name=\"robots\" content=\"index, follow, max-snippet:-1, max-image-preview:large, max-video-preview:-1\" \/>\n<link rel=\"canonical\" href=\"https:\/\/www.visit-ulcinj.com\/blog\/2015\/12\/11\/treci-dan-bez-vode-u-ulcinj\/\" \/>\n<meta property=\"og:locale\" content=\"en_US\" \/>\n<meta property=\"og:type\" content=\"article\" \/>\n<meta property=\"og:title\" content=\"Tre\u0107i dan bez vode u Ulcinj - Lajme nga Ulqini\" \/>\n<meta property=\"og:description\" content=\"Tako je, kako je &quot;Vijestima&quot; kazao direktor vodovoda Fehmi Avdiu, opravka kvara odlo\u017eena za sjutra Autor: Samir Adrovi\u0107 Ve\u0107i dio Ulcinja u\u0161ao je u tre\u0107i\" \/>\n<meta property=\"og:url\" content=\"https:\/\/www.visit-ulcinj.com\/blog\/2015\/12\/11\/treci-dan-bez-vode-u-ulcinj\/\" \/>\n<meta property=\"og:site_name\" content=\"Lajme nga Ulqini\" \/>\n<meta property=\"article:published_time\" content=\"2015-12-11T21:14:26+00:00\" \/>\n<meta name=\"twitter:label1\" content=\"Written by\" \/>\n\t<meta name=\"twitter:data1\" content=\"ulqini\" \/>\n\t<meta name=\"twitter:label2\" content=\"Est. reading time\" \/>\n\t<meta name=\"twitter:data2\" content=\"1 minute\" \/>\n<script type=\"application\/ld+json\" class=\"yoast-schema-graph\">{\"@context\":\"https:\/\/schema.org\",\"@graph\":[{\"@type\":\"WebSite\",\"@id\":\"https:\/\/www.visit-ulcinj.com\/blog\/#website\",\"url\":\"https:\/\/www.visit-ulcinj.com\/blog\/\",\"name\":\"Lajme nga Ulqini\",\"description\":\"Lajme,Vijesti,Ulqini,Ulqin,Crna Gora,Mali i Zi\",\"potentialAction\":[{\"@type\":\"SearchAction\",\"target\":{\"@type\":\"EntryPoint\",\"urlTemplate\":\"https:\/\/www.visit-ulcinj.com\/blog\/?s={search_term_string}\"},\"query-input\":\"required name=search_term_string\"}],\"inLanguage\":\"en-US\"},{\"@type\":\"WebPage\",\"@id\":\"https:\/\/www.visit-ulcinj.com\/blog\/2015\/12\/11\/treci-dan-bez-vode-u-ulcinj\/#webpage\",\"url\":\"https:\/\/www.visit-ulcinj.com\/blog\/2015\/12\/11\/treci-dan-bez-vode-u-ulcinj\/\",\"name\":\"Tre\u0107i dan bez vode u Ulcinj - Lajme nga Ulqini\",\"isPartOf\":{\"@id\":\"https:\/\/www.visit-ulcinj.com\/blog\/#website\"},\"datePublished\":\"2015-12-11T21:14:26+00:00\",\"dateModified\":\"2015-12-11T21:14:26+00:00\",\"author\":{\"@id\":\"https:\/\/www.visit-ulcinj.com\/blog\/#\/schema\/person\/dcab619c614d3038751c63bc2aadc06d\"},\"description\":\"Tako je, kako je \\\"Vijestima\\\" kazao direktor vodovoda Fehmi Avdiu, opravka kvara odlo\u017eena za sjutra Autor: Samir Adrovi\u0107 Ve\u0107i dio Ulcinja u\u0161ao je u tre\u0107i\",\"breadcrumb\":{\"@id\":\"https:\/\/www.visit-ulcinj.com\/blog\/2015\/12\/11\/treci-dan-bez-vode-u-ulcinj\/#breadcrumb\"},\"inLanguage\":\"en-US\",\"potentialAction\":[{\"@type\":\"ReadAction\",\"target\":[\"https:\/\/www.visit-ulcinj.com\/blog\/2015\/12\/11\/treci-dan-bez-vode-u-ulcinj\/\"]}]},{\"@type\":\"BreadcrumbList\",\"@id\":\"https:\/\/www.visit-ulcinj.com\/blog\/2015\/12\/11\/treci-dan-bez-vode-u-ulcinj\/#breadcrumb\",\"itemListElement\":[{\"@type\":\"ListItem\",\"position\":1,\"name\":\"Tre\u0107i dan bez vode u Ulcinj\"}]},{\"@type\":\"Person\",\"@id\":\"https:\/\/www.visit-ulcinj.com\/blog\/#\/schema\/person\/dcab619c614d3038751c63bc2aadc06d\",\"name\":\"ulqini\",\"sameAs\":[\"http:\/\/www.visit-ulcinj.com\"],\"url\":\"https:\/\/www.visit-ulcinj.com\/blog\/author\/admin\/\"}]}<\/script>\n<!-- \/ Yoast SEO plugin. -->","yoast_head_json":{"title":"Tre\u0107i dan bez vode u Ulcinj - Lajme nga Ulqini","description":"Tako je, kako je \"Vijestima\" kazao direktor vodovoda Fehmi Avdiu, opravka kvara odlo\u017eena za sjutra Autor: Samir Adrovi\u0107 Ve\u0107i dio Ulcinja u\u0161ao je u tre\u0107i","robots":{"index":"index","follow":"follow","max-snippet":"max-snippet:-1","max-image-preview":"max-image-preview:large","max-video-preview":"max-video-preview:-1"},"canonical":"https:\/\/www.visit-ulcinj.com\/blog\/2015\/12\/11\/treci-dan-bez-vode-u-ulcinj\/","og_locale":"en_US","og_type":"article","og_title":"Tre\u0107i dan bez vode u Ulcinj - Lajme nga Ulqini","og_description":"Tako je, kako je \"Vijestima\" kazao direktor vodovoda Fehmi Avdiu, opravka kvara odlo\u017eena za sjutra Autor: Samir Adrovi\u0107 Ve\u0107i dio Ulcinja u\u0161ao je u tre\u0107i","og_url":"https:\/\/www.visit-ulcinj.com\/blog\/2015\/12\/11\/treci-dan-bez-vode-u-ulcinj\/","og_site_name":"Lajme nga Ulqini","article_published_time":"2015-12-11T21:14:26+00:00","twitter_misc":{"Written by":"ulqini","Est. reading time":"1 minute"},"schema":{"@context":"https:\/\/schema.org","@graph":[{"@type":"WebSite","@id":"https:\/\/www.visit-ulcinj.com\/blog\/#website","url":"https:\/\/www.visit-ulcinj.com\/blog\/","name":"Lajme nga Ulqini","description":"Lajme,Vijesti,Ulqini,Ulqin,Crna Gora,Mali i Zi","potentialAction":[{"@type":"SearchAction","target":{"@type":"EntryPoint","urlTemplate":"https:\/\/www.visit-ulcinj.com\/blog\/?s={search_term_string}"},"query-input":"required name=search_term_string"}],"inLanguage":"en-US"},{"@type":"WebPage","@id":"https:\/\/www.visit-ulcinj.com\/blog\/2015\/12\/11\/treci-dan-bez-vode-u-ulcinj\/#webpage","url":"https:\/\/www.visit-ulcinj.com\/blog\/2015\/12\/11\/treci-dan-bez-vode-u-ulcinj\/","name":"Tre\u0107i dan bez vode u Ulcinj - Lajme nga Ulqini","isPartOf":{"@id":"https:\/\/www.visit-ulcinj.com\/blog\/#website"},"datePublished":"2015-12-11T21:14:26+00:00","dateModified":"2015-12-11T21:14:26+00:00","author":{"@id":"https:\/\/www.visit-ulcinj.com\/blog\/#\/schema\/person\/dcab619c614d3038751c63bc2aadc06d"},"description":"Tako je, kako je \"Vijestima\" kazao direktor vodovoda Fehmi Avdiu, opravka kvara odlo\u017eena za sjutra Autor: Samir Adrovi\u0107 Ve\u0107i dio Ulcinja u\u0161ao je u tre\u0107i","breadcrumb":{"@id":"https:\/\/www.visit-ulcinj.com\/blog\/2015\/12\/11\/treci-dan-bez-vode-u-ulcinj\/#breadcrumb"},"inLanguage":"en-US","potentialAction":[{"@type":"ReadAction","target":["https:\/\/www.visit-ulcinj.com\/blog\/2015\/12\/11\/treci-dan-bez-vode-u-ulcinj\/"]}]},{"@type":"BreadcrumbList","@id":"https:\/\/www.visit-ulcinj.com\/blog\/2015\/12\/11\/treci-dan-bez-vode-u-ulcinj\/#breadcrumb","itemListElement":[{"@type":"ListItem","position":1,"name":"Tre\u0107i dan bez vode u Ulcinj"}]},{"@type":"Person","@id":"https:\/\/www.visit-ulcinj.com\/blog\/#\/schema\/person\/dcab619c614d3038751c63bc2aadc06d","name":"ulqini","sameAs":["http:\/\/www.visit-ulcinj.com"],"url":"https:\/\/www.visit-ulcinj.com\/blog\/author\/admin\/"}]}},"jetpack_featured_media_url":"","jetpack_sharing_enabled":true,"jetpack_shortlink":"https:\/\/wp.me\/pe6lTn-olV","_links":{"self":[{"href":"https:\/\/www.visit-ulcinj.com\/blog\/wp-json\/wp\/v2\/posts\/93615"}],"collection":[{"href":"https:\/\/www.visit-ulcinj.com\/blog\/wp-json\/wp\/v2\/posts"}],"about":[{"href":"https:\/\/www.visit-ulcinj.com\/blog\/wp-json\/wp\/v2\/types\/post"}],"author":[{"embeddable":true,"href":"https:\/\/www.visit-ulcinj.com\/blog\/wp-json\/wp\/v2\/users\/1"}],"replies":[{"embeddable":true,"href":"https:\/\/www.visit-ulcinj.com\/blog\/wp-json\/wp\/v2\/comments?post=93615"}],"version-history":[{"count":1,"href":"https:\/\/www.visit-ulcinj.com\/blog\/wp-json\/wp\/v2\/posts\/93615\/revisions"}],"predecessor-version":[{"id":93617,"href":"https:\/\/www.visit-ulcinj.com\/blog\/wp-json\/wp\/v2\/posts\/93615\/revisions\/93617"}],"wp:attachment":[{"href":"https:\/\/www.visit-ulcinj.com\/blog\/wp-json\/wp\/v2\/media?parent=93615"}],"wp:term":[{"taxonomy":"category","embeddable":true,"href":"https:\/\/www.visit-ulcinj.com\/blog\/wp-json\/wp\/v2\/categories?post=93615"},{"taxonomy":"post_tag","embeddable":true,"href":"https:\/\/www.visit-ulcinj.com\/blog\/wp-json\/wp\/v2\/tags?post=93615"}],"curies":[{"name":"wp","href":"https:\/\/api.w.org\/{rel}","templated":true}]}}