{"id":93618,"date":"2015-12-11T22:20:56","date_gmt":"2015-12-11T21:20:56","guid":{"rendered":"http:\/\/www.visit-ulcinj.com\/blog\/?p=93618"},"modified":"2015-12-11T22:21:48","modified_gmt":"2015-12-11T21:21:48","slug":"ulqin-banoret-3-dite-pa-uje","status":"publish","type":"post","link":"https:\/\/www.visit-ulcinj.com\/blog\/2015\/12\/11\/ulqin-banoret-3-dite-pa-uje\/","title":{"rendered":"Ulqin; banor\u00ebt 3 dit\u00eb pa uj\u00eb"},"content":{"rendered":"<p><a href=\"http:\/\/www.visit-ulcinj.com\/blog\/wp-content\/uploads\/2015\/12\/ulqini-pa-uj\u00eb.jpg\"><img loading=\"lazy\" class=\"alignleft wp-image-93616\" src=\"http:\/\/www.visit-ulcinj.com\/blog\/wp-content\/uploads\/2015\/12\/ulqini-pa-uj\u00eb.jpg\" alt=\"ulqini-pa-uj\u00eb\" width=\"508\" height=\"515\" srcset=\"https:\/\/www.visit-ulcinj.com\/blog\/wp-content\/uploads\/2015\/12\/ulqini-pa-uj\u00eb.jpg 444w, https:\/\/www.visit-ulcinj.com\/blog\/wp-content\/uploads\/2015\/12\/ulqini-pa-uj\u00eb-296x300.jpg 296w\" sizes=\"(max-width: 508px) 100vw, 508px\" \/><\/a>P\u00ebr shkak t\u00eb munges\u00ebs s\u00eb disa pjes\u00ebve t\u00eb p\u00ebrshtatshme t\u00eb cilat b\u00ebjn\u00eb lidhjen e tubave, Ulqini edhe nes\u00ebr nuk do t\u00eb ket\u00eb uj\u00eb, raporton portali Lajm.me.<\/p>\n<p>K\u00ebt\u00eb e ka b\u00ebr\u00eb t\u00eb njohur p\u00ebr media drejtori i nd\u00ebrmarrjes \u201cUj\u00ebsjell\u00ebs-Kanalizime\u201d Fehim Avdiu, i cili tha se k\u00ebto probleme nuk i prisnin.<\/p>\n<p>Fillimisht, sipas paralajm\u00ebrimit, normalizimi i furnizimit me uj\u00eb duhej t\u00eb vendosej n\u00eb or\u00ebn 17.00, por kjo do t\u00eb shtyhet p\u00ebr dit\u00ebn e nes\u00ebrme, dhe nuk ka njoftim se kur mund t\u00eb pritet furnizimi normal.<\/p>\n","protected":false},"excerpt":{"rendered":"<p>P\u00ebr shkak t\u00eb munges\u00ebs s\u00eb disa pjes\u00ebve t\u00eb p\u00ebrshtatshme t\u00eb cilat b\u00ebjn\u00eb lidhjen e tubave, Ulqini edhe nes\u00ebr nuk do t\u00eb ket\u00eb uj\u00eb, raporton portali Lajm.me. K\u00ebt\u00eb e ka b\u00ebr\u00eb t\u00eb njohur p\u00ebr media drejtori i nd\u00ebrmarrjes \u201cUj\u00ebsjell\u00ebs-Kanalizime\u201d Fehim Avdiu, i cili tha se k\u00ebto probleme nuk i prisnin. Fillimisht, sipas paralajm\u00ebrimit, normalizimi i furnizimit [&hellip;]<\/p>\n","protected":false},"author":1,"featured_media":0,"comment_status":"closed","ping_status":"closed","sticky":false,"template":"","format":"standard","meta":{"spay_email":"","jetpack_publicize_message":"","jetpack_is_tweetstorm":false,"jetpack_publicize_feature_enabled":true},"categories":[12],"tags":[],"jetpack_publicize_connections":[],"yoast_head":"<!-- This site is optimized with the Yoast SEO plugin v19.1 - https:\/\/yoast.com\/wordpress\/plugins\/seo\/ -->\n<title>Ulqin; banor\u00ebt 3 dit\u00eb pa uj\u00eb - Lajme nga Ulqini<\/title>\n<meta name=\"description\" content=\"P\u00ebr shkak t\u00eb munges\u00ebs s\u00eb disa pjes\u00ebve t\u00eb p\u00ebrshtatshme t\u00eb cilat b\u00ebjn\u00eb lidhjen e tubave, Ulqini edhe nes\u00ebr nuk do t\u00eb ket\u00eb uj\u00eb, raporton portali Lajm.me.\" \/>\n<meta name=\"robots\" content=\"index, follow, max-snippet:-1, max-image-preview:large, max-video-preview:-1\" \/>\n<link rel=\"canonical\" href=\"https:\/\/www.visit-ulcinj.com\/blog\/2015\/12\/11\/ulqin-banoret-3-dite-pa-uje\/\" \/>\n<meta property=\"og:locale\" content=\"en_US\" \/>\n<meta property=\"og:type\" content=\"article\" \/>\n<meta property=\"og:title\" content=\"Ulqin; banor\u00ebt 3 dit\u00eb pa uj\u00eb - Lajme nga Ulqini\" \/>\n<meta property=\"og:description\" content=\"P\u00ebr shkak t\u00eb munges\u00ebs s\u00eb disa pjes\u00ebve t\u00eb p\u00ebrshtatshme t\u00eb cilat b\u00ebjn\u00eb lidhjen e tubave, Ulqini edhe nes\u00ebr nuk do t\u00eb ket\u00eb uj\u00eb, raporton portali Lajm.me.\" \/>\n<meta property=\"og:url\" content=\"https:\/\/www.visit-ulcinj.com\/blog\/2015\/12\/11\/ulqin-banoret-3-dite-pa-uje\/\" \/>\n<meta property=\"og:site_name\" content=\"Lajme nga Ulqini\" \/>\n<meta property=\"article:published_time\" content=\"2015-12-11T21:20:56+00:00\" \/>\n<meta property=\"article:modified_time\" content=\"2015-12-11T21:21:48+00:00\" \/>\n<meta name=\"twitter:label1\" content=\"Written by\" \/>\n\t<meta name=\"twitter:data1\" content=\"ulqini\" \/>\n\t<meta name=\"twitter:label2\" content=\"Est. reading time\" \/>\n\t<meta name=\"twitter:data2\" content=\"1 minute\" \/>\n<script type=\"application\/ld+json\" class=\"yoast-schema-graph\">{\"@context\":\"https:\/\/schema.org\",\"@graph\":[{\"@type\":\"WebSite\",\"@id\":\"https:\/\/www.visit-ulcinj.com\/blog\/#website\",\"url\":\"https:\/\/www.visit-ulcinj.com\/blog\/\",\"name\":\"Lajme nga Ulqini\",\"description\":\"Lajme,Vijesti,Ulqini,Ulqin,Crna Gora,Mali i Zi\",\"potentialAction\":[{\"@type\":\"SearchAction\",\"target\":{\"@type\":\"EntryPoint\",\"urlTemplate\":\"https:\/\/www.visit-ulcinj.com\/blog\/?s={search_term_string}\"},\"query-input\":\"required name=search_term_string\"}],\"inLanguage\":\"en-US\"},{\"@type\":\"WebPage\",\"@id\":\"https:\/\/www.visit-ulcinj.com\/blog\/2015\/12\/11\/ulqin-banoret-3-dite-pa-uje\/#webpage\",\"url\":\"https:\/\/www.visit-ulcinj.com\/blog\/2015\/12\/11\/ulqin-banoret-3-dite-pa-uje\/\",\"name\":\"Ulqin; banor\u00ebt 3 dit\u00eb pa uj\u00eb - Lajme nga Ulqini\",\"isPartOf\":{\"@id\":\"https:\/\/www.visit-ulcinj.com\/blog\/#website\"},\"datePublished\":\"2015-12-11T21:20:56+00:00\",\"dateModified\":\"2015-12-11T21:21:48+00:00\",\"author\":{\"@id\":\"https:\/\/www.visit-ulcinj.com\/blog\/#\/schema\/person\/dcab619c614d3038751c63bc2aadc06d\"},\"description\":\"P\u00ebr shkak t\u00eb munges\u00ebs s\u00eb disa pjes\u00ebve t\u00eb p\u00ebrshtatshme t\u00eb cilat b\u00ebjn\u00eb lidhjen e tubave, Ulqini edhe nes\u00ebr nuk do t\u00eb ket\u00eb uj\u00eb, raporton portali Lajm.me.\",\"breadcrumb\":{\"@id\":\"https:\/\/www.visit-ulcinj.com\/blog\/2015\/12\/11\/ulqin-banoret-3-dite-pa-uje\/#breadcrumb\"},\"inLanguage\":\"en-US\",\"potentialAction\":[{\"@type\":\"ReadAction\",\"target\":[\"https:\/\/www.visit-ulcinj.com\/blog\/2015\/12\/11\/ulqin-banoret-3-dite-pa-uje\/\"]}]},{\"@type\":\"BreadcrumbList\",\"@id\":\"https:\/\/www.visit-ulcinj.com\/blog\/2015\/12\/11\/ulqin-banoret-3-dite-pa-uje\/#breadcrumb\",\"itemListElement\":[{\"@type\":\"ListItem\",\"position\":1,\"name\":\"Ulqin; banor\u00ebt 3 dit\u00eb pa uj\u00eb\"}]},{\"@type\":\"Person\",\"@id\":\"https:\/\/www.visit-ulcinj.com\/blog\/#\/schema\/person\/dcab619c614d3038751c63bc2aadc06d\",\"name\":\"ulqini\",\"sameAs\":[\"http:\/\/www.visit-ulcinj.com\"],\"url\":\"https:\/\/www.visit-ulcinj.com\/blog\/author\/admin\/\"}]}<\/script>\n<!-- \/ Yoast SEO plugin. -->","yoast_head_json":{"title":"Ulqin; banor\u00ebt 3 dit\u00eb pa uj\u00eb - Lajme nga Ulqini","description":"P\u00ebr shkak t\u00eb munges\u00ebs s\u00eb disa pjes\u00ebve t\u00eb p\u00ebrshtatshme t\u00eb cilat b\u00ebjn\u00eb lidhjen e tubave, Ulqini edhe nes\u00ebr nuk do t\u00eb ket\u00eb uj\u00eb, raporton portali Lajm.me.","robots":{"index":"index","follow":"follow","max-snippet":"max-snippet:-1","max-image-preview":"max-image-preview:large","max-video-preview":"max-video-preview:-1"},"canonical":"https:\/\/www.visit-ulcinj.com\/blog\/2015\/12\/11\/ulqin-banoret-3-dite-pa-uje\/","og_locale":"en_US","og_type":"article","og_title":"Ulqin; banor\u00ebt 3 dit\u00eb pa uj\u00eb - Lajme nga Ulqini","og_description":"P\u00ebr shkak t\u00eb munges\u00ebs s\u00eb disa pjes\u00ebve t\u00eb p\u00ebrshtatshme t\u00eb cilat b\u00ebjn\u00eb lidhjen e tubave, Ulqini edhe nes\u00ebr nuk do t\u00eb ket\u00eb uj\u00eb, raporton portali Lajm.me.","og_url":"https:\/\/www.visit-ulcinj.com\/blog\/2015\/12\/11\/ulqin-banoret-3-dite-pa-uje\/","og_site_name":"Lajme nga Ulqini","article_published_time":"2015-12-11T21:20:56+00:00","article_modified_time":"2015-12-11T21:21:48+00:00","twitter_misc":{"Written by":"ulqini","Est. reading time":"1 minute"},"schema":{"@context":"https:\/\/schema.org","@graph":[{"@type":"WebSite","@id":"https:\/\/www.visit-ulcinj.com\/blog\/#website","url":"https:\/\/www.visit-ulcinj.com\/blog\/","name":"Lajme nga Ulqini","description":"Lajme,Vijesti,Ulqini,Ulqin,Crna Gora,Mali i Zi","potentialAction":[{"@type":"SearchAction","target":{"@type":"EntryPoint","urlTemplate":"https:\/\/www.visit-ulcinj.com\/blog\/?s={search_term_string}"},"query-input":"required name=search_term_string"}],"inLanguage":"en-US"},{"@type":"WebPage","@id":"https:\/\/www.visit-ulcinj.com\/blog\/2015\/12\/11\/ulqin-banoret-3-dite-pa-uje\/#webpage","url":"https:\/\/www.visit-ulcinj.com\/blog\/2015\/12\/11\/ulqin-banoret-3-dite-pa-uje\/","name":"Ulqin; banor\u00ebt 3 dit\u00eb pa uj\u00eb - Lajme nga Ulqini","isPartOf":{"@id":"https:\/\/www.visit-ulcinj.com\/blog\/#website"},"datePublished":"2015-12-11T21:20:56+00:00","dateModified":"2015-12-11T21:21:48+00:00","author":{"@id":"https:\/\/www.visit-ulcinj.com\/blog\/#\/schema\/person\/dcab619c614d3038751c63bc2aadc06d"},"description":"P\u00ebr shkak t\u00eb munges\u00ebs s\u00eb disa pjes\u00ebve t\u00eb p\u00ebrshtatshme t\u00eb cilat b\u00ebjn\u00eb lidhjen e tubave, Ulqini edhe nes\u00ebr nuk do t\u00eb ket\u00eb uj\u00eb, raporton portali Lajm.me.","breadcrumb":{"@id":"https:\/\/www.visit-ulcinj.com\/blog\/2015\/12\/11\/ulqin-banoret-3-dite-pa-uje\/#breadcrumb"},"inLanguage":"en-US","potentialAction":[{"@type":"ReadAction","target":["https:\/\/www.visit-ulcinj.com\/blog\/2015\/12\/11\/ulqin-banoret-3-dite-pa-uje\/"]}]},{"@type":"BreadcrumbList","@id":"https:\/\/www.visit-ulcinj.com\/blog\/2015\/12\/11\/ulqin-banoret-3-dite-pa-uje\/#breadcrumb","itemListElement":[{"@type":"ListItem","position":1,"name":"Ulqin; banor\u00ebt 3 dit\u00eb pa uj\u00eb"}]},{"@type":"Person","@id":"https:\/\/www.visit-ulcinj.com\/blog\/#\/schema\/person\/dcab619c614d3038751c63bc2aadc06d","name":"ulqini","sameAs":["http:\/\/www.visit-ulcinj.com"],"url":"https:\/\/www.visit-ulcinj.com\/blog\/author\/admin\/"}]}},"jetpack_featured_media_url":"","jetpack_sharing_enabled":true,"jetpack_shortlink":"https:\/\/wp.me\/pe6lTn-olY","_links":{"self":[{"href":"https:\/\/www.visit-ulcinj.com\/blog\/wp-json\/wp\/v2\/posts\/93618"}],"collection":[{"href":"https:\/\/www.visit-ulcinj.com\/blog\/wp-json\/wp\/v2\/posts"}],"about":[{"href":"https:\/\/www.visit-ulcinj.com\/blog\/wp-json\/wp\/v2\/types\/post"}],"author":[{"embeddable":true,"href":"https:\/\/www.visit-ulcinj.com\/blog\/wp-json\/wp\/v2\/users\/1"}],"replies":[{"embeddable":true,"href":"https:\/\/www.visit-ulcinj.com\/blog\/wp-json\/wp\/v2\/comments?post=93618"}],"version-history":[{"count":2,"href":"https:\/\/www.visit-ulcinj.com\/blog\/wp-json\/wp\/v2\/posts\/93618\/revisions"}],"predecessor-version":[{"id":93620,"href":"https:\/\/www.visit-ulcinj.com\/blog\/wp-json\/wp\/v2\/posts\/93618\/revisions\/93620"}],"wp:attachment":[{"href":"https:\/\/www.visit-ulcinj.com\/blog\/wp-json\/wp\/v2\/media?parent=93618"}],"wp:term":[{"taxonomy":"category","embeddable":true,"href":"https:\/\/www.visit-ulcinj.com\/blog\/wp-json\/wp\/v2\/categories?post=93618"},{"taxonomy":"post_tag","embeddable":true,"href":"https:\/\/www.visit-ulcinj.com\/blog\/wp-json\/wp\/v2\/tags?post=93618"}],"curies":[{"name":"wp","href":"https:\/\/api.w.org\/{rel}","templated":true}]}}