{"id":93622,"date":"2015-12-12T18:26:38","date_gmt":"2015-12-12T17:26:38","guid":{"rendered":"http:\/\/www.visit-ulcinj.com\/blog\/?p=93622"},"modified":"2015-12-12T18:26:58","modified_gmt":"2015-12-12T17:26:58","slug":"banoret-e-krrucit-nhall-nga-era-e-keqe-e-deponise","status":"publish","type":"post","link":"https:\/\/www.visit-ulcinj.com\/blog\/2015\/12\/12\/banoret-e-krrucit-nhall-nga-era-e-keqe-e-deponise\/","title":{"rendered":"Banor\u00ebt e Krru\u00e7it n\u2019hall nga era e keqe e deponis\u00eb"},"content":{"rendered":"<p><a href=\"http:\/\/www.visit-ulcinj.com\/blog\/wp-content\/uploads\/2015\/12\/Kru\u00e7i-Ulqin.jpg\"><img loading=\"lazy\" class=\"alignleft wp-image-93623\" src=\"http:\/\/www.visit-ulcinj.com\/blog\/wp-content\/uploads\/2015\/12\/Kru\u00e7i-Ulqin.jpg\" alt=\"Kru\u00e7i-Ulqin\" width=\"508\" height=\"381\" srcset=\"https:\/\/www.visit-ulcinj.com\/blog\/wp-content\/uploads\/2015\/12\/Kru\u00e7i-Ulqin.jpg 518w, https:\/\/www.visit-ulcinj.com\/blog\/wp-content\/uploads\/2015\/12\/Kru\u00e7i-Ulqin-300x225.jpg 300w\" sizes=\"(max-width: 508px) 100vw, 508px\" \/><\/a>P\u00ebr t\u00eb shkuar deri n\u00eb sht\u00ebpi, banor\u00ebve t\u00eb Krru\u00e7it t\u00eb cil\u00ebt ndodhen n\u00eb pjes\u00ebn bregdetare duke shkuar nga Ulqini n\u00eb Tivar, apo anasjelltas iu duhet t\u00eb kalojn\u00eb n\u00eb rrug\u00eb e cila kund\u00ebrmon arom\u00eb t\u00eb keqe gjat gjith\u00eb koh\u00ebs.<\/p>\n<p><a href=\"http:\/\/www.visit-ulcinj.com\/blog\/wp-content\/uploads\/2015\/12\/protest-deponia-Mazhura.jpg\"><img loading=\"lazy\" class=\"alignleft wp-image-93625\" src=\"http:\/\/www.visit-ulcinj.com\/blog\/wp-content\/uploads\/2015\/12\/protest-deponia-Mazhura.jpg\" alt=\"protest-deponia-Mazhura\" width=\"508\" height=\"308\" srcset=\"https:\/\/www.visit-ulcinj.com\/blog\/wp-content\/uploads\/2015\/12\/protest-deponia-Mazhura.jpg 1024w, https:\/\/www.visit-ulcinj.com\/blog\/wp-content\/uploads\/2015\/12\/protest-deponia-Mazhura-300x182.jpg 300w\" sizes=\"(max-width: 508px) 100vw, 508px\" \/><\/a> <strong>Foto: Barinfo<\/strong><\/p>\n<p>Banor\u00ebt e lagjes Krru\u00e7 jan te revoltuar me hedhjen e mbeturinave q\u00eb vijn nga Budva afro 7o ton\u00eb q\u00eb behet fjal\u00eb p\u00ebr &#8220;Fekale t\u00eb kondesuara&#8221;, por jo vet\u00ebm q\u00eb do t\u00eb p\u00ebrhapej era e padurueshme, por me shiun e par\u00eb, t\u00eb gjitha k\u00ebto mbeturina do t\u00eb p\u00ebrfundonin n\u00eb det\u201d, than\u00eb banor\u00ebt e Krru\u00e7it p\u00ebr Portalin Ul-info.<br \/>\n<a href=\"http:\/\/www.visit-ulcinj.com\/blog\/wp-content\/uploads\/2015\/12\/protest-deponia-Mazhura-1.jpg\"><img loading=\"lazy\" class=\"alignleft wp-image-93626\" src=\"http:\/\/www.visit-ulcinj.com\/blog\/wp-content\/uploads\/2015\/12\/protest-deponia-Mazhura-1.jpg\" alt=\"protest-deponia-Mazhura-1\" width=\"508\" height=\"308\" srcset=\"https:\/\/www.visit-ulcinj.com\/blog\/wp-content\/uploads\/2015\/12\/protest-deponia-Mazhura-1.jpg 1024w, https:\/\/www.visit-ulcinj.com\/blog\/wp-content\/uploads\/2015\/12\/protest-deponia-Mazhura-1-300x182.jpg 300w\" sizes=\"(max-width: 508px) 100vw, 508px\" \/><\/a> <strong>Foto: Barinfo<\/strong><\/p>\n<p>K\u00ebta banor\u00eb kan\u00eb frik\u00eb nga shp\u00ebrthimi i ndonj\u00eb epidemie sidomos gjat\u00eb muaj\u00ebve t\u00eb ver\u00ebs kur temperaturat kan\u00eb shkuar mbi 30 grad\u00eb Celsius.<\/p>\n<p>Banor\u00ebt e Krru\u00e7it than\u00eb q\u00eb p\u00ebr k\u00ebto arsye ato do t\u00eb mbajn\u00eb takimin e Bashk\u00ebsis\u00eb lokale dhe do t\u00eb vendosin \u00e7far\u00eb hapash t\u00eb nd\u00ebrmerren.<\/p>\n<p><a href=\"http:\/\/www.visit-ulcinj.com\/blog\/wp-content\/uploads\/2015\/12\/Kru\u00e7i-Ulqin-1.jpg\"><img loading=\"lazy\" class=\"alignleft wp-image-93624\" src=\"http:\/\/www.visit-ulcinj.com\/blog\/wp-content\/uploads\/2015\/12\/Kru\u00e7i-Ulqin-1.jpg\" alt=\"OLYMPUS DIGITAL CAMERA\" width=\"508\" height=\"381\" srcset=\"https:\/\/www.visit-ulcinj.com\/blog\/wp-content\/uploads\/2015\/12\/Kru\u00e7i-Ulqin-1.jpg 800w, https:\/\/www.visit-ulcinj.com\/blog\/wp-content\/uploads\/2015\/12\/Kru\u00e7i-Ulqin-1-300x225.jpg 300w\" sizes=\"(max-width: 508px) 100vw, 508px\" \/><\/a><\/p>\n<p>&nbsp;<\/p>\n","protected":false},"excerpt":{"rendered":"<p>P\u00ebr t\u00eb shkuar deri n\u00eb sht\u00ebpi, banor\u00ebve t\u00eb Krru\u00e7it t\u00eb cil\u00ebt ndodhen n\u00eb pjes\u00ebn bregdetare duke shkuar nga Ulqini n\u00eb Tivar, apo anasjelltas iu duhet t\u00eb kalojn\u00eb n\u00eb rrug\u00eb e cila kund\u00ebrmon arom\u00eb t\u00eb keqe gjat gjith\u00eb koh\u00ebs. Foto: Barinfo Banor\u00ebt e lagjes Krru\u00e7 jan te revoltuar me hedhjen e mbeturinave q\u00eb vijn nga Budva [&hellip;]<\/p>\n","protected":false},"author":1,"featured_media":0,"comment_status":"closed","ping_status":"closed","sticky":false,"template":"","format":"standard","meta":{"spay_email":"","jetpack_publicize_message":"","jetpack_is_tweetstorm":false,"jetpack_publicize_feature_enabled":true},"categories":[1],"tags":[],"jetpack_publicize_connections":[],"yoast_head":"<!-- This site is optimized with the Yoast SEO plugin v19.1 - https:\/\/yoast.com\/wordpress\/plugins\/seo\/ -->\n<title>Banor\u00ebt e Krru\u00e7it n\u2019hall nga era e keqe e deponis\u00eb - Lajme nga Ulqini<\/title>\n<meta name=\"description\" content=\"P\u00ebr t\u00eb shkuar deri n\u00eb sht\u00ebpi, banor\u00ebve t\u00eb Krru\u00e7it t\u00eb cil\u00ebt ndodhen n\u00eb pjes\u00ebn bregdetare duke shkuar nga Ulqini n\u00eb Tivar, apo anasjelltas iu duhet t\u00eb\" \/>\n<meta name=\"robots\" content=\"index, follow, max-snippet:-1, max-image-preview:large, max-video-preview:-1\" \/>\n<link rel=\"canonical\" href=\"https:\/\/www.visit-ulcinj.com\/blog\/2015\/12\/12\/banoret-e-krrucit-nhall-nga-era-e-keqe-e-deponise\/\" \/>\n<meta property=\"og:locale\" content=\"en_US\" \/>\n<meta property=\"og:type\" content=\"article\" \/>\n<meta property=\"og:title\" content=\"Banor\u00ebt e Krru\u00e7it n\u2019hall nga era e keqe e deponis\u00eb - Lajme nga Ulqini\" \/>\n<meta property=\"og:description\" content=\"P\u00ebr t\u00eb shkuar deri n\u00eb sht\u00ebpi, banor\u00ebve t\u00eb Krru\u00e7it t\u00eb cil\u00ebt ndodhen n\u00eb pjes\u00ebn bregdetare duke shkuar nga Ulqini n\u00eb Tivar, apo anasjelltas iu duhet t\u00eb\" \/>\n<meta property=\"og:url\" content=\"https:\/\/www.visit-ulcinj.com\/blog\/2015\/12\/12\/banoret-e-krrucit-nhall-nga-era-e-keqe-e-deponise\/\" \/>\n<meta property=\"og:site_name\" content=\"Lajme nga Ulqini\" \/>\n<meta property=\"article:published_time\" content=\"2015-12-12T17:26:38+00:00\" \/>\n<meta property=\"article:modified_time\" content=\"2015-12-12T17:26:58+00:00\" \/>\n<meta property=\"og:image\" content=\"http:\/\/www.visit-ulcinj.com\/blog\/wp-content\/uploads\/2015\/12\/protest-deponia-Mazhura.jpg\" \/>\n<meta name=\"twitter:label1\" content=\"Written by\" \/>\n\t<meta name=\"twitter:data1\" content=\"ulqini\" \/>\n\t<meta name=\"twitter:label2\" content=\"Est. reading time\" \/>\n\t<meta name=\"twitter:data2\" content=\"1 minute\" \/>\n<script type=\"application\/ld+json\" class=\"yoast-schema-graph\">{\"@context\":\"https:\/\/schema.org\",\"@graph\":[{\"@type\":\"WebSite\",\"@id\":\"https:\/\/www.visit-ulcinj.com\/blog\/#website\",\"url\":\"https:\/\/www.visit-ulcinj.com\/blog\/\",\"name\":\"Lajme nga Ulqini\",\"description\":\"Lajme,Vijesti,Ulqini,Ulqin,Crna Gora,Mali i Zi\",\"potentialAction\":[{\"@type\":\"SearchAction\",\"target\":{\"@type\":\"EntryPoint\",\"urlTemplate\":\"https:\/\/www.visit-ulcinj.com\/blog\/?s={search_term_string}\"},\"query-input\":\"required name=search_term_string\"}],\"inLanguage\":\"en-US\"},{\"@type\":\"ImageObject\",\"inLanguage\":\"en-US\",\"@id\":\"https:\/\/www.visit-ulcinj.com\/blog\/2015\/12\/12\/banoret-e-krrucit-nhall-nga-era-e-keqe-e-deponise\/#primaryimage\",\"url\":\"https:\/\/www.visit-ulcinj.com\/blog\/wp-content\/uploads\/2015\/12\/protest-deponia-Mazhura.jpg\",\"contentUrl\":\"https:\/\/www.visit-ulcinj.com\/blog\/wp-content\/uploads\/2015\/12\/protest-deponia-Mazhura.jpg\",\"width\":1024,\"height\":620},{\"@type\":\"WebPage\",\"@id\":\"https:\/\/www.visit-ulcinj.com\/blog\/2015\/12\/12\/banoret-e-krrucit-nhall-nga-era-e-keqe-e-deponise\/#webpage\",\"url\":\"https:\/\/www.visit-ulcinj.com\/blog\/2015\/12\/12\/banoret-e-krrucit-nhall-nga-era-e-keqe-e-deponise\/\",\"name\":\"Banor\u00ebt e Krru\u00e7it n\u2019hall nga era e keqe e deponis\u00eb - Lajme nga Ulqini\",\"isPartOf\":{\"@id\":\"https:\/\/www.visit-ulcinj.com\/blog\/#website\"},\"primaryImageOfPage\":{\"@id\":\"https:\/\/www.visit-ulcinj.com\/blog\/2015\/12\/12\/banoret-e-krrucit-nhall-nga-era-e-keqe-e-deponise\/#primaryimage\"},\"datePublished\":\"2015-12-12T17:26:38+00:00\",\"dateModified\":\"2015-12-12T17:26:58+00:00\",\"author\":{\"@id\":\"https:\/\/www.visit-ulcinj.com\/blog\/#\/schema\/person\/dcab619c614d3038751c63bc2aadc06d\"},\"description\":\"P\u00ebr t\u00eb shkuar deri n\u00eb sht\u00ebpi, banor\u00ebve t\u00eb Krru\u00e7it t\u00eb cil\u00ebt ndodhen n\u00eb pjes\u00ebn bregdetare duke shkuar nga Ulqini n\u00eb Tivar, apo anasjelltas iu duhet t\u00eb\",\"breadcrumb\":{\"@id\":\"https:\/\/www.visit-ulcinj.com\/blog\/2015\/12\/12\/banoret-e-krrucit-nhall-nga-era-e-keqe-e-deponise\/#breadcrumb\"},\"inLanguage\":\"en-US\",\"potentialAction\":[{\"@type\":\"ReadAction\",\"target\":[\"https:\/\/www.visit-ulcinj.com\/blog\/2015\/12\/12\/banoret-e-krrucit-nhall-nga-era-e-keqe-e-deponise\/\"]}]},{\"@type\":\"BreadcrumbList\",\"@id\":\"https:\/\/www.visit-ulcinj.com\/blog\/2015\/12\/12\/banoret-e-krrucit-nhall-nga-era-e-keqe-e-deponise\/#breadcrumb\",\"itemListElement\":[{\"@type\":\"ListItem\",\"position\":1,\"name\":\"Banor\u00ebt e Krru\u00e7it n\u2019hall nga era e keqe e deponis\u00eb\"}]},{\"@type\":\"Person\",\"@id\":\"https:\/\/www.visit-ulcinj.com\/blog\/#\/schema\/person\/dcab619c614d3038751c63bc2aadc06d\",\"name\":\"ulqini\",\"sameAs\":[\"http:\/\/www.visit-ulcinj.com\"],\"url\":\"https:\/\/www.visit-ulcinj.com\/blog\/author\/admin\/\"}]}<\/script>\n<!-- \/ Yoast SEO plugin. -->","yoast_head_json":{"title":"Banor\u00ebt e Krru\u00e7it n\u2019hall nga era e keqe e deponis\u00eb - Lajme nga Ulqini","description":"P\u00ebr t\u00eb shkuar deri n\u00eb sht\u00ebpi, banor\u00ebve t\u00eb Krru\u00e7it t\u00eb cil\u00ebt ndodhen n\u00eb pjes\u00ebn bregdetare duke shkuar nga Ulqini n\u00eb Tivar, apo anasjelltas iu duhet t\u00eb","robots":{"index":"index","follow":"follow","max-snippet":"max-snippet:-1","max-image-preview":"max-image-preview:large","max-video-preview":"max-video-preview:-1"},"canonical":"https:\/\/www.visit-ulcinj.com\/blog\/2015\/12\/12\/banoret-e-krrucit-nhall-nga-era-e-keqe-e-deponise\/","og_locale":"en_US","og_type":"article","og_title":"Banor\u00ebt e Krru\u00e7it n\u2019hall nga era e keqe e deponis\u00eb - Lajme nga Ulqini","og_description":"P\u00ebr t\u00eb shkuar deri n\u00eb sht\u00ebpi, banor\u00ebve t\u00eb Krru\u00e7it t\u00eb cil\u00ebt ndodhen n\u00eb pjes\u00ebn bregdetare duke shkuar nga Ulqini n\u00eb Tivar, apo anasjelltas iu duhet t\u00eb","og_url":"https:\/\/www.visit-ulcinj.com\/blog\/2015\/12\/12\/banoret-e-krrucit-nhall-nga-era-e-keqe-e-deponise\/","og_site_name":"Lajme nga Ulqini","article_published_time":"2015-12-12T17:26:38+00:00","article_modified_time":"2015-12-12T17:26:58+00:00","og_image":[{"url":"http:\/\/www.visit-ulcinj.com\/blog\/wp-content\/uploads\/2015\/12\/protest-deponia-Mazhura.jpg"}],"twitter_misc":{"Written by":"ulqini","Est. reading time":"1 minute"},"schema":{"@context":"https:\/\/schema.org","@graph":[{"@type":"WebSite","@id":"https:\/\/www.visit-ulcinj.com\/blog\/#website","url":"https:\/\/www.visit-ulcinj.com\/blog\/","name":"Lajme nga Ulqini","description":"Lajme,Vijesti,Ulqini,Ulqin,Crna Gora,Mali i Zi","potentialAction":[{"@type":"SearchAction","target":{"@type":"EntryPoint","urlTemplate":"https:\/\/www.visit-ulcinj.com\/blog\/?s={search_term_string}"},"query-input":"required name=search_term_string"}],"inLanguage":"en-US"},{"@type":"ImageObject","inLanguage":"en-US","@id":"https:\/\/www.visit-ulcinj.com\/blog\/2015\/12\/12\/banoret-e-krrucit-nhall-nga-era-e-keqe-e-deponise\/#primaryimage","url":"https:\/\/www.visit-ulcinj.com\/blog\/wp-content\/uploads\/2015\/12\/protest-deponia-Mazhura.jpg","contentUrl":"https:\/\/www.visit-ulcinj.com\/blog\/wp-content\/uploads\/2015\/12\/protest-deponia-Mazhura.jpg","width":1024,"height":620},{"@type":"WebPage","@id":"https:\/\/www.visit-ulcinj.com\/blog\/2015\/12\/12\/banoret-e-krrucit-nhall-nga-era-e-keqe-e-deponise\/#webpage","url":"https:\/\/www.visit-ulcinj.com\/blog\/2015\/12\/12\/banoret-e-krrucit-nhall-nga-era-e-keqe-e-deponise\/","name":"Banor\u00ebt e Krru\u00e7it n\u2019hall nga era e keqe e deponis\u00eb - Lajme nga Ulqini","isPartOf":{"@id":"https:\/\/www.visit-ulcinj.com\/blog\/#website"},"primaryImageOfPage":{"@id":"https:\/\/www.visit-ulcinj.com\/blog\/2015\/12\/12\/banoret-e-krrucit-nhall-nga-era-e-keqe-e-deponise\/#primaryimage"},"datePublished":"2015-12-12T17:26:38+00:00","dateModified":"2015-12-12T17:26:58+00:00","author":{"@id":"https:\/\/www.visit-ulcinj.com\/blog\/#\/schema\/person\/dcab619c614d3038751c63bc2aadc06d"},"description":"P\u00ebr t\u00eb shkuar deri n\u00eb sht\u00ebpi, banor\u00ebve t\u00eb Krru\u00e7it t\u00eb cil\u00ebt ndodhen n\u00eb pjes\u00ebn bregdetare duke shkuar nga Ulqini n\u00eb Tivar, apo anasjelltas iu duhet t\u00eb","breadcrumb":{"@id":"https:\/\/www.visit-ulcinj.com\/blog\/2015\/12\/12\/banoret-e-krrucit-nhall-nga-era-e-keqe-e-deponise\/#breadcrumb"},"inLanguage":"en-US","potentialAction":[{"@type":"ReadAction","target":["https:\/\/www.visit-ulcinj.com\/blog\/2015\/12\/12\/banoret-e-krrucit-nhall-nga-era-e-keqe-e-deponise\/"]}]},{"@type":"BreadcrumbList","@id":"https:\/\/www.visit-ulcinj.com\/blog\/2015\/12\/12\/banoret-e-krrucit-nhall-nga-era-e-keqe-e-deponise\/#breadcrumb","itemListElement":[{"@type":"ListItem","position":1,"name":"Banor\u00ebt e Krru\u00e7it n\u2019hall nga era e keqe e deponis\u00eb"}]},{"@type":"Person","@id":"https:\/\/www.visit-ulcinj.com\/blog\/#\/schema\/person\/dcab619c614d3038751c63bc2aadc06d","name":"ulqini","sameAs":["http:\/\/www.visit-ulcinj.com"],"url":"https:\/\/www.visit-ulcinj.com\/blog\/author\/admin\/"}]}},"jetpack_featured_media_url":"","jetpack_sharing_enabled":true,"jetpack_shortlink":"https:\/\/wp.me\/pe6lTn-om2","_links":{"self":[{"href":"https:\/\/www.visit-ulcinj.com\/blog\/wp-json\/wp\/v2\/posts\/93622"}],"collection":[{"href":"https:\/\/www.visit-ulcinj.com\/blog\/wp-json\/wp\/v2\/posts"}],"about":[{"href":"https:\/\/www.visit-ulcinj.com\/blog\/wp-json\/wp\/v2\/types\/post"}],"author":[{"embeddable":true,"href":"https:\/\/www.visit-ulcinj.com\/blog\/wp-json\/wp\/v2\/users\/1"}],"replies":[{"embeddable":true,"href":"https:\/\/www.visit-ulcinj.com\/blog\/wp-json\/wp\/v2\/comments?post=93622"}],"version-history":[{"count":1,"href":"https:\/\/www.visit-ulcinj.com\/blog\/wp-json\/wp\/v2\/posts\/93622\/revisions"}],"predecessor-version":[{"id":93627,"href":"https:\/\/www.visit-ulcinj.com\/blog\/wp-json\/wp\/v2\/posts\/93622\/revisions\/93627"}],"wp:attachment":[{"href":"https:\/\/www.visit-ulcinj.com\/blog\/wp-json\/wp\/v2\/media?parent=93622"}],"wp:term":[{"taxonomy":"category","embeddable":true,"href":"https:\/\/www.visit-ulcinj.com\/blog\/wp-json\/wp\/v2\/categories?post=93622"},{"taxonomy":"post_tag","embeddable":true,"href":"https:\/\/www.visit-ulcinj.com\/blog\/wp-json\/wp\/v2\/tags?post=93622"}],"curies":[{"name":"wp","href":"https:\/\/api.w.org\/{rel}","templated":true}]}}