{"id":93642,"date":"2015-12-13T21:43:49","date_gmt":"2015-12-13T20:43:49","guid":{"rendered":"http:\/\/www.visit-ulcinj.com\/blog\/?p=93642"},"modified":"2015-12-13T21:43:49","modified_gmt":"2015-12-13T20:43:49","slug":"lirite-dhe-te-drejtat-e-shqiptareve-ne-malin-e-zi-video","status":"publish","type":"post","link":"https:\/\/www.visit-ulcinj.com\/blog\/2015\/12\/13\/lirite-dhe-te-drejtat-e-shqiptareve-ne-malin-e-zi-video\/","title":{"rendered":"Lirit\u00eb dhe t\u00eb drejtat e shqiptar\u00ebve n\u00eb Malin e Zi &#8211; Video"},"content":{"rendered":"<p><a href=\"http:\/\/www.visit-ulcinj.com\/blog\/wp-content\/uploads\/2015\/12\/drejtat-e-shqiptar\u00ebve-n\u00eb-Malin-e-Zi-.jpg\"><img loading=\"lazy\" class=\"alignleft wp-image-93643\" src=\"http:\/\/www.visit-ulcinj.com\/blog\/wp-content\/uploads\/2015\/12\/drejtat-e-shqiptar\u00ebve-n\u00eb-Malin-e-Zi-.jpg\" alt=\"drejtat e shqiptar\u00ebve n\u00eb Malin e Zi\" width=\"508\" height=\"253\" srcset=\"https:\/\/www.visit-ulcinj.com\/blog\/wp-content\/uploads\/2015\/12\/drejtat-e-shqiptar\u00ebve-n\u00eb-Malin-e-Zi-.jpg 677w, https:\/\/www.visit-ulcinj.com\/blog\/wp-content\/uploads\/2015\/12\/drejtat-e-shqiptar\u00ebve-n\u00eb-Malin-e-Zi--300x149.jpg 300w\" sizes=\"(max-width: 508px) 100vw, 508px\" \/><\/a>25 vjet pas zgjedhjeve t\u00eb para shum\u00ebpartiake, shqiptar\u00ebt kan\u00eb mbetur n\u00eb nj\u00eb pozit\u00eb jo t\u00eb volitshme p\u00ebrsa i p\u00ebrket lirive t\u00eb t\u00eb drejtave si komunitet n\u00eb Mal t\u00eb Zi. Ky ishte p\u00ebrfundimi i tryez\u00ebs s\u00eb rrumbullak\u00ebt me tem\u00ebn &#8220;Shqiptar\u00ebt dhe pluralizmi n\u00eb Mal t\u00eb Zi&#8221;, q\u00eb u mbajt n\u00eb Ulqin.<\/p>\n<div><\/div>\n<div>Korrespondenti i Z\u00ebrit t\u00eb Amerik\u00ebs Ali Salaj sjell holl\u00ebsi nga Ulqini.<\/div>\n<div><\/div>\n<div><b>VIDEO:<\/b><\/div>\n<div><!--YouTube Error: bad URL entered--><\/div>\n","protected":false},"excerpt":{"rendered":"<p>25 vjet pas zgjedhjeve t\u00eb para shum\u00ebpartiake, shqiptar\u00ebt kan\u00eb mbetur n\u00eb nj\u00eb pozit\u00eb jo t\u00eb volitshme p\u00ebrsa i p\u00ebrket lirive t\u00eb t\u00eb drejtave si komunitet n\u00eb Mal t\u00eb Zi. Ky ishte p\u00ebrfundimi i tryez\u00ebs s\u00eb rrumbullak\u00ebt me tem\u00ebn &#8220;Shqiptar\u00ebt dhe pluralizmi n\u00eb Mal t\u00eb Zi&#8221;, q\u00eb u mbajt n\u00eb Ulqin. Korrespondenti i Z\u00ebrit t\u00eb Amerik\u00ebs [&hellip;]<\/p>\n","protected":false},"author":1,"featured_media":0,"comment_status":"closed","ping_status":"closed","sticky":false,"template":"","format":"standard","meta":{"spay_email":"","jetpack_publicize_message":"","jetpack_is_tweetstorm":false,"jetpack_publicize_feature_enabled":true},"categories":[1],"tags":[],"jetpack_publicize_connections":[],"yoast_head":"<!-- This site is optimized with the Yoast SEO plugin v19.1 - https:\/\/yoast.com\/wordpress\/plugins\/seo\/ -->\n<title>Lirit\u00eb dhe t\u00eb drejtat e shqiptar\u00ebve n\u00eb Malin e Zi - Video - Lajme nga Ulqini<\/title>\n<meta name=\"description\" content=\"25 vjet pas zgjedhjeve t\u00eb para shum\u00ebpartiake, shqiptar\u00ebt kan\u00eb mbetur n\u00eb nj\u00eb pozit\u00eb jo t\u00eb volitshme p\u00ebrsa i p\u00ebrket lirive t\u00eb t\u00eb drejtave si komunitet n\u00eb\" \/>\n<meta name=\"robots\" content=\"index, follow, max-snippet:-1, max-image-preview:large, max-video-preview:-1\" \/>\n<link rel=\"canonical\" href=\"https:\/\/www.visit-ulcinj.com\/blog\/2015\/12\/13\/lirite-dhe-te-drejtat-e-shqiptareve-ne-malin-e-zi-video\/\" \/>\n<meta property=\"og:locale\" content=\"en_US\" \/>\n<meta property=\"og:type\" content=\"article\" \/>\n<meta property=\"og:title\" content=\"Lirit\u00eb dhe t\u00eb drejtat e shqiptar\u00ebve n\u00eb Malin e Zi - Video - Lajme nga Ulqini\" \/>\n<meta property=\"og:description\" content=\"25 vjet pas zgjedhjeve t\u00eb para shum\u00ebpartiake, shqiptar\u00ebt kan\u00eb mbetur n\u00eb nj\u00eb pozit\u00eb jo t\u00eb volitshme p\u00ebrsa i p\u00ebrket lirive t\u00eb t\u00eb drejtave si komunitet n\u00eb\" \/>\n<meta property=\"og:url\" content=\"https:\/\/www.visit-ulcinj.com\/blog\/2015\/12\/13\/lirite-dhe-te-drejtat-e-shqiptareve-ne-malin-e-zi-video\/\" \/>\n<meta property=\"og:site_name\" content=\"Lajme nga Ulqini\" \/>\n<meta property=\"article:published_time\" content=\"2015-12-13T20:43:49+00:00\" \/>\n<meta name=\"twitter:label1\" content=\"Written by\" \/>\n\t<meta name=\"twitter:data1\" content=\"ulqini\" \/>\n<script type=\"application\/ld+json\" class=\"yoast-schema-graph\">{\"@context\":\"https:\/\/schema.org\",\"@graph\":[{\"@type\":\"WebSite\",\"@id\":\"https:\/\/www.visit-ulcinj.com\/blog\/#website\",\"url\":\"https:\/\/www.visit-ulcinj.com\/blog\/\",\"name\":\"Lajme nga Ulqini\",\"description\":\"Lajme,Vijesti,Ulqini,Ulqin,Crna Gora,Mali i Zi\",\"potentialAction\":[{\"@type\":\"SearchAction\",\"target\":{\"@type\":\"EntryPoint\",\"urlTemplate\":\"https:\/\/www.visit-ulcinj.com\/blog\/?s={search_term_string}\"},\"query-input\":\"required name=search_term_string\"}],\"inLanguage\":\"en-US\"},{\"@type\":\"WebPage\",\"@id\":\"https:\/\/www.visit-ulcinj.com\/blog\/2015\/12\/13\/lirite-dhe-te-drejtat-e-shqiptareve-ne-malin-e-zi-video\/#webpage\",\"url\":\"https:\/\/www.visit-ulcinj.com\/blog\/2015\/12\/13\/lirite-dhe-te-drejtat-e-shqiptareve-ne-malin-e-zi-video\/\",\"name\":\"Lirit\u00eb dhe t\u00eb drejtat e shqiptar\u00ebve n\u00eb Malin e Zi - Video - Lajme nga Ulqini\",\"isPartOf\":{\"@id\":\"https:\/\/www.visit-ulcinj.com\/blog\/#website\"},\"datePublished\":\"2015-12-13T20:43:49+00:00\",\"dateModified\":\"2015-12-13T20:43:49+00:00\",\"author\":{\"@id\":\"https:\/\/www.visit-ulcinj.com\/blog\/#\/schema\/person\/dcab619c614d3038751c63bc2aadc06d\"},\"description\":\"25 vjet pas zgjedhjeve t\u00eb para shum\u00ebpartiake, shqiptar\u00ebt kan\u00eb mbetur n\u00eb nj\u00eb pozit\u00eb jo t\u00eb volitshme p\u00ebrsa i p\u00ebrket lirive t\u00eb t\u00eb drejtave si komunitet n\u00eb\",\"breadcrumb\":{\"@id\":\"https:\/\/www.visit-ulcinj.com\/blog\/2015\/12\/13\/lirite-dhe-te-drejtat-e-shqiptareve-ne-malin-e-zi-video\/#breadcrumb\"},\"inLanguage\":\"en-US\",\"potentialAction\":[{\"@type\":\"ReadAction\",\"target\":[\"https:\/\/www.visit-ulcinj.com\/blog\/2015\/12\/13\/lirite-dhe-te-drejtat-e-shqiptareve-ne-malin-e-zi-video\/\"]}]},{\"@type\":\"BreadcrumbList\",\"@id\":\"https:\/\/www.visit-ulcinj.com\/blog\/2015\/12\/13\/lirite-dhe-te-drejtat-e-shqiptareve-ne-malin-e-zi-video\/#breadcrumb\",\"itemListElement\":[{\"@type\":\"ListItem\",\"position\":1,\"name\":\"Lirit\u00eb dhe t\u00eb drejtat e shqiptar\u00ebve n\u00eb Malin e Zi &#8211; Video\"}]},{\"@type\":\"Person\",\"@id\":\"https:\/\/www.visit-ulcinj.com\/blog\/#\/schema\/person\/dcab619c614d3038751c63bc2aadc06d\",\"name\":\"ulqini\",\"sameAs\":[\"http:\/\/www.visit-ulcinj.com\"],\"url\":\"https:\/\/www.visit-ulcinj.com\/blog\/author\/admin\/\"}]}<\/script>\n<!-- \/ Yoast SEO plugin. -->","yoast_head_json":{"title":"Lirit\u00eb dhe t\u00eb drejtat e shqiptar\u00ebve n\u00eb Malin e Zi - Video - Lajme nga Ulqini","description":"25 vjet pas zgjedhjeve t\u00eb para shum\u00ebpartiake, shqiptar\u00ebt kan\u00eb mbetur n\u00eb nj\u00eb pozit\u00eb jo t\u00eb volitshme p\u00ebrsa i p\u00ebrket lirive t\u00eb t\u00eb drejtave si komunitet n\u00eb","robots":{"index":"index","follow":"follow","max-snippet":"max-snippet:-1","max-image-preview":"max-image-preview:large","max-video-preview":"max-video-preview:-1"},"canonical":"https:\/\/www.visit-ulcinj.com\/blog\/2015\/12\/13\/lirite-dhe-te-drejtat-e-shqiptareve-ne-malin-e-zi-video\/","og_locale":"en_US","og_type":"article","og_title":"Lirit\u00eb dhe t\u00eb drejtat e shqiptar\u00ebve n\u00eb Malin e Zi - Video - Lajme nga Ulqini","og_description":"25 vjet pas zgjedhjeve t\u00eb para shum\u00ebpartiake, shqiptar\u00ebt kan\u00eb mbetur n\u00eb nj\u00eb pozit\u00eb jo t\u00eb volitshme p\u00ebrsa i p\u00ebrket lirive t\u00eb t\u00eb drejtave si komunitet n\u00eb","og_url":"https:\/\/www.visit-ulcinj.com\/blog\/2015\/12\/13\/lirite-dhe-te-drejtat-e-shqiptareve-ne-malin-e-zi-video\/","og_site_name":"Lajme nga Ulqini","article_published_time":"2015-12-13T20:43:49+00:00","twitter_misc":{"Written by":"ulqini"},"schema":{"@context":"https:\/\/schema.org","@graph":[{"@type":"WebSite","@id":"https:\/\/www.visit-ulcinj.com\/blog\/#website","url":"https:\/\/www.visit-ulcinj.com\/blog\/","name":"Lajme nga Ulqini","description":"Lajme,Vijesti,Ulqini,Ulqin,Crna Gora,Mali i Zi","potentialAction":[{"@type":"SearchAction","target":{"@type":"EntryPoint","urlTemplate":"https:\/\/www.visit-ulcinj.com\/blog\/?s={search_term_string}"},"query-input":"required name=search_term_string"}],"inLanguage":"en-US"},{"@type":"WebPage","@id":"https:\/\/www.visit-ulcinj.com\/blog\/2015\/12\/13\/lirite-dhe-te-drejtat-e-shqiptareve-ne-malin-e-zi-video\/#webpage","url":"https:\/\/www.visit-ulcinj.com\/blog\/2015\/12\/13\/lirite-dhe-te-drejtat-e-shqiptareve-ne-malin-e-zi-video\/","name":"Lirit\u00eb dhe t\u00eb drejtat e shqiptar\u00ebve n\u00eb Malin e Zi - Video - Lajme nga Ulqini","isPartOf":{"@id":"https:\/\/www.visit-ulcinj.com\/blog\/#website"},"datePublished":"2015-12-13T20:43:49+00:00","dateModified":"2015-12-13T20:43:49+00:00","author":{"@id":"https:\/\/www.visit-ulcinj.com\/blog\/#\/schema\/person\/dcab619c614d3038751c63bc2aadc06d"},"description":"25 vjet pas zgjedhjeve t\u00eb para shum\u00ebpartiake, shqiptar\u00ebt kan\u00eb mbetur n\u00eb nj\u00eb pozit\u00eb jo t\u00eb volitshme p\u00ebrsa i p\u00ebrket lirive t\u00eb t\u00eb drejtave si komunitet n\u00eb","breadcrumb":{"@id":"https:\/\/www.visit-ulcinj.com\/blog\/2015\/12\/13\/lirite-dhe-te-drejtat-e-shqiptareve-ne-malin-e-zi-video\/#breadcrumb"},"inLanguage":"en-US","potentialAction":[{"@type":"ReadAction","target":["https:\/\/www.visit-ulcinj.com\/blog\/2015\/12\/13\/lirite-dhe-te-drejtat-e-shqiptareve-ne-malin-e-zi-video\/"]}]},{"@type":"BreadcrumbList","@id":"https:\/\/www.visit-ulcinj.com\/blog\/2015\/12\/13\/lirite-dhe-te-drejtat-e-shqiptareve-ne-malin-e-zi-video\/#breadcrumb","itemListElement":[{"@type":"ListItem","position":1,"name":"Lirit\u00eb dhe t\u00eb drejtat e shqiptar\u00ebve n\u00eb Malin e Zi &#8211; Video"}]},{"@type":"Person","@id":"https:\/\/www.visit-ulcinj.com\/blog\/#\/schema\/person\/dcab619c614d3038751c63bc2aadc06d","name":"ulqini","sameAs":["http:\/\/www.visit-ulcinj.com"],"url":"https:\/\/www.visit-ulcinj.com\/blog\/author\/admin\/"}]}},"jetpack_featured_media_url":"","jetpack_sharing_enabled":true,"jetpack_shortlink":"https:\/\/wp.me\/pe6lTn-omm","_links":{"self":[{"href":"https:\/\/www.visit-ulcinj.com\/blog\/wp-json\/wp\/v2\/posts\/93642"}],"collection":[{"href":"https:\/\/www.visit-ulcinj.com\/blog\/wp-json\/wp\/v2\/posts"}],"about":[{"href":"https:\/\/www.visit-ulcinj.com\/blog\/wp-json\/wp\/v2\/types\/post"}],"author":[{"embeddable":true,"href":"https:\/\/www.visit-ulcinj.com\/blog\/wp-json\/wp\/v2\/users\/1"}],"replies":[{"embeddable":true,"href":"https:\/\/www.visit-ulcinj.com\/blog\/wp-json\/wp\/v2\/comments?post=93642"}],"version-history":[{"count":1,"href":"https:\/\/www.visit-ulcinj.com\/blog\/wp-json\/wp\/v2\/posts\/93642\/revisions"}],"predecessor-version":[{"id":93644,"href":"https:\/\/www.visit-ulcinj.com\/blog\/wp-json\/wp\/v2\/posts\/93642\/revisions\/93644"}],"wp:attachment":[{"href":"https:\/\/www.visit-ulcinj.com\/blog\/wp-json\/wp\/v2\/media?parent=93642"}],"wp:term":[{"taxonomy":"category","embeddable":true,"href":"https:\/\/www.visit-ulcinj.com\/blog\/wp-json\/wp\/v2\/categories?post=93642"},{"taxonomy":"post_tag","embeddable":true,"href":"https:\/\/www.visit-ulcinj.com\/blog\/wp-json\/wp\/v2\/tags?post=93642"}],"curies":[{"name":"wp","href":"https:\/\/api.w.org\/{rel}","templated":true}]}}