{"id":93648,"date":"2015-12-14T15:05:56","date_gmt":"2015-12-14T14:05:56","guid":{"rendered":"http:\/\/www.visit-ulcinj.com\/blog\/?p=93648"},"modified":"2015-12-14T15:09:26","modified_gmt":"2015-12-14T14:09:26","slug":"pasojat-e-ngercit-politik-ne-komunen-e-ulqinit","status":"publish","type":"post","link":"https:\/\/www.visit-ulcinj.com\/blog\/2015\/12\/14\/pasojat-e-ngercit-politik-ne-komunen-e-ulqinit\/","title":{"rendered":"Nika: Pasojat e ng\u00ebr\u00e7it politik n\u00eb komunen e Ulqinit"},"content":{"rendered":"<p style=\"text-align: center;\"><strong><a href=\"http:\/\/www.visit-ulcinj.com\/blog\/wp-content\/uploads\/2015\/12\/lexo-te-verteten.jpg\"><img loading=\"lazy\" class=\"alignleft wp-image-93649\" src=\"http:\/\/www.visit-ulcinj.com\/blog\/wp-content\/uploads\/2015\/12\/lexo-te-verteten.jpg\" alt=\"lexo te verteten\" width=\"508\" height=\"188\" srcset=\"https:\/\/www.visit-ulcinj.com\/blog\/wp-content\/uploads\/2015\/12\/lexo-te-verteten.jpg 851w, https:\/\/www.visit-ulcinj.com\/blog\/wp-content\/uploads\/2015\/12\/lexo-te-verteten-300x111.jpg 300w\" sizes=\"(max-width: 508px) 100vw, 508px\" \/><\/a>Administrata\u00a0\u00a0 e komun\u00ebs i kund\u00ebr p\u00ebrgjgjet ng\u00ebr\u00e7it t\u00eb uraganit politik<\/strong><\/p>\n<p>&nbsp;<\/p>\n<p><strong><a href=\"http:\/\/www.visit-ulcinj.com\/blog\/wp-content\/uploads\/2014\/11\/Muhamet-Nika.jpg\"><img loading=\"lazy\" class=\"alignleft wp-image-86143 size-thumbnail\" src=\"http:\/\/www.visit-ulcinj.com\/blog\/wp-content\/uploads\/2014\/11\/Muhamet-Nika-150x150.jpg\" alt=\"Muhamet Nika\" width=\"150\" height=\"150\" \/><\/a>Shkruan Muhamet Nika<\/strong><\/p>\n<p>Sindikata e t\u00eb pun\u00ebsuarve t\u00eb pushtetit vendor , q\u00eb n\u00eb struktur\u00eb t\u00eb kualifikimit profesional dhe stazhit q\u00ebndron shum\u00eb m\u00eb lart\u00eb se sa stafi i ekspert\u00ebve t\u00eb partive politike ka koh\u00eb q\u00eb \u00a0\u00ebsht\u00eb b\u00ebr\u00eb gati p\u00ebr\u00a0\u00a0 t\u00eb nd\u00ebrmarr\u00eb hapat e tejkalimit t\u00eb kriz\u00ebs.<\/p>\n<p>M\u00eb her\u00ebt para nj\u00eb muaji , kjo organizat\u00eb pat\u00eb v\u00ebn\u00eb n\u00eb rend t\u00eb dit\u00ebs disa k\u00ebrkesa , si: \u00e7\u00ebshtjen e zvog\u00eblimit t\u00eb koficientave t\u00eb cilat nuk ishin t\u00eb harmonizuara me ligj,duke k\u00ebrkuar pages\u00ebn e ndryshimit n\u00eb rrog\u00ebn e ulur , pa t\u00eb drejt\u00eb- \u00a0koha e N. Cungut?! Dhe kjo pritet t\u00eb realizohet(b\u00ebhet fjal\u00eb edhe p\u00ebr nj\u00eb rrog\u00eb vjetore, si detyrim ndaj tyre, pasi ulja e saj u b\u00eb, si\u00e7 u cek, me shantazhim t\u00eb administrat\u00ebs s\u00eb Cungut dhe q\u00eb administrata gjyq\u00ebsore vendimin e ish-kryetarit e hodhi posht\u00eb si t\u00eb pa ligjsh\u00ebm.. Pastaj k\u00ebrkoi q\u00eb t\u00eb nxirren dispozitat ligjore p\u00ebr harmonizim t\u00eb koficientave pa dallime p\u00ebr t\u00eb pun\u00ebsuarit dhe zyrtar\u00ebt me mandat politik, t\u00eb cilat gjithashtu mungojn\u00eb duke u b\u00ebr\u00eb sipas d\u00ebshir\u00ebs ..?!!<\/p>\n<p>Tjet\u00ebr, gjithashtu k\u00ebrkoi llogari p\u00ebr t\u00eb gjith\u00eb l\u00ebnd\u00ebt e humbura n\u00eb gjykat\u00eb e t\u00eb cilat e kalojn\u00eb shum\u00ebn prej 30 mij\u00eb eurove .<\/p>\n<p>P\u00ebr shuma mbi k\u00ebt\u00eb shif\u00ebr, mbrojtjes s\u00eb komun\u00ebs i duhet sipas ligjit vendimi politik i kuvendit . Si shembull , mund t\u00eb jet\u00eb rasti i l\u00ebnd\u00ebs gjyq\u00ebsore n\u00eb 500 mij\u00eb euro e p\u00ebr t\u00eb cilat , komuna vazhdon t\u00eb jet\u00eb e bllokuar dhe t\u00eb pun\u00ebsuarit kan\u00eb hyr\u00eb n\u00eb t\u00eb 6 muaj t\u00eb rrogave t\u00eb pa shlyera..?!<\/p>\n<p>Sipas disa z\u00ebrave dhe disponimit t\u00eb sindikat\u00ebs, n\u00ebse kuvendi nuk mblidhet p\u00ebr t\u00eb caktuar hipotek\u00ebn p\u00ebr kredin\u00eb e lajm\u00ebruar n\u00eb 4 \/4milion\u00eb euro dhe e cila nuk mund t\u00eb vilet , pakaluar ng\u00ebr\u00e7i politik, at\u00ebher\u00eb kjo sindikat\u00eb , pa dyshim q\u00eb do t\u00eb dal\u00eb me k\u00ebrkes\u00ebn\u201d ekstreme\u201dq\u00eb qeveria t\u00eb shp\u00ebrndaj\u00eb parlamentin si t\u00eb pa aft\u00eb dhe kryetari aktual Gjeka, t\u00eb n\u00ebnshkruaj vendimin p\u00ebr hipotek\u00eb duke vazhduar edhe p\u00ebr 6 muaj tjer\u00eb , sipas ligjit, deri n\u00eb zgjedhjet e parakohshme. ..?!<\/p>\n<p>V\u00ebshtir\u00eb \u00ebsht\u00eb t\u00eb besohet q\u00eb Gjeka t\u00eb mos ket\u00eb konsiderat\u00eb p\u00ebr k\u00ebt\u00eb propozim , pasi q\u00eb edhe ideja e dh\u00ebnies s\u00eb k\u00ebsaj kredie ishte , kryek\u00ebput merit\u00eb e tij&#8230;.?!<\/p>\n<p>Mos mbledhja e kuvendit p\u00ebr caktimin e vendimit p\u00ebr hipotek\u00eb , para vitit t\u00eb ri, do t\u00eb neutralizonte totalisht , pun\u00ebn e organeve vitale t\u00eb pushtetit n\u00eb Ulqin dhe duhet t\u00eb merret n\u00eb konsiderat\u00eb si \u00e7\u00ebshtje.<\/p>\n<p><strong>Pik\u00ebpamjet e shprehura n\u00eb faqen \u201cOPINIONE\u201d nuk p\u00ebrfaq\u00ebsojn\u00eb domosdoshm\u00ebrisht politik\u00ebn redaksionale t\u00eb \u201eLajmeve nga Ulqini\u201e<\/strong><\/p>\n<p><a href=\"http:\/\/www.visit-ulcinj.com\/blog\/wp-content\/uploads\/2015\/12\/Sindikata-e-t\u00eb-pun\u00ebsuarve-t\u00eb-pushtetit-vendor-Dokument.jpg\"><img loading=\"lazy\" class=\"alignleft wp-image-93652\" src=\"http:\/\/www.visit-ulcinj.com\/blog\/wp-content\/uploads\/2015\/12\/Sindikata-e-t\u00eb-pun\u00ebsuarve-t\u00eb-pushtetit-vendor-Dokument.jpg\" alt=\"Sindikata e t\u00eb pun\u00ebsuarve t\u00eb pushtetit vendor-Dokument\" width=\"508\" height=\"705\" srcset=\"https:\/\/www.visit-ulcinj.com\/blog\/wp-content\/uploads\/2015\/12\/Sindikata-e-t\u00eb-pun\u00ebsuarve-t\u00eb-pushtetit-vendor-Dokument.jpg 625w, https:\/\/www.visit-ulcinj.com\/blog\/wp-content\/uploads\/2015\/12\/Sindikata-e-t\u00eb-pun\u00ebsuarve-t\u00eb-pushtetit-vendor-Dokument-216x300.jpg 216w\" sizes=\"(max-width: 508px) 100vw, 508px\" \/><\/a><\/p>\n","protected":false},"excerpt":{"rendered":"<p>Administrata\u00a0\u00a0 e komun\u00ebs i kund\u00ebr p\u00ebrgjgjet ng\u00ebr\u00e7it t\u00eb uraganit politik &nbsp; Shkruan Muhamet Nika Sindikata e t\u00eb pun\u00ebsuarve t\u00eb pushtetit vendor , q\u00eb n\u00eb struktur\u00eb t\u00eb kualifikimit profesional dhe stazhit q\u00ebndron shum\u00eb m\u00eb lart\u00eb se sa stafi i ekspert\u00ebve t\u00eb partive politike ka koh\u00eb q\u00eb \u00a0\u00ebsht\u00eb b\u00ebr\u00eb gati p\u00ebr\u00a0\u00a0 t\u00eb nd\u00ebrmarr\u00eb hapat e tejkalimit t\u00eb [&hellip;]<\/p>\n","protected":false},"author":1,"featured_media":0,"comment_status":"closed","ping_status":"closed","sticky":false,"template":"","format":"standard","meta":{"spay_email":"","jetpack_publicize_message":"","jetpack_is_tweetstorm":false,"jetpack_publicize_feature_enabled":true},"categories":[14249],"tags":[],"jetpack_publicize_connections":[],"yoast_head":"<!-- This site is optimized with the Yoast SEO plugin v19.1 - https:\/\/yoast.com\/wordpress\/plugins\/seo\/ -->\n<title>Nika: Pasojat e ng\u00ebr\u00e7it politik n\u00eb komunen e Ulqinit - Lajme nga Ulqini<\/title>\n<meta name=\"description\" content=\"Administrata\u00a0\u00a0 e komun\u00ebs i kund\u00ebr p\u00ebrgjgjet ng\u00ebr\u00e7it t\u00eb uraganit politik &nbsp; Shkruan Muhamet Nika Sindikata e t\u00eb pun\u00ebsuarve t\u00eb pushtetit vendor , q\u00eb n\u00eb\" \/>\n<meta name=\"robots\" content=\"index, follow, max-snippet:-1, max-image-preview:large, max-video-preview:-1\" \/>\n<link rel=\"canonical\" href=\"https:\/\/www.visit-ulcinj.com\/blog\/2015\/12\/14\/pasojat-e-ngercit-politik-ne-komunen-e-ulqinit\/\" \/>\n<meta property=\"og:locale\" content=\"en_US\" \/>\n<meta property=\"og:type\" content=\"article\" \/>\n<meta property=\"og:title\" content=\"Nika: Pasojat e ng\u00ebr\u00e7it politik n\u00eb komunen e Ulqinit - Lajme nga Ulqini\" \/>\n<meta property=\"og:description\" content=\"Administrata\u00a0\u00a0 e komun\u00ebs i kund\u00ebr p\u00ebrgjgjet ng\u00ebr\u00e7it t\u00eb uraganit politik &nbsp; Shkruan Muhamet Nika Sindikata e t\u00eb pun\u00ebsuarve t\u00eb pushtetit vendor , q\u00eb n\u00eb\" \/>\n<meta property=\"og:url\" content=\"https:\/\/www.visit-ulcinj.com\/blog\/2015\/12\/14\/pasojat-e-ngercit-politik-ne-komunen-e-ulqinit\/\" \/>\n<meta property=\"og:site_name\" content=\"Lajme nga Ulqini\" \/>\n<meta property=\"article:published_time\" content=\"2015-12-14T14:05:56+00:00\" \/>\n<meta property=\"article:modified_time\" content=\"2015-12-14T14:09:26+00:00\" \/>\n<meta property=\"og:image\" content=\"http:\/\/www.visit-ulcinj.com\/blog\/wp-content\/uploads\/2015\/12\/lexo-te-verteten.jpg\" \/>\n<meta name=\"twitter:label1\" content=\"Written by\" \/>\n\t<meta name=\"twitter:data1\" content=\"ulqini\" \/>\n\t<meta name=\"twitter:label2\" content=\"Est. reading time\" \/>\n\t<meta name=\"twitter:data2\" content=\"2 minutes\" \/>\n<script type=\"application\/ld+json\" class=\"yoast-schema-graph\">{\"@context\":\"https:\/\/schema.org\",\"@graph\":[{\"@type\":\"WebSite\",\"@id\":\"https:\/\/www.visit-ulcinj.com\/blog\/#website\",\"url\":\"https:\/\/www.visit-ulcinj.com\/blog\/\",\"name\":\"Lajme nga Ulqini\",\"description\":\"Lajme,Vijesti,Ulqini,Ulqin,Crna Gora,Mali i Zi\",\"potentialAction\":[{\"@type\":\"SearchAction\",\"target\":{\"@type\":\"EntryPoint\",\"urlTemplate\":\"https:\/\/www.visit-ulcinj.com\/blog\/?s={search_term_string}\"},\"query-input\":\"required name=search_term_string\"}],\"inLanguage\":\"en-US\"},{\"@type\":\"ImageObject\",\"inLanguage\":\"en-US\",\"@id\":\"https:\/\/www.visit-ulcinj.com\/blog\/2015\/12\/14\/pasojat-e-ngercit-politik-ne-komunen-e-ulqinit\/#primaryimage\",\"url\":\"https:\/\/www.visit-ulcinj.com\/blog\/wp-content\/uploads\/2015\/12\/lexo-te-verteten.jpg\",\"contentUrl\":\"https:\/\/www.visit-ulcinj.com\/blog\/wp-content\/uploads\/2015\/12\/lexo-te-verteten.jpg\",\"width\":851,\"height\":315},{\"@type\":\"WebPage\",\"@id\":\"https:\/\/www.visit-ulcinj.com\/blog\/2015\/12\/14\/pasojat-e-ngercit-politik-ne-komunen-e-ulqinit\/#webpage\",\"url\":\"https:\/\/www.visit-ulcinj.com\/blog\/2015\/12\/14\/pasojat-e-ngercit-politik-ne-komunen-e-ulqinit\/\",\"name\":\"Nika: Pasojat e ng\u00ebr\u00e7it politik n\u00eb komunen e Ulqinit - Lajme nga Ulqini\",\"isPartOf\":{\"@id\":\"https:\/\/www.visit-ulcinj.com\/blog\/#website\"},\"primaryImageOfPage\":{\"@id\":\"https:\/\/www.visit-ulcinj.com\/blog\/2015\/12\/14\/pasojat-e-ngercit-politik-ne-komunen-e-ulqinit\/#primaryimage\"},\"datePublished\":\"2015-12-14T14:05:56+00:00\",\"dateModified\":\"2015-12-14T14:09:26+00:00\",\"author\":{\"@id\":\"https:\/\/www.visit-ulcinj.com\/blog\/#\/schema\/person\/dcab619c614d3038751c63bc2aadc06d\"},\"description\":\"Administrata\u00a0\u00a0 e komun\u00ebs i kund\u00ebr p\u00ebrgjgjet ng\u00ebr\u00e7it t\u00eb uraganit politik &nbsp; Shkruan Muhamet Nika Sindikata e t\u00eb pun\u00ebsuarve t\u00eb pushtetit vendor , q\u00eb n\u00eb\",\"breadcrumb\":{\"@id\":\"https:\/\/www.visit-ulcinj.com\/blog\/2015\/12\/14\/pasojat-e-ngercit-politik-ne-komunen-e-ulqinit\/#breadcrumb\"},\"inLanguage\":\"en-US\",\"potentialAction\":[{\"@type\":\"ReadAction\",\"target\":[\"https:\/\/www.visit-ulcinj.com\/blog\/2015\/12\/14\/pasojat-e-ngercit-politik-ne-komunen-e-ulqinit\/\"]}]},{\"@type\":\"BreadcrumbList\",\"@id\":\"https:\/\/www.visit-ulcinj.com\/blog\/2015\/12\/14\/pasojat-e-ngercit-politik-ne-komunen-e-ulqinit\/#breadcrumb\",\"itemListElement\":[{\"@type\":\"ListItem\",\"position\":1,\"name\":\"Nika: Pasojat e ng\u00ebr\u00e7it politik n\u00eb komunen e Ulqinit\"}]},{\"@type\":\"Person\",\"@id\":\"https:\/\/www.visit-ulcinj.com\/blog\/#\/schema\/person\/dcab619c614d3038751c63bc2aadc06d\",\"name\":\"ulqini\",\"sameAs\":[\"http:\/\/www.visit-ulcinj.com\"],\"url\":\"https:\/\/www.visit-ulcinj.com\/blog\/author\/admin\/\"}]}<\/script>\n<!-- \/ Yoast SEO plugin. -->","yoast_head_json":{"title":"Nika: Pasojat e ng\u00ebr\u00e7it politik n\u00eb komunen e Ulqinit - Lajme nga Ulqini","description":"Administrata\u00a0\u00a0 e komun\u00ebs i kund\u00ebr p\u00ebrgjgjet ng\u00ebr\u00e7it t\u00eb uraganit politik &nbsp; Shkruan Muhamet Nika Sindikata e t\u00eb pun\u00ebsuarve t\u00eb pushtetit vendor , q\u00eb n\u00eb","robots":{"index":"index","follow":"follow","max-snippet":"max-snippet:-1","max-image-preview":"max-image-preview:large","max-video-preview":"max-video-preview:-1"},"canonical":"https:\/\/www.visit-ulcinj.com\/blog\/2015\/12\/14\/pasojat-e-ngercit-politik-ne-komunen-e-ulqinit\/","og_locale":"en_US","og_type":"article","og_title":"Nika: Pasojat e ng\u00ebr\u00e7it politik n\u00eb komunen e Ulqinit - Lajme nga Ulqini","og_description":"Administrata\u00a0\u00a0 e komun\u00ebs i kund\u00ebr p\u00ebrgjgjet ng\u00ebr\u00e7it t\u00eb uraganit politik &nbsp; Shkruan Muhamet Nika Sindikata e t\u00eb pun\u00ebsuarve t\u00eb pushtetit vendor , q\u00eb n\u00eb","og_url":"https:\/\/www.visit-ulcinj.com\/blog\/2015\/12\/14\/pasojat-e-ngercit-politik-ne-komunen-e-ulqinit\/","og_site_name":"Lajme nga Ulqini","article_published_time":"2015-12-14T14:05:56+00:00","article_modified_time":"2015-12-14T14:09:26+00:00","og_image":[{"url":"http:\/\/www.visit-ulcinj.com\/blog\/wp-content\/uploads\/2015\/12\/lexo-te-verteten.jpg"}],"twitter_misc":{"Written by":"ulqini","Est. reading time":"2 minutes"},"schema":{"@context":"https:\/\/schema.org","@graph":[{"@type":"WebSite","@id":"https:\/\/www.visit-ulcinj.com\/blog\/#website","url":"https:\/\/www.visit-ulcinj.com\/blog\/","name":"Lajme nga Ulqini","description":"Lajme,Vijesti,Ulqini,Ulqin,Crna Gora,Mali i Zi","potentialAction":[{"@type":"SearchAction","target":{"@type":"EntryPoint","urlTemplate":"https:\/\/www.visit-ulcinj.com\/blog\/?s={search_term_string}"},"query-input":"required name=search_term_string"}],"inLanguage":"en-US"},{"@type":"ImageObject","inLanguage":"en-US","@id":"https:\/\/www.visit-ulcinj.com\/blog\/2015\/12\/14\/pasojat-e-ngercit-politik-ne-komunen-e-ulqinit\/#primaryimage","url":"https:\/\/www.visit-ulcinj.com\/blog\/wp-content\/uploads\/2015\/12\/lexo-te-verteten.jpg","contentUrl":"https:\/\/www.visit-ulcinj.com\/blog\/wp-content\/uploads\/2015\/12\/lexo-te-verteten.jpg","width":851,"height":315},{"@type":"WebPage","@id":"https:\/\/www.visit-ulcinj.com\/blog\/2015\/12\/14\/pasojat-e-ngercit-politik-ne-komunen-e-ulqinit\/#webpage","url":"https:\/\/www.visit-ulcinj.com\/blog\/2015\/12\/14\/pasojat-e-ngercit-politik-ne-komunen-e-ulqinit\/","name":"Nika: Pasojat e ng\u00ebr\u00e7it politik n\u00eb komunen e Ulqinit - Lajme nga Ulqini","isPartOf":{"@id":"https:\/\/www.visit-ulcinj.com\/blog\/#website"},"primaryImageOfPage":{"@id":"https:\/\/www.visit-ulcinj.com\/blog\/2015\/12\/14\/pasojat-e-ngercit-politik-ne-komunen-e-ulqinit\/#primaryimage"},"datePublished":"2015-12-14T14:05:56+00:00","dateModified":"2015-12-14T14:09:26+00:00","author":{"@id":"https:\/\/www.visit-ulcinj.com\/blog\/#\/schema\/person\/dcab619c614d3038751c63bc2aadc06d"},"description":"Administrata\u00a0\u00a0 e komun\u00ebs i kund\u00ebr p\u00ebrgjgjet ng\u00ebr\u00e7it t\u00eb uraganit politik &nbsp; Shkruan Muhamet Nika Sindikata e t\u00eb pun\u00ebsuarve t\u00eb pushtetit vendor , q\u00eb n\u00eb","breadcrumb":{"@id":"https:\/\/www.visit-ulcinj.com\/blog\/2015\/12\/14\/pasojat-e-ngercit-politik-ne-komunen-e-ulqinit\/#breadcrumb"},"inLanguage":"en-US","potentialAction":[{"@type":"ReadAction","target":["https:\/\/www.visit-ulcinj.com\/blog\/2015\/12\/14\/pasojat-e-ngercit-politik-ne-komunen-e-ulqinit\/"]}]},{"@type":"BreadcrumbList","@id":"https:\/\/www.visit-ulcinj.com\/blog\/2015\/12\/14\/pasojat-e-ngercit-politik-ne-komunen-e-ulqinit\/#breadcrumb","itemListElement":[{"@type":"ListItem","position":1,"name":"Nika: Pasojat e ng\u00ebr\u00e7it politik n\u00eb komunen e Ulqinit"}]},{"@type":"Person","@id":"https:\/\/www.visit-ulcinj.com\/blog\/#\/schema\/person\/dcab619c614d3038751c63bc2aadc06d","name":"ulqini","sameAs":["http:\/\/www.visit-ulcinj.com"],"url":"https:\/\/www.visit-ulcinj.com\/blog\/author\/admin\/"}]}},"jetpack_featured_media_url":"","jetpack_sharing_enabled":true,"jetpack_shortlink":"https:\/\/wp.me\/pe6lTn-oms","_links":{"self":[{"href":"https:\/\/www.visit-ulcinj.com\/blog\/wp-json\/wp\/v2\/posts\/93648"}],"collection":[{"href":"https:\/\/www.visit-ulcinj.com\/blog\/wp-json\/wp\/v2\/posts"}],"about":[{"href":"https:\/\/www.visit-ulcinj.com\/blog\/wp-json\/wp\/v2\/types\/post"}],"author":[{"embeddable":true,"href":"https:\/\/www.visit-ulcinj.com\/blog\/wp-json\/wp\/v2\/users\/1"}],"replies":[{"embeddable":true,"href":"https:\/\/www.visit-ulcinj.com\/blog\/wp-json\/wp\/v2\/comments?post=93648"}],"version-history":[{"count":4,"href":"https:\/\/www.visit-ulcinj.com\/blog\/wp-json\/wp\/v2\/posts\/93648\/revisions"}],"predecessor-version":[{"id":93654,"href":"https:\/\/www.visit-ulcinj.com\/blog\/wp-json\/wp\/v2\/posts\/93648\/revisions\/93654"}],"wp:attachment":[{"href":"https:\/\/www.visit-ulcinj.com\/blog\/wp-json\/wp\/v2\/media?parent=93648"}],"wp:term":[{"taxonomy":"category","embeddable":true,"href":"https:\/\/www.visit-ulcinj.com\/blog\/wp-json\/wp\/v2\/categories?post=93648"},{"taxonomy":"post_tag","embeddable":true,"href":"https:\/\/www.visit-ulcinj.com\/blog\/wp-json\/wp\/v2\/tags?post=93648"}],"curies":[{"name":"wp","href":"https:\/\/api.w.org\/{rel}","templated":true}]}}