{"id":93658,"date":"2015-12-14T15:32:39","date_gmt":"2015-12-14T14:32:39","guid":{"rendered":"http:\/\/www.visit-ulcinj.com\/blog\/?p=93658"},"modified":"2015-12-14T15:32:39","modified_gmt":"2015-12-14T14:32:39","slug":"adzemovic-primedbe-deki-za-prekoracenje-utrosenih-sredstava","status":"publish","type":"post","link":"https:\/\/www.visit-ulcinj.com\/blog\/2015\/12\/14\/adzemovic-primedbe-deki-za-prekoracenje-utrosenih-sredstava\/","title":{"rendered":"Ad\u017eemovi\u0107: Primedbe \u0110eki za prekoracenje utrosenih sredstava"},"content":{"rendered":"<p style=\"text-align: center;\"><strong><a href=\"http:\/\/www.visit-ulcinj.com\/blog\/wp-content\/uploads\/2012\/01\/Valdet-Adzemovic.1.jpg\"><img loading=\"lazy\" class=\"alignleft wp-image-55618\" src=\"http:\/\/www.visit-ulcinj.com\/blog\/wp-content\/uploads\/2012\/01\/Valdet-Adzemovic.1.jpg\" alt=\"Valdet Adzemovic.1\" width=\"508\" height=\"337\" srcset=\"https:\/\/www.visit-ulcinj.com\/blog\/wp-content\/uploads\/2012\/01\/Valdet-Adzemovic.1.jpg 640w, https:\/\/www.visit-ulcinj.com\/blog\/wp-content\/uploads\/2012\/01\/Valdet-Adzemovic.1-300x199.jpg 300w\" sizes=\"(max-width: 508px) 100vw, 508px\" \/><\/a>Saopstenje za javnost<\/strong><\/p>\n<p>Povodom\u00a0izjava\u00a0u\u00a0stampi\u00a0funkcionera\u00a0lokalne\u00a0samouprave\u00a0opstine\u00a0Ulcinj,\u00a0Predsjednika\u00a0op\u0161tine\u00a0Fatmira\u00a0 Gjeke\u00a0i\u00a0Predsjednika\u00a0Skup\u0161tine\u00a0Fuada\u00a0Hadzbetija,\u00a0a\u00a0koje\u00a0se\u00a0odnose\u00a0na\u00a0prekoracenja\u00a0utrosenih\u00a0sredstava\u00a0 predvidjenih\u00a0budzetom\u00a0za\u00a02014\u00a0i\u00a02015\u00a0godinu,\u00a0kao I izjave Predsjednika Op\u0161tine Ulcinj o nadle\u017enosti Sekretara za bud\u017eet i finasije za pra\u0107enje i realizaciju bud\u017eeta upoznajem\u00a0javnost\u00a0o\u00a0sledecem:<\/p>\n<ol>\n<li>Predvidjena\u00a0 sredstva\u00a0 bud\u017eetom\u00a0 za\u00a0 2014\u00a0 godinu\u00a0 u\u00a0 stavci\u00a0 bud\u017eeta\u00a0 Kabineta\u00a0 Predsjednika\u00a0 Op\u0161tine\u00a0 Ulcinj\u00a0 su bila predvidjena u iznosu od 253.000 \u20ac, a utro\u0161eno je 372.000\u20ac \u0161to je utvrdjeno u usvojenom Bud\u017eetu za 2014. godinu kao I Zavr\u0161nom ra\u010dunu bud\u017eeta Op\u0161tine Ulcinj za 2014. godinu.<\/li>\n<li>Predvidjena\u00a0 sredstva\u00a0 bud\u017eeta\u00a0 za\u00a0 2015\u00a0 godinu\u00a0 kod\u00a0 stavke\u00a0 Kabineta\u00a0 Predsjednika\u00a0 Opstine\u00a0su takodje prekora\u010dena u iznosu preko 150.000\u00a0\u20ac.<\/li>\n<\/ol>\n<p>Na\u00a0osnovu\u00a0gore navedenih podataka da se zaklju\u010diti da je prekora\u010denje u Kabinetu Predsjednika za dvije godine preko 300.000 \u20ac. Obavje\u0161tavam\u00a0javnost\u00a0da\u00a0su\u00a0u\u00a0poziciji\u00a0kod\u00a0Kabineta\u00a0Predsjednika\u00a0Op\u0161tine\u00a0svi\u00a0ra\u010duni\u00a0u\u00a0navedenim\u00a0 iznosima\u00a0potpisani\u00a0li\u010dno\u00a0od\u00a0strane\u00a0predsjednika\u00a0opstine\u00a0Ulcinj\u00a0Fatmira\u00a0Gjeke.<\/p>\n<p>Takodje iz zakonskih i podzakonskih normi, koje predstavljaju imperativne norme koji smo svi du\u017eni da po\u0161tujemo, jasno proizilazi da je direktno odgovorno lice za izvr\u0161enje i pra\u0107enje realizacije Bud\u017eeta Op\u0161tine Ulcinj, kao i za zakonito kori\u0161\u0107enje bud\u017eetskih sredstava upravo institucija Predsjednika Op\u0161tine Ulcinj.<\/p>\n<p>Sada\u0161njem Predsjedniku Op\u0161tine, kao dugogodi\u0161njem Sekretaru za bud\u017eet i finansije, su naprijed navedene norme svakako morale biti poznate, pa je \u010dudno da se na njih ne poziva u svojoj izjavi, ve\u0107 da samo pau\u0161alno govori o odgovornosti Sekretara za bud\u017eet i finansije.<\/p>\n<p>Ne \u017eele\u0107i da vjerujem da Predsjednik Op\u0161tine izjave o nekakvoj odgovornosti za izvr\u0161enje Bud\u017eeta daje iz zle namjere,ve\u0107 da se samo radi o nedovoljnom poznavanju pravnih propisa koji ure\u0111uju oblast bud\u017eeta i javnih finansija jedinica lokalne samouprave, isti\u010dem da smo svi mi koji odlu\u010dujemo o kori\u0161\u0107enju bud\u017eetskih sredstava du\u017eni da po\u0161tujemo zakon i podzakonske propise, kako bi se ta sredstva namjenski koristila, zbog \u010dega ovim putem javno pozivam Predsjednika Op\u0161tine, da kao odgovorno lice za izvr\u0161enje bud\u017eeta na sajtu Op\u0161tine Ulcinj objavi detaljnu analizu utro\u0161enih bud\u017eetskih sredstava sa imenama svih lica kojim su vr\u0161ene uplate iz bud\u017eeta, iznosima uplate, odgovornim licima iz Op\u0161tine Ulcinj koja su odlu\u010divala o tim uplatama, procedurama koje su prethodile tim uplatama, jer se u kona\u010dnom radi o sredstvima gra\u0111ana koji imaju pravo da znaju kako i gdje se tro\u0161e njihova sredstva.<\/p>\n<p>Radi se o dobronamjernom pozivu jer smatram da \u0107e jedino na ovaj na\u010din-javnim objavljivanjem Predsjednik Op\u0161tine otkloniti svaku sumnju u nenamjensko tro\u0161enje bud\u017eetskih sredstava i prekora\u010denja stavki iz bud\u017eeta od strane Predsjednika.<\/p>\n<p>&nbsp;<\/p>\n<p>Valdet Ad\u017eemovi\u0107<\/p>\n<p>Sekretar za bud\u017eet I finansije , Op\u0161tina Ulcinj\u00a0\u00a0\u00a0\u00a0\u00a0\u00a0\u00a0\u00a0\u00a0\u00a0\u00a0\u00a0\u00a0\u00a0\u00a0\u00a0\u00a0\u00a0\u00a0\u00a0\u00a0\u00a0\u00a0\u00a0\u00a0\u00a0\u00a0\u00a0\u00a0\u00a0\u00a0\u00a0\u00a0\u00a0\u00a0\u00a0\u00a0\u00a0\u00a0\u00a0\u00a0\u00a0\u00a0\u00a0\u00a0\u00a0\u00a0\u00a0\u00a0\u00a0 U Ulcinju, 14.12.2015. godine<\/p>\n<p>&nbsp;<\/p>\n<p>&nbsp;<\/p>\n<p>U nastavku je dato sta zakon propisuje u odnosu na bud\u017eetska sredstva jedinice lokalne samouprave i koje norme smo svi mi koji odlu\u010dujemo o kori\u0161\u0107enju bud\u017eetskih sredstava du\u017eni da po\u0161tujemo.<\/p>\n<p>\u010clanom 40 stav 4 Zakona o bud\u017eetu i fiskalnoj odgovornosti (Sl.list CG br.20\/14 i 56\/14), kao op\u0161tem zakonu za oblast bud\u017eeta i javnih finansija, propisano je da \u201e<strong><span style=\"text-decoration: underline;\">za zakonito kori\u0161\u0107enje sredstava odobrenih potro\u0161a\u010dkoj jedinici odgovoran je bud\u017eetski izvr\u0161ilac\u201d.<\/span><\/strong><\/p>\n<p>\u010clanom 52 stav 1 i 2 Zakona o finansiranju lokalne samouprave(Sl.list RCG br.42\/03 i 44\/03, Sl.list CG br.5\/08,51\/08,74\/10 I 1\/15), kao lex specialis za oblast bud\u017eeta i finansija jedinica lokalne samouprave, propisano je da <strong><span style=\"text-decoration: underline;\">\u201cza izvr\u0161enje bud\u017eeta op\u0161tine odgovoran je predsjednik op\u0161tine, a da je za namjensko kori\u0161\u0107enje bud\u017eetskih sredstava odgovoran je bud\u017eetski izvr\u0161ilac\u201d.<\/span><\/strong><\/p>\n<p>Kona\u010dno Odlukom o Bud\u017eetu Op\u0161tine Ulcinj za 2014 godinu(Sl.list CG-op\u0161tinski propisi br.13\/14) i Odlukom o bud\u017eetu Op\u0161tine Ulcinj za 2015 godinu(Slist CG-op\u0161tinski propisi br.4\/15) u odredbama \u010dlana 3 porpisano je da <strong><span style=\"text-decoration: underline;\">\u201c<\/span><\/strong><strong><span style=\"text-decoration: underline;\">za izvr\u0161enje Bud\u017eeta u cjelini je odgovoran predsjednik Op\u0161tine Ulcinj, koji istovremeno vr\u0161i nadzor i naredbodavac je za izvr\u0161enje Bud\u017eeta\u201d<\/span><\/strong>, dok je odredbama \u010dlana 4 navedenih Odluka propisano da <strong><span style=\"text-decoration: underline;\">\u201cza zakonito kori\u0161\u0107enje sredstva koja se rasporedjuju Bud\u017eetom, odgovorne su starje\u0161ine potro\u0161a\u010dkih jedinica organa\u201d. <\/span><\/strong><\/p>\n<p>&nbsp;<\/p>\n<p>&nbsp;<\/p>\n","protected":false},"excerpt":{"rendered":"<p>Saopstenje za javnost Povodom\u00a0izjava\u00a0u\u00a0stampi\u00a0funkcionera\u00a0lokalne\u00a0samouprave\u00a0opstine\u00a0Ulcinj,\u00a0Predsjednika\u00a0op\u0161tine\u00a0Fatmira\u00a0 Gjeke\u00a0i\u00a0Predsjednika\u00a0Skup\u0161tine\u00a0Fuada\u00a0Hadzbetija,\u00a0a\u00a0koje\u00a0se\u00a0odnose\u00a0na\u00a0prekoracenja\u00a0utrosenih\u00a0sredstava\u00a0 predvidjenih\u00a0budzetom\u00a0za\u00a02014\u00a0i\u00a02015\u00a0godinu,\u00a0kao I izjave Predsjednika Op\u0161tine Ulcinj o nadle\u017enosti Sekretara za bud\u017eet i finasije za pra\u0107enje i realizaciju bud\u017eeta upoznajem\u00a0javnost\u00a0o\u00a0sledecem: Predvidjena\u00a0 sredstva\u00a0 bud\u017eetom\u00a0 za\u00a0 2014\u00a0 godinu\u00a0 u\u00a0 stavci\u00a0 bud\u017eeta\u00a0 Kabineta\u00a0 Predsjednika\u00a0 Op\u0161tine\u00a0 Ulcinj\u00a0 su bila predvidjena u iznosu od 253.000 \u20ac, a utro\u0161eno je 372.000\u20ac \u0161to je utvrdjeno u usvojenom Bud\u017eetu [&hellip;]<\/p>\n","protected":false},"author":1,"featured_media":0,"comment_status":"closed","ping_status":"closed","sticky":false,"template":"","format":"standard","meta":{"spay_email":"","jetpack_publicize_message":"","jetpack_is_tweetstorm":false,"jetpack_publicize_feature_enabled":true},"categories":[8337],"tags":[],"jetpack_publicize_connections":[],"yoast_head":"<!-- This site is optimized with the Yoast SEO plugin v19.1 - https:\/\/yoast.com\/wordpress\/plugins\/seo\/ -->\n<title>Ad\u017eemovi\u0107: Primedbe \u0110eki za prekoracenje utrosenih sredstava - Lajme nga Ulqini<\/title>\n<meta name=\"description\" content=\"Saopstenje za javnost Povodom\u00a0izjava\u00a0u\u00a0stampi\u00a0funkcionera\u00a0lokalne\u00a0samouprave\u00a0opstine\u00a0Ulcinj,\u00a0Predsjednika\u00a0op\u0161tine\u00a0Fatmira\u00a0\" \/>\n<meta name=\"robots\" content=\"index, follow, max-snippet:-1, max-image-preview:large, max-video-preview:-1\" \/>\n<link rel=\"canonical\" href=\"https:\/\/www.visit-ulcinj.com\/blog\/2015\/12\/14\/adzemovic-primedbe-deki-za-prekoracenje-utrosenih-sredstava\/\" \/>\n<meta property=\"og:locale\" content=\"en_US\" \/>\n<meta property=\"og:type\" content=\"article\" \/>\n<meta property=\"og:title\" content=\"Ad\u017eemovi\u0107: Primedbe \u0110eki za prekoracenje utrosenih sredstava - Lajme nga Ulqini\" \/>\n<meta property=\"og:description\" content=\"Saopstenje za javnost Povodom\u00a0izjava\u00a0u\u00a0stampi\u00a0funkcionera\u00a0lokalne\u00a0samouprave\u00a0opstine\u00a0Ulcinj,\u00a0Predsjednika\u00a0op\u0161tine\u00a0Fatmira\u00a0\" \/>\n<meta property=\"og:url\" content=\"https:\/\/www.visit-ulcinj.com\/blog\/2015\/12\/14\/adzemovic-primedbe-deki-za-prekoracenje-utrosenih-sredstava\/\" \/>\n<meta property=\"og:site_name\" content=\"Lajme nga Ulqini\" \/>\n<meta property=\"article:published_time\" content=\"2015-12-14T14:32:39+00:00\" \/>\n<meta property=\"og:image\" content=\"http:\/\/www.visit-ulcinj.com\/blog\/wp-content\/uploads\/2012\/01\/Valdet-Adzemovic.1.jpg\" \/>\n<meta name=\"twitter:label1\" content=\"Written by\" \/>\n\t<meta name=\"twitter:data1\" content=\"ulqini\" \/>\n\t<meta name=\"twitter:label2\" content=\"Est. reading time\" \/>\n\t<meta name=\"twitter:data2\" content=\"4 minutes\" \/>\n<script type=\"application\/ld+json\" class=\"yoast-schema-graph\">{\"@context\":\"https:\/\/schema.org\",\"@graph\":[{\"@type\":\"WebSite\",\"@id\":\"https:\/\/www.visit-ulcinj.com\/blog\/#website\",\"url\":\"https:\/\/www.visit-ulcinj.com\/blog\/\",\"name\":\"Lajme nga Ulqini\",\"description\":\"Lajme,Vijesti,Ulqini,Ulqin,Crna Gora,Mali i Zi\",\"potentialAction\":[{\"@type\":\"SearchAction\",\"target\":{\"@type\":\"EntryPoint\",\"urlTemplate\":\"https:\/\/www.visit-ulcinj.com\/blog\/?s={search_term_string}\"},\"query-input\":\"required name=search_term_string\"}],\"inLanguage\":\"en-US\"},{\"@type\":\"ImageObject\",\"inLanguage\":\"en-US\",\"@id\":\"https:\/\/www.visit-ulcinj.com\/blog\/2015\/12\/14\/adzemovic-primedbe-deki-za-prekoracenje-utrosenih-sredstava\/#primaryimage\",\"url\":\"https:\/\/www.visit-ulcinj.com\/blog\/wp-content\/uploads\/2012\/01\/Valdet-Adzemovic.1.jpg\",\"contentUrl\":\"https:\/\/www.visit-ulcinj.com\/blog\/wp-content\/uploads\/2012\/01\/Valdet-Adzemovic.1.jpg\",\"width\":\"640\",\"height\":\"425\"},{\"@type\":\"WebPage\",\"@id\":\"https:\/\/www.visit-ulcinj.com\/blog\/2015\/12\/14\/adzemovic-primedbe-deki-za-prekoracenje-utrosenih-sredstava\/#webpage\",\"url\":\"https:\/\/www.visit-ulcinj.com\/blog\/2015\/12\/14\/adzemovic-primedbe-deki-za-prekoracenje-utrosenih-sredstava\/\",\"name\":\"Ad\u017eemovi\u0107: Primedbe \u0110eki za prekoracenje utrosenih sredstava - Lajme nga Ulqini\",\"isPartOf\":{\"@id\":\"https:\/\/www.visit-ulcinj.com\/blog\/#website\"},\"primaryImageOfPage\":{\"@id\":\"https:\/\/www.visit-ulcinj.com\/blog\/2015\/12\/14\/adzemovic-primedbe-deki-za-prekoracenje-utrosenih-sredstava\/#primaryimage\"},\"datePublished\":\"2015-12-14T14:32:39+00:00\",\"dateModified\":\"2015-12-14T14:32:39+00:00\",\"author\":{\"@id\":\"https:\/\/www.visit-ulcinj.com\/blog\/#\/schema\/person\/dcab619c614d3038751c63bc2aadc06d\"},\"description\":\"Saopstenje za javnost Povodom\u00a0izjava\u00a0u\u00a0stampi\u00a0funkcionera\u00a0lokalne\u00a0samouprave\u00a0opstine\u00a0Ulcinj,\u00a0Predsjednika\u00a0op\u0161tine\u00a0Fatmira\u00a0\",\"breadcrumb\":{\"@id\":\"https:\/\/www.visit-ulcinj.com\/blog\/2015\/12\/14\/adzemovic-primedbe-deki-za-prekoracenje-utrosenih-sredstava\/#breadcrumb\"},\"inLanguage\":\"en-US\",\"potentialAction\":[{\"@type\":\"ReadAction\",\"target\":[\"https:\/\/www.visit-ulcinj.com\/blog\/2015\/12\/14\/adzemovic-primedbe-deki-za-prekoracenje-utrosenih-sredstava\/\"]}]},{\"@type\":\"BreadcrumbList\",\"@id\":\"https:\/\/www.visit-ulcinj.com\/blog\/2015\/12\/14\/adzemovic-primedbe-deki-za-prekoracenje-utrosenih-sredstava\/#breadcrumb\",\"itemListElement\":[{\"@type\":\"ListItem\",\"position\":1,\"name\":\"Ad\u017eemovi\u0107: Primedbe \u0110eki za prekoracenje utrosenih sredstava\"}]},{\"@type\":\"Person\",\"@id\":\"https:\/\/www.visit-ulcinj.com\/blog\/#\/schema\/person\/dcab619c614d3038751c63bc2aadc06d\",\"name\":\"ulqini\",\"sameAs\":[\"http:\/\/www.visit-ulcinj.com\"],\"url\":\"https:\/\/www.visit-ulcinj.com\/blog\/author\/admin\/\"}]}<\/script>\n<!-- \/ Yoast SEO plugin. -->","yoast_head_json":{"title":"Ad\u017eemovi\u0107: Primedbe \u0110eki za prekoracenje utrosenih sredstava - Lajme nga Ulqini","description":"Saopstenje za javnost Povodom\u00a0izjava\u00a0u\u00a0stampi\u00a0funkcionera\u00a0lokalne\u00a0samouprave\u00a0opstine\u00a0Ulcinj,\u00a0Predsjednika\u00a0op\u0161tine\u00a0Fatmira\u00a0","robots":{"index":"index","follow":"follow","max-snippet":"max-snippet:-1","max-image-preview":"max-image-preview:large","max-video-preview":"max-video-preview:-1"},"canonical":"https:\/\/www.visit-ulcinj.com\/blog\/2015\/12\/14\/adzemovic-primedbe-deki-za-prekoracenje-utrosenih-sredstava\/","og_locale":"en_US","og_type":"article","og_title":"Ad\u017eemovi\u0107: Primedbe \u0110eki za prekoracenje utrosenih sredstava - Lajme nga Ulqini","og_description":"Saopstenje za javnost Povodom\u00a0izjava\u00a0u\u00a0stampi\u00a0funkcionera\u00a0lokalne\u00a0samouprave\u00a0opstine\u00a0Ulcinj,\u00a0Predsjednika\u00a0op\u0161tine\u00a0Fatmira\u00a0","og_url":"https:\/\/www.visit-ulcinj.com\/blog\/2015\/12\/14\/adzemovic-primedbe-deki-za-prekoracenje-utrosenih-sredstava\/","og_site_name":"Lajme nga Ulqini","article_published_time":"2015-12-14T14:32:39+00:00","og_image":[{"url":"http:\/\/www.visit-ulcinj.com\/blog\/wp-content\/uploads\/2012\/01\/Valdet-Adzemovic.1.jpg"}],"twitter_misc":{"Written by":"ulqini","Est. reading time":"4 minutes"},"schema":{"@context":"https:\/\/schema.org","@graph":[{"@type":"WebSite","@id":"https:\/\/www.visit-ulcinj.com\/blog\/#website","url":"https:\/\/www.visit-ulcinj.com\/blog\/","name":"Lajme nga Ulqini","description":"Lajme,Vijesti,Ulqini,Ulqin,Crna Gora,Mali i Zi","potentialAction":[{"@type":"SearchAction","target":{"@type":"EntryPoint","urlTemplate":"https:\/\/www.visit-ulcinj.com\/blog\/?s={search_term_string}"},"query-input":"required name=search_term_string"}],"inLanguage":"en-US"},{"@type":"ImageObject","inLanguage":"en-US","@id":"https:\/\/www.visit-ulcinj.com\/blog\/2015\/12\/14\/adzemovic-primedbe-deki-za-prekoracenje-utrosenih-sredstava\/#primaryimage","url":"https:\/\/www.visit-ulcinj.com\/blog\/wp-content\/uploads\/2012\/01\/Valdet-Adzemovic.1.jpg","contentUrl":"https:\/\/www.visit-ulcinj.com\/blog\/wp-content\/uploads\/2012\/01\/Valdet-Adzemovic.1.jpg","width":"640","height":"425"},{"@type":"WebPage","@id":"https:\/\/www.visit-ulcinj.com\/blog\/2015\/12\/14\/adzemovic-primedbe-deki-za-prekoracenje-utrosenih-sredstava\/#webpage","url":"https:\/\/www.visit-ulcinj.com\/blog\/2015\/12\/14\/adzemovic-primedbe-deki-za-prekoracenje-utrosenih-sredstava\/","name":"Ad\u017eemovi\u0107: Primedbe \u0110eki za prekoracenje utrosenih sredstava - Lajme nga Ulqini","isPartOf":{"@id":"https:\/\/www.visit-ulcinj.com\/blog\/#website"},"primaryImageOfPage":{"@id":"https:\/\/www.visit-ulcinj.com\/blog\/2015\/12\/14\/adzemovic-primedbe-deki-za-prekoracenje-utrosenih-sredstava\/#primaryimage"},"datePublished":"2015-12-14T14:32:39+00:00","dateModified":"2015-12-14T14:32:39+00:00","author":{"@id":"https:\/\/www.visit-ulcinj.com\/blog\/#\/schema\/person\/dcab619c614d3038751c63bc2aadc06d"},"description":"Saopstenje za javnost Povodom\u00a0izjava\u00a0u\u00a0stampi\u00a0funkcionera\u00a0lokalne\u00a0samouprave\u00a0opstine\u00a0Ulcinj,\u00a0Predsjednika\u00a0op\u0161tine\u00a0Fatmira\u00a0","breadcrumb":{"@id":"https:\/\/www.visit-ulcinj.com\/blog\/2015\/12\/14\/adzemovic-primedbe-deki-za-prekoracenje-utrosenih-sredstava\/#breadcrumb"},"inLanguage":"en-US","potentialAction":[{"@type":"ReadAction","target":["https:\/\/www.visit-ulcinj.com\/blog\/2015\/12\/14\/adzemovic-primedbe-deki-za-prekoracenje-utrosenih-sredstava\/"]}]},{"@type":"BreadcrumbList","@id":"https:\/\/www.visit-ulcinj.com\/blog\/2015\/12\/14\/adzemovic-primedbe-deki-za-prekoracenje-utrosenih-sredstava\/#breadcrumb","itemListElement":[{"@type":"ListItem","position":1,"name":"Ad\u017eemovi\u0107: Primedbe \u0110eki za prekoracenje utrosenih sredstava"}]},{"@type":"Person","@id":"https:\/\/www.visit-ulcinj.com\/blog\/#\/schema\/person\/dcab619c614d3038751c63bc2aadc06d","name":"ulqini","sameAs":["http:\/\/www.visit-ulcinj.com"],"url":"https:\/\/www.visit-ulcinj.com\/blog\/author\/admin\/"}]}},"jetpack_featured_media_url":"","jetpack_sharing_enabled":true,"jetpack_shortlink":"https:\/\/wp.me\/pe6lTn-omC","_links":{"self":[{"href":"https:\/\/www.visit-ulcinj.com\/blog\/wp-json\/wp\/v2\/posts\/93658"}],"collection":[{"href":"https:\/\/www.visit-ulcinj.com\/blog\/wp-json\/wp\/v2\/posts"}],"about":[{"href":"https:\/\/www.visit-ulcinj.com\/blog\/wp-json\/wp\/v2\/types\/post"}],"author":[{"embeddable":true,"href":"https:\/\/www.visit-ulcinj.com\/blog\/wp-json\/wp\/v2\/users\/1"}],"replies":[{"embeddable":true,"href":"https:\/\/www.visit-ulcinj.com\/blog\/wp-json\/wp\/v2\/comments?post=93658"}],"version-history":[{"count":1,"href":"https:\/\/www.visit-ulcinj.com\/blog\/wp-json\/wp\/v2\/posts\/93658\/revisions"}],"predecessor-version":[{"id":93659,"href":"https:\/\/www.visit-ulcinj.com\/blog\/wp-json\/wp\/v2\/posts\/93658\/revisions\/93659"}],"wp:attachment":[{"href":"https:\/\/www.visit-ulcinj.com\/blog\/wp-json\/wp\/v2\/media?parent=93658"}],"wp:term":[{"taxonomy":"category","embeddable":true,"href":"https:\/\/www.visit-ulcinj.com\/blog\/wp-json\/wp\/v2\/categories?post=93658"},{"taxonomy":"post_tag","embeddable":true,"href":"https:\/\/www.visit-ulcinj.com\/blog\/wp-json\/wp\/v2\/tags?post=93658"}],"curies":[{"name":"wp","href":"https:\/\/api.w.org\/{rel}","templated":true}]}}