{"id":93664,"date":"2015-12-14T18:49:22","date_gmt":"2015-12-14T17:49:22","guid":{"rendered":"http:\/\/www.visit-ulcinj.com\/blog\/?p=93664"},"modified":"2015-12-14T18:49:22","modified_gmt":"2015-12-14T17:49:22","slug":"dritan-abazovic-poziv-za-nato-je-na-stetu-dps","status":"publish","type":"post","link":"https:\/\/www.visit-ulcinj.com\/blog\/2015\/12\/14\/dritan-abazovic-poziv-za-nato-je-na-stetu-dps\/","title":{"rendered":"Dritan Abazovi\u0107: Poziv za NATO je na \u0161tetu DPS-a"},"content":{"rendered":"<p><strong><span class=\"credits__author\"> <a href=\"http:\/\/www.visit-ulcinj.com\/blog\/wp-content\/uploads\/2015\/12\/Dritan-Abazoviq-.jpg\"><img loading=\"lazy\" class=\"alignleft wp-image-93665\" src=\"http:\/\/www.visit-ulcinj.com\/blog\/wp-content\/uploads\/2015\/12\/Dritan-Abazoviq-.jpg\" alt=\"Dritan-Abazoviq-\" width=\"508\" height=\"508\" srcset=\"https:\/\/www.visit-ulcinj.com\/blog\/wp-content\/uploads\/2015\/12\/Dritan-Abazoviq-.jpg 680w, https:\/\/www.visit-ulcinj.com\/blog\/wp-content\/uploads\/2015\/12\/Dritan-Abazoviq--150x150.jpg 150w, https:\/\/www.visit-ulcinj.com\/blog\/wp-content\/uploads\/2015\/12\/Dritan-Abazoviq--300x300.jpg 300w\" sizes=\"(max-width: 508px) 100vw, 508px\" \/><\/a>Autor: Darvin Muri\u0107 <\/span><\/strong><\/p>\n<p>Pozivnica za \u010dlanstvo u NATO pokrenu\u0107e proces demokratizacije koji \u0107e neminovno i\u0107i u korist gra\u0111ana Crne Gore, a na \u0161tetu vrha DPS-a i posljednjeg polu-autoritarnog re\u017eima u Evropi, ocijenio je potpredsjednik URA Dritan Abazovi\u0107.<\/p>\n<p>&#8220;Zvu\u010di pradoksalno ali je istinito, pozivnica polako ali sigurno ru\u0161i Mila \u0110ukanovi\u0107a. Dobijanjem pozivnice aktuelna vlast je rekla svoju posljednju rije\u010d pred me\u0111unarodnom zajednicom. Odigrala je i svoju posljednju kartu, odnosno kupila istu za put u opoziciju. Ukazano povjerenje 28 \u010dlanica sada treba opravdati, mora se u relativno kratkom periodu uraditi mnogo vi\u0161e na vladavini prava ali i u ostalim segmentima reforme dru\u0161tva&#8221;, rekao je Abazovi\u0107.<\/p>\n<p>On je kazao da se mogu o\u010dekivati nove afere i hap\u0161enja &#8220;krupnih riba&#8221;.<\/p>\n<p>&#8220;A svi znamo da su to ljudi iz vrha vlasti ili bliski partneri i finansijeri DPS-a. Na ovaj na\u010din pozivnica djeluje kao poziv na odstupanje, prije svega \u0110ukanovi\u0107a i njegove svite&#8221;, rekao je Abazovi\u0107.<\/p>\n<p>Abazovi\u0107 ka\u017ee da je iz diplomatskih kontakata lako shvatiti da je svima jasno da nema simpatija prema \u010dinjenici da dr\u017eava nije uspjela nikada promijeniti vlast na izborima, odnosno da je demokratski mehanizam zako\u010den i blokiran.<\/p>\n<p>&#8220;Zato \u0107e zahtjevi za slobodnim i fer izborima biti prioritet, ne samo zbog Crne Gore, ve\u0107 vi\u0161e zbog samog NATO-a. Legitimne odluke mogu donositi samo legitimne institucije, zato u DPS-u vlada prili\u010dna nervoza. Zbog toga je i muka \u0161to da radi sa zapo\u010detim dijalogom, kako progutati prisustvo EU i civilnog sektora&#8221;, kazao je on.<\/p>\n<p>Abazovi\u0107 je dodao da je sigurno da \u0107e vlast poku\u0161ati da &#8220;pliva&#8221; na talasu pozivnice i da \u0107e ponovnim izazivanjm podjela poku\u0161ati sebi da prigrabi kratkoro\u010dnu korist.<\/p>\n<p>&#8220;Mo\u017eda \u0107e djelimi\u010dno i uspjeti u tome, ali srednjoro\u010dno i dugoro\u010dno sa njihovim vladanjem je gotovo. \u017destoke kritike na ra\u010dun vlasti koje dolaze iz renomiranih svjetskih medija jasno svjedo\u010de da se klupko odmotava. De\u0161avanja iz Hrvatske, odnosno Albanije, nakon pristupanja Alijansi ne\u0107e zaobi\u0107i ni Crnu Goru. Tamo\u0161nji su premijeri po dobijanju poziva u \u010dlanstvo oti\u0161li u politi\u010dku penziju. Tako ne\u0161to slijedi i kod nas, u to nema sumnje&#8221;, zaklju\u010dio je Abazovi\u0107.<\/p>\n<p><strong>Izvor: Vijesti Online<\/strong><\/p>\n","protected":false},"excerpt":{"rendered":"<p>Autor: Darvin Muri\u0107 Pozivnica za \u010dlanstvo u NATO pokrenu\u0107e proces demokratizacije koji \u0107e neminovno i\u0107i u korist gra\u0111ana Crne Gore, a na \u0161tetu vrha DPS-a i posljednjeg polu-autoritarnog re\u017eima u Evropi, ocijenio je potpredsjednik URA Dritan Abazovi\u0107. &#8220;Zvu\u010di pradoksalno ali je istinito, pozivnica polako ali sigurno ru\u0161i Mila \u0110ukanovi\u0107a. Dobijanjem pozivnice aktuelna vlast je rekla [&hellip;]<\/p>\n","protected":false},"author":1,"featured_media":0,"comment_status":"closed","ping_status":"closed","sticky":false,"template":"","format":"standard","meta":{"spay_email":"","jetpack_publicize_message":"","jetpack_is_tweetstorm":false,"jetpack_publicize_feature_enabled":true},"categories":[6950],"tags":[],"jetpack_publicize_connections":[],"yoast_head":"<!-- This site is optimized with the Yoast SEO plugin v19.1 - https:\/\/yoast.com\/wordpress\/plugins\/seo\/ -->\n<title>Dritan Abazovi\u0107: Poziv za NATO je na \u0161tetu DPS-a - Lajme nga Ulqini<\/title>\n<meta name=\"description\" content=\"Autor: Darvin Muri\u0107 Pozivnica za \u010dlanstvo u NATO pokrenu\u0107e proces demokratizacije koji \u0107e neminovno i\u0107i u korist gra\u0111ana Crne Gore, a na \u0161tetu vrha DPS-a\" \/>\n<meta name=\"robots\" content=\"index, follow, max-snippet:-1, max-image-preview:large, max-video-preview:-1\" \/>\n<link rel=\"canonical\" href=\"https:\/\/www.visit-ulcinj.com\/blog\/2015\/12\/14\/dritan-abazovic-poziv-za-nato-je-na-stetu-dps\/\" \/>\n<meta property=\"og:locale\" content=\"en_US\" \/>\n<meta property=\"og:type\" content=\"article\" \/>\n<meta property=\"og:title\" content=\"Dritan Abazovi\u0107: Poziv za NATO je na \u0161tetu DPS-a - Lajme nga Ulqini\" \/>\n<meta property=\"og:description\" content=\"Autor: Darvin Muri\u0107 Pozivnica za \u010dlanstvo u NATO pokrenu\u0107e proces demokratizacije koji \u0107e neminovno i\u0107i u korist gra\u0111ana Crne Gore, a na \u0161tetu vrha DPS-a\" \/>\n<meta property=\"og:url\" content=\"https:\/\/www.visit-ulcinj.com\/blog\/2015\/12\/14\/dritan-abazovic-poziv-za-nato-je-na-stetu-dps\/\" \/>\n<meta property=\"og:site_name\" content=\"Lajme nga Ulqini\" \/>\n<meta property=\"article:published_time\" content=\"2015-12-14T17:49:22+00:00\" \/>\n<meta property=\"og:image\" content=\"http:\/\/www.visit-ulcinj.com\/blog\/wp-content\/uploads\/2015\/12\/Dritan-Abazoviq-.jpg\" \/>\n<meta name=\"twitter:label1\" content=\"Written by\" \/>\n\t<meta name=\"twitter:data1\" content=\"ulqini\" \/>\n\t<meta name=\"twitter:label2\" content=\"Est. reading time\" \/>\n\t<meta name=\"twitter:data2\" content=\"2 minutes\" \/>\n<script type=\"application\/ld+json\" class=\"yoast-schema-graph\">{\"@context\":\"https:\/\/schema.org\",\"@graph\":[{\"@type\":\"WebSite\",\"@id\":\"https:\/\/www.visit-ulcinj.com\/blog\/#website\",\"url\":\"https:\/\/www.visit-ulcinj.com\/blog\/\",\"name\":\"Lajme nga Ulqini\",\"description\":\"Lajme,Vijesti,Ulqini,Ulqin,Crna Gora,Mali i Zi\",\"potentialAction\":[{\"@type\":\"SearchAction\",\"target\":{\"@type\":\"EntryPoint\",\"urlTemplate\":\"https:\/\/www.visit-ulcinj.com\/blog\/?s={search_term_string}\"},\"query-input\":\"required name=search_term_string\"}],\"inLanguage\":\"en-US\"},{\"@type\":\"ImageObject\",\"inLanguage\":\"en-US\",\"@id\":\"https:\/\/www.visit-ulcinj.com\/blog\/2015\/12\/14\/dritan-abazovic-poziv-za-nato-je-na-stetu-dps\/#primaryimage\",\"url\":\"https:\/\/www.visit-ulcinj.com\/blog\/wp-content\/uploads\/2015\/12\/Dritan-Abazoviq-.jpg\",\"contentUrl\":\"https:\/\/www.visit-ulcinj.com\/blog\/wp-content\/uploads\/2015\/12\/Dritan-Abazoviq-.jpg\",\"width\":680,\"height\":680},{\"@type\":\"WebPage\",\"@id\":\"https:\/\/www.visit-ulcinj.com\/blog\/2015\/12\/14\/dritan-abazovic-poziv-za-nato-je-na-stetu-dps\/#webpage\",\"url\":\"https:\/\/www.visit-ulcinj.com\/blog\/2015\/12\/14\/dritan-abazovic-poziv-za-nato-je-na-stetu-dps\/\",\"name\":\"Dritan Abazovi\u0107: Poziv za NATO je na \u0161tetu DPS-a - Lajme nga Ulqini\",\"isPartOf\":{\"@id\":\"https:\/\/www.visit-ulcinj.com\/blog\/#website\"},\"primaryImageOfPage\":{\"@id\":\"https:\/\/www.visit-ulcinj.com\/blog\/2015\/12\/14\/dritan-abazovic-poziv-za-nato-je-na-stetu-dps\/#primaryimage\"},\"datePublished\":\"2015-12-14T17:49:22+00:00\",\"dateModified\":\"2015-12-14T17:49:22+00:00\",\"author\":{\"@id\":\"https:\/\/www.visit-ulcinj.com\/blog\/#\/schema\/person\/dcab619c614d3038751c63bc2aadc06d\"},\"description\":\"Autor: Darvin Muri\u0107 Pozivnica za \u010dlanstvo u NATO pokrenu\u0107e proces demokratizacije koji \u0107e neminovno i\u0107i u korist gra\u0111ana Crne Gore, a na \u0161tetu vrha DPS-a\",\"breadcrumb\":{\"@id\":\"https:\/\/www.visit-ulcinj.com\/blog\/2015\/12\/14\/dritan-abazovic-poziv-za-nato-je-na-stetu-dps\/#breadcrumb\"},\"inLanguage\":\"en-US\",\"potentialAction\":[{\"@type\":\"ReadAction\",\"target\":[\"https:\/\/www.visit-ulcinj.com\/blog\/2015\/12\/14\/dritan-abazovic-poziv-za-nato-je-na-stetu-dps\/\"]}]},{\"@type\":\"BreadcrumbList\",\"@id\":\"https:\/\/www.visit-ulcinj.com\/blog\/2015\/12\/14\/dritan-abazovic-poziv-za-nato-je-na-stetu-dps\/#breadcrumb\",\"itemListElement\":[{\"@type\":\"ListItem\",\"position\":1,\"name\":\"Dritan Abazovi\u0107: Poziv za NATO je na \u0161tetu DPS-a\"}]},{\"@type\":\"Person\",\"@id\":\"https:\/\/www.visit-ulcinj.com\/blog\/#\/schema\/person\/dcab619c614d3038751c63bc2aadc06d\",\"name\":\"ulqini\",\"sameAs\":[\"http:\/\/www.visit-ulcinj.com\"],\"url\":\"https:\/\/www.visit-ulcinj.com\/blog\/author\/admin\/\"}]}<\/script>\n<!-- \/ Yoast SEO plugin. -->","yoast_head_json":{"title":"Dritan Abazovi\u0107: Poziv za NATO je na \u0161tetu DPS-a - Lajme nga Ulqini","description":"Autor: Darvin Muri\u0107 Pozivnica za \u010dlanstvo u NATO pokrenu\u0107e proces demokratizacije koji \u0107e neminovno i\u0107i u korist gra\u0111ana Crne Gore, a na \u0161tetu vrha DPS-a","robots":{"index":"index","follow":"follow","max-snippet":"max-snippet:-1","max-image-preview":"max-image-preview:large","max-video-preview":"max-video-preview:-1"},"canonical":"https:\/\/www.visit-ulcinj.com\/blog\/2015\/12\/14\/dritan-abazovic-poziv-za-nato-je-na-stetu-dps\/","og_locale":"en_US","og_type":"article","og_title":"Dritan Abazovi\u0107: Poziv za NATO je na \u0161tetu DPS-a - Lajme nga Ulqini","og_description":"Autor: Darvin Muri\u0107 Pozivnica za \u010dlanstvo u NATO pokrenu\u0107e proces demokratizacije koji \u0107e neminovno i\u0107i u korist gra\u0111ana Crne Gore, a na \u0161tetu vrha DPS-a","og_url":"https:\/\/www.visit-ulcinj.com\/blog\/2015\/12\/14\/dritan-abazovic-poziv-za-nato-je-na-stetu-dps\/","og_site_name":"Lajme nga Ulqini","article_published_time":"2015-12-14T17:49:22+00:00","og_image":[{"url":"http:\/\/www.visit-ulcinj.com\/blog\/wp-content\/uploads\/2015\/12\/Dritan-Abazoviq-.jpg"}],"twitter_misc":{"Written by":"ulqini","Est. reading time":"2 minutes"},"schema":{"@context":"https:\/\/schema.org","@graph":[{"@type":"WebSite","@id":"https:\/\/www.visit-ulcinj.com\/blog\/#website","url":"https:\/\/www.visit-ulcinj.com\/blog\/","name":"Lajme nga Ulqini","description":"Lajme,Vijesti,Ulqini,Ulqin,Crna Gora,Mali i Zi","potentialAction":[{"@type":"SearchAction","target":{"@type":"EntryPoint","urlTemplate":"https:\/\/www.visit-ulcinj.com\/blog\/?s={search_term_string}"},"query-input":"required name=search_term_string"}],"inLanguage":"en-US"},{"@type":"ImageObject","inLanguage":"en-US","@id":"https:\/\/www.visit-ulcinj.com\/blog\/2015\/12\/14\/dritan-abazovic-poziv-za-nato-je-na-stetu-dps\/#primaryimage","url":"https:\/\/www.visit-ulcinj.com\/blog\/wp-content\/uploads\/2015\/12\/Dritan-Abazoviq-.jpg","contentUrl":"https:\/\/www.visit-ulcinj.com\/blog\/wp-content\/uploads\/2015\/12\/Dritan-Abazoviq-.jpg","width":680,"height":680},{"@type":"WebPage","@id":"https:\/\/www.visit-ulcinj.com\/blog\/2015\/12\/14\/dritan-abazovic-poziv-za-nato-je-na-stetu-dps\/#webpage","url":"https:\/\/www.visit-ulcinj.com\/blog\/2015\/12\/14\/dritan-abazovic-poziv-za-nato-je-na-stetu-dps\/","name":"Dritan Abazovi\u0107: Poziv za NATO je na \u0161tetu DPS-a - Lajme nga Ulqini","isPartOf":{"@id":"https:\/\/www.visit-ulcinj.com\/blog\/#website"},"primaryImageOfPage":{"@id":"https:\/\/www.visit-ulcinj.com\/blog\/2015\/12\/14\/dritan-abazovic-poziv-za-nato-je-na-stetu-dps\/#primaryimage"},"datePublished":"2015-12-14T17:49:22+00:00","dateModified":"2015-12-14T17:49:22+00:00","author":{"@id":"https:\/\/www.visit-ulcinj.com\/blog\/#\/schema\/person\/dcab619c614d3038751c63bc2aadc06d"},"description":"Autor: Darvin Muri\u0107 Pozivnica za \u010dlanstvo u NATO pokrenu\u0107e proces demokratizacije koji \u0107e neminovno i\u0107i u korist gra\u0111ana Crne Gore, a na \u0161tetu vrha DPS-a","breadcrumb":{"@id":"https:\/\/www.visit-ulcinj.com\/blog\/2015\/12\/14\/dritan-abazovic-poziv-za-nato-je-na-stetu-dps\/#breadcrumb"},"inLanguage":"en-US","potentialAction":[{"@type":"ReadAction","target":["https:\/\/www.visit-ulcinj.com\/blog\/2015\/12\/14\/dritan-abazovic-poziv-za-nato-je-na-stetu-dps\/"]}]},{"@type":"BreadcrumbList","@id":"https:\/\/www.visit-ulcinj.com\/blog\/2015\/12\/14\/dritan-abazovic-poziv-za-nato-je-na-stetu-dps\/#breadcrumb","itemListElement":[{"@type":"ListItem","position":1,"name":"Dritan Abazovi\u0107: Poziv za NATO je na \u0161tetu DPS-a"}]},{"@type":"Person","@id":"https:\/\/www.visit-ulcinj.com\/blog\/#\/schema\/person\/dcab619c614d3038751c63bc2aadc06d","name":"ulqini","sameAs":["http:\/\/www.visit-ulcinj.com"],"url":"https:\/\/www.visit-ulcinj.com\/blog\/author\/admin\/"}]}},"jetpack_featured_media_url":"","jetpack_sharing_enabled":true,"jetpack_shortlink":"https:\/\/wp.me\/pe6lTn-omI","_links":{"self":[{"href":"https:\/\/www.visit-ulcinj.com\/blog\/wp-json\/wp\/v2\/posts\/93664"}],"collection":[{"href":"https:\/\/www.visit-ulcinj.com\/blog\/wp-json\/wp\/v2\/posts"}],"about":[{"href":"https:\/\/www.visit-ulcinj.com\/blog\/wp-json\/wp\/v2\/types\/post"}],"author":[{"embeddable":true,"href":"https:\/\/www.visit-ulcinj.com\/blog\/wp-json\/wp\/v2\/users\/1"}],"replies":[{"embeddable":true,"href":"https:\/\/www.visit-ulcinj.com\/blog\/wp-json\/wp\/v2\/comments?post=93664"}],"version-history":[{"count":1,"href":"https:\/\/www.visit-ulcinj.com\/blog\/wp-json\/wp\/v2\/posts\/93664\/revisions"}],"predecessor-version":[{"id":93666,"href":"https:\/\/www.visit-ulcinj.com\/blog\/wp-json\/wp\/v2\/posts\/93664\/revisions\/93666"}],"wp:attachment":[{"href":"https:\/\/www.visit-ulcinj.com\/blog\/wp-json\/wp\/v2\/media?parent=93664"}],"wp:term":[{"taxonomy":"category","embeddable":true,"href":"https:\/\/www.visit-ulcinj.com\/blog\/wp-json\/wp\/v2\/categories?post=93664"},{"taxonomy":"post_tag","embeddable":true,"href":"https:\/\/www.visit-ulcinj.com\/blog\/wp-json\/wp\/v2\/tags?post=93664"}],"curies":[{"name":"wp","href":"https:\/\/api.w.org\/{rel}","templated":true}]}}