{"id":93667,"date":"2015-12-15T13:05:38","date_gmt":"2015-12-15T12:05:38","guid":{"rendered":"http:\/\/www.visit-ulcinj.com\/blog\/?p=93667"},"modified":"2015-12-15T13:05:38","modified_gmt":"2015-12-15T12:05:38","slug":"ulcinj-dps-nastavlja-dijalog-o-formiranju-vlasti","status":"publish","type":"post","link":"https:\/\/www.visit-ulcinj.com\/blog\/2015\/12\/15\/ulcinj-dps-nastavlja-dijalog-o-formiranju-vlasti\/","title":{"rendered":"Ulcinj: DPS nastavlja dijalog o formiranju vlasti"},"content":{"rendered":"<p><a href=\"http:\/\/www.visit-ulcinj.com\/blog\/wp-content\/uploads\/2012\/11\/dps-crna-gora.jpg\"><img loading=\"lazy\" class=\"alignleft wp-image-65318\" src=\"http:\/\/www.visit-ulcinj.com\/blog\/wp-content\/uploads\/2012\/11\/dps-crna-gora.jpg\" alt=\"dps-crna-gora\" width=\"508\" height=\"299\" srcset=\"https:\/\/www.visit-ulcinj.com\/blog\/wp-content\/uploads\/2012\/11\/dps-crna-gora.jpg 490w, https:\/\/www.visit-ulcinj.com\/blog\/wp-content\/uploads\/2012\/11\/dps-crna-gora-300x176.jpg 300w\" sizes=\"(max-width: 508px) 100vw, 508px\" \/><\/a>Demokratska partija socijalista (DPS) opredijeljena je za nastavak dijaloga u cilju stvaranja pretpostavki za naj\u0161iru mogu\u0107u koalicionu ve\u0107inu u Ulcinju, koja \u0107e obezbijediti ostvarivanje interesa gra\u0111ana i nastavak saradnje za realizaciju strate\u0161kih dr\u017eavnih ciljeva.<\/p>\n<p>Navodi se da je osnovni pristup DPS bio objedinjavanje svih politi\u010dkih snaga u Ulcinju sa kojima ta partija ima razvijene politi\u010dke odnose i na dr\u017eavnom nivou, kako bi se uspostavila funkcionalna lokalna vlast u interesu Ulcinja i svih njegovih gra\u0111ana.<\/p>\n<p>DPS se, kako su saop\u0161tili, u pregovoima nije rukovodila ponudama za najodgovornije funkcije u lokalnoj vlasti, ve\u0107 isklju\u010divo principima uspostavljanja politi\u010dkog povjerenja i partnerstva u cilju prevazila\u017eenja aktuelne politi\u010dke krize u Ulcinju.<\/p>\n<p>Predsjedni\u0161tvo je konstatovalo da se u ovom trenutku nije mogla obezbijediti saglasnost ostalih u\u010desnika razgovora na tim principima.<\/p>\n<p>&#8220;Predsjedni\u0161tvo je, umjesto odluke o ulasku u lokalnu vlast sa jednim od partnera, podr\u017ealo opredjeljenje za nastavak dijaloga u cilju stvaranja pretpostvki za naj\u0161iru mogu\u0107u koalicionu ve\u0107inu, koja \u0107e obezbijediti ostvarivanje interesa gra\u0111ana Ulcinja, kao i nastavak saradnje na planu realizacije strate\u0161kih dr\u017eavnih ciljeva&#8221;, navodi se u saop\u0161tenju.<\/p>\n<p>Predsjedni\u0161tvo je odredilo i koodrinatore za rad op\u0161tinskih partijskih organizacija DPS, a je podr\u017ean prijedlog politi\u010dkog direktora za sastav novog Izvr\u0161nog odbora.<\/p>\n<p><strong>Izvor: RTCG<\/strong><\/p>\n","protected":false},"excerpt":{"rendered":"<p>Demokratska partija socijalista (DPS) opredijeljena je za nastavak dijaloga u cilju stvaranja pretpostavki za naj\u0161iru mogu\u0107u koalicionu ve\u0107inu u Ulcinju, koja \u0107e obezbijediti ostvarivanje interesa gra\u0111ana i nastavak saradnje za realizaciju strate\u0161kih dr\u017eavnih ciljeva. Navodi se da je osnovni pristup DPS bio objedinjavanje svih politi\u010dkih snaga u Ulcinju sa kojima ta partija ima razvijene politi\u010dke [&hellip;]<\/p>\n","protected":false},"author":1,"featured_media":0,"comment_status":"closed","ping_status":"closed","sticky":false,"template":"","format":"standard","meta":{"spay_email":"","jetpack_publicize_message":"","jetpack_is_tweetstorm":false,"jetpack_publicize_feature_enabled":true},"categories":[6950],"tags":[],"jetpack_publicize_connections":[],"yoast_head":"<!-- This site is optimized with the Yoast SEO plugin v19.1 - https:\/\/yoast.com\/wordpress\/plugins\/seo\/ -->\n<title>Ulcinj: DPS nastavlja dijalog o formiranju vlasti - Lajme nga Ulqini<\/title>\n<meta name=\"description\" content=\"Demokratska partija socijalista (DPS) opredijeljena je za nastavak dijaloga u cilju stvaranja pretpostavki za naj\u0161iru mogu\u0107u koalicionu ve\u0107inu u Ulcinju,\" \/>\n<meta name=\"robots\" content=\"index, follow, max-snippet:-1, max-image-preview:large, max-video-preview:-1\" \/>\n<link rel=\"canonical\" href=\"https:\/\/www.visit-ulcinj.com\/blog\/2015\/12\/15\/ulcinj-dps-nastavlja-dijalog-o-formiranju-vlasti\/\" \/>\n<meta property=\"og:locale\" content=\"en_US\" \/>\n<meta property=\"og:type\" content=\"article\" \/>\n<meta property=\"og:title\" content=\"Ulcinj: DPS nastavlja dijalog o formiranju vlasti - Lajme nga Ulqini\" \/>\n<meta property=\"og:description\" content=\"Demokratska partija socijalista (DPS) opredijeljena je za nastavak dijaloga u cilju stvaranja pretpostavki za naj\u0161iru mogu\u0107u koalicionu ve\u0107inu u Ulcinju,\" \/>\n<meta property=\"og:url\" content=\"https:\/\/www.visit-ulcinj.com\/blog\/2015\/12\/15\/ulcinj-dps-nastavlja-dijalog-o-formiranju-vlasti\/\" \/>\n<meta property=\"og:site_name\" content=\"Lajme nga Ulqini\" \/>\n<meta property=\"article:published_time\" content=\"2015-12-15T12:05:38+00:00\" \/>\n<meta property=\"og:image\" content=\"http:\/\/www.visit-ulcinj.com\/blog\/wp-content\/uploads\/2012\/11\/dps-crna-gora.jpg\" \/>\n<meta name=\"twitter:label1\" content=\"Written by\" \/>\n\t<meta name=\"twitter:data1\" content=\"ulqini\" \/>\n\t<meta name=\"twitter:label2\" content=\"Est. reading time\" \/>\n\t<meta name=\"twitter:data2\" content=\"1 minute\" \/>\n<script type=\"application\/ld+json\" class=\"yoast-schema-graph\">{\"@context\":\"https:\/\/schema.org\",\"@graph\":[{\"@type\":\"WebSite\",\"@id\":\"https:\/\/www.visit-ulcinj.com\/blog\/#website\",\"url\":\"https:\/\/www.visit-ulcinj.com\/blog\/\",\"name\":\"Lajme nga Ulqini\",\"description\":\"Lajme,Vijesti,Ulqini,Ulqin,Crna Gora,Mali i Zi\",\"potentialAction\":[{\"@type\":\"SearchAction\",\"target\":{\"@type\":\"EntryPoint\",\"urlTemplate\":\"https:\/\/www.visit-ulcinj.com\/blog\/?s={search_term_string}\"},\"query-input\":\"required name=search_term_string\"}],\"inLanguage\":\"en-US\"},{\"@type\":\"ImageObject\",\"inLanguage\":\"en-US\",\"@id\":\"https:\/\/www.visit-ulcinj.com\/blog\/2015\/12\/15\/ulcinj-dps-nastavlja-dijalog-o-formiranju-vlasti\/#primaryimage\",\"url\":\"https:\/\/www.visit-ulcinj.com\/blog\/wp-content\/uploads\/2012\/11\/dps-crna-gora.jpg\",\"contentUrl\":\"https:\/\/www.visit-ulcinj.com\/blog\/wp-content\/uploads\/2012\/11\/dps-crna-gora.jpg\",\"width\":\"490\",\"height\":\"288\"},{\"@type\":\"WebPage\",\"@id\":\"https:\/\/www.visit-ulcinj.com\/blog\/2015\/12\/15\/ulcinj-dps-nastavlja-dijalog-o-formiranju-vlasti\/#webpage\",\"url\":\"https:\/\/www.visit-ulcinj.com\/blog\/2015\/12\/15\/ulcinj-dps-nastavlja-dijalog-o-formiranju-vlasti\/\",\"name\":\"Ulcinj: DPS nastavlja dijalog o formiranju vlasti - Lajme nga Ulqini\",\"isPartOf\":{\"@id\":\"https:\/\/www.visit-ulcinj.com\/blog\/#website\"},\"primaryImageOfPage\":{\"@id\":\"https:\/\/www.visit-ulcinj.com\/blog\/2015\/12\/15\/ulcinj-dps-nastavlja-dijalog-o-formiranju-vlasti\/#primaryimage\"},\"datePublished\":\"2015-12-15T12:05:38+00:00\",\"dateModified\":\"2015-12-15T12:05:38+00:00\",\"author\":{\"@id\":\"https:\/\/www.visit-ulcinj.com\/blog\/#\/schema\/person\/dcab619c614d3038751c63bc2aadc06d\"},\"description\":\"Demokratska partija socijalista (DPS) opredijeljena je za nastavak dijaloga u cilju stvaranja pretpostavki za naj\u0161iru mogu\u0107u koalicionu ve\u0107inu u Ulcinju,\",\"breadcrumb\":{\"@id\":\"https:\/\/www.visit-ulcinj.com\/blog\/2015\/12\/15\/ulcinj-dps-nastavlja-dijalog-o-formiranju-vlasti\/#breadcrumb\"},\"inLanguage\":\"en-US\",\"potentialAction\":[{\"@type\":\"ReadAction\",\"target\":[\"https:\/\/www.visit-ulcinj.com\/blog\/2015\/12\/15\/ulcinj-dps-nastavlja-dijalog-o-formiranju-vlasti\/\"]}]},{\"@type\":\"BreadcrumbList\",\"@id\":\"https:\/\/www.visit-ulcinj.com\/blog\/2015\/12\/15\/ulcinj-dps-nastavlja-dijalog-o-formiranju-vlasti\/#breadcrumb\",\"itemListElement\":[{\"@type\":\"ListItem\",\"position\":1,\"name\":\"Ulcinj: DPS nastavlja dijalog o formiranju vlasti\"}]},{\"@type\":\"Person\",\"@id\":\"https:\/\/www.visit-ulcinj.com\/blog\/#\/schema\/person\/dcab619c614d3038751c63bc2aadc06d\",\"name\":\"ulqini\",\"sameAs\":[\"http:\/\/www.visit-ulcinj.com\"],\"url\":\"https:\/\/www.visit-ulcinj.com\/blog\/author\/admin\/\"}]}<\/script>\n<!-- \/ Yoast SEO plugin. -->","yoast_head_json":{"title":"Ulcinj: DPS nastavlja dijalog o formiranju vlasti - Lajme nga Ulqini","description":"Demokratska partija socijalista (DPS) opredijeljena je za nastavak dijaloga u cilju stvaranja pretpostavki za naj\u0161iru mogu\u0107u koalicionu ve\u0107inu u Ulcinju,","robots":{"index":"index","follow":"follow","max-snippet":"max-snippet:-1","max-image-preview":"max-image-preview:large","max-video-preview":"max-video-preview:-1"},"canonical":"https:\/\/www.visit-ulcinj.com\/blog\/2015\/12\/15\/ulcinj-dps-nastavlja-dijalog-o-formiranju-vlasti\/","og_locale":"en_US","og_type":"article","og_title":"Ulcinj: DPS nastavlja dijalog o formiranju vlasti - Lajme nga Ulqini","og_description":"Demokratska partija socijalista (DPS) opredijeljena je za nastavak dijaloga u cilju stvaranja pretpostavki za naj\u0161iru mogu\u0107u koalicionu ve\u0107inu u Ulcinju,","og_url":"https:\/\/www.visit-ulcinj.com\/blog\/2015\/12\/15\/ulcinj-dps-nastavlja-dijalog-o-formiranju-vlasti\/","og_site_name":"Lajme nga Ulqini","article_published_time":"2015-12-15T12:05:38+00:00","og_image":[{"url":"http:\/\/www.visit-ulcinj.com\/blog\/wp-content\/uploads\/2012\/11\/dps-crna-gora.jpg"}],"twitter_misc":{"Written by":"ulqini","Est. reading time":"1 minute"},"schema":{"@context":"https:\/\/schema.org","@graph":[{"@type":"WebSite","@id":"https:\/\/www.visit-ulcinj.com\/blog\/#website","url":"https:\/\/www.visit-ulcinj.com\/blog\/","name":"Lajme nga Ulqini","description":"Lajme,Vijesti,Ulqini,Ulqin,Crna Gora,Mali i Zi","potentialAction":[{"@type":"SearchAction","target":{"@type":"EntryPoint","urlTemplate":"https:\/\/www.visit-ulcinj.com\/blog\/?s={search_term_string}"},"query-input":"required name=search_term_string"}],"inLanguage":"en-US"},{"@type":"ImageObject","inLanguage":"en-US","@id":"https:\/\/www.visit-ulcinj.com\/blog\/2015\/12\/15\/ulcinj-dps-nastavlja-dijalog-o-formiranju-vlasti\/#primaryimage","url":"https:\/\/www.visit-ulcinj.com\/blog\/wp-content\/uploads\/2012\/11\/dps-crna-gora.jpg","contentUrl":"https:\/\/www.visit-ulcinj.com\/blog\/wp-content\/uploads\/2012\/11\/dps-crna-gora.jpg","width":"490","height":"288"},{"@type":"WebPage","@id":"https:\/\/www.visit-ulcinj.com\/blog\/2015\/12\/15\/ulcinj-dps-nastavlja-dijalog-o-formiranju-vlasti\/#webpage","url":"https:\/\/www.visit-ulcinj.com\/blog\/2015\/12\/15\/ulcinj-dps-nastavlja-dijalog-o-formiranju-vlasti\/","name":"Ulcinj: DPS nastavlja dijalog o formiranju vlasti - Lajme nga Ulqini","isPartOf":{"@id":"https:\/\/www.visit-ulcinj.com\/blog\/#website"},"primaryImageOfPage":{"@id":"https:\/\/www.visit-ulcinj.com\/blog\/2015\/12\/15\/ulcinj-dps-nastavlja-dijalog-o-formiranju-vlasti\/#primaryimage"},"datePublished":"2015-12-15T12:05:38+00:00","dateModified":"2015-12-15T12:05:38+00:00","author":{"@id":"https:\/\/www.visit-ulcinj.com\/blog\/#\/schema\/person\/dcab619c614d3038751c63bc2aadc06d"},"description":"Demokratska partija socijalista (DPS) opredijeljena je za nastavak dijaloga u cilju stvaranja pretpostavki za naj\u0161iru mogu\u0107u koalicionu ve\u0107inu u Ulcinju,","breadcrumb":{"@id":"https:\/\/www.visit-ulcinj.com\/blog\/2015\/12\/15\/ulcinj-dps-nastavlja-dijalog-o-formiranju-vlasti\/#breadcrumb"},"inLanguage":"en-US","potentialAction":[{"@type":"ReadAction","target":["https:\/\/www.visit-ulcinj.com\/blog\/2015\/12\/15\/ulcinj-dps-nastavlja-dijalog-o-formiranju-vlasti\/"]}]},{"@type":"BreadcrumbList","@id":"https:\/\/www.visit-ulcinj.com\/blog\/2015\/12\/15\/ulcinj-dps-nastavlja-dijalog-o-formiranju-vlasti\/#breadcrumb","itemListElement":[{"@type":"ListItem","position":1,"name":"Ulcinj: DPS nastavlja dijalog o formiranju vlasti"}]},{"@type":"Person","@id":"https:\/\/www.visit-ulcinj.com\/blog\/#\/schema\/person\/dcab619c614d3038751c63bc2aadc06d","name":"ulqini","sameAs":["http:\/\/www.visit-ulcinj.com"],"url":"https:\/\/www.visit-ulcinj.com\/blog\/author\/admin\/"}]}},"jetpack_featured_media_url":"","jetpack_sharing_enabled":true,"jetpack_shortlink":"https:\/\/wp.me\/pe6lTn-omL","_links":{"self":[{"href":"https:\/\/www.visit-ulcinj.com\/blog\/wp-json\/wp\/v2\/posts\/93667"}],"collection":[{"href":"https:\/\/www.visit-ulcinj.com\/blog\/wp-json\/wp\/v2\/posts"}],"about":[{"href":"https:\/\/www.visit-ulcinj.com\/blog\/wp-json\/wp\/v2\/types\/post"}],"author":[{"embeddable":true,"href":"https:\/\/www.visit-ulcinj.com\/blog\/wp-json\/wp\/v2\/users\/1"}],"replies":[{"embeddable":true,"href":"https:\/\/www.visit-ulcinj.com\/blog\/wp-json\/wp\/v2\/comments?post=93667"}],"version-history":[{"count":1,"href":"https:\/\/www.visit-ulcinj.com\/blog\/wp-json\/wp\/v2\/posts\/93667\/revisions"}],"predecessor-version":[{"id":93668,"href":"https:\/\/www.visit-ulcinj.com\/blog\/wp-json\/wp\/v2\/posts\/93667\/revisions\/93668"}],"wp:attachment":[{"href":"https:\/\/www.visit-ulcinj.com\/blog\/wp-json\/wp\/v2\/media?parent=93667"}],"wp:term":[{"taxonomy":"category","embeddable":true,"href":"https:\/\/www.visit-ulcinj.com\/blog\/wp-json\/wp\/v2\/categories?post=93667"},{"taxonomy":"post_tag","embeddable":true,"href":"https:\/\/www.visit-ulcinj.com\/blog\/wp-json\/wp\/v2\/tags?post=93667"}],"curies":[{"name":"wp","href":"https:\/\/api.w.org\/{rel}","templated":true}]}}