{"id":93674,"date":"2015-12-15T20:25:50","date_gmt":"2015-12-15T19:25:50","guid":{"rendered":"http:\/\/www.visit-ulcinj.com\/blog\/?p=93674"},"modified":"2015-12-15T20:27:02","modified_gmt":"2015-12-15T19:27:02","slug":"nika-te-mos-njohe-kryetari-ligjin-disi-por-te-mos-e-njoh-kryeadministratori-ligjin-asesi","status":"publish","type":"post","link":"https:\/\/www.visit-ulcinj.com\/blog\/2015\/12\/15\/nika-te-mos-njohe-kryetari-ligjin-disi-por-te-mos-e-njoh-kryeadministratori-ligjin-asesi\/","title":{"rendered":"Nika: T\u00eb mos njoh\u00eb kryetari ligjin-disi, por t\u00eb mos e njoh as kryeadministratori ligjin \u2013 asesi ?!!"},"content":{"rendered":"<p><strong><em><a href=\"http:\/\/www.visit-ulcinj.com\/blog\/wp-content\/uploads\/2014\/03\/muhamet-nika.jpg\"><img loading=\"lazy\" class=\"alignleft wp-image-81041 size-medium\" src=\"http:\/\/www.visit-ulcinj.com\/blog\/wp-content\/uploads\/2014\/03\/muhamet-nika-300x190.jpg\" alt=\"muhamet-nika\" width=\"300\" height=\"190\" srcset=\"https:\/\/www.visit-ulcinj.com\/blog\/wp-content\/uploads\/2014\/03\/muhamet-nika-300x190.jpg 300w, https:\/\/www.visit-ulcinj.com\/blog\/wp-content\/uploads\/2014\/03\/muhamet-nika.jpg 389w\" sizes=\"(max-width: 300px) 100vw, 300px\" \/><\/a>Muhamet Nika<\/em><\/strong><\/p>\n<p>Duke iu kthyer shkurt t\u00eb kaluar\u00ebs s\u00eb funksionimit t\u00eb pushtetit lokal vendos\u00ebm t\u00eb shk\u00ebpusim k\u00ebto dy deklarata nga arkiva ime personale \u2013 bukur e pasur..?!! E t\u00eb cilat kund\u00ebrshtojn\u00eb n\u00eb praktik\u00eb nj\u00ebra tjetr\u00ebn DHE NUK SHIHET SE KUSH \u00cbSHT\u00cb M\u00cb KARABULLAK SE TJETRI..?!<\/p>\n<p>Fillimisht shk\u00ebput\u00ebm at\u00eb t\u00eb ish &#8211; kryeadministratorit LULGJURAJ i cili shprehej n\u00eb gazet\u00eb se n\u00eb Ulqin kemi\u201d Gjendje kaotike juridike ..\u201d se qytetar\u00ebve u cenohen t\u00eb drejtat dhe ndihen t\u00eb rrezikuar, sepse \u201c kryetari Cungu si njeri p\u00ebrgjegj\u00ebs* para ligjit&#8230;, n\u00eb funksionet e fush\u00ebveprimit t\u00eb organeve , v\u00eb ke do e ke ka qef&#8230;, jasht\u00eb ligjit?! Duke shtuar se \u201c sitemi juridik i Malit t\u00eb Zi , nuk e njeh kategorin\u00eb e m\u00ebk\u00ebmb\u00ebsve ( Vrshioc duzhnosti), t\u00eb krye admnistratorirt . K\u00ebt\u00eb e kish deklaruar p\u00ebr Dan.<\/p>\n<p>Sipas fjal\u00ebve t\u00eb tij mjafton q\u00eb dikush nga pal\u00ebt t\u00eb ankohen n\u00eb gjyq dhe t\u00eb gjith\u00eb vendimet do t\u00eb binin posht\u00eb n\u00eb d\u00ebm t\u00eb komun\u00ebs e kjo vlen edhe p\u00ebr sekretar\u00ebt&#8230; ?!Andaj sipas tij pushteti vendor funksiononte n\u00eb m\u00ebnyr\u00eb t\u00eb pa ligjshme.<\/p>\n<p><a href=\"http:\/\/www.visit-ulcinj.com\/blog\/wp-content\/uploads\/2015\/12\/Lulgjuraj.jpg\"><img loading=\"lazy\" class=\"alignleft wp-image-93675\" src=\"http:\/\/www.visit-ulcinj.com\/blog\/wp-content\/uploads\/2015\/12\/Lulgjuraj.jpg\" alt=\"Lulgjuraj\" width=\"508\" height=\"333\" srcset=\"https:\/\/www.visit-ulcinj.com\/blog\/wp-content\/uploads\/2015\/12\/Lulgjuraj.jpg 626w, https:\/\/www.visit-ulcinj.com\/blog\/wp-content\/uploads\/2015\/12\/Lulgjuraj-300x196.jpg 300w\" sizes=\"(max-width: 508px) 100vw, 508px\" \/><\/a><\/p>\n<p>At\u00ebher\u00eb met\u00eb drejt\u00eb pyet\u00ebm se cilat ligje zot\u00ebronin kur ai e mbushi koalicionin e tij UDSH \u2013DPS me njer\u00ebz \u201cdosi-do\u201d, pa ligj si puna e Cungut . Bile n\u00eb k\u00ebto periudha urbanizmi, ashtu si edhe sot u besohej njer\u00ebzve me profesion t\u00eb \u201csharafave..\u201d, kuptohet pa provim shtet\u00ebror,stazh n\u00eb administrat\u00eb etj.<br \/>\nNdoshta Cungu , v\u00ebrtet\u00eb e teproi se n\u00eb koh\u00ebn q\u00eb pasoi, ai l\u00ebshoj radhazi 1-2-3 administrator\u00eb , t\u00eb cil\u00ebt me at\u00eb paraprakun b\u00ebheshin gjithsej 4 dhe bashk\u00eb me ish zyrtar\u00ebt tjer\u00eb p\u00ebr nj\u00eb vit, pati \u201c dopjo..\u201d administrat\u00eb e duke e d\u00ebmtuar buxhetin p\u00ebr 1milon\u00eb euro.. ..?!<br \/>\nP\u00ebr k\u00ebt\u00eb le t\u00eb shohim Cungun, se si e demanton kryeadministratorin , duke arsyetuar se p\u00ebr kryeadministrator , pas dor\u00ebheqjes s\u00eb J. Muratit , kish em\u00ebruar Qazim \u00c7aushin dhe p\u00ebr \u00e7udi gjyqi administrativ e njihte k\u00ebt\u00eb vendim t\u00eb Cungut si t\u00eb ligjsh\u00ebm , pasi kish hedhur posht\u00eb nj\u00eb ankes\u00eb t\u00eb pal\u00ebs e cila ankohej n\u00eb pun\u00ebn e pushtetit lokal n\u00eb frym\u00ebn e deklarat\u00ebs S\u00eb Lulgjur\u00ebs.<\/p>\n<p><a href=\"http:\/\/www.visit-ulcinj.com\/blog\/wp-content\/uploads\/2015\/12\/komuna-01.jpg\"><img loading=\"lazy\" class=\"alignleft wp-image-93676\" src=\"http:\/\/www.visit-ulcinj.com\/blog\/wp-content\/uploads\/2015\/12\/komuna-01.jpg\" alt=\"komuna-01\" width=\"508\" height=\"408\" srcset=\"https:\/\/www.visit-ulcinj.com\/blog\/wp-content\/uploads\/2015\/12\/komuna-01.jpg 627w, https:\/\/www.visit-ulcinj.com\/blog\/wp-content\/uploads\/2015\/12\/komuna-01-300x241.jpg 300w\" sizes=\"(max-width: 508px) 100vw, 508px\" \/><\/a><br \/>\n<strong><br \/>\nJa si duket edhe kund\u00ebrp\u00ebrgjigja e Cungut n\u00eb tekstin e ish-kryeadministratorit?!<br \/>\nKurse n\u00eb vazhdim po sjellim nj\u00eb vendim t\u00eb gjykat\u00ebs n\u00eb nj\u00eb ankes\u00eb e cila ishte b\u00ebr\u00eb n\u00eb frym\u00ebn e ish administratorit Lulgjuraj, por q\u00eb gjykata e rr\u00ebzoi&#8230;?!<\/strong><\/p>\n<p><a href=\"http:\/\/www.visit-ulcinj.com\/blog\/wp-content\/uploads\/2015\/12\/Nj\u00eb-vendim-i-gjykat\u00ebs-se-Mali-t\u00eb-Zi-.jpg\"><img loading=\"lazy\" class=\"alignleft wp-image-93677\" src=\"http:\/\/www.visit-ulcinj.com\/blog\/wp-content\/uploads\/2015\/12\/Nj\u00eb-vendim-i-gjykat\u00ebs-se-Mali-t\u00eb-Zi-.jpg\" alt=\"Nj\u00eb vendim i gjykat\u00ebs  se Mali-t\u00eb-Zi-\" width=\"508\" height=\"630\" srcset=\"https:\/\/www.visit-ulcinj.com\/blog\/wp-content\/uploads\/2015\/12\/Nj\u00eb-vendim-i-gjykat\u00ebs-se-Mali-t\u00eb-Zi-.jpg 627w, https:\/\/www.visit-ulcinj.com\/blog\/wp-content\/uploads\/2015\/12\/Nj\u00eb-vendim-i-gjykat\u00ebs-se-Mali-t\u00eb-Zi--242x300.jpg 242w\" sizes=\"(max-width: 508px) 100vw, 508px\" \/><\/a><\/p>\n<p><a href=\"http:\/\/www.visit-ulcinj.com\/blog\/wp-content\/uploads\/2015\/12\/Nj\u00eb-vendim-i-gjykat\u00ebs-se-Mali-t\u00eb-Zi-1.jpg\"><img loading=\"lazy\" class=\"alignleft wp-image-93678\" src=\"http:\/\/www.visit-ulcinj.com\/blog\/wp-content\/uploads\/2015\/12\/Nj\u00eb-vendim-i-gjykat\u00ebs-se-Mali-t\u00eb-Zi-1.jpg\" alt=\"Nj\u00eb vendim i gjykat\u00ebs  se Mali-t\u00eb-Zi-1\" width=\"508\" height=\"700\" srcset=\"https:\/\/www.visit-ulcinj.com\/blog\/wp-content\/uploads\/2015\/12\/Nj\u00eb-vendim-i-gjykat\u00ebs-se-Mali-t\u00eb-Zi-1.jpg 622w, https:\/\/www.visit-ulcinj.com\/blog\/wp-content\/uploads\/2015\/12\/Nj\u00eb-vendim-i-gjykat\u00ebs-se-Mali-t\u00eb-Zi-1-218x300.jpg 218w\" sizes=\"(max-width: 508px) 100vw, 508px\" \/><\/a><\/p>\n<p><strong>Pik\u00ebpamjet e shprehura n\u00eb faqen \u201cOPINIONE\u201d nuk p\u00ebrfaq\u00ebsojn\u00eb domosdoshm\u00ebrisht politik\u00ebn redaksionale t\u00eb \u201eLajmeve nga Ulqini\u201e<\/strong><\/p>\n","protected":false},"excerpt":{"rendered":"<p>Muhamet Nika Duke iu kthyer shkurt t\u00eb kaluar\u00ebs s\u00eb funksionimit t\u00eb pushtetit lokal vendos\u00ebm t\u00eb shk\u00ebpusim k\u00ebto dy deklarata nga arkiva ime personale \u2013 bukur e pasur..?!! E t\u00eb cilat kund\u00ebrshtojn\u00eb n\u00eb praktik\u00eb nj\u00ebra tjetr\u00ebn DHE NUK SHIHET SE KUSH \u00cbSHT\u00cb M\u00cb KARABULLAK SE TJETRI..?! Fillimisht shk\u00ebput\u00ebm at\u00eb t\u00eb ish &#8211; kryeadministratorit LULGJURAJ i cili [&hellip;]<\/p>\n","protected":false},"author":1,"featured_media":0,"comment_status":"closed","ping_status":"closed","sticky":false,"template":"","format":"standard","meta":{"spay_email":"","jetpack_publicize_message":"","jetpack_is_tweetstorm":false,"jetpack_publicize_feature_enabled":true},"categories":[14249],"tags":[],"jetpack_publicize_connections":[],"yoast_head":"<!-- This site is optimized with the Yoast SEO plugin v19.1 - https:\/\/yoast.com\/wordpress\/plugins\/seo\/ -->\n<title>Nika: T\u00eb mos njoh\u00eb kryetari ligjin-disi, por t\u00eb mos e njoh as kryeadministratori ligjin \u2013 asesi ?!! - Lajme nga Ulqini<\/title>\n<meta name=\"description\" content=\"Muhamet Nika Duke iu kthyer shkurt t\u00eb kaluar\u00ebs s\u00eb funksionimit t\u00eb pushtetit lokal vendos\u00ebm t\u00eb shk\u00ebpusim k\u00ebto dy deklarata nga arkiva ime personale \u2013 bukur\" \/>\n<meta name=\"robots\" content=\"index, follow, max-snippet:-1, max-image-preview:large, max-video-preview:-1\" \/>\n<link rel=\"canonical\" href=\"https:\/\/www.visit-ulcinj.com\/blog\/2015\/12\/15\/nika-te-mos-njohe-kryetari-ligjin-disi-por-te-mos-e-njoh-kryeadministratori-ligjin-asesi\/\" \/>\n<meta property=\"og:locale\" content=\"en_US\" \/>\n<meta property=\"og:type\" content=\"article\" \/>\n<meta property=\"og:title\" content=\"Nika: T\u00eb mos njoh\u00eb kryetari ligjin-disi, por t\u00eb mos e njoh as kryeadministratori ligjin \u2013 asesi ?!! - Lajme nga Ulqini\" \/>\n<meta property=\"og:description\" content=\"Muhamet Nika Duke iu kthyer shkurt t\u00eb kaluar\u00ebs s\u00eb funksionimit t\u00eb pushtetit lokal vendos\u00ebm t\u00eb shk\u00ebpusim k\u00ebto dy deklarata nga arkiva ime personale \u2013 bukur\" \/>\n<meta property=\"og:url\" content=\"https:\/\/www.visit-ulcinj.com\/blog\/2015\/12\/15\/nika-te-mos-njohe-kryetari-ligjin-disi-por-te-mos-e-njoh-kryeadministratori-ligjin-asesi\/\" \/>\n<meta property=\"og:site_name\" content=\"Lajme nga Ulqini\" \/>\n<meta property=\"article:published_time\" content=\"2015-12-15T19:25:50+00:00\" \/>\n<meta property=\"article:modified_time\" content=\"2015-12-15T19:27:02+00:00\" \/>\n<meta property=\"og:image\" content=\"http:\/\/www.visit-ulcinj.com\/blog\/wp-content\/uploads\/2014\/03\/muhamet-nika-300x190.jpg\" \/>\n<meta name=\"twitter:label1\" content=\"Written by\" \/>\n\t<meta name=\"twitter:data1\" content=\"ulqini\" \/>\n\t<meta name=\"twitter:label2\" content=\"Est. reading time\" \/>\n\t<meta name=\"twitter:data2\" content=\"2 minutes\" \/>\n<script type=\"application\/ld+json\" class=\"yoast-schema-graph\">{\"@context\":\"https:\/\/schema.org\",\"@graph\":[{\"@type\":\"WebSite\",\"@id\":\"https:\/\/www.visit-ulcinj.com\/blog\/#website\",\"url\":\"https:\/\/www.visit-ulcinj.com\/blog\/\",\"name\":\"Lajme nga Ulqini\",\"description\":\"Lajme,Vijesti,Ulqini,Ulqin,Crna Gora,Mali i Zi\",\"potentialAction\":[{\"@type\":\"SearchAction\",\"target\":{\"@type\":\"EntryPoint\",\"urlTemplate\":\"https:\/\/www.visit-ulcinj.com\/blog\/?s={search_term_string}\"},\"query-input\":\"required name=search_term_string\"}],\"inLanguage\":\"en-US\"},{\"@type\":\"ImageObject\",\"inLanguage\":\"en-US\",\"@id\":\"https:\/\/www.visit-ulcinj.com\/blog\/2015\/12\/15\/nika-te-mos-njohe-kryetari-ligjin-disi-por-te-mos-e-njoh-kryeadministratori-ligjin-asesi\/#primaryimage\",\"url\":\"https:\/\/www.visit-ulcinj.com\/blog\/wp-content\/uploads\/2014\/03\/muhamet-nika.jpg\",\"contentUrl\":\"https:\/\/www.visit-ulcinj.com\/blog\/wp-content\/uploads\/2014\/03\/muhamet-nika.jpg\",\"width\":389,\"height\":247},{\"@type\":\"WebPage\",\"@id\":\"https:\/\/www.visit-ulcinj.com\/blog\/2015\/12\/15\/nika-te-mos-njohe-kryetari-ligjin-disi-por-te-mos-e-njoh-kryeadministratori-ligjin-asesi\/#webpage\",\"url\":\"https:\/\/www.visit-ulcinj.com\/blog\/2015\/12\/15\/nika-te-mos-njohe-kryetari-ligjin-disi-por-te-mos-e-njoh-kryeadministratori-ligjin-asesi\/\",\"name\":\"Nika: T\u00eb mos njoh\u00eb kryetari ligjin-disi, por t\u00eb mos e njoh as kryeadministratori ligjin \u2013 asesi ?!! - Lajme nga Ulqini\",\"isPartOf\":{\"@id\":\"https:\/\/www.visit-ulcinj.com\/blog\/#website\"},\"primaryImageOfPage\":{\"@id\":\"https:\/\/www.visit-ulcinj.com\/blog\/2015\/12\/15\/nika-te-mos-njohe-kryetari-ligjin-disi-por-te-mos-e-njoh-kryeadministratori-ligjin-asesi\/#primaryimage\"},\"datePublished\":\"2015-12-15T19:25:50+00:00\",\"dateModified\":\"2015-12-15T19:27:02+00:00\",\"author\":{\"@id\":\"https:\/\/www.visit-ulcinj.com\/blog\/#\/schema\/person\/dcab619c614d3038751c63bc2aadc06d\"},\"description\":\"Muhamet Nika Duke iu kthyer shkurt t\u00eb kaluar\u00ebs s\u00eb funksionimit t\u00eb pushtetit lokal vendos\u00ebm t\u00eb shk\u00ebpusim k\u00ebto dy deklarata nga arkiva ime personale \u2013 bukur\",\"breadcrumb\":{\"@id\":\"https:\/\/www.visit-ulcinj.com\/blog\/2015\/12\/15\/nika-te-mos-njohe-kryetari-ligjin-disi-por-te-mos-e-njoh-kryeadministratori-ligjin-asesi\/#breadcrumb\"},\"inLanguage\":\"en-US\",\"potentialAction\":[{\"@type\":\"ReadAction\",\"target\":[\"https:\/\/www.visit-ulcinj.com\/blog\/2015\/12\/15\/nika-te-mos-njohe-kryetari-ligjin-disi-por-te-mos-e-njoh-kryeadministratori-ligjin-asesi\/\"]}]},{\"@type\":\"BreadcrumbList\",\"@id\":\"https:\/\/www.visit-ulcinj.com\/blog\/2015\/12\/15\/nika-te-mos-njohe-kryetari-ligjin-disi-por-te-mos-e-njoh-kryeadministratori-ligjin-asesi\/#breadcrumb\",\"itemListElement\":[{\"@type\":\"ListItem\",\"position\":1,\"name\":\"Nika: T\u00eb mos njoh\u00eb kryetari ligjin-disi, por t\u00eb mos e njoh as kryeadministratori ligjin \u2013 asesi ?!!\"}]},{\"@type\":\"Person\",\"@id\":\"https:\/\/www.visit-ulcinj.com\/blog\/#\/schema\/person\/dcab619c614d3038751c63bc2aadc06d\",\"name\":\"ulqini\",\"sameAs\":[\"http:\/\/www.visit-ulcinj.com\"],\"url\":\"https:\/\/www.visit-ulcinj.com\/blog\/author\/admin\/\"}]}<\/script>\n<!-- \/ Yoast SEO plugin. -->","yoast_head_json":{"title":"Nika: T\u00eb mos njoh\u00eb kryetari ligjin-disi, por t\u00eb mos e njoh as kryeadministratori ligjin \u2013 asesi ?!! - Lajme nga Ulqini","description":"Muhamet Nika Duke iu kthyer shkurt t\u00eb kaluar\u00ebs s\u00eb funksionimit t\u00eb pushtetit lokal vendos\u00ebm t\u00eb shk\u00ebpusim k\u00ebto dy deklarata nga arkiva ime personale \u2013 bukur","robots":{"index":"index","follow":"follow","max-snippet":"max-snippet:-1","max-image-preview":"max-image-preview:large","max-video-preview":"max-video-preview:-1"},"canonical":"https:\/\/www.visit-ulcinj.com\/blog\/2015\/12\/15\/nika-te-mos-njohe-kryetari-ligjin-disi-por-te-mos-e-njoh-kryeadministratori-ligjin-asesi\/","og_locale":"en_US","og_type":"article","og_title":"Nika: T\u00eb mos njoh\u00eb kryetari ligjin-disi, por t\u00eb mos e njoh as kryeadministratori ligjin \u2013 asesi ?!! - Lajme nga Ulqini","og_description":"Muhamet Nika Duke iu kthyer shkurt t\u00eb kaluar\u00ebs s\u00eb funksionimit t\u00eb pushtetit lokal vendos\u00ebm t\u00eb shk\u00ebpusim k\u00ebto dy deklarata nga arkiva ime personale \u2013 bukur","og_url":"https:\/\/www.visit-ulcinj.com\/blog\/2015\/12\/15\/nika-te-mos-njohe-kryetari-ligjin-disi-por-te-mos-e-njoh-kryeadministratori-ligjin-asesi\/","og_site_name":"Lajme nga Ulqini","article_published_time":"2015-12-15T19:25:50+00:00","article_modified_time":"2015-12-15T19:27:02+00:00","og_image":[{"url":"http:\/\/www.visit-ulcinj.com\/blog\/wp-content\/uploads\/2014\/03\/muhamet-nika-300x190.jpg"}],"twitter_misc":{"Written by":"ulqini","Est. reading time":"2 minutes"},"schema":{"@context":"https:\/\/schema.org","@graph":[{"@type":"WebSite","@id":"https:\/\/www.visit-ulcinj.com\/blog\/#website","url":"https:\/\/www.visit-ulcinj.com\/blog\/","name":"Lajme nga Ulqini","description":"Lajme,Vijesti,Ulqini,Ulqin,Crna Gora,Mali i Zi","potentialAction":[{"@type":"SearchAction","target":{"@type":"EntryPoint","urlTemplate":"https:\/\/www.visit-ulcinj.com\/blog\/?s={search_term_string}"},"query-input":"required name=search_term_string"}],"inLanguage":"en-US"},{"@type":"ImageObject","inLanguage":"en-US","@id":"https:\/\/www.visit-ulcinj.com\/blog\/2015\/12\/15\/nika-te-mos-njohe-kryetari-ligjin-disi-por-te-mos-e-njoh-kryeadministratori-ligjin-asesi\/#primaryimage","url":"https:\/\/www.visit-ulcinj.com\/blog\/wp-content\/uploads\/2014\/03\/muhamet-nika.jpg","contentUrl":"https:\/\/www.visit-ulcinj.com\/blog\/wp-content\/uploads\/2014\/03\/muhamet-nika.jpg","width":389,"height":247},{"@type":"WebPage","@id":"https:\/\/www.visit-ulcinj.com\/blog\/2015\/12\/15\/nika-te-mos-njohe-kryetari-ligjin-disi-por-te-mos-e-njoh-kryeadministratori-ligjin-asesi\/#webpage","url":"https:\/\/www.visit-ulcinj.com\/blog\/2015\/12\/15\/nika-te-mos-njohe-kryetari-ligjin-disi-por-te-mos-e-njoh-kryeadministratori-ligjin-asesi\/","name":"Nika: T\u00eb mos njoh\u00eb kryetari ligjin-disi, por t\u00eb mos e njoh as kryeadministratori ligjin \u2013 asesi ?!! - Lajme nga Ulqini","isPartOf":{"@id":"https:\/\/www.visit-ulcinj.com\/blog\/#website"},"primaryImageOfPage":{"@id":"https:\/\/www.visit-ulcinj.com\/blog\/2015\/12\/15\/nika-te-mos-njohe-kryetari-ligjin-disi-por-te-mos-e-njoh-kryeadministratori-ligjin-asesi\/#primaryimage"},"datePublished":"2015-12-15T19:25:50+00:00","dateModified":"2015-12-15T19:27:02+00:00","author":{"@id":"https:\/\/www.visit-ulcinj.com\/blog\/#\/schema\/person\/dcab619c614d3038751c63bc2aadc06d"},"description":"Muhamet Nika Duke iu kthyer shkurt t\u00eb kaluar\u00ebs s\u00eb funksionimit t\u00eb pushtetit lokal vendos\u00ebm t\u00eb shk\u00ebpusim k\u00ebto dy deklarata nga arkiva ime personale \u2013 bukur","breadcrumb":{"@id":"https:\/\/www.visit-ulcinj.com\/blog\/2015\/12\/15\/nika-te-mos-njohe-kryetari-ligjin-disi-por-te-mos-e-njoh-kryeadministratori-ligjin-asesi\/#breadcrumb"},"inLanguage":"en-US","potentialAction":[{"@type":"ReadAction","target":["https:\/\/www.visit-ulcinj.com\/blog\/2015\/12\/15\/nika-te-mos-njohe-kryetari-ligjin-disi-por-te-mos-e-njoh-kryeadministratori-ligjin-asesi\/"]}]},{"@type":"BreadcrumbList","@id":"https:\/\/www.visit-ulcinj.com\/blog\/2015\/12\/15\/nika-te-mos-njohe-kryetari-ligjin-disi-por-te-mos-e-njoh-kryeadministratori-ligjin-asesi\/#breadcrumb","itemListElement":[{"@type":"ListItem","position":1,"name":"Nika: T\u00eb mos njoh\u00eb kryetari ligjin-disi, por t\u00eb mos e njoh as kryeadministratori ligjin \u2013 asesi ?!!"}]},{"@type":"Person","@id":"https:\/\/www.visit-ulcinj.com\/blog\/#\/schema\/person\/dcab619c614d3038751c63bc2aadc06d","name":"ulqini","sameAs":["http:\/\/www.visit-ulcinj.com"],"url":"https:\/\/www.visit-ulcinj.com\/blog\/author\/admin\/"}]}},"jetpack_featured_media_url":"","jetpack_sharing_enabled":true,"jetpack_shortlink":"https:\/\/wp.me\/pe6lTn-omS","_links":{"self":[{"href":"https:\/\/www.visit-ulcinj.com\/blog\/wp-json\/wp\/v2\/posts\/93674"}],"collection":[{"href":"https:\/\/www.visit-ulcinj.com\/blog\/wp-json\/wp\/v2\/posts"}],"about":[{"href":"https:\/\/www.visit-ulcinj.com\/blog\/wp-json\/wp\/v2\/types\/post"}],"author":[{"embeddable":true,"href":"https:\/\/www.visit-ulcinj.com\/blog\/wp-json\/wp\/v2\/users\/1"}],"replies":[{"embeddable":true,"href":"https:\/\/www.visit-ulcinj.com\/blog\/wp-json\/wp\/v2\/comments?post=93674"}],"version-history":[{"count":2,"href":"https:\/\/www.visit-ulcinj.com\/blog\/wp-json\/wp\/v2\/posts\/93674\/revisions"}],"predecessor-version":[{"id":93680,"href":"https:\/\/www.visit-ulcinj.com\/blog\/wp-json\/wp\/v2\/posts\/93674\/revisions\/93680"}],"wp:attachment":[{"href":"https:\/\/www.visit-ulcinj.com\/blog\/wp-json\/wp\/v2\/media?parent=93674"}],"wp:term":[{"taxonomy":"category","embeddable":true,"href":"https:\/\/www.visit-ulcinj.com\/blog\/wp-json\/wp\/v2\/categories?post=93674"},{"taxonomy":"post_tag","embeddable":true,"href":"https:\/\/www.visit-ulcinj.com\/blog\/wp-json\/wp\/v2\/tags?post=93674"}],"curies":[{"name":"wp","href":"https:\/\/api.w.org\/{rel}","templated":true}]}}