{"id":93691,"date":"2015-12-16T10:41:32","date_gmt":"2015-12-16T09:41:32","guid":{"rendered":"http:\/\/www.visit-ulcinj.com\/blog\/?p=93691"},"modified":"2015-12-16T10:41:32","modified_gmt":"2015-12-16T09:41:32","slug":"rusia-kerkon-referendum-ne-mal-te-zi-per-anetaresim-ne-nato","status":"publish","type":"post","link":"https:\/\/www.visit-ulcinj.com\/blog\/2015\/12\/16\/rusia-kerkon-referendum-ne-mal-te-zi-per-anetaresim-ne-nato\/","title":{"rendered":"Rusia k\u00ebrkon referendum n\u00eb Mal t\u00eb Zi p\u00ebr an\u00ebtar\u00ebsim n\u00eb NATO"},"content":{"rendered":"<div id=\"stcpDiv\">\n<p><strong><a href=\"http:\/\/www.visit-ulcinj.com\/blog\/wp-content\/uploads\/2015\/12\/Nato-Montenegro.jpg\"><img loading=\"lazy\" class=\"alignleft wp-image-93692\" src=\"http:\/\/www.visit-ulcinj.com\/blog\/wp-content\/uploads\/2015\/12\/Nato-Montenegro.jpg\" alt=\"Nato-Montenegro\" width=\"508\" height=\"188\" \/><\/a>Moska thot\u00eb se shoq\u00ebria n\u00eb Malin e Zi \u00ebsht\u00eb thell\u00ebsisht e ndar\u00eb mbi \u00e7\u00ebshtjen e hyrjes n\u00eb NATO dhe ka b\u00ebr\u00eb thirrje p\u00ebr referendum p\u00ebr an\u00ebtar\u00ebsimin e vendit n\u00eb Aleanc\u00ebn Veri-Atlantike, ka th\u00ebn\u00eb se z\u00ebdh\u00ebn\u00ebsja e Ministris\u00eb s\u00eb Jashtme ruse, Maria Zakharova gjat\u00eb nj\u00eb fjalimi t\u00eb m\u00ebrkur\u00ebn.<\/strong><\/p>\n<p>\u201cSituata n\u00eb Mal t\u00eb Zi \u00ebsht\u00eb e r\u00ebnd\u00eb\u201d, ka th\u00ebn\u00eb Zakharova. \u201cPo flasim p\u00ebr kriz\u00ebn e brendshme politike t\u00eb shoq\u00ebruar nga protestat popullore. Kemi ndarje t\u00eb thella n\u00eb shoq\u00ebrin\u00eb e Malit t\u00eb Zi, fillimisht mbi \u00e7\u00ebshtjen an\u00ebtar\u00ebsimit t\u00eb vendit n\u00eb NATO\u201d, shtoi ajo, transmeton Koha.net.<\/p>\n<p>\u201cNe mendojm\u00eb se populli i Malit t\u00eb Zi duhet ta thot\u00eb fjal\u00ebn e tij n\u00eb referendum p\u00ebr k\u00ebt\u00eb \u00e7\u00ebshtje. Kjo do t\u00eb ishte nj\u00eb manifestim i demokracis\u00eb p\u00ebr t\u00eb cil\u00ebn b\u00ebjm\u00eb thirrje ne\u201d, theksoi ajo, raporton TASS.<\/p>\n<p>Ministrat e Jasht\u00ebm t\u00eb NATO-s zyrtarisht ftuan Malin e Zi q\u00eb t\u00eb nis negociatat p\u00ebr an\u00ebtar\u00ebsim n\u00eb NATO gjat\u00eb nj\u00eb samiti n\u00eb Bruksel n\u00eb fillim t\u00eb dhjetorit. Bisedimet pritet t\u00eb zgjasin nga 18 muaj deri n\u00eb 2 vjet.<\/p>\n<p>Sekretari i P\u00ebrgjithsh\u00ebm i NATO-s, Jens Stoltenberg, ka nxituar q\u00eb t\u00eb siguroj\u00eb se integrimi i Malit t\u00eb Zi n\u00eb NATO nuk \u00ebsht\u00eb i drejtuar kund\u00ebr Rusis\u00eb dhe tha se nuk ka fare lidhje me t\u00eb.<\/p>\n<p>Zyrtar\u00ebt rus\u00eb n\u00eb disa raste jan\u00eb deklaruar kund\u00ebr zgjerimit t\u00eb NATO-s n\u00eb Ballkan.<\/p>\n<p>Koha Net<\/p><\/div>\n","protected":false},"excerpt":{"rendered":"<p>Moska thot\u00eb se shoq\u00ebria n\u00eb Malin e Zi \u00ebsht\u00eb thell\u00ebsisht e ndar\u00eb mbi \u00e7\u00ebshtjen e hyrjes n\u00eb NATO dhe ka b\u00ebr\u00eb thirrje p\u00ebr referendum p\u00ebr an\u00ebtar\u00ebsimin e vendit n\u00eb Aleanc\u00ebn Veri-Atlantike, ka th\u00ebn\u00eb se z\u00ebdh\u00ebn\u00ebsja e Ministris\u00eb s\u00eb Jashtme ruse, Maria Zakharova gjat\u00eb nj\u00eb fjalimi t\u00eb m\u00ebrkur\u00ebn. \u201cSituata n\u00eb Mal t\u00eb Zi \u00ebsht\u00eb e r\u00ebnd\u00eb\u201d, [&hellip;]<\/p>\n","protected":false},"author":1,"featured_media":0,"comment_status":"closed","ping_status":"closed","sticky":false,"template":"","format":"standard","meta":{"spay_email":"","jetpack_publicize_message":"","jetpack_is_tweetstorm":false,"jetpack_publicize_feature_enabled":true},"categories":[6950],"tags":[],"jetpack_publicize_connections":[],"yoast_head":"<!-- This site is optimized with the Yoast SEO plugin v19.1 - https:\/\/yoast.com\/wordpress\/plugins\/seo\/ -->\n<title>Rusia k\u00ebrkon referendum n\u00eb Mal t\u00eb Zi p\u00ebr an\u00ebtar\u00ebsim n\u00eb NATO - Lajme nga Ulqini<\/title>\n<meta name=\"description\" content=\"Moska thot\u00eb se shoq\u00ebria n\u00eb Malin e Zi \u00ebsht\u00eb thell\u00ebsisht e ndar\u00eb mbi \u00e7\u00ebshtjen e hyrjes n\u00eb NATO dhe ka b\u00ebr\u00eb thirrje p\u00ebr referendum p\u00ebr an\u00ebtar\u00ebsimin e vendit\" \/>\n<meta name=\"robots\" content=\"index, follow, max-snippet:-1, max-image-preview:large, max-video-preview:-1\" \/>\n<link rel=\"canonical\" href=\"https:\/\/www.visit-ulcinj.com\/blog\/2015\/12\/16\/rusia-kerkon-referendum-ne-mal-te-zi-per-anetaresim-ne-nato\/\" \/>\n<meta property=\"og:locale\" content=\"en_US\" \/>\n<meta property=\"og:type\" content=\"article\" \/>\n<meta property=\"og:title\" content=\"Rusia k\u00ebrkon referendum n\u00eb Mal t\u00eb Zi p\u00ebr an\u00ebtar\u00ebsim n\u00eb NATO - Lajme nga Ulqini\" \/>\n<meta property=\"og:description\" content=\"Moska thot\u00eb se shoq\u00ebria n\u00eb Malin e Zi \u00ebsht\u00eb thell\u00ebsisht e ndar\u00eb mbi \u00e7\u00ebshtjen e hyrjes n\u00eb NATO dhe ka b\u00ebr\u00eb thirrje p\u00ebr referendum p\u00ebr an\u00ebtar\u00ebsimin e vendit\" \/>\n<meta property=\"og:url\" content=\"https:\/\/www.visit-ulcinj.com\/blog\/2015\/12\/16\/rusia-kerkon-referendum-ne-mal-te-zi-per-anetaresim-ne-nato\/\" \/>\n<meta property=\"og:site_name\" content=\"Lajme nga Ulqini\" \/>\n<meta property=\"article:published_time\" content=\"2015-12-16T09:41:32+00:00\" \/>\n<meta property=\"og:image\" content=\"http:\/\/www.visit-ulcinj.com\/blog\/wp-content\/uploads\/2015\/12\/Nato-Montenegro.jpg\" \/>\n<meta name=\"twitter:label1\" content=\"Written by\" \/>\n\t<meta name=\"twitter:data1\" content=\"ulqini\" \/>\n\t<meta name=\"twitter:label2\" content=\"Est. reading time\" \/>\n\t<meta name=\"twitter:data2\" content=\"1 minute\" \/>\n<script type=\"application\/ld+json\" class=\"yoast-schema-graph\">{\"@context\":\"https:\/\/schema.org\",\"@graph\":[{\"@type\":\"WebSite\",\"@id\":\"https:\/\/www.visit-ulcinj.com\/blog\/#website\",\"url\":\"https:\/\/www.visit-ulcinj.com\/blog\/\",\"name\":\"Lajme nga Ulqini\",\"description\":\"Lajme,Vijesti,Ulqini,Ulqin,Crna Gora,Mali i Zi\",\"potentialAction\":[{\"@type\":\"SearchAction\",\"target\":{\"@type\":\"EntryPoint\",\"urlTemplate\":\"https:\/\/www.visit-ulcinj.com\/blog\/?s={search_term_string}\"},\"query-input\":\"required name=search_term_string\"}],\"inLanguage\":\"en-US\"},{\"@type\":\"ImageObject\",\"inLanguage\":\"en-US\",\"@id\":\"https:\/\/www.visit-ulcinj.com\/blog\/2015\/12\/16\/rusia-kerkon-referendum-ne-mal-te-zi-per-anetaresim-ne-nato\/#primaryimage\",\"url\":\"http:\/\/www.visit-ulcinj.com\/blog\/wp-content\/uploads\/2015\/12\/Nato-Montenegro.jpg\",\"contentUrl\":\"http:\/\/www.visit-ulcinj.com\/blog\/wp-content\/uploads\/2015\/12\/Nato-Montenegro.jpg\"},{\"@type\":\"WebPage\",\"@id\":\"https:\/\/www.visit-ulcinj.com\/blog\/2015\/12\/16\/rusia-kerkon-referendum-ne-mal-te-zi-per-anetaresim-ne-nato\/#webpage\",\"url\":\"https:\/\/www.visit-ulcinj.com\/blog\/2015\/12\/16\/rusia-kerkon-referendum-ne-mal-te-zi-per-anetaresim-ne-nato\/\",\"name\":\"Rusia k\u00ebrkon referendum n\u00eb Mal t\u00eb Zi p\u00ebr an\u00ebtar\u00ebsim n\u00eb NATO - Lajme nga Ulqini\",\"isPartOf\":{\"@id\":\"https:\/\/www.visit-ulcinj.com\/blog\/#website\"},\"primaryImageOfPage\":{\"@id\":\"https:\/\/www.visit-ulcinj.com\/blog\/2015\/12\/16\/rusia-kerkon-referendum-ne-mal-te-zi-per-anetaresim-ne-nato\/#primaryimage\"},\"datePublished\":\"2015-12-16T09:41:32+00:00\",\"dateModified\":\"2015-12-16T09:41:32+00:00\",\"author\":{\"@id\":\"https:\/\/www.visit-ulcinj.com\/blog\/#\/schema\/person\/dcab619c614d3038751c63bc2aadc06d\"},\"description\":\"Moska thot\u00eb se shoq\u00ebria n\u00eb Malin e Zi \u00ebsht\u00eb thell\u00ebsisht e ndar\u00eb mbi \u00e7\u00ebshtjen e hyrjes n\u00eb NATO dhe ka b\u00ebr\u00eb thirrje p\u00ebr referendum p\u00ebr an\u00ebtar\u00ebsimin e vendit\",\"breadcrumb\":{\"@id\":\"https:\/\/www.visit-ulcinj.com\/blog\/2015\/12\/16\/rusia-kerkon-referendum-ne-mal-te-zi-per-anetaresim-ne-nato\/#breadcrumb\"},\"inLanguage\":\"en-US\",\"potentialAction\":[{\"@type\":\"ReadAction\",\"target\":[\"https:\/\/www.visit-ulcinj.com\/blog\/2015\/12\/16\/rusia-kerkon-referendum-ne-mal-te-zi-per-anetaresim-ne-nato\/\"]}]},{\"@type\":\"BreadcrumbList\",\"@id\":\"https:\/\/www.visit-ulcinj.com\/blog\/2015\/12\/16\/rusia-kerkon-referendum-ne-mal-te-zi-per-anetaresim-ne-nato\/#breadcrumb\",\"itemListElement\":[{\"@type\":\"ListItem\",\"position\":1,\"name\":\"Rusia k\u00ebrkon referendum n\u00eb Mal t\u00eb Zi p\u00ebr an\u00ebtar\u00ebsim n\u00eb NATO\"}]},{\"@type\":\"Person\",\"@id\":\"https:\/\/www.visit-ulcinj.com\/blog\/#\/schema\/person\/dcab619c614d3038751c63bc2aadc06d\",\"name\":\"ulqini\",\"sameAs\":[\"http:\/\/www.visit-ulcinj.com\"],\"url\":\"https:\/\/www.visit-ulcinj.com\/blog\/author\/admin\/\"}]}<\/script>\n<!-- \/ Yoast SEO plugin. -->","yoast_head_json":{"title":"Rusia k\u00ebrkon referendum n\u00eb Mal t\u00eb Zi p\u00ebr an\u00ebtar\u00ebsim n\u00eb NATO - Lajme nga Ulqini","description":"Moska thot\u00eb se shoq\u00ebria n\u00eb Malin e Zi \u00ebsht\u00eb thell\u00ebsisht e ndar\u00eb mbi \u00e7\u00ebshtjen e hyrjes n\u00eb NATO dhe ka b\u00ebr\u00eb thirrje p\u00ebr referendum p\u00ebr an\u00ebtar\u00ebsimin e vendit","robots":{"index":"index","follow":"follow","max-snippet":"max-snippet:-1","max-image-preview":"max-image-preview:large","max-video-preview":"max-video-preview:-1"},"canonical":"https:\/\/www.visit-ulcinj.com\/blog\/2015\/12\/16\/rusia-kerkon-referendum-ne-mal-te-zi-per-anetaresim-ne-nato\/","og_locale":"en_US","og_type":"article","og_title":"Rusia k\u00ebrkon referendum n\u00eb Mal t\u00eb Zi p\u00ebr an\u00ebtar\u00ebsim n\u00eb NATO - Lajme nga Ulqini","og_description":"Moska thot\u00eb se shoq\u00ebria n\u00eb Malin e Zi \u00ebsht\u00eb thell\u00ebsisht e ndar\u00eb mbi \u00e7\u00ebshtjen e hyrjes n\u00eb NATO dhe ka b\u00ebr\u00eb thirrje p\u00ebr referendum p\u00ebr an\u00ebtar\u00ebsimin e vendit","og_url":"https:\/\/www.visit-ulcinj.com\/blog\/2015\/12\/16\/rusia-kerkon-referendum-ne-mal-te-zi-per-anetaresim-ne-nato\/","og_site_name":"Lajme nga Ulqini","article_published_time":"2015-12-16T09:41:32+00:00","og_image":[{"url":"http:\/\/www.visit-ulcinj.com\/blog\/wp-content\/uploads\/2015\/12\/Nato-Montenegro.jpg"}],"twitter_misc":{"Written by":"ulqini","Est. reading time":"1 minute"},"schema":{"@context":"https:\/\/schema.org","@graph":[{"@type":"WebSite","@id":"https:\/\/www.visit-ulcinj.com\/blog\/#website","url":"https:\/\/www.visit-ulcinj.com\/blog\/","name":"Lajme nga Ulqini","description":"Lajme,Vijesti,Ulqini,Ulqin,Crna Gora,Mali i Zi","potentialAction":[{"@type":"SearchAction","target":{"@type":"EntryPoint","urlTemplate":"https:\/\/www.visit-ulcinj.com\/blog\/?s={search_term_string}"},"query-input":"required name=search_term_string"}],"inLanguage":"en-US"},{"@type":"ImageObject","inLanguage":"en-US","@id":"https:\/\/www.visit-ulcinj.com\/blog\/2015\/12\/16\/rusia-kerkon-referendum-ne-mal-te-zi-per-anetaresim-ne-nato\/#primaryimage","url":"http:\/\/www.visit-ulcinj.com\/blog\/wp-content\/uploads\/2015\/12\/Nato-Montenegro.jpg","contentUrl":"http:\/\/www.visit-ulcinj.com\/blog\/wp-content\/uploads\/2015\/12\/Nato-Montenegro.jpg"},{"@type":"WebPage","@id":"https:\/\/www.visit-ulcinj.com\/blog\/2015\/12\/16\/rusia-kerkon-referendum-ne-mal-te-zi-per-anetaresim-ne-nato\/#webpage","url":"https:\/\/www.visit-ulcinj.com\/blog\/2015\/12\/16\/rusia-kerkon-referendum-ne-mal-te-zi-per-anetaresim-ne-nato\/","name":"Rusia k\u00ebrkon referendum n\u00eb Mal t\u00eb Zi p\u00ebr an\u00ebtar\u00ebsim n\u00eb NATO - Lajme nga Ulqini","isPartOf":{"@id":"https:\/\/www.visit-ulcinj.com\/blog\/#website"},"primaryImageOfPage":{"@id":"https:\/\/www.visit-ulcinj.com\/blog\/2015\/12\/16\/rusia-kerkon-referendum-ne-mal-te-zi-per-anetaresim-ne-nato\/#primaryimage"},"datePublished":"2015-12-16T09:41:32+00:00","dateModified":"2015-12-16T09:41:32+00:00","author":{"@id":"https:\/\/www.visit-ulcinj.com\/blog\/#\/schema\/person\/dcab619c614d3038751c63bc2aadc06d"},"description":"Moska thot\u00eb se shoq\u00ebria n\u00eb Malin e Zi \u00ebsht\u00eb thell\u00ebsisht e ndar\u00eb mbi \u00e7\u00ebshtjen e hyrjes n\u00eb NATO dhe ka b\u00ebr\u00eb thirrje p\u00ebr referendum p\u00ebr an\u00ebtar\u00ebsimin e vendit","breadcrumb":{"@id":"https:\/\/www.visit-ulcinj.com\/blog\/2015\/12\/16\/rusia-kerkon-referendum-ne-mal-te-zi-per-anetaresim-ne-nato\/#breadcrumb"},"inLanguage":"en-US","potentialAction":[{"@type":"ReadAction","target":["https:\/\/www.visit-ulcinj.com\/blog\/2015\/12\/16\/rusia-kerkon-referendum-ne-mal-te-zi-per-anetaresim-ne-nato\/"]}]},{"@type":"BreadcrumbList","@id":"https:\/\/www.visit-ulcinj.com\/blog\/2015\/12\/16\/rusia-kerkon-referendum-ne-mal-te-zi-per-anetaresim-ne-nato\/#breadcrumb","itemListElement":[{"@type":"ListItem","position":1,"name":"Rusia k\u00ebrkon referendum n\u00eb Mal t\u00eb Zi p\u00ebr an\u00ebtar\u00ebsim n\u00eb NATO"}]},{"@type":"Person","@id":"https:\/\/www.visit-ulcinj.com\/blog\/#\/schema\/person\/dcab619c614d3038751c63bc2aadc06d","name":"ulqini","sameAs":["http:\/\/www.visit-ulcinj.com"],"url":"https:\/\/www.visit-ulcinj.com\/blog\/author\/admin\/"}]}},"jetpack_featured_media_url":"","jetpack_sharing_enabled":true,"jetpack_shortlink":"https:\/\/wp.me\/pe6lTn-on9","_links":{"self":[{"href":"https:\/\/www.visit-ulcinj.com\/blog\/wp-json\/wp\/v2\/posts\/93691"}],"collection":[{"href":"https:\/\/www.visit-ulcinj.com\/blog\/wp-json\/wp\/v2\/posts"}],"about":[{"href":"https:\/\/www.visit-ulcinj.com\/blog\/wp-json\/wp\/v2\/types\/post"}],"author":[{"embeddable":true,"href":"https:\/\/www.visit-ulcinj.com\/blog\/wp-json\/wp\/v2\/users\/1"}],"replies":[{"embeddable":true,"href":"https:\/\/www.visit-ulcinj.com\/blog\/wp-json\/wp\/v2\/comments?post=93691"}],"version-history":[{"count":1,"href":"https:\/\/www.visit-ulcinj.com\/blog\/wp-json\/wp\/v2\/posts\/93691\/revisions"}],"predecessor-version":[{"id":93693,"href":"https:\/\/www.visit-ulcinj.com\/blog\/wp-json\/wp\/v2\/posts\/93691\/revisions\/93693"}],"wp:attachment":[{"href":"https:\/\/www.visit-ulcinj.com\/blog\/wp-json\/wp\/v2\/media?parent=93691"}],"wp:term":[{"taxonomy":"category","embeddable":true,"href":"https:\/\/www.visit-ulcinj.com\/blog\/wp-json\/wp\/v2\/categories?post=93691"},{"taxonomy":"post_tag","embeddable":true,"href":"https:\/\/www.visit-ulcinj.com\/blog\/wp-json\/wp\/v2\/tags?post=93691"}],"curies":[{"name":"wp","href":"https:\/\/api.w.org\/{rel}","templated":true}]}}