{"id":93694,"date":"2015-12-16T18:43:15","date_gmt":"2015-12-16T17:43:15","guid":{"rendered":"http:\/\/www.visit-ulcinj.com\/blog\/?p=93694"},"modified":"2015-12-16T18:43:15","modified_gmt":"2015-12-16T17:43:15","slug":"dukanovic-ponuda-za-formiranje-lokalne-koalicione-vlasti-u-ulcinj","status":"publish","type":"post","link":"https:\/\/www.visit-ulcinj.com\/blog\/2015\/12\/16\/dukanovic-ponuda-za-formiranje-lokalne-koalicione-vlasti-u-ulcinj\/","title":{"rendered":"\u0110ukanovi\u0107: Ponuda za formiranje lokalne koalicione vlasti u Ulcinj"},"content":{"rendered":"<p>Demokratska partija socijalista (DPS) opredijeljena je za nastavak dijaloga u cilju stvaranja pretpostvki za naj\u0161iru mogu\u0107u koalicionu ve\u0107inu u Ulcinju, koja \u0107e obezbijediti ostvarivanje interesa gra\u0111ana i nastavak saradnje za realizaciju strate\u0161kih dr\u017eavnih ciljeva.<\/p>\n<p><a href=\"http:\/\/www.visit-ulcinj.com\/blog\/wp-content\/uploads\/2013\/05\/Djukanovic-inaguracija-mosta-Port-Milena-Ulcinj-Brajovic-Cungu.11.jpg\"><img loading=\"lazy\" class=\"alignleft wp-image-71504\" src=\"http:\/\/www.visit-ulcinj.com\/blog\/wp-content\/uploads\/2013\/05\/Djukanovic-inaguracija-mosta-Port-Milena-Ulcinj-Brajovic-Cungu.11.jpg\" alt=\"Djukanovic inaguracija mosta Port Milena-Ulcinj - Brajovic-Cungu.11\" width=\"508\" height=\"338\" srcset=\"https:\/\/www.visit-ulcinj.com\/blog\/wp-content\/uploads\/2013\/05\/Djukanovic-inaguracija-mosta-Port-Milena-Ulcinj-Brajovic-Cungu.11.jpg 795w, https:\/\/www.visit-ulcinj.com\/blog\/wp-content\/uploads\/2013\/05\/Djukanovic-inaguracija-mosta-Port-Milena-Ulcinj-Brajovic-Cungu.11-300x199.jpg 300w\" sizes=\"(max-width: 508px) 100vw, 508px\" \/><\/a>Nakon sjednica Predsjedni\u0161tva DPS-a kojom je predsjedavao lider Milo \u0110ukanovi\u0107, saop\u0161teno je da je ta partija odgovorno pristupaju\u0107i politi\u010dkoj situaciji u Ulcinju, pregovorala sa politi\u010dkim partnerima o ponudi za formiranje lokalne koalicione vlasti.<\/p>\n<p>Navodi se da je osnovni pristup DPS bio objedinjavanje svih politi\u010dkih snaga u Ulcinju sa kojima ta partija ima razvijene politi\u010dke odnose i na dr\u017eavnom nivou, kako bi se uspostavila funkcionalna lokalna vlast u interesu Ulcinja i svih njegovih gra\u0111ana.<\/p>\n<p>DPS se, kako su naveli, u pregovorima nije rukovodila ponudama za najodgovornije funkcije u lokalnoj vlasti, ve\u0107 isklju\u010divo principima uspostavljanja politi\u010dkog povjerenja i partnerstva u cilju prevazila\u017eenja aktuelne politi\u010dke krize u Ulcinju.<\/p>\n<p>Predsjedni\u0161tvo je konstatovano da se u ovom trenutku nije mogla obezbijediti saglasnost ostalih u\u010desnika razgovora na tim principima.<\/p>\n<p>&#8220;Predsjedni\u0161tvo je, umjesto odluke o ulasku u lokalnu vlast sa jednim od partnera, podr\u017ealo opredjeljenje za nastavak dijaloga u cilju stvaranja pretpostvki za naj\u0161iru mogu\u0107u koalicionu ve\u0107inu, koja \u0107e obezbijediti ostvarivanje interesa gra\u0111ana Ulcinja, kao i nastavak saradnje na planu realizacije strate\u0161kih dr\u017eavnih ciljeva&#8221;, navodi se u saop\u0161tenju.<\/p>\n<p>Predsjedni\u0161tvo je odredilo i koodrinatore za rad op\u0161tinskih partijskih organizacija DPS, a je podr\u017ean prijedlog politi\u010dkog direktora za sastav novog Izvr\u0161nog odbora.<\/p>\n<p><span class=\"credits__author\"> <strong>Autor: Mina \/ Vijesti Online <\/strong><\/span><\/p>\n","protected":false},"excerpt":{"rendered":"<p>Demokratska partija socijalista (DPS) opredijeljena je za nastavak dijaloga u cilju stvaranja pretpostvki za naj\u0161iru mogu\u0107u koalicionu ve\u0107inu u Ulcinju, koja \u0107e obezbijediti ostvarivanje interesa gra\u0111ana i nastavak saradnje za realizaciju strate\u0161kih dr\u017eavnih ciljeva. Nakon sjednica Predsjedni\u0161tva DPS-a kojom je predsjedavao lider Milo \u0110ukanovi\u0107, saop\u0161teno je da je ta partija odgovorno pristupaju\u0107i politi\u010dkoj situaciji u [&hellip;]<\/p>\n","protected":false},"author":1,"featured_media":0,"comment_status":"closed","ping_status":"closed","sticky":false,"template":"","format":"standard","meta":{"spay_email":"","jetpack_publicize_message":"","jetpack_is_tweetstorm":false,"jetpack_publicize_feature_enabled":true},"categories":[8337],"tags":[],"jetpack_publicize_connections":[],"yoast_head":"<!-- This site is optimized with the Yoast SEO plugin v19.1 - https:\/\/yoast.com\/wordpress\/plugins\/seo\/ -->\n<title>\u0110ukanovi\u0107: Ponuda za formiranje lokalne koalicione vlasti u Ulcinj - Lajme nga Ulqini<\/title>\n<meta name=\"description\" content=\"Demokratska partija socijalista (DPS) opredijeljena je za nastavak dijaloga u cilju stvaranja pretpostvki za naj\u0161iru mogu\u0107u koalicionu ve\u0107inu u Ulcinju,\" \/>\n<meta name=\"robots\" content=\"index, follow, max-snippet:-1, max-image-preview:large, max-video-preview:-1\" \/>\n<link rel=\"canonical\" href=\"https:\/\/www.visit-ulcinj.com\/blog\/2015\/12\/16\/dukanovic-ponuda-za-formiranje-lokalne-koalicione-vlasti-u-ulcinj\/\" \/>\n<meta property=\"og:locale\" content=\"en_US\" \/>\n<meta property=\"og:type\" content=\"article\" \/>\n<meta property=\"og:title\" content=\"\u0110ukanovi\u0107: Ponuda za formiranje lokalne koalicione vlasti u Ulcinj - Lajme nga Ulqini\" \/>\n<meta property=\"og:description\" content=\"Demokratska partija socijalista (DPS) opredijeljena je za nastavak dijaloga u cilju stvaranja pretpostvki za naj\u0161iru mogu\u0107u koalicionu ve\u0107inu u Ulcinju,\" \/>\n<meta property=\"og:url\" content=\"https:\/\/www.visit-ulcinj.com\/blog\/2015\/12\/16\/dukanovic-ponuda-za-formiranje-lokalne-koalicione-vlasti-u-ulcinj\/\" \/>\n<meta property=\"og:site_name\" content=\"Lajme nga Ulqini\" \/>\n<meta property=\"article:published_time\" content=\"2015-12-16T17:43:15+00:00\" \/>\n<meta property=\"og:image\" content=\"http:\/\/www.visit-ulcinj.com\/blog\/wp-content\/uploads\/2013\/05\/Djukanovic-inaguracija-mosta-Port-Milena-Ulcinj-Brajovic-Cungu.11.jpg\" \/>\n<meta name=\"twitter:label1\" content=\"Written by\" \/>\n\t<meta name=\"twitter:data1\" content=\"ulqini\" \/>\n\t<meta name=\"twitter:label2\" content=\"Est. reading time\" \/>\n\t<meta name=\"twitter:data2\" content=\"1 minute\" \/>\n<script type=\"application\/ld+json\" class=\"yoast-schema-graph\">{\"@context\":\"https:\/\/schema.org\",\"@graph\":[{\"@type\":\"WebSite\",\"@id\":\"https:\/\/www.visit-ulcinj.com\/blog\/#website\",\"url\":\"https:\/\/www.visit-ulcinj.com\/blog\/\",\"name\":\"Lajme nga Ulqini\",\"description\":\"Lajme,Vijesti,Ulqini,Ulqin,Crna Gora,Mali i Zi\",\"potentialAction\":[{\"@type\":\"SearchAction\",\"target\":{\"@type\":\"EntryPoint\",\"urlTemplate\":\"https:\/\/www.visit-ulcinj.com\/blog\/?s={search_term_string}\"},\"query-input\":\"required name=search_term_string\"}],\"inLanguage\":\"en-US\"},{\"@type\":\"ImageObject\",\"inLanguage\":\"en-US\",\"@id\":\"https:\/\/www.visit-ulcinj.com\/blog\/2015\/12\/16\/dukanovic-ponuda-za-formiranje-lokalne-koalicione-vlasti-u-ulcinj\/#primaryimage\",\"url\":\"https:\/\/www.visit-ulcinj.com\/blog\/wp-content\/uploads\/2013\/05\/Djukanovic-inaguracija-mosta-Port-Milena-Ulcinj-Brajovic-Cungu.11.jpg\",\"contentUrl\":\"https:\/\/www.visit-ulcinj.com\/blog\/wp-content\/uploads\/2013\/05\/Djukanovic-inaguracija-mosta-Port-Milena-Ulcinj-Brajovic-Cungu.11.jpg\",\"width\":795,\"height\":529},{\"@type\":\"WebPage\",\"@id\":\"https:\/\/www.visit-ulcinj.com\/blog\/2015\/12\/16\/dukanovic-ponuda-za-formiranje-lokalne-koalicione-vlasti-u-ulcinj\/#webpage\",\"url\":\"https:\/\/www.visit-ulcinj.com\/blog\/2015\/12\/16\/dukanovic-ponuda-za-formiranje-lokalne-koalicione-vlasti-u-ulcinj\/\",\"name\":\"\u0110ukanovi\u0107: Ponuda za formiranje lokalne koalicione vlasti u Ulcinj - Lajme nga Ulqini\",\"isPartOf\":{\"@id\":\"https:\/\/www.visit-ulcinj.com\/blog\/#website\"},\"primaryImageOfPage\":{\"@id\":\"https:\/\/www.visit-ulcinj.com\/blog\/2015\/12\/16\/dukanovic-ponuda-za-formiranje-lokalne-koalicione-vlasti-u-ulcinj\/#primaryimage\"},\"datePublished\":\"2015-12-16T17:43:15+00:00\",\"dateModified\":\"2015-12-16T17:43:15+00:00\",\"author\":{\"@id\":\"https:\/\/www.visit-ulcinj.com\/blog\/#\/schema\/person\/dcab619c614d3038751c63bc2aadc06d\"},\"description\":\"Demokratska partija socijalista (DPS) opredijeljena je za nastavak dijaloga u cilju stvaranja pretpostvki za naj\u0161iru mogu\u0107u koalicionu ve\u0107inu u Ulcinju,\",\"breadcrumb\":{\"@id\":\"https:\/\/www.visit-ulcinj.com\/blog\/2015\/12\/16\/dukanovic-ponuda-za-formiranje-lokalne-koalicione-vlasti-u-ulcinj\/#breadcrumb\"},\"inLanguage\":\"en-US\",\"potentialAction\":[{\"@type\":\"ReadAction\",\"target\":[\"https:\/\/www.visit-ulcinj.com\/blog\/2015\/12\/16\/dukanovic-ponuda-za-formiranje-lokalne-koalicione-vlasti-u-ulcinj\/\"]}]},{\"@type\":\"BreadcrumbList\",\"@id\":\"https:\/\/www.visit-ulcinj.com\/blog\/2015\/12\/16\/dukanovic-ponuda-za-formiranje-lokalne-koalicione-vlasti-u-ulcinj\/#breadcrumb\",\"itemListElement\":[{\"@type\":\"ListItem\",\"position\":1,\"name\":\"\u0110ukanovi\u0107: Ponuda za formiranje lokalne koalicione vlasti u Ulcinj\"}]},{\"@type\":\"Person\",\"@id\":\"https:\/\/www.visit-ulcinj.com\/blog\/#\/schema\/person\/dcab619c614d3038751c63bc2aadc06d\",\"name\":\"ulqini\",\"sameAs\":[\"http:\/\/www.visit-ulcinj.com\"],\"url\":\"https:\/\/www.visit-ulcinj.com\/blog\/author\/admin\/\"}]}<\/script>\n<!-- \/ Yoast SEO plugin. -->","yoast_head_json":{"title":"\u0110ukanovi\u0107: Ponuda za formiranje lokalne koalicione vlasti u Ulcinj - Lajme nga Ulqini","description":"Demokratska partija socijalista (DPS) opredijeljena je za nastavak dijaloga u cilju stvaranja pretpostvki za naj\u0161iru mogu\u0107u koalicionu ve\u0107inu u Ulcinju,","robots":{"index":"index","follow":"follow","max-snippet":"max-snippet:-1","max-image-preview":"max-image-preview:large","max-video-preview":"max-video-preview:-1"},"canonical":"https:\/\/www.visit-ulcinj.com\/blog\/2015\/12\/16\/dukanovic-ponuda-za-formiranje-lokalne-koalicione-vlasti-u-ulcinj\/","og_locale":"en_US","og_type":"article","og_title":"\u0110ukanovi\u0107: Ponuda za formiranje lokalne koalicione vlasti u Ulcinj - Lajme nga Ulqini","og_description":"Demokratska partija socijalista (DPS) opredijeljena je za nastavak dijaloga u cilju stvaranja pretpostvki za naj\u0161iru mogu\u0107u koalicionu ve\u0107inu u Ulcinju,","og_url":"https:\/\/www.visit-ulcinj.com\/blog\/2015\/12\/16\/dukanovic-ponuda-za-formiranje-lokalne-koalicione-vlasti-u-ulcinj\/","og_site_name":"Lajme nga Ulqini","article_published_time":"2015-12-16T17:43:15+00:00","og_image":[{"url":"http:\/\/www.visit-ulcinj.com\/blog\/wp-content\/uploads\/2013\/05\/Djukanovic-inaguracija-mosta-Port-Milena-Ulcinj-Brajovic-Cungu.11.jpg"}],"twitter_misc":{"Written by":"ulqini","Est. reading time":"1 minute"},"schema":{"@context":"https:\/\/schema.org","@graph":[{"@type":"WebSite","@id":"https:\/\/www.visit-ulcinj.com\/blog\/#website","url":"https:\/\/www.visit-ulcinj.com\/blog\/","name":"Lajme nga Ulqini","description":"Lajme,Vijesti,Ulqini,Ulqin,Crna Gora,Mali i Zi","potentialAction":[{"@type":"SearchAction","target":{"@type":"EntryPoint","urlTemplate":"https:\/\/www.visit-ulcinj.com\/blog\/?s={search_term_string}"},"query-input":"required name=search_term_string"}],"inLanguage":"en-US"},{"@type":"ImageObject","inLanguage":"en-US","@id":"https:\/\/www.visit-ulcinj.com\/blog\/2015\/12\/16\/dukanovic-ponuda-za-formiranje-lokalne-koalicione-vlasti-u-ulcinj\/#primaryimage","url":"https:\/\/www.visit-ulcinj.com\/blog\/wp-content\/uploads\/2013\/05\/Djukanovic-inaguracija-mosta-Port-Milena-Ulcinj-Brajovic-Cungu.11.jpg","contentUrl":"https:\/\/www.visit-ulcinj.com\/blog\/wp-content\/uploads\/2013\/05\/Djukanovic-inaguracija-mosta-Port-Milena-Ulcinj-Brajovic-Cungu.11.jpg","width":795,"height":529},{"@type":"WebPage","@id":"https:\/\/www.visit-ulcinj.com\/blog\/2015\/12\/16\/dukanovic-ponuda-za-formiranje-lokalne-koalicione-vlasti-u-ulcinj\/#webpage","url":"https:\/\/www.visit-ulcinj.com\/blog\/2015\/12\/16\/dukanovic-ponuda-za-formiranje-lokalne-koalicione-vlasti-u-ulcinj\/","name":"\u0110ukanovi\u0107: Ponuda za formiranje lokalne koalicione vlasti u Ulcinj - Lajme nga Ulqini","isPartOf":{"@id":"https:\/\/www.visit-ulcinj.com\/blog\/#website"},"primaryImageOfPage":{"@id":"https:\/\/www.visit-ulcinj.com\/blog\/2015\/12\/16\/dukanovic-ponuda-za-formiranje-lokalne-koalicione-vlasti-u-ulcinj\/#primaryimage"},"datePublished":"2015-12-16T17:43:15+00:00","dateModified":"2015-12-16T17:43:15+00:00","author":{"@id":"https:\/\/www.visit-ulcinj.com\/blog\/#\/schema\/person\/dcab619c614d3038751c63bc2aadc06d"},"description":"Demokratska partija socijalista (DPS) opredijeljena je za nastavak dijaloga u cilju stvaranja pretpostvki za naj\u0161iru mogu\u0107u koalicionu ve\u0107inu u Ulcinju,","breadcrumb":{"@id":"https:\/\/www.visit-ulcinj.com\/blog\/2015\/12\/16\/dukanovic-ponuda-za-formiranje-lokalne-koalicione-vlasti-u-ulcinj\/#breadcrumb"},"inLanguage":"en-US","potentialAction":[{"@type":"ReadAction","target":["https:\/\/www.visit-ulcinj.com\/blog\/2015\/12\/16\/dukanovic-ponuda-za-formiranje-lokalne-koalicione-vlasti-u-ulcinj\/"]}]},{"@type":"BreadcrumbList","@id":"https:\/\/www.visit-ulcinj.com\/blog\/2015\/12\/16\/dukanovic-ponuda-za-formiranje-lokalne-koalicione-vlasti-u-ulcinj\/#breadcrumb","itemListElement":[{"@type":"ListItem","position":1,"name":"\u0110ukanovi\u0107: Ponuda za formiranje lokalne koalicione vlasti u Ulcinj"}]},{"@type":"Person","@id":"https:\/\/www.visit-ulcinj.com\/blog\/#\/schema\/person\/dcab619c614d3038751c63bc2aadc06d","name":"ulqini","sameAs":["http:\/\/www.visit-ulcinj.com"],"url":"https:\/\/www.visit-ulcinj.com\/blog\/author\/admin\/"}]}},"jetpack_featured_media_url":"","jetpack_sharing_enabled":true,"jetpack_shortlink":"https:\/\/wp.me\/pe6lTn-onc","_links":{"self":[{"href":"https:\/\/www.visit-ulcinj.com\/blog\/wp-json\/wp\/v2\/posts\/93694"}],"collection":[{"href":"https:\/\/www.visit-ulcinj.com\/blog\/wp-json\/wp\/v2\/posts"}],"about":[{"href":"https:\/\/www.visit-ulcinj.com\/blog\/wp-json\/wp\/v2\/types\/post"}],"author":[{"embeddable":true,"href":"https:\/\/www.visit-ulcinj.com\/blog\/wp-json\/wp\/v2\/users\/1"}],"replies":[{"embeddable":true,"href":"https:\/\/www.visit-ulcinj.com\/blog\/wp-json\/wp\/v2\/comments?post=93694"}],"version-history":[{"count":1,"href":"https:\/\/www.visit-ulcinj.com\/blog\/wp-json\/wp\/v2\/posts\/93694\/revisions"}],"predecessor-version":[{"id":93695,"href":"https:\/\/www.visit-ulcinj.com\/blog\/wp-json\/wp\/v2\/posts\/93694\/revisions\/93695"}],"wp:attachment":[{"href":"https:\/\/www.visit-ulcinj.com\/blog\/wp-json\/wp\/v2\/media?parent=93694"}],"wp:term":[{"taxonomy":"category","embeddable":true,"href":"https:\/\/www.visit-ulcinj.com\/blog\/wp-json\/wp\/v2\/categories?post=93694"},{"taxonomy":"post_tag","embeddable":true,"href":"https:\/\/www.visit-ulcinj.com\/blog\/wp-json\/wp\/v2\/tags?post=93694"}],"curies":[{"name":"wp","href":"https:\/\/api.w.org\/{rel}","templated":true}]}}