{"id":93696,"date":"2015-12-16T21:48:43","date_gmt":"2015-12-16T20:48:43","guid":{"rendered":"http:\/\/www.visit-ulcinj.com\/blog\/?p=93696"},"modified":"2015-12-17T14:40:44","modified_gmt":"2015-12-17T13:40:44","slug":"gjeka-ka-filluar-konsultimet-lideret-e-subjekteve-politike","status":"publish","type":"post","link":"https:\/\/www.visit-ulcinj.com\/blog\/2015\/12\/16\/gjeka-ka-filluar-konsultimet-lideret-e-subjekteve-politike\/","title":{"rendered":"Gjeka ka filluar konsultimet me lider\u00ebt e subjekteve politike"},"content":{"rendered":"<p id=\":11o\" class=\"hP\" tabindex=\"-1\"><strong><a href=\"http:\/\/www.visit-ulcinj.com\/blog\/wp-content\/uploads\/2015\/12\/Ulqini-Platforma-shqiptaret.jpg\"><img loading=\"lazy\" class=\"alignleft wp-image-93502\" src=\"http:\/\/www.visit-ulcinj.com\/blog\/wp-content\/uploads\/2015\/12\/Ulqini-Platforma-shqiptaret.jpg\" alt=\"Ulqini-Platforma-shqiptaret\" width=\"508\" height=\"295\" srcset=\"https:\/\/www.visit-ulcinj.com\/blog\/wp-content\/uploads\/2015\/12\/Ulqini-Platforma-shqiptaret.jpg 640w, https:\/\/www.visit-ulcinj.com\/blog\/wp-content\/uploads\/2015\/12\/Ulqini-Platforma-shqiptaret-300x174.jpg 300w\" sizes=\"(max-width: 508px) 100vw, 508px\" \/><\/a>Kryetari i Komun\u00ebs s\u00eb Ulqinit Fatmir Gjeka ka filluar konsultimet me lider\u00ebt e subjekteve politike dhe shefat e grupeve t\u00eb k\u00ebshilltar\u00ebve n\u00eb Kuvendin e Komun\u00ebs<\/strong><\/p>\n<p>Kryetari i Komun\u00ebs s\u00eb Ulqinit Fatmir Gjeka ka filluar konsultimet me lider\u00ebt e subjekteve politike dhe shefat e grupeve t\u00eb k\u00ebshilltar\u00ebve n\u00eb Kuvendin e Komun\u00ebs.<\/p>\n<p>Kryetari Gjeka ka apeluar tek p\u00ebrfaq\u00ebsuesit e subjekteve politik q\u00eb bashk\u00ebkarisht t\u00eb punojn\u00eb n\u00eb gjetjen e zgjidhjes t\u00eb kriz\u00ebs politike n\u00eb Ulqin, n\u00eb m\u00ebnyr\u00eb q\u00eb t\u00eb sillen vendime n\u00eb interes t\u00eb qytetar\u00ebve t\u00eb Ulqinit, t\u00eb fuksionimit t\u00eb administrat\u00ebs lokale dhe nd\u00ebrmarrjeve publike q\u00eb Komuna \u00ebsht\u00eb themelues.<\/p>\n<p>Kjo para se gjithash ka t\u00eb b\u00ebj\u00eb me vendimet t\u00eb cilat duhet miratuar n\u00eb parlamentin lokal m\u00eb q\u00ebllim t\u00eb marrjes s\u00eb kredis\u00eb n\u00eb mas\u00ebn 4,25 milion euro, p\u00ebr \u00e7\u2019gj\u00eb Qeveria e Malit t\u00eb Zi ka dh\u00ebn\u00eb garacionet e duhura, e kjo n\u00ebnkupton miratimin e rebalansit t\u00eb buxhetit \u2013 shtoi kryetari Gjeka.<\/p>\n<p>Miratimi sa m\u00eb i shpejt\u00eb i k\u00ebtyre vendimeve do t\u00eb mund\u00ebsoj\u00eb dhe fillimin e realizimit t\u00eb projektit t\u00eb shum\u00eb pritur me Bank\u00ebn Gjermane p\u00ebr Zhvillim \u2013 KFW, respektivisht rekonstruimin e rrjetit t\u00eb uj\u00ebsjell\u00ebsit dhe kanalizimit m\u00eb vler\u00eb rreth 20 milion euro.<\/p>\n<p>Kryetari i Komun\u00ebs shpreh bindjen q\u00eb me vullnet t\u00eb mir\u00eb mund t\u00eb arrihet koncensusi i duhur p\u00ebr miratimin dhe t\u00eb nj\u00eb s\u00ebr\u00eb vendimeve t\u00eb p\u00ebgatitura dhe planeve, p\u00ebrfshir\u00eb k\u00ebtu dhe Planin strategjik zhvillimor t\u00eb Komun\u00ebs s\u00eb Ulqinit p\u00ebr periudh\u00ebn 2016-2020, p\u00ebr t\u00eb cilin \u00ebsht\u00eb dh\u00ebn\u00eb p\u00eblqimi dhe nga ana e Ministris\u00eb s\u00eb Ekonomis\u00eb.<\/p>\n<p>Komuna Ulqinit<\/p>\n","protected":false},"excerpt":{"rendered":"<p>Kryetari i Komun\u00ebs s\u00eb Ulqinit Fatmir Gjeka ka filluar konsultimet me lider\u00ebt e subjekteve politike dhe shefat e grupeve t\u00eb k\u00ebshilltar\u00ebve n\u00eb Kuvendin e Komun\u00ebs Kryetari i Komun\u00ebs s\u00eb Ulqinit Fatmir Gjeka ka filluar konsultimet me lider\u00ebt e subjekteve politike dhe shefat e grupeve t\u00eb k\u00ebshilltar\u00ebve n\u00eb Kuvendin e Komun\u00ebs. Kryetari Gjeka ka apeluar tek [&hellip;]<\/p>\n","protected":false},"author":1,"featured_media":0,"comment_status":"closed","ping_status":"closed","sticky":false,"template":"","format":"standard","meta":{"spay_email":"","jetpack_publicize_message":"","jetpack_is_tweetstorm":false,"jetpack_publicize_feature_enabled":true},"categories":[1,6],"tags":[],"jetpack_publicize_connections":[],"yoast_head":"<!-- This site is optimized with the Yoast SEO plugin v19.1 - https:\/\/yoast.com\/wordpress\/plugins\/seo\/ -->\n<title>Gjeka ka filluar konsultimet me lider\u00ebt e subjekteve politike - Lajme nga Ulqini<\/title>\n<meta name=\"description\" content=\"Kryetari i Komun\u00ebs s\u00eb Ulqinit Fatmir Gjeka ka filluar konsultimet me lider\u00ebt e subjekteve politike dhe shefat e grupeve t\u00eb k\u00ebshilltar\u00ebve n\u00eb Kuvendin e\" \/>\n<meta name=\"robots\" content=\"index, follow, max-snippet:-1, max-image-preview:large, max-video-preview:-1\" \/>\n<link rel=\"canonical\" href=\"https:\/\/www.visit-ulcinj.com\/blog\/2015\/12\/16\/gjeka-ka-filluar-konsultimet-lideret-e-subjekteve-politike\/\" \/>\n<meta property=\"og:locale\" content=\"en_US\" \/>\n<meta property=\"og:type\" content=\"article\" \/>\n<meta property=\"og:title\" content=\"Gjeka ka filluar konsultimet me lider\u00ebt e subjekteve politike - Lajme nga Ulqini\" \/>\n<meta property=\"og:description\" content=\"Kryetari i Komun\u00ebs s\u00eb Ulqinit Fatmir Gjeka ka filluar konsultimet me lider\u00ebt e subjekteve politike dhe shefat e grupeve t\u00eb k\u00ebshilltar\u00ebve n\u00eb Kuvendin e\" \/>\n<meta property=\"og:url\" content=\"https:\/\/www.visit-ulcinj.com\/blog\/2015\/12\/16\/gjeka-ka-filluar-konsultimet-lideret-e-subjekteve-politike\/\" \/>\n<meta property=\"og:site_name\" content=\"Lajme nga Ulqini\" \/>\n<meta property=\"article:published_time\" content=\"2015-12-16T20:48:43+00:00\" \/>\n<meta property=\"article:modified_time\" content=\"2015-12-17T13:40:44+00:00\" \/>\n<meta property=\"og:image\" content=\"http:\/\/www.visit-ulcinj.com\/blog\/wp-content\/uploads\/2015\/12\/Ulqini-Platforma-shqiptaret.jpg\" \/>\n<meta name=\"twitter:label1\" content=\"Written by\" \/>\n\t<meta name=\"twitter:data1\" content=\"ulqini\" \/>\n\t<meta name=\"twitter:label2\" content=\"Est. reading time\" \/>\n\t<meta name=\"twitter:data2\" content=\"1 minute\" \/>\n<script type=\"application\/ld+json\" class=\"yoast-schema-graph\">{\"@context\":\"https:\/\/schema.org\",\"@graph\":[{\"@type\":\"WebSite\",\"@id\":\"https:\/\/www.visit-ulcinj.com\/blog\/#website\",\"url\":\"https:\/\/www.visit-ulcinj.com\/blog\/\",\"name\":\"Lajme nga Ulqini\",\"description\":\"Lajme,Vijesti,Ulqini,Ulqin,Crna Gora,Mali i Zi\",\"potentialAction\":[{\"@type\":\"SearchAction\",\"target\":{\"@type\":\"EntryPoint\",\"urlTemplate\":\"https:\/\/www.visit-ulcinj.com\/blog\/?s={search_term_string}\"},\"query-input\":\"required name=search_term_string\"}],\"inLanguage\":\"en-US\"},{\"@type\":\"ImageObject\",\"inLanguage\":\"en-US\",\"@id\":\"https:\/\/www.visit-ulcinj.com\/blog\/2015\/12\/16\/gjeka-ka-filluar-konsultimet-lideret-e-subjekteve-politike\/#primaryimage\",\"url\":\"https:\/\/www.visit-ulcinj.com\/blog\/wp-content\/uploads\/2015\/12\/Ulqini-Platforma-shqiptaret.jpg\",\"contentUrl\":\"https:\/\/www.visit-ulcinj.com\/blog\/wp-content\/uploads\/2015\/12\/Ulqini-Platforma-shqiptaret.jpg\",\"width\":640,\"height\":372},{\"@type\":\"WebPage\",\"@id\":\"https:\/\/www.visit-ulcinj.com\/blog\/2015\/12\/16\/gjeka-ka-filluar-konsultimet-lideret-e-subjekteve-politike\/#webpage\",\"url\":\"https:\/\/www.visit-ulcinj.com\/blog\/2015\/12\/16\/gjeka-ka-filluar-konsultimet-lideret-e-subjekteve-politike\/\",\"name\":\"Gjeka ka filluar konsultimet me lider\u00ebt e subjekteve politike - Lajme nga Ulqini\",\"isPartOf\":{\"@id\":\"https:\/\/www.visit-ulcinj.com\/blog\/#website\"},\"primaryImageOfPage\":{\"@id\":\"https:\/\/www.visit-ulcinj.com\/blog\/2015\/12\/16\/gjeka-ka-filluar-konsultimet-lideret-e-subjekteve-politike\/#primaryimage\"},\"datePublished\":\"2015-12-16T20:48:43+00:00\",\"dateModified\":\"2015-12-17T13:40:44+00:00\",\"author\":{\"@id\":\"https:\/\/www.visit-ulcinj.com\/blog\/#\/schema\/person\/dcab619c614d3038751c63bc2aadc06d\"},\"description\":\"Kryetari i Komun\u00ebs s\u00eb Ulqinit Fatmir Gjeka ka filluar konsultimet me lider\u00ebt e subjekteve politike dhe shefat e grupeve t\u00eb k\u00ebshilltar\u00ebve n\u00eb Kuvendin e\",\"breadcrumb\":{\"@id\":\"https:\/\/www.visit-ulcinj.com\/blog\/2015\/12\/16\/gjeka-ka-filluar-konsultimet-lideret-e-subjekteve-politike\/#breadcrumb\"},\"inLanguage\":\"en-US\",\"potentialAction\":[{\"@type\":\"ReadAction\",\"target\":[\"https:\/\/www.visit-ulcinj.com\/blog\/2015\/12\/16\/gjeka-ka-filluar-konsultimet-lideret-e-subjekteve-politike\/\"]}]},{\"@type\":\"BreadcrumbList\",\"@id\":\"https:\/\/www.visit-ulcinj.com\/blog\/2015\/12\/16\/gjeka-ka-filluar-konsultimet-lideret-e-subjekteve-politike\/#breadcrumb\",\"itemListElement\":[{\"@type\":\"ListItem\",\"position\":1,\"name\":\"Gjeka ka filluar konsultimet me lider\u00ebt e subjekteve politike\"}]},{\"@type\":\"Person\",\"@id\":\"https:\/\/www.visit-ulcinj.com\/blog\/#\/schema\/person\/dcab619c614d3038751c63bc2aadc06d\",\"name\":\"ulqini\",\"sameAs\":[\"http:\/\/www.visit-ulcinj.com\"],\"url\":\"https:\/\/www.visit-ulcinj.com\/blog\/author\/admin\/\"}]}<\/script>\n<!-- \/ Yoast SEO plugin. -->","yoast_head_json":{"title":"Gjeka ka filluar konsultimet me lider\u00ebt e subjekteve politike - Lajme nga Ulqini","description":"Kryetari i Komun\u00ebs s\u00eb Ulqinit Fatmir Gjeka ka filluar konsultimet me lider\u00ebt e subjekteve politike dhe shefat e grupeve t\u00eb k\u00ebshilltar\u00ebve n\u00eb Kuvendin e","robots":{"index":"index","follow":"follow","max-snippet":"max-snippet:-1","max-image-preview":"max-image-preview:large","max-video-preview":"max-video-preview:-1"},"canonical":"https:\/\/www.visit-ulcinj.com\/blog\/2015\/12\/16\/gjeka-ka-filluar-konsultimet-lideret-e-subjekteve-politike\/","og_locale":"en_US","og_type":"article","og_title":"Gjeka ka filluar konsultimet me lider\u00ebt e subjekteve politike - Lajme nga Ulqini","og_description":"Kryetari i Komun\u00ebs s\u00eb Ulqinit Fatmir Gjeka ka filluar konsultimet me lider\u00ebt e subjekteve politike dhe shefat e grupeve t\u00eb k\u00ebshilltar\u00ebve n\u00eb Kuvendin e","og_url":"https:\/\/www.visit-ulcinj.com\/blog\/2015\/12\/16\/gjeka-ka-filluar-konsultimet-lideret-e-subjekteve-politike\/","og_site_name":"Lajme nga Ulqini","article_published_time":"2015-12-16T20:48:43+00:00","article_modified_time":"2015-12-17T13:40:44+00:00","og_image":[{"url":"http:\/\/www.visit-ulcinj.com\/blog\/wp-content\/uploads\/2015\/12\/Ulqini-Platforma-shqiptaret.jpg"}],"twitter_misc":{"Written by":"ulqini","Est. reading time":"1 minute"},"schema":{"@context":"https:\/\/schema.org","@graph":[{"@type":"WebSite","@id":"https:\/\/www.visit-ulcinj.com\/blog\/#website","url":"https:\/\/www.visit-ulcinj.com\/blog\/","name":"Lajme nga Ulqini","description":"Lajme,Vijesti,Ulqini,Ulqin,Crna Gora,Mali i Zi","potentialAction":[{"@type":"SearchAction","target":{"@type":"EntryPoint","urlTemplate":"https:\/\/www.visit-ulcinj.com\/blog\/?s={search_term_string}"},"query-input":"required name=search_term_string"}],"inLanguage":"en-US"},{"@type":"ImageObject","inLanguage":"en-US","@id":"https:\/\/www.visit-ulcinj.com\/blog\/2015\/12\/16\/gjeka-ka-filluar-konsultimet-lideret-e-subjekteve-politike\/#primaryimage","url":"https:\/\/www.visit-ulcinj.com\/blog\/wp-content\/uploads\/2015\/12\/Ulqini-Platforma-shqiptaret.jpg","contentUrl":"https:\/\/www.visit-ulcinj.com\/blog\/wp-content\/uploads\/2015\/12\/Ulqini-Platforma-shqiptaret.jpg","width":640,"height":372},{"@type":"WebPage","@id":"https:\/\/www.visit-ulcinj.com\/blog\/2015\/12\/16\/gjeka-ka-filluar-konsultimet-lideret-e-subjekteve-politike\/#webpage","url":"https:\/\/www.visit-ulcinj.com\/blog\/2015\/12\/16\/gjeka-ka-filluar-konsultimet-lideret-e-subjekteve-politike\/","name":"Gjeka ka filluar konsultimet me lider\u00ebt e subjekteve politike - Lajme nga Ulqini","isPartOf":{"@id":"https:\/\/www.visit-ulcinj.com\/blog\/#website"},"primaryImageOfPage":{"@id":"https:\/\/www.visit-ulcinj.com\/blog\/2015\/12\/16\/gjeka-ka-filluar-konsultimet-lideret-e-subjekteve-politike\/#primaryimage"},"datePublished":"2015-12-16T20:48:43+00:00","dateModified":"2015-12-17T13:40:44+00:00","author":{"@id":"https:\/\/www.visit-ulcinj.com\/blog\/#\/schema\/person\/dcab619c614d3038751c63bc2aadc06d"},"description":"Kryetari i Komun\u00ebs s\u00eb Ulqinit Fatmir Gjeka ka filluar konsultimet me lider\u00ebt e subjekteve politike dhe shefat e grupeve t\u00eb k\u00ebshilltar\u00ebve n\u00eb Kuvendin e","breadcrumb":{"@id":"https:\/\/www.visit-ulcinj.com\/blog\/2015\/12\/16\/gjeka-ka-filluar-konsultimet-lideret-e-subjekteve-politike\/#breadcrumb"},"inLanguage":"en-US","potentialAction":[{"@type":"ReadAction","target":["https:\/\/www.visit-ulcinj.com\/blog\/2015\/12\/16\/gjeka-ka-filluar-konsultimet-lideret-e-subjekteve-politike\/"]}]},{"@type":"BreadcrumbList","@id":"https:\/\/www.visit-ulcinj.com\/blog\/2015\/12\/16\/gjeka-ka-filluar-konsultimet-lideret-e-subjekteve-politike\/#breadcrumb","itemListElement":[{"@type":"ListItem","position":1,"name":"Gjeka ka filluar konsultimet me lider\u00ebt e subjekteve politike"}]},{"@type":"Person","@id":"https:\/\/www.visit-ulcinj.com\/blog\/#\/schema\/person\/dcab619c614d3038751c63bc2aadc06d","name":"ulqini","sameAs":["http:\/\/www.visit-ulcinj.com"],"url":"https:\/\/www.visit-ulcinj.com\/blog\/author\/admin\/"}]}},"jetpack_featured_media_url":"","jetpack_sharing_enabled":true,"jetpack_shortlink":"https:\/\/wp.me\/pe6lTn-one","_links":{"self":[{"href":"https:\/\/www.visit-ulcinj.com\/blog\/wp-json\/wp\/v2\/posts\/93696"}],"collection":[{"href":"https:\/\/www.visit-ulcinj.com\/blog\/wp-json\/wp\/v2\/posts"}],"about":[{"href":"https:\/\/www.visit-ulcinj.com\/blog\/wp-json\/wp\/v2\/types\/post"}],"author":[{"embeddable":true,"href":"https:\/\/www.visit-ulcinj.com\/blog\/wp-json\/wp\/v2\/users\/1"}],"replies":[{"embeddable":true,"href":"https:\/\/www.visit-ulcinj.com\/blog\/wp-json\/wp\/v2\/comments?post=93696"}],"version-history":[{"count":1,"href":"https:\/\/www.visit-ulcinj.com\/blog\/wp-json\/wp\/v2\/posts\/93696\/revisions"}],"predecessor-version":[{"id":93698,"href":"https:\/\/www.visit-ulcinj.com\/blog\/wp-json\/wp\/v2\/posts\/93696\/revisions\/93698"}],"wp:attachment":[{"href":"https:\/\/www.visit-ulcinj.com\/blog\/wp-json\/wp\/v2\/media?parent=93696"}],"wp:term":[{"taxonomy":"category","embeddable":true,"href":"https:\/\/www.visit-ulcinj.com\/blog\/wp-json\/wp\/v2\/categories?post=93696"},{"taxonomy":"post_tag","embeddable":true,"href":"https:\/\/www.visit-ulcinj.com\/blog\/wp-json\/wp\/v2\/tags?post=93696"}],"curies":[{"name":"wp","href":"https:\/\/api.w.org\/{rel}","templated":true}]}}