{"id":93699,"date":"2015-12-17T14:31:31","date_gmt":"2015-12-17T13:31:31","guid":{"rendered":"http:\/\/www.visit-ulcinj.com\/blog\/?p=93699"},"modified":"2015-12-17T14:31:54","modified_gmt":"2015-12-17T13:31:54","slug":"nika-shperndarja-e-parlamentit-te-ulqinit-nga-qeveria-te-ish-zgjedhja-e-mire","status":"publish","type":"post","link":"https:\/\/www.visit-ulcinj.com\/blog\/2015\/12\/17\/nika-shperndarja-e-parlamentit-te-ulqinit-nga-qeveria-te-ish-zgjedhja-e-mire\/","title":{"rendered":"Nika: Shp\u00ebrndarja e parlamentit t\u00eb Ulqinit nga qeveria do t\u00eb ish zgjedhja m\u00eb e mir\u00eb..?!!!"},"content":{"rendered":"<p><strong><em><a href=\"http:\/\/www.visit-ulcinj.com\/blog\/wp-content\/uploads\/2015\/12\/Ulqini-Platforma-shqiptaret.jpg\"><img loading=\"lazy\" class=\"alignleft wp-image-93502\" src=\"http:\/\/www.visit-ulcinj.com\/blog\/wp-content\/uploads\/2015\/12\/Ulqini-Platforma-shqiptaret.jpg\" alt=\"Ulqini-Platforma-shqiptaret\" width=\"508\" height=\"295\" srcset=\"https:\/\/www.visit-ulcinj.com\/blog\/wp-content\/uploads\/2015\/12\/Ulqini-Platforma-shqiptaret.jpg 640w, https:\/\/www.visit-ulcinj.com\/blog\/wp-content\/uploads\/2015\/12\/Ulqini-Platforma-shqiptaret-300x174.jpg 300w\" sizes=\"(max-width: 508px) 100vw, 508px\" \/><\/a>Shkrua Muhamet Nika<\/em><\/strong><\/p>\n<p><strong><em>DUKE\u00a0\u00a0 KOMENTUAR NJ\u00cb LAJM DHE \u00a0NJ\u00cb FOTOGRAF)?!!!<\/em><\/strong><\/p>\n<p>N\u00ebse kjo fotografi e portalit q\u00eb shoq\u00ebron shkrimin (<a href=\"http:\/\/www.visit-ulcinj.com\/blog\/2015\/12\/16\/gjeka-ka-filluar-konsultimet-lideret-e-subjekteve-politike\/\"><strong>Gjeka ka filluar konsultimet me lider\u00ebt e subjekteve politike<\/strong><\/a>..), nuk \u00ebsht\u00eb \u00a0vet\u00ebm ilustrim i portalit rreth takimit \u00a0e q\u00eb edhe po t\u00eb ishte do t\u2019i shkonte lajmit&#8230;. , shtojm\u00eb\u00a0\u00a0 q\u00eb n\u00ebse\u00a0\u00a0 fotografia \u00ebsht\u00eb reale&#8230;., sipas neve \u00a0 , themi q\u00eb jemi skeptik n\u00eb suksesin e tyre ?! Nga se kryesohen nga personi m\u00eb p\u00ebrgjegj\u00ebs i p\u00ebr\u00e7arjeve bashk\u00eb me shumic\u00ebn e atyre q\u00eb ka p\u00ebr rreth..<\/p>\n<p>&nbsp;<\/p>\n<p><strong><em>N\u00eb \u00e7ka e bazoj pohimin tim- d\u00ebshmit\u00eb p\u00ebr k\u00ebt\u00eb&#8230;?!!!<\/em><\/strong><\/p>\n<p>Pik\u00eb s\u00eb parit , para se t\u00eb arsyetoj mendimin , nuk po mund t\u2019i iki p\u00ebrs\u00ebri atij konstatimit t\u00eb regjisorit Emin Halili , te Era e Moll\u00ebs, ku krye personazhi kryesor Murani ( anamalas) thot\u00eb : \u201c Se fillimi dhe mbarimi edhe pse nuk jan\u00eb nj\u00eb soj , ato shum\u00eb ia p\u00ebrngjasin nj\u00ebri tjetrit..\u201d?! E kjo q\u00eb po themi na kujton bisedat e para shum\u00eb<\/p>\n<p>viteve &#8211; t\u00eb koalicionit LD-UDSH, q\u00eb kryesoi Mehmet Bardhi e t\u00eb cilat zgjat\u00ebn 3 muaj me diku m\u00eb shum\u00eb se 20 takime .?! Pra di\u00e7 m\u00eb tep\u00ebr se marr\u00ebveshja e Dejtonit ( e luft\u00ebs serbo \u2013boshnjake)., dhe prap\u00eb se prap\u00eb nuk pati sukses , por at\u00eb her\u00eb marr\u00ebveshja u krijua nga Lidhja me Liberal\u00ebt..?!<\/p>\n<p>Kurse marr\u00ebveshja e radh\u00ebs brenda kampit t\u00eb partive komb\u00ebtare LD- PPD; BDSH; FORC\u00cb zgjati\u00a0\u00a0 8 muaj ku u mbajt\u00ebn 46 mbledhje , pra di\u00e7 m\u00eb tep\u00ebr se marr\u00ebveshja e Rambujes\u00eb ( serbo-shqiptare), dhe e cila p\u00ebrs\u00ebri nuk funksionoi. At\u00ebher\u00eb marr\u00ebveshja e arritur po zbatohej n\u00eb m\u00ebnyr\u00eb t\u00eb nj\u00ebanshme ndaj \u00a0\u00a0\u00a0partnerit PPD. Dhe k\u00ebshtu , n\u00eb PPD- vendos\u00ebn\u00a0\u00a0 t\u00eb prishin koalicioni duke dh\u00ebn\u00eb bes\u00ebn se nuk do t\u00eb shkojm\u00eb me DPS, por t\u00eb gjith\u00eb pa p\u00ebrjashtim do t\u00eb p\u00ebrligjin kriz\u00ebn dhe t\u00eb shpallim zgjedhjet e parakohshme.<\/p>\n<p>Mir\u00ebpo Bardhi nuk e pranoi as k\u00ebt\u00eb kusht?! At\u00ebher\u00eb , pas k\u00ebtij p\u00ebrdhunimi, PPD i b\u00ebn\u00eb shumic\u00eb parlamentare DPS-it, duke votuar vet\u00ebm ata pika q\u00eb do ishin me interes p\u00ebr qytetar\u00ebt?!!!<\/p>\n<p><strong><em> Po at\u00ebher\u00eb si t\u00eb veprohet momentalisht ..?!!<\/em><\/strong><\/p>\n<p>Mendoj q\u00eb zgjidhja e problemit do t\u00eb duhej t\u00eb shkonte ngjash\u00ebm po n\u00eb k\u00ebt\u00eb drejtim, si ai i PPD-s\u00eb dikur ?!<\/p>\n<p>Fillimisht do duhej q\u00eb Gjeka- t\u00eb mos shpresoj\u00eb n\u00eb Bardhin , i cili edhe po desh zor se mund t\u00eb ndryshoj\u00eb \u201c kurs ..\u201d e t\u00eb bind\u00eb k\u00ebshilltarin e vet n\u00eb KK Ulqin, p\u00ebr t\u00eb \u00e7uar gisht duke shkuar me DPS . Dhe q\u00eb ai nuk ka m\u00eb pesh\u00eb specifike n\u00eb k\u00ebt\u00eb \u00a0mes ,sepse i bie , q\u00eb k\u00ebshilltari i tij, t\u00eb jet\u00eb i 21-ti n\u00eb koalicionin e ri e nevojiten 17&#8230;?!! Kjo do t\u00eb vlente edhe p\u00ebr grupin e qyqar\u00ebve &#8211; Amirin..?! Kuptohet n\u00ebse shkohet DPS-PD-UDSH. . Ose n\u00ebse shkohet FORC\u00cb &#8211; DPS&#8230;?!<\/p>\n<p>Por\u00a0\u00a0 p\u00ebr t\u00eb dal\u00eb nga ng\u00ebr\u00e7i le t\u00eb thirr\u00ebt kuvendi me 17 n\u00ebnshkrime t\u00eb mundshme pa p\u00ebrjashtim p\u00ebr t\u00eb votuar pikat q\u00eb jan\u00eb me interes p\u00ebr Ulqinin e q\u00eb p\u00ebrmend\u00eb Gjeka, si<\/p>\n<p>kredit\u00eb ( vendimin p\u00ebr hipotek\u00eb si kusht i kredis\u00eb s\u00eb cekur) si dhe vendimet e sezonit t\u00eb \u00a0reballansit t\u00eb buxhetit etj. , kuptohet n\u00eb se Forca refuzon thirrjen e tij e me t\u00eb cilin kryeson. .<\/p>\n<p>N\u00eb k\u00ebt\u00eb situat\u00eb grupimet politike q\u00eb jan\u00eb dakord p\u00ebr t\u00eb votuar \u201c p\u00ebr interesin e qytetit\u201d, kuptohet\u00a0\u00a0 vetvetiu q\u00eb duan marr\u00ebveshje, po qofshin ata edhe t\u00eb DPS-it etj.<\/p>\n<p>Nd\u00ebrsa e gjith\u00eb kjo t\u00eb b\u00ebhet\u00a0\u00a0 s\u00eb shpejti para se dikush tjet\u00ebr \u201c t\u00eb cil\u00ebve u ka ardhur thika n\u00eb asht..\u201d&#8230;., t\u00eb mos th\u00ebrrasin qeverin\u00eb p\u00ebr shp\u00ebrndarjen e parlamentit e cila do ish zgjedhja m\u00eb e mir\u00eb dhe p\u00ebr t\u00eb cil\u00ebn motit jan\u00eb pjekur kushtet&#8230;?!!<\/p>\n<p>&nbsp;<\/p>\n<p><strong>Pik\u00ebpamjet e shprehura n\u00eb faqen \u201cOPINIONE\u201d nuk p\u00ebrfaq\u00ebsojn\u00eb domosdoshm\u00ebrisht politik\u00ebn redaksionale t\u00eb \u201eLajmeve nga Ulqini\u201e<\/strong><\/p>\n","protected":false},"excerpt":{"rendered":"<p>Shkrua Muhamet Nika DUKE\u00a0\u00a0 KOMENTUAR NJ\u00cb LAJM DHE \u00a0NJ\u00cb FOTOGRAF)?!!! N\u00ebse kjo fotografi e portalit q\u00eb shoq\u00ebron shkrimin (Gjeka ka filluar konsultimet me lider\u00ebt e subjekteve politike..), nuk \u00ebsht\u00eb \u00a0vet\u00ebm ilustrim i portalit rreth takimit \u00a0e q\u00eb edhe po t\u00eb ishte do t\u2019i shkonte lajmit&#8230;. , shtojm\u00eb\u00a0\u00a0 q\u00eb n\u00ebse\u00a0\u00a0 fotografia \u00ebsht\u00eb reale&#8230;., sipas neve \u00a0 [&hellip;]<\/p>\n","protected":false},"author":1,"featured_media":0,"comment_status":"closed","ping_status":"closed","sticky":false,"template":"","format":"standard","meta":{"spay_email":"","jetpack_publicize_message":"","jetpack_is_tweetstorm":false,"jetpack_publicize_feature_enabled":true},"categories":[14249],"tags":[],"jetpack_publicize_connections":[],"yoast_head":"<!-- This site is optimized with the Yoast SEO plugin v19.1 - https:\/\/yoast.com\/wordpress\/plugins\/seo\/ -->\n<title>Nika: Shp\u00ebrndarja e parlamentit t\u00eb Ulqinit nga qeveria do t\u00eb ish zgjedhja m\u00eb e mir\u00eb..?!!! - Lajme nga Ulqini<\/title>\n<meta name=\"description\" content=\"Shkrua Muhamet Nika DUKE\u00a0\u00a0 KOMENTUAR NJ\u00cb LAJM DHE \u00a0NJ\u00cb FOTOGRAF)?!!! N\u00ebse kjo fotografi e portalit q\u00eb shoq\u00ebron shkrimin (Gjeka ka filluar konsultimet me\" \/>\n<meta name=\"robots\" content=\"index, follow, max-snippet:-1, max-image-preview:large, max-video-preview:-1\" \/>\n<link rel=\"canonical\" href=\"https:\/\/www.visit-ulcinj.com\/blog\/2015\/12\/17\/nika-shperndarja-e-parlamentit-te-ulqinit-nga-qeveria-te-ish-zgjedhja-e-mire\/\" \/>\n<meta property=\"og:locale\" content=\"en_US\" \/>\n<meta property=\"og:type\" content=\"article\" \/>\n<meta property=\"og:title\" content=\"Nika: Shp\u00ebrndarja e parlamentit t\u00eb Ulqinit nga qeveria do t\u00eb ish zgjedhja m\u00eb e mir\u00eb..?!!! - Lajme nga Ulqini\" \/>\n<meta property=\"og:description\" content=\"Shkrua Muhamet Nika DUKE\u00a0\u00a0 KOMENTUAR NJ\u00cb LAJM DHE \u00a0NJ\u00cb FOTOGRAF)?!!! N\u00ebse kjo fotografi e portalit q\u00eb shoq\u00ebron shkrimin (Gjeka ka filluar konsultimet me\" \/>\n<meta property=\"og:url\" content=\"https:\/\/www.visit-ulcinj.com\/blog\/2015\/12\/17\/nika-shperndarja-e-parlamentit-te-ulqinit-nga-qeveria-te-ish-zgjedhja-e-mire\/\" \/>\n<meta property=\"og:site_name\" content=\"Lajme nga Ulqini\" \/>\n<meta property=\"article:published_time\" content=\"2015-12-17T13:31:31+00:00\" \/>\n<meta property=\"article:modified_time\" content=\"2015-12-17T13:31:54+00:00\" \/>\n<meta property=\"og:image\" content=\"http:\/\/www.visit-ulcinj.com\/blog\/wp-content\/uploads\/2015\/12\/Ulqini-Platforma-shqiptaret.jpg\" \/>\n<meta name=\"twitter:label1\" content=\"Written by\" \/>\n\t<meta name=\"twitter:data1\" content=\"ulqini\" \/>\n\t<meta name=\"twitter:label2\" content=\"Est. reading time\" \/>\n\t<meta name=\"twitter:data2\" content=\"3 minutes\" \/>\n<script type=\"application\/ld+json\" class=\"yoast-schema-graph\">{\"@context\":\"https:\/\/schema.org\",\"@graph\":[{\"@type\":\"WebSite\",\"@id\":\"https:\/\/www.visit-ulcinj.com\/blog\/#website\",\"url\":\"https:\/\/www.visit-ulcinj.com\/blog\/\",\"name\":\"Lajme nga Ulqini\",\"description\":\"Lajme,Vijesti,Ulqini,Ulqin,Crna Gora,Mali i Zi\",\"potentialAction\":[{\"@type\":\"SearchAction\",\"target\":{\"@type\":\"EntryPoint\",\"urlTemplate\":\"https:\/\/www.visit-ulcinj.com\/blog\/?s={search_term_string}\"},\"query-input\":\"required name=search_term_string\"}],\"inLanguage\":\"en-US\"},{\"@type\":\"ImageObject\",\"inLanguage\":\"en-US\",\"@id\":\"https:\/\/www.visit-ulcinj.com\/blog\/2015\/12\/17\/nika-shperndarja-e-parlamentit-te-ulqinit-nga-qeveria-te-ish-zgjedhja-e-mire\/#primaryimage\",\"url\":\"https:\/\/www.visit-ulcinj.com\/blog\/wp-content\/uploads\/2015\/12\/Ulqini-Platforma-shqiptaret.jpg\",\"contentUrl\":\"https:\/\/www.visit-ulcinj.com\/blog\/wp-content\/uploads\/2015\/12\/Ulqini-Platforma-shqiptaret.jpg\",\"width\":640,\"height\":372},{\"@type\":\"WebPage\",\"@id\":\"https:\/\/www.visit-ulcinj.com\/blog\/2015\/12\/17\/nika-shperndarja-e-parlamentit-te-ulqinit-nga-qeveria-te-ish-zgjedhja-e-mire\/#webpage\",\"url\":\"https:\/\/www.visit-ulcinj.com\/blog\/2015\/12\/17\/nika-shperndarja-e-parlamentit-te-ulqinit-nga-qeveria-te-ish-zgjedhja-e-mire\/\",\"name\":\"Nika: Shp\u00ebrndarja e parlamentit t\u00eb Ulqinit nga qeveria do t\u00eb ish zgjedhja m\u00eb e mir\u00eb..?!!! - Lajme nga Ulqini\",\"isPartOf\":{\"@id\":\"https:\/\/www.visit-ulcinj.com\/blog\/#website\"},\"primaryImageOfPage\":{\"@id\":\"https:\/\/www.visit-ulcinj.com\/blog\/2015\/12\/17\/nika-shperndarja-e-parlamentit-te-ulqinit-nga-qeveria-te-ish-zgjedhja-e-mire\/#primaryimage\"},\"datePublished\":\"2015-12-17T13:31:31+00:00\",\"dateModified\":\"2015-12-17T13:31:54+00:00\",\"author\":{\"@id\":\"https:\/\/www.visit-ulcinj.com\/blog\/#\/schema\/person\/dcab619c614d3038751c63bc2aadc06d\"},\"description\":\"Shkrua Muhamet Nika DUKE\u00a0\u00a0 KOMENTUAR NJ\u00cb LAJM DHE \u00a0NJ\u00cb FOTOGRAF)?!!! N\u00ebse kjo fotografi e portalit q\u00eb shoq\u00ebron shkrimin (Gjeka ka filluar konsultimet me\",\"breadcrumb\":{\"@id\":\"https:\/\/www.visit-ulcinj.com\/blog\/2015\/12\/17\/nika-shperndarja-e-parlamentit-te-ulqinit-nga-qeveria-te-ish-zgjedhja-e-mire\/#breadcrumb\"},\"inLanguage\":\"en-US\",\"potentialAction\":[{\"@type\":\"ReadAction\",\"target\":[\"https:\/\/www.visit-ulcinj.com\/blog\/2015\/12\/17\/nika-shperndarja-e-parlamentit-te-ulqinit-nga-qeveria-te-ish-zgjedhja-e-mire\/\"]}]},{\"@type\":\"BreadcrumbList\",\"@id\":\"https:\/\/www.visit-ulcinj.com\/blog\/2015\/12\/17\/nika-shperndarja-e-parlamentit-te-ulqinit-nga-qeveria-te-ish-zgjedhja-e-mire\/#breadcrumb\",\"itemListElement\":[{\"@type\":\"ListItem\",\"position\":1,\"name\":\"Nika: Shp\u00ebrndarja e parlamentit t\u00eb Ulqinit nga qeveria do t\u00eb ish zgjedhja m\u00eb e mir\u00eb..?!!!\"}]},{\"@type\":\"Person\",\"@id\":\"https:\/\/www.visit-ulcinj.com\/blog\/#\/schema\/person\/dcab619c614d3038751c63bc2aadc06d\",\"name\":\"ulqini\",\"sameAs\":[\"http:\/\/www.visit-ulcinj.com\"],\"url\":\"https:\/\/www.visit-ulcinj.com\/blog\/author\/admin\/\"}]}<\/script>\n<!-- \/ Yoast SEO plugin. -->","yoast_head_json":{"title":"Nika: Shp\u00ebrndarja e parlamentit t\u00eb Ulqinit nga qeveria do t\u00eb ish zgjedhja m\u00eb e mir\u00eb..?!!! - Lajme nga Ulqini","description":"Shkrua Muhamet Nika DUKE\u00a0\u00a0 KOMENTUAR NJ\u00cb LAJM DHE \u00a0NJ\u00cb FOTOGRAF)?!!! N\u00ebse kjo fotografi e portalit q\u00eb shoq\u00ebron shkrimin (Gjeka ka filluar konsultimet me","robots":{"index":"index","follow":"follow","max-snippet":"max-snippet:-1","max-image-preview":"max-image-preview:large","max-video-preview":"max-video-preview:-1"},"canonical":"https:\/\/www.visit-ulcinj.com\/blog\/2015\/12\/17\/nika-shperndarja-e-parlamentit-te-ulqinit-nga-qeveria-te-ish-zgjedhja-e-mire\/","og_locale":"en_US","og_type":"article","og_title":"Nika: Shp\u00ebrndarja e parlamentit t\u00eb Ulqinit nga qeveria do t\u00eb ish zgjedhja m\u00eb e mir\u00eb..?!!! - Lajme nga Ulqini","og_description":"Shkrua Muhamet Nika DUKE\u00a0\u00a0 KOMENTUAR NJ\u00cb LAJM DHE \u00a0NJ\u00cb FOTOGRAF)?!!! N\u00ebse kjo fotografi e portalit q\u00eb shoq\u00ebron shkrimin (Gjeka ka filluar konsultimet me","og_url":"https:\/\/www.visit-ulcinj.com\/blog\/2015\/12\/17\/nika-shperndarja-e-parlamentit-te-ulqinit-nga-qeveria-te-ish-zgjedhja-e-mire\/","og_site_name":"Lajme nga Ulqini","article_published_time":"2015-12-17T13:31:31+00:00","article_modified_time":"2015-12-17T13:31:54+00:00","og_image":[{"url":"http:\/\/www.visit-ulcinj.com\/blog\/wp-content\/uploads\/2015\/12\/Ulqini-Platforma-shqiptaret.jpg"}],"twitter_misc":{"Written by":"ulqini","Est. reading time":"3 minutes"},"schema":{"@context":"https:\/\/schema.org","@graph":[{"@type":"WebSite","@id":"https:\/\/www.visit-ulcinj.com\/blog\/#website","url":"https:\/\/www.visit-ulcinj.com\/blog\/","name":"Lajme nga Ulqini","description":"Lajme,Vijesti,Ulqini,Ulqin,Crna Gora,Mali i Zi","potentialAction":[{"@type":"SearchAction","target":{"@type":"EntryPoint","urlTemplate":"https:\/\/www.visit-ulcinj.com\/blog\/?s={search_term_string}"},"query-input":"required name=search_term_string"}],"inLanguage":"en-US"},{"@type":"ImageObject","inLanguage":"en-US","@id":"https:\/\/www.visit-ulcinj.com\/blog\/2015\/12\/17\/nika-shperndarja-e-parlamentit-te-ulqinit-nga-qeveria-te-ish-zgjedhja-e-mire\/#primaryimage","url":"https:\/\/www.visit-ulcinj.com\/blog\/wp-content\/uploads\/2015\/12\/Ulqini-Platforma-shqiptaret.jpg","contentUrl":"https:\/\/www.visit-ulcinj.com\/blog\/wp-content\/uploads\/2015\/12\/Ulqini-Platforma-shqiptaret.jpg","width":640,"height":372},{"@type":"WebPage","@id":"https:\/\/www.visit-ulcinj.com\/blog\/2015\/12\/17\/nika-shperndarja-e-parlamentit-te-ulqinit-nga-qeveria-te-ish-zgjedhja-e-mire\/#webpage","url":"https:\/\/www.visit-ulcinj.com\/blog\/2015\/12\/17\/nika-shperndarja-e-parlamentit-te-ulqinit-nga-qeveria-te-ish-zgjedhja-e-mire\/","name":"Nika: Shp\u00ebrndarja e parlamentit t\u00eb Ulqinit nga qeveria do t\u00eb ish zgjedhja m\u00eb e mir\u00eb..?!!! - Lajme nga Ulqini","isPartOf":{"@id":"https:\/\/www.visit-ulcinj.com\/blog\/#website"},"primaryImageOfPage":{"@id":"https:\/\/www.visit-ulcinj.com\/blog\/2015\/12\/17\/nika-shperndarja-e-parlamentit-te-ulqinit-nga-qeveria-te-ish-zgjedhja-e-mire\/#primaryimage"},"datePublished":"2015-12-17T13:31:31+00:00","dateModified":"2015-12-17T13:31:54+00:00","author":{"@id":"https:\/\/www.visit-ulcinj.com\/blog\/#\/schema\/person\/dcab619c614d3038751c63bc2aadc06d"},"description":"Shkrua Muhamet Nika DUKE\u00a0\u00a0 KOMENTUAR NJ\u00cb LAJM DHE \u00a0NJ\u00cb FOTOGRAF)?!!! N\u00ebse kjo fotografi e portalit q\u00eb shoq\u00ebron shkrimin (Gjeka ka filluar konsultimet me","breadcrumb":{"@id":"https:\/\/www.visit-ulcinj.com\/blog\/2015\/12\/17\/nika-shperndarja-e-parlamentit-te-ulqinit-nga-qeveria-te-ish-zgjedhja-e-mire\/#breadcrumb"},"inLanguage":"en-US","potentialAction":[{"@type":"ReadAction","target":["https:\/\/www.visit-ulcinj.com\/blog\/2015\/12\/17\/nika-shperndarja-e-parlamentit-te-ulqinit-nga-qeveria-te-ish-zgjedhja-e-mire\/"]}]},{"@type":"BreadcrumbList","@id":"https:\/\/www.visit-ulcinj.com\/blog\/2015\/12\/17\/nika-shperndarja-e-parlamentit-te-ulqinit-nga-qeveria-te-ish-zgjedhja-e-mire\/#breadcrumb","itemListElement":[{"@type":"ListItem","position":1,"name":"Nika: Shp\u00ebrndarja e parlamentit t\u00eb Ulqinit nga qeveria do t\u00eb ish zgjedhja m\u00eb e mir\u00eb..?!!!"}]},{"@type":"Person","@id":"https:\/\/www.visit-ulcinj.com\/blog\/#\/schema\/person\/dcab619c614d3038751c63bc2aadc06d","name":"ulqini","sameAs":["http:\/\/www.visit-ulcinj.com"],"url":"https:\/\/www.visit-ulcinj.com\/blog\/author\/admin\/"}]}},"jetpack_featured_media_url":"","jetpack_sharing_enabled":true,"jetpack_shortlink":"https:\/\/wp.me\/pe6lTn-onh","_links":{"self":[{"href":"https:\/\/www.visit-ulcinj.com\/blog\/wp-json\/wp\/v2\/posts\/93699"}],"collection":[{"href":"https:\/\/www.visit-ulcinj.com\/blog\/wp-json\/wp\/v2\/posts"}],"about":[{"href":"https:\/\/www.visit-ulcinj.com\/blog\/wp-json\/wp\/v2\/types\/post"}],"author":[{"embeddable":true,"href":"https:\/\/www.visit-ulcinj.com\/blog\/wp-json\/wp\/v2\/users\/1"}],"replies":[{"embeddable":true,"href":"https:\/\/www.visit-ulcinj.com\/blog\/wp-json\/wp\/v2\/comments?post=93699"}],"version-history":[{"count":2,"href":"https:\/\/www.visit-ulcinj.com\/blog\/wp-json\/wp\/v2\/posts\/93699\/revisions"}],"predecessor-version":[{"id":93701,"href":"https:\/\/www.visit-ulcinj.com\/blog\/wp-json\/wp\/v2\/posts\/93699\/revisions\/93701"}],"wp:attachment":[{"href":"https:\/\/www.visit-ulcinj.com\/blog\/wp-json\/wp\/v2\/media?parent=93699"}],"wp:term":[{"taxonomy":"category","embeddable":true,"href":"https:\/\/www.visit-ulcinj.com\/blog\/wp-json\/wp\/v2\/categories?post=93699"},{"taxonomy":"post_tag","embeddable":true,"href":"https:\/\/www.visit-ulcinj.com\/blog\/wp-json\/wp\/v2\/tags?post=93699"}],"curies":[{"name":"wp","href":"https:\/\/api.w.org\/{rel}","templated":true}]}}