{"id":93704,"date":"2015-12-17T14:44:10","date_gmt":"2015-12-17T13:44:10","guid":{"rendered":"http:\/\/www.visit-ulcinj.com\/blog\/?p=93704"},"modified":"2015-12-17T17:33:11","modified_gmt":"2015-12-17T16:33:11","slug":"udsh-reagim-kundrejt-emisionit-perspektiva","status":"publish","type":"post","link":"https:\/\/www.visit-ulcinj.com\/blog\/2015\/12\/17\/udsh-reagim-kundrejt-emisionit-perspektiva\/","title":{"rendered":"Reagim kundrejt emisionit \u201cPerspektiva\u201d, Forumi Rinor i UDSH-s\u00eb"},"content":{"rendered":"<p><strong><a href=\"http:\/\/www.visit-ulcinj.com\/blog\/wp-content\/uploads\/2015\/12\/Forumi-rinor-i-UDSH-se-Ulqin.jpg\"><img loading=\"lazy\" class=\"alignleft wp-image-93705\" src=\"http:\/\/www.visit-ulcinj.com\/blog\/wp-content\/uploads\/2015\/12\/Forumi-rinor-i-UDSH-se-Ulqin.jpg\" alt=\"Forumi rinor i UDSH-se - Ulqin\" width=\"508\" height=\"340\" srcset=\"https:\/\/www.visit-ulcinj.com\/blog\/wp-content\/uploads\/2015\/12\/Forumi-rinor-i-UDSH-se-Ulqin.jpg 960w, https:\/\/www.visit-ulcinj.com\/blog\/wp-content\/uploads\/2015\/12\/Forumi-rinor-i-UDSH-se-Ulqin-300x201.jpg 300w\" sizes=\"(max-width: 508px) 100vw, 508px\" \/><\/a>UNIONI DEMOKRATIK I SHQIPTAR\u00cbVE<\/strong><\/p>\n<p>FORUMI RINOR<\/p>\n<p>Ulqin , m\u00eb 17.12.2015<\/p>\n<p>&nbsp;<\/p>\n<p>&nbsp;<\/p>\n<p>Reagim kundrejt emisionit \u201cPerspektiva\u201d, gjegj\u00ebsisht dokumentarit p\u00ebr t\u00eb rinj i cili n\u00eb thelb ka temat m\u00eb t\u00eb ndjeshme p\u00ebr trevat e Ballkanit.<\/p>\n<p>Ne si Forum rinor i Unionit demokratik t\u00eb Shqiptar\u00ebve e shohim t\u00eb arsyeshme t\u00eb reagojm\u00eb ndaj dokumentarit \u201cPerspektiva\u201d, gjegj\u00ebsisht t\u00eb shprehim indinjat\u00ebn, mospajtimin dhe mbi t\u00eb gjitha shqet\u00ebsimin ton\u00eb t\u00eb thell\u00eb p\u00ebr m\u00ebnyr\u00ebn dashakeqe t\u00eb trajtimit t\u00eb nj\u00eb teme kaq delikate.<\/p>\n<p>Edhe pse vet em\u00ebrtimi i emisionit nuk p\u00ebrmban asgj\u00eb t\u00eb keqe n\u00eb vetvete, ne nuk mund t\u00eb rrim\u00eb indiferent kur preken vlerat dhe traditat e nj\u00eb qytetit, p\u00ebrkat\u00ebsisht t\u00eb popujve q\u00eb me k\u00ebto vlera jetojn\u00eb n\u00eb k\u00ebt\u00eb qytet mij\u00ebvje\u00e7ar.<\/p>\n<p>Duam t\u00eb rikujtojm\u00eb autor\u00ebt e emisionit, por edhe opinionin e gjer\u00eb, se edhe m\u00eb her\u00ebt kishte emisione t\u00eb tilla, t\u00eb cil\u00ebt i sh\u00ebrbenin \u00e7do gj\u00ebje por m\u00eb s\u00eb shumti t\u00eb keqes (dreqit), por si t\u00eb tjer\u00ebt p\u00ebrpara, ashtu edhe k\u00ebto tani e kan\u00eb t\u00eb kot tentativ\u00ebn t\u00eb njollosin vlerat e shenjta t\u00eb Shqiptar\u00ebve n\u00eb Mal t\u00eb Zi, por edhe t\u00eb Shqiptar\u00ebve n\u00eb p\u00ebrgjith\u00ebsi. Ulqini, si nj\u00eb nga qytetet m\u00eb t\u00eb vjetra n\u00eb bregdetin Adriatik, n\u00eb qenien e vet nd\u00ebr shekuj e ka thell\u00eb t\u00eb rr\u00ebnjosur mikpritjen dhe bujarin, pra si\u00e7 thot\u00eb populli yn\u00eb \u201cka dit me prit mik edhe armik\u201d.<\/p>\n<p>Toleranca dhe mir\u00ebkuptimi \u00ebsht\u00eb thell\u00eb i inkorporuar n\u00eb qenien shqiptare dhe kjo ve\u00e7an\u00ebrisht v\u00ebrehet n\u00eb trevat ku ato bashk\u00ebjetojn\u00eb me komb\u00ebsi tjera. Prandaj, me mburrje mund t\u00eb themi se Ulqini \u00ebsht\u00eb shembull i toleranc\u00ebs dhe mir\u00ebkuptimit nd\u00ebretnik dhe nd\u00ebrfetar. Th\u00ebnia popullore q\u00eb \u201ckush vjen nj\u00eb her\u00eb n\u00eb Ulqin, zemra e t\u00ebrheq t\u00eb vij gjithmon\u00eb\u201d \u00ebsht\u00eb tashm\u00eb e faktuar dhe \u00ebsht\u00eb treguesi m\u00eb i mir\u00eb i zem\u00ebrgjer\u00ebsis\u00eb s\u00eb tij.<\/p>\n<p>Ndodh q\u00eb brenda qenies s\u00eb nj\u00eb familje, fisi apo kombi t\u00eb ekzistojn\u00eb mosmarr\u00ebveshje dhe mospajtime, prandaj k\u00ebto fenomene jan\u00eb m\u00eb se normale kur g\u00ebrshetohen kombe, fe dhe kultura t\u00eb ndryshme. Mu k\u00ebto q\u00ebndron madh\u00ebshtia e kombit ton\u00eb. Ne kemi ditur dhe kishim gjer\u00ebsi njer\u00ebzore q\u00eb k\u00ebto ndryshime t\u2019i shnd\u00ebrrojm\u00eb dhe kultivojm\u00eb si pasuri kulturo-etnike t\u00eb cilat i sh\u00ebrbenin t\u00eb mir\u00ebs s\u00eb p\u00ebrgjithshme.<\/p>\n<p>Nuk \u00ebsht\u00eb e rastit q\u00eb n\u00eb k\u00ebt\u00eb emision nuk u mor\u00ebn mendimet dhe opinionet e f\u00ebmij\u00ebve t\u00eb komb\u00ebsis\u00eb malazeze dhe serbe, t\u00eb cil\u00ebt me gjenerata jetojn\u00eb mes nesh dhe me ne. U intervistuan f\u00ebmij\u00ebt e familjeve t\u00eb porsaardhura, nga viset e ndryshme t\u00eb ish-Jugosllavis\u00eb, t\u00eb cil\u00ebt akoma nuk mund t\u00eb vler\u00ebsojn\u00eb Ulqinin dhe bashk\u00ebjetes\u00ebn n\u00eb t\u00eb.<\/p>\n<p>Me k\u00ebt\u00eb rast, d\u00ebshirojm\u00eb t\u00eb p\u00ebrsh\u00ebndesim opinionet dhe mendimet e f\u00ebmij\u00ebve shqiptar\u00eb, t\u00eb cil\u00ebt n\u00eb m\u00ebnyr\u00eb dinjitoze shprehen v\u00ebrejtjet e tyre p\u00ebr statusin e vet si shqiptar\u00eb dhe dit\u00ebn t\u00eb artikulojn\u00eb k\u00ebrkesat e veta.<\/p>\n<p>Ky emision shkaktoi indinjat\u00eb dhe mospajtim tek qytetar\u00ebt e Ulqinit, prandaj d\u00ebshirojm\u00eb t\u00eb shprehim kritika ndaj Ministris\u00eb s\u00eb arsimit, e cila lejoi dhe mund\u00ebsoi realizimin e k\u00ebtij emisioni televiziv.<\/p>\n<p>Po ashtu, n\u00eb asnj\u00eb m\u00ebnyr\u00eb nuk e lirojm\u00eb nga p\u00ebrgjegj\u00ebsia K\u00ebshillin Komb\u00ebtar t\u00eb Shqiptar\u00ebve, i cili po sillet n\u00eb m\u00ebnyr\u00eb indiferente ndaj k\u00ebsaj dukurie dashakeqe. Ky mosinteresim i tyre, tashm\u00eb shum\u00eb her\u00eb i p\u00ebrs\u00ebritur, ndaj \u00e7\u00ebshtjeve q\u00eb kan\u00eb t\u00eb b\u00ebjn\u00eb me Shqiptar\u00ebt n\u00eb Mal t\u00eb Zi, p\u00ebr fat t\u00eb keq, po merr p\u00ebrmasa kronike.<\/p>\n<p>Shqiptar\u00ebt n\u00eb Ulqin dhe Mal t\u00eb Zi i kan\u00eb festuar dhe do t\u2019i festojn\u00eb festat e veta komb\u00ebtare dhe fetare dhe at\u00eb gjithmon\u00eb n\u00ebn hijen e flamurit ton\u00eb komb\u00ebtar. Po ashtu, si \u00e7do her\u00eb me dinjitet do t\u2019i respektojm\u00eb festat dhe simbolet e kombeve tjera, ashtu si na m\u00ebson tradita dhe kultura jon\u00eb. Ne, t\u00eb rinjt\u00eb e UDSH-s\u00eb, jemi krenar p\u00ebr p\u00ebrkat\u00ebsin\u00eb ton\u00eb komb\u00ebtare dhe, duke u bazuar n\u00eb moton \u201cjemi krenar q\u00eb jemi Shqiptar\u00eb\u201d, kultivojm\u00eb brenda qenies ton\u00eb respektin p\u00ebr kombet tjera q\u00eb jetojn\u00eb n\u00eb mes nesh.<\/p>\n<p>&nbsp;<\/p>\n<p><strong>\u00a0\u00a0\u00a0\u00a0\u00a0\u00a0\u00a0\u00a0\u00a0\u00a0\u00a0\u00a0\u00a0\u00a0\u00a0\u00a0\u00a0\u00a0\u00a0\u00a0\u00a0\u00a0 Forumi Rinor i UDSH-s\u00eb<\/strong><\/p>\n<p>&nbsp;<\/p>\n","protected":false},"excerpt":{"rendered":"<p>UNIONI DEMOKRATIK I SHQIPTAR\u00cbVE FORUMI RINOR Ulqin , m\u00eb 17.12.2015 &nbsp; &nbsp; Reagim kundrejt emisionit \u201cPerspektiva\u201d, gjegj\u00ebsisht dokumentarit p\u00ebr t\u00eb rinj i cili n\u00eb thelb ka temat m\u00eb t\u00eb ndjeshme p\u00ebr trevat e Ballkanit. Ne si Forum rinor i Unionit demokratik t\u00eb Shqiptar\u00ebve e shohim t\u00eb arsyeshme t\u00eb reagojm\u00eb ndaj dokumentarit \u201cPerspektiva\u201d, gjegj\u00ebsisht t\u00eb shprehim [&hellip;]<\/p>\n","protected":false},"author":1,"featured_media":0,"comment_status":"closed","ping_status":"closed","sticky":false,"template":"","format":"standard","meta":{"spay_email":"","jetpack_publicize_message":"","jetpack_is_tweetstorm":false,"jetpack_publicize_feature_enabled":true},"categories":[13],"tags":[],"jetpack_publicize_connections":[],"yoast_head":"<!-- This site is optimized with the Yoast SEO plugin v19.1 - https:\/\/yoast.com\/wordpress\/plugins\/seo\/ -->\n<title>Reagim kundrejt emisionit \u201cPerspektiva\u201d, Forumi Rinor i UDSH-s\u00eb - Lajme nga Ulqini<\/title>\n<meta name=\"description\" content=\"UNIONI DEMOKRATIK I SHQIPTAR\u00cbVE FORUMI RINOR Ulqin , m\u00eb 17.12.2015 &nbsp; &nbsp; Reagim kundrejt emisionit \u201cPerspektiva\u201d, gjegj\u00ebsisht dokumentarit p\u00ebr t\u00eb\" \/>\n<meta name=\"robots\" content=\"index, follow, max-snippet:-1, max-image-preview:large, max-video-preview:-1\" \/>\n<link rel=\"canonical\" href=\"https:\/\/www.visit-ulcinj.com\/blog\/2015\/12\/17\/udsh-reagim-kundrejt-emisionit-perspektiva\/\" \/>\n<meta property=\"og:locale\" content=\"en_US\" \/>\n<meta property=\"og:type\" content=\"article\" \/>\n<meta property=\"og:title\" content=\"Reagim kundrejt emisionit \u201cPerspektiva\u201d, Forumi Rinor i UDSH-s\u00eb - Lajme nga Ulqini\" \/>\n<meta property=\"og:description\" content=\"UNIONI DEMOKRATIK I SHQIPTAR\u00cbVE FORUMI RINOR Ulqin , m\u00eb 17.12.2015 &nbsp; &nbsp; Reagim kundrejt emisionit \u201cPerspektiva\u201d, gjegj\u00ebsisht dokumentarit p\u00ebr t\u00eb\" \/>\n<meta property=\"og:url\" content=\"https:\/\/www.visit-ulcinj.com\/blog\/2015\/12\/17\/udsh-reagim-kundrejt-emisionit-perspektiva\/\" \/>\n<meta property=\"og:site_name\" content=\"Lajme nga Ulqini\" \/>\n<meta property=\"article:published_time\" content=\"2015-12-17T13:44:10+00:00\" \/>\n<meta property=\"article:modified_time\" content=\"2015-12-17T16:33:11+00:00\" \/>\n<meta property=\"og:image\" content=\"http:\/\/www.visit-ulcinj.com\/blog\/wp-content\/uploads\/2015\/12\/Forumi-rinor-i-UDSH-se-Ulqin.jpg\" \/>\n<meta name=\"twitter:label1\" content=\"Written by\" \/>\n\t<meta name=\"twitter:data1\" content=\"ulqini\" \/>\n\t<meta name=\"twitter:label2\" content=\"Est. reading time\" \/>\n\t<meta name=\"twitter:data2\" content=\"4 minutes\" \/>\n<script type=\"application\/ld+json\" class=\"yoast-schema-graph\">{\"@context\":\"https:\/\/schema.org\",\"@graph\":[{\"@type\":\"WebSite\",\"@id\":\"https:\/\/www.visit-ulcinj.com\/blog\/#website\",\"url\":\"https:\/\/www.visit-ulcinj.com\/blog\/\",\"name\":\"Lajme nga Ulqini\",\"description\":\"Lajme,Vijesti,Ulqini,Ulqin,Crna Gora,Mali i Zi\",\"potentialAction\":[{\"@type\":\"SearchAction\",\"target\":{\"@type\":\"EntryPoint\",\"urlTemplate\":\"https:\/\/www.visit-ulcinj.com\/blog\/?s={search_term_string}\"},\"query-input\":\"required name=search_term_string\"}],\"inLanguage\":\"en-US\"},{\"@type\":\"ImageObject\",\"inLanguage\":\"en-US\",\"@id\":\"https:\/\/www.visit-ulcinj.com\/blog\/2015\/12\/17\/udsh-reagim-kundrejt-emisionit-perspektiva\/#primaryimage\",\"url\":\"https:\/\/www.visit-ulcinj.com\/blog\/wp-content\/uploads\/2015\/12\/Forumi-rinor-i-UDSH-se-Ulqin.jpg\",\"contentUrl\":\"https:\/\/www.visit-ulcinj.com\/blog\/wp-content\/uploads\/2015\/12\/Forumi-rinor-i-UDSH-se-Ulqin.jpg\",\"width\":960,\"height\":642},{\"@type\":\"WebPage\",\"@id\":\"https:\/\/www.visit-ulcinj.com\/blog\/2015\/12\/17\/udsh-reagim-kundrejt-emisionit-perspektiva\/#webpage\",\"url\":\"https:\/\/www.visit-ulcinj.com\/blog\/2015\/12\/17\/udsh-reagim-kundrejt-emisionit-perspektiva\/\",\"name\":\"Reagim kundrejt emisionit \u201cPerspektiva\u201d, Forumi Rinor i UDSH-s\u00eb - Lajme nga Ulqini\",\"isPartOf\":{\"@id\":\"https:\/\/www.visit-ulcinj.com\/blog\/#website\"},\"primaryImageOfPage\":{\"@id\":\"https:\/\/www.visit-ulcinj.com\/blog\/2015\/12\/17\/udsh-reagim-kundrejt-emisionit-perspektiva\/#primaryimage\"},\"datePublished\":\"2015-12-17T13:44:10+00:00\",\"dateModified\":\"2015-12-17T16:33:11+00:00\",\"author\":{\"@id\":\"https:\/\/www.visit-ulcinj.com\/blog\/#\/schema\/person\/dcab619c614d3038751c63bc2aadc06d\"},\"description\":\"UNIONI DEMOKRATIK I SHQIPTAR\u00cbVE FORUMI RINOR Ulqin , m\u00eb 17.12.2015 &nbsp; &nbsp; Reagim kundrejt emisionit \u201cPerspektiva\u201d, gjegj\u00ebsisht dokumentarit p\u00ebr t\u00eb\",\"breadcrumb\":{\"@id\":\"https:\/\/www.visit-ulcinj.com\/blog\/2015\/12\/17\/udsh-reagim-kundrejt-emisionit-perspektiva\/#breadcrumb\"},\"inLanguage\":\"en-US\",\"potentialAction\":[{\"@type\":\"ReadAction\",\"target\":[\"https:\/\/www.visit-ulcinj.com\/blog\/2015\/12\/17\/udsh-reagim-kundrejt-emisionit-perspektiva\/\"]}]},{\"@type\":\"BreadcrumbList\",\"@id\":\"https:\/\/www.visit-ulcinj.com\/blog\/2015\/12\/17\/udsh-reagim-kundrejt-emisionit-perspektiva\/#breadcrumb\",\"itemListElement\":[{\"@type\":\"ListItem\",\"position\":1,\"name\":\"Reagim kundrejt emisionit \u201cPerspektiva\u201d, Forumi Rinor i UDSH-s\u00eb\"}]},{\"@type\":\"Person\",\"@id\":\"https:\/\/www.visit-ulcinj.com\/blog\/#\/schema\/person\/dcab619c614d3038751c63bc2aadc06d\",\"name\":\"ulqini\",\"sameAs\":[\"http:\/\/www.visit-ulcinj.com\"],\"url\":\"https:\/\/www.visit-ulcinj.com\/blog\/author\/admin\/\"}]}<\/script>\n<!-- \/ Yoast SEO plugin. -->","yoast_head_json":{"title":"Reagim kundrejt emisionit \u201cPerspektiva\u201d, Forumi Rinor i UDSH-s\u00eb - Lajme nga Ulqini","description":"UNIONI DEMOKRATIK I SHQIPTAR\u00cbVE FORUMI RINOR Ulqin , m\u00eb 17.12.2015 &nbsp; &nbsp; Reagim kundrejt emisionit \u201cPerspektiva\u201d, gjegj\u00ebsisht dokumentarit p\u00ebr t\u00eb","robots":{"index":"index","follow":"follow","max-snippet":"max-snippet:-1","max-image-preview":"max-image-preview:large","max-video-preview":"max-video-preview:-1"},"canonical":"https:\/\/www.visit-ulcinj.com\/blog\/2015\/12\/17\/udsh-reagim-kundrejt-emisionit-perspektiva\/","og_locale":"en_US","og_type":"article","og_title":"Reagim kundrejt emisionit \u201cPerspektiva\u201d, Forumi Rinor i UDSH-s\u00eb - Lajme nga Ulqini","og_description":"UNIONI DEMOKRATIK I SHQIPTAR\u00cbVE FORUMI RINOR Ulqin , m\u00eb 17.12.2015 &nbsp; &nbsp; Reagim kundrejt emisionit \u201cPerspektiva\u201d, gjegj\u00ebsisht dokumentarit p\u00ebr t\u00eb","og_url":"https:\/\/www.visit-ulcinj.com\/blog\/2015\/12\/17\/udsh-reagim-kundrejt-emisionit-perspektiva\/","og_site_name":"Lajme nga Ulqini","article_published_time":"2015-12-17T13:44:10+00:00","article_modified_time":"2015-12-17T16:33:11+00:00","og_image":[{"url":"http:\/\/www.visit-ulcinj.com\/blog\/wp-content\/uploads\/2015\/12\/Forumi-rinor-i-UDSH-se-Ulqin.jpg"}],"twitter_misc":{"Written by":"ulqini","Est. reading time":"4 minutes"},"schema":{"@context":"https:\/\/schema.org","@graph":[{"@type":"WebSite","@id":"https:\/\/www.visit-ulcinj.com\/blog\/#website","url":"https:\/\/www.visit-ulcinj.com\/blog\/","name":"Lajme nga Ulqini","description":"Lajme,Vijesti,Ulqini,Ulqin,Crna Gora,Mali i Zi","potentialAction":[{"@type":"SearchAction","target":{"@type":"EntryPoint","urlTemplate":"https:\/\/www.visit-ulcinj.com\/blog\/?s={search_term_string}"},"query-input":"required name=search_term_string"}],"inLanguage":"en-US"},{"@type":"ImageObject","inLanguage":"en-US","@id":"https:\/\/www.visit-ulcinj.com\/blog\/2015\/12\/17\/udsh-reagim-kundrejt-emisionit-perspektiva\/#primaryimage","url":"https:\/\/www.visit-ulcinj.com\/blog\/wp-content\/uploads\/2015\/12\/Forumi-rinor-i-UDSH-se-Ulqin.jpg","contentUrl":"https:\/\/www.visit-ulcinj.com\/blog\/wp-content\/uploads\/2015\/12\/Forumi-rinor-i-UDSH-se-Ulqin.jpg","width":960,"height":642},{"@type":"WebPage","@id":"https:\/\/www.visit-ulcinj.com\/blog\/2015\/12\/17\/udsh-reagim-kundrejt-emisionit-perspektiva\/#webpage","url":"https:\/\/www.visit-ulcinj.com\/blog\/2015\/12\/17\/udsh-reagim-kundrejt-emisionit-perspektiva\/","name":"Reagim kundrejt emisionit \u201cPerspektiva\u201d, Forumi Rinor i UDSH-s\u00eb - Lajme nga Ulqini","isPartOf":{"@id":"https:\/\/www.visit-ulcinj.com\/blog\/#website"},"primaryImageOfPage":{"@id":"https:\/\/www.visit-ulcinj.com\/blog\/2015\/12\/17\/udsh-reagim-kundrejt-emisionit-perspektiva\/#primaryimage"},"datePublished":"2015-12-17T13:44:10+00:00","dateModified":"2015-12-17T16:33:11+00:00","author":{"@id":"https:\/\/www.visit-ulcinj.com\/blog\/#\/schema\/person\/dcab619c614d3038751c63bc2aadc06d"},"description":"UNIONI DEMOKRATIK I SHQIPTAR\u00cbVE FORUMI RINOR Ulqin , m\u00eb 17.12.2015 &nbsp; &nbsp; Reagim kundrejt emisionit \u201cPerspektiva\u201d, gjegj\u00ebsisht dokumentarit p\u00ebr t\u00eb","breadcrumb":{"@id":"https:\/\/www.visit-ulcinj.com\/blog\/2015\/12\/17\/udsh-reagim-kundrejt-emisionit-perspektiva\/#breadcrumb"},"inLanguage":"en-US","potentialAction":[{"@type":"ReadAction","target":["https:\/\/www.visit-ulcinj.com\/blog\/2015\/12\/17\/udsh-reagim-kundrejt-emisionit-perspektiva\/"]}]},{"@type":"BreadcrumbList","@id":"https:\/\/www.visit-ulcinj.com\/blog\/2015\/12\/17\/udsh-reagim-kundrejt-emisionit-perspektiva\/#breadcrumb","itemListElement":[{"@type":"ListItem","position":1,"name":"Reagim kundrejt emisionit \u201cPerspektiva\u201d, Forumi Rinor i UDSH-s\u00eb"}]},{"@type":"Person","@id":"https:\/\/www.visit-ulcinj.com\/blog\/#\/schema\/person\/dcab619c614d3038751c63bc2aadc06d","name":"ulqini","sameAs":["http:\/\/www.visit-ulcinj.com"],"url":"https:\/\/www.visit-ulcinj.com\/blog\/author\/admin\/"}]}},"jetpack_featured_media_url":"","jetpack_sharing_enabled":true,"jetpack_shortlink":"https:\/\/wp.me\/pe6lTn-onm","_links":{"self":[{"href":"https:\/\/www.visit-ulcinj.com\/blog\/wp-json\/wp\/v2\/posts\/93704"}],"collection":[{"href":"https:\/\/www.visit-ulcinj.com\/blog\/wp-json\/wp\/v2\/posts"}],"about":[{"href":"https:\/\/www.visit-ulcinj.com\/blog\/wp-json\/wp\/v2\/types\/post"}],"author":[{"embeddable":true,"href":"https:\/\/www.visit-ulcinj.com\/blog\/wp-json\/wp\/v2\/users\/1"}],"replies":[{"embeddable":true,"href":"https:\/\/www.visit-ulcinj.com\/blog\/wp-json\/wp\/v2\/comments?post=93704"}],"version-history":[{"count":2,"href":"https:\/\/www.visit-ulcinj.com\/blog\/wp-json\/wp\/v2\/posts\/93704\/revisions"}],"predecessor-version":[{"id":93708,"href":"https:\/\/www.visit-ulcinj.com\/blog\/wp-json\/wp\/v2\/posts\/93704\/revisions\/93708"}],"wp:attachment":[{"href":"https:\/\/www.visit-ulcinj.com\/blog\/wp-json\/wp\/v2\/media?parent=93704"}],"wp:term":[{"taxonomy":"category","embeddable":true,"href":"https:\/\/www.visit-ulcinj.com\/blog\/wp-json\/wp\/v2\/categories?post=93704"},{"taxonomy":"post_tag","embeddable":true,"href":"https:\/\/www.visit-ulcinj.com\/blog\/wp-json\/wp\/v2\/tags?post=93704"}],"curies":[{"name":"wp","href":"https:\/\/api.w.org\/{rel}","templated":true}]}}