{"id":93720,"date":"2015-12-17T18:15:29","date_gmt":"2015-12-17T17:15:29","guid":{"rendered":"http:\/\/www.visit-ulcinj.com\/blog\/?p=93720"},"modified":"2015-12-17T18:15:29","modified_gmt":"2015-12-17T17:15:29","slug":"razgovori-poceli-u-ulcinju-deka-trazi-usvajanje-odluka-u-skupstini","status":"publish","type":"post","link":"https:\/\/www.visit-ulcinj.com\/blog\/2015\/12\/17\/razgovori-poceli-u-ulcinju-deka-trazi-usvajanje-odluka-u-skupstini\/","title":{"rendered":"Razgovori po\u010deli u Ulcinju: \u0110eka tra\u017ei usvajanje odluka u Skup\u0161tini"},"content":{"rendered":"<p><strong><a href=\"http:\/\/www.visit-ulcinj.com\/blog\/wp-content\/uploads\/2015\/12\/Gjeka-bardhi-cungu-loro-ndrekiq.jpg\"><img loading=\"lazy\" class=\"alignleft wp-image-93721\" src=\"http:\/\/www.visit-ulcinj.com\/blog\/wp-content\/uploads\/2015\/12\/Gjeka-bardhi-cungu-loro-ndrekiq.jpg\" alt=\"Gjeka-bardhi-cungu-loro-ndrekiq\" width=\"508\" height=\"528\" srcset=\"https:\/\/www.visit-ulcinj.com\/blog\/wp-content\/uploads\/2015\/12\/Gjeka-bardhi-cungu-loro-ndrekiq.jpg 552w, https:\/\/www.visit-ulcinj.com\/blog\/wp-content\/uploads\/2015\/12\/Gjeka-bardhi-cungu-loro-ndrekiq-289x300.jpg 289w\" sizes=\"(max-width: 508px) 100vw, 508px\" \/><\/a>&#8220;\u0110eka je uvjeren da je, uz dobru volju, mogu\u0107e usvojiti jo\u0161 niz drugih pripremljenih odluka i planova, uklju\u010duju\u0107i i Strate\u0161ki plan razvoja op\u0161tine Ulcinj 2016-2020. godine, za \u0161to je dobijena saglasnost Ministarstva ekonomije&#8221;, pi\u0161e u saop\u0161tenju iz \u0110ekinog kabineta<\/strong><\/p>\n<p><span class=\"credits__author\"> <strong>Autor: Samir Adrovi\u0107 <\/strong><\/span><\/p>\n<p>Nakon \u0161to je DPS do daljnjeg prolongirao prekompoziciju vlasti kao njen budu\u0107i i jedini sigurni konstituent, predsjednik Op\u0161tine Ulcinj Fatmir \u0110eka po\u010deo je razgovore sa predstavnicima svih partija u poku\u0161aju da o\u017eivi rad lokalnog parlamenta.<\/p>\n<p>&#8220;\u0110eka je apelovao na najodgovornije predstavnike politi\u010dkih subjekata da do razrje\u0161enja politi\u010dke krize u Ulcinju zajedno rade kako bi u parlamentu mogle biti donijete odluke od krucijalnog interesa za grad i gra\u0111ane&#8221;,\u00a0saop\u0161teno je sino\u0107 iz \u0110ekinog kabineta.<\/p>\n<p>Dodaje se &#8220;da se to prije svega odnosi na dono\u0161enje odluka u lokalnom Parlamentu kako bi se omogu\u0107ilo dobijanje kredita od 4,25 miliona eura za koji je garancije dala Vlada Crne Gore, \u0161to podrazumijeva usvajanje rebalansa bud\u017eeta&#8221;.<\/p>\n<p>Bez usvajanja tih i jo\u0161 nekih va\u017enih odluka, kako se navodi, ne bi mogla po\u010deti realizacija &#8220;projekta decenije&#8221; sa KfW bankom iz Njema\u010dke, vrijednog 20 miliona eura a koji se odnosi na rekonstrukciju vodovodne i kanalizacione mre\u017ee.<\/p>\n<p>&#8220;\u0110eka je uvjeren da je, uz dobru volju, mogu\u0107e usvojiti jo\u0161 niz drugih pripremljenih odluka i planova, uklju\u010duju\u0107i i Strate\u0161ki plan razvoja op\u0161tine Ulcinj 2016-2020. godine, za \u0161to je dobijena saglasnost Ministarstva ekonomije&#8221;,\u00a0pi\u0161e na kraju.<\/p>\n<p>Vlast u Ulcinju koju \u010dine koalicija oko \u0110ekine Demokratske partije, Forca i dva odbornika URA, ne funkcioni\u0161e ve\u0107 mjesecima. Li\u010dni animozitet izme\u0111u \u0110eke i lidera Force Nazifa Cungua, kulminirao je u posljednjih mjesec-dva, kada su se re\u0111ale optu\u017ebe sa obje strane.<\/p>\n<p>Zbog toga je Forca ranije bila skoro dogovorila prekompoziciju vlasti sa DPS-om, nude\u0107i mu mjesto \u0161efa SO ali ne i funkciju predsjednika Op\u0161tine. U tom slu\u010daju, van igre trebalo je da ostane \u0110eka i njegova koalicija kao i dva odbornika URA.<\/p>\n<p>Me\u0111utim, \u0110eka je sprije\u010dio taj scenario ponudiv\u0161i DPS-u, kao pojedina\u010dno najja\u010doj partiji sa devet odbornika, mjesto predsjednika Op\u0161tine.<\/p>\n<p>Predsjedni\u0161tvo DPS u ponedjeljak odlu\u010dlo je da eksplicitno ne prihvati ni jednu ponudu svojih partnera sa dr\u017eavnog nivoa, zagovaraju\u0107i \u0161iru koaliciju i nastavak pregovora.<\/p>\n<p>Ostaje da se vidi ho\u0107e li DPS posva\u0111ane partnere sa dr\u017eavnog nivoa, o\u010duvati i u lokalnoj vlasti ili \u0107e budu\u0107i da sve zavisi od njega, zaigrati na kartu vanrednih izbora.<\/p>\n<p><strong>Izvor: Vijesti Online<\/strong><\/p>\n","protected":false},"excerpt":{"rendered":"<p>&#8220;\u0110eka je uvjeren da je, uz dobru volju, mogu\u0107e usvojiti jo\u0161 niz drugih pripremljenih odluka i planova, uklju\u010duju\u0107i i Strate\u0161ki plan razvoja op\u0161tine Ulcinj 2016-2020. godine, za \u0161to je dobijena saglasnost Ministarstva ekonomije&#8221;, pi\u0161e u saop\u0161tenju iz \u0110ekinog kabineta Autor: Samir Adrovi\u0107 Nakon \u0161to je DPS do daljnjeg prolongirao prekompoziciju vlasti kao njen budu\u0107i i [&hellip;]<\/p>\n","protected":false},"author":1,"featured_media":0,"comment_status":"closed","ping_status":"closed","sticky":false,"template":"","format":"standard","meta":{"spay_email":"","jetpack_publicize_message":"","jetpack_is_tweetstorm":false,"jetpack_publicize_feature_enabled":true},"categories":[8337],"tags":[],"jetpack_publicize_connections":[],"yoast_head":"<!-- This site is optimized with the Yoast SEO plugin v19.1 - https:\/\/yoast.com\/wordpress\/plugins\/seo\/ -->\n<title>Razgovori po\u010deli u Ulcinju: \u0110eka tra\u017ei usvajanje odluka u Skup\u0161tini - Lajme nga Ulqini<\/title>\n<meta name=\"description\" content=\"&quot;\u0110eka je uvjeren da je, uz dobru volju, mogu\u0107e usvojiti jo\u0161 niz drugih pripremljenih odluka i planova, uklju\u010duju\u0107i i Strate\u0161ki plan razvoja op\u0161tine Ulcinj\" \/>\n<meta name=\"robots\" content=\"index, follow, max-snippet:-1, max-image-preview:large, max-video-preview:-1\" \/>\n<link rel=\"canonical\" href=\"https:\/\/www.visit-ulcinj.com\/blog\/2015\/12\/17\/razgovori-poceli-u-ulcinju-deka-trazi-usvajanje-odluka-u-skupstini\/\" \/>\n<meta property=\"og:locale\" content=\"en_US\" \/>\n<meta property=\"og:type\" content=\"article\" \/>\n<meta property=\"og:title\" content=\"Razgovori po\u010deli u Ulcinju: \u0110eka tra\u017ei usvajanje odluka u Skup\u0161tini - Lajme nga Ulqini\" \/>\n<meta property=\"og:description\" content=\"&quot;\u0110eka je uvjeren da je, uz dobru volju, mogu\u0107e usvojiti jo\u0161 niz drugih pripremljenih odluka i planova, uklju\u010duju\u0107i i Strate\u0161ki plan razvoja op\u0161tine Ulcinj\" \/>\n<meta property=\"og:url\" content=\"https:\/\/www.visit-ulcinj.com\/blog\/2015\/12\/17\/razgovori-poceli-u-ulcinju-deka-trazi-usvajanje-odluka-u-skupstini\/\" \/>\n<meta property=\"og:site_name\" content=\"Lajme nga Ulqini\" \/>\n<meta property=\"article:published_time\" content=\"2015-12-17T17:15:29+00:00\" \/>\n<meta property=\"og:image\" content=\"http:\/\/www.visit-ulcinj.com\/blog\/wp-content\/uploads\/2015\/12\/Gjeka-bardhi-cungu-loro-ndrekiq.jpg\" \/>\n<meta name=\"twitter:label1\" content=\"Written by\" \/>\n\t<meta name=\"twitter:data1\" content=\"ulqini\" \/>\n\t<meta name=\"twitter:label2\" content=\"Est. reading time\" \/>\n\t<meta name=\"twitter:data2\" content=\"2 minutes\" \/>\n<script type=\"application\/ld+json\" class=\"yoast-schema-graph\">{\"@context\":\"https:\/\/schema.org\",\"@graph\":[{\"@type\":\"WebSite\",\"@id\":\"https:\/\/www.visit-ulcinj.com\/blog\/#website\",\"url\":\"https:\/\/www.visit-ulcinj.com\/blog\/\",\"name\":\"Lajme nga Ulqini\",\"description\":\"Lajme,Vijesti,Ulqini,Ulqin,Crna Gora,Mali i Zi\",\"potentialAction\":[{\"@type\":\"SearchAction\",\"target\":{\"@type\":\"EntryPoint\",\"urlTemplate\":\"https:\/\/www.visit-ulcinj.com\/blog\/?s={search_term_string}\"},\"query-input\":\"required name=search_term_string\"}],\"inLanguage\":\"en-US\"},{\"@type\":\"ImageObject\",\"inLanguage\":\"en-US\",\"@id\":\"https:\/\/www.visit-ulcinj.com\/blog\/2015\/12\/17\/razgovori-poceli-u-ulcinju-deka-trazi-usvajanje-odluka-u-skupstini\/#primaryimage\",\"url\":\"https:\/\/www.visit-ulcinj.com\/blog\/wp-content\/uploads\/2015\/12\/Gjeka-bardhi-cungu-loro-ndrekiq.jpg\",\"contentUrl\":\"https:\/\/www.visit-ulcinj.com\/blog\/wp-content\/uploads\/2015\/12\/Gjeka-bardhi-cungu-loro-ndrekiq.jpg\",\"width\":552,\"height\":574},{\"@type\":\"WebPage\",\"@id\":\"https:\/\/www.visit-ulcinj.com\/blog\/2015\/12\/17\/razgovori-poceli-u-ulcinju-deka-trazi-usvajanje-odluka-u-skupstini\/#webpage\",\"url\":\"https:\/\/www.visit-ulcinj.com\/blog\/2015\/12\/17\/razgovori-poceli-u-ulcinju-deka-trazi-usvajanje-odluka-u-skupstini\/\",\"name\":\"Razgovori po\u010deli u Ulcinju: \u0110eka tra\u017ei usvajanje odluka u Skup\u0161tini - Lajme nga Ulqini\",\"isPartOf\":{\"@id\":\"https:\/\/www.visit-ulcinj.com\/blog\/#website\"},\"primaryImageOfPage\":{\"@id\":\"https:\/\/www.visit-ulcinj.com\/blog\/2015\/12\/17\/razgovori-poceli-u-ulcinju-deka-trazi-usvajanje-odluka-u-skupstini\/#primaryimage\"},\"datePublished\":\"2015-12-17T17:15:29+00:00\",\"dateModified\":\"2015-12-17T17:15:29+00:00\",\"author\":{\"@id\":\"https:\/\/www.visit-ulcinj.com\/blog\/#\/schema\/person\/dcab619c614d3038751c63bc2aadc06d\"},\"description\":\"\\\"\u0110eka je uvjeren da je, uz dobru volju, mogu\u0107e usvojiti jo\u0161 niz drugih pripremljenih odluka i planova, uklju\u010duju\u0107i i Strate\u0161ki plan razvoja op\u0161tine Ulcinj\",\"breadcrumb\":{\"@id\":\"https:\/\/www.visit-ulcinj.com\/blog\/2015\/12\/17\/razgovori-poceli-u-ulcinju-deka-trazi-usvajanje-odluka-u-skupstini\/#breadcrumb\"},\"inLanguage\":\"en-US\",\"potentialAction\":[{\"@type\":\"ReadAction\",\"target\":[\"https:\/\/www.visit-ulcinj.com\/blog\/2015\/12\/17\/razgovori-poceli-u-ulcinju-deka-trazi-usvajanje-odluka-u-skupstini\/\"]}]},{\"@type\":\"BreadcrumbList\",\"@id\":\"https:\/\/www.visit-ulcinj.com\/blog\/2015\/12\/17\/razgovori-poceli-u-ulcinju-deka-trazi-usvajanje-odluka-u-skupstini\/#breadcrumb\",\"itemListElement\":[{\"@type\":\"ListItem\",\"position\":1,\"name\":\"Razgovori po\u010deli u Ulcinju: \u0110eka tra\u017ei usvajanje odluka u Skup\u0161tini\"}]},{\"@type\":\"Person\",\"@id\":\"https:\/\/www.visit-ulcinj.com\/blog\/#\/schema\/person\/dcab619c614d3038751c63bc2aadc06d\",\"name\":\"ulqini\",\"sameAs\":[\"http:\/\/www.visit-ulcinj.com\"],\"url\":\"https:\/\/www.visit-ulcinj.com\/blog\/author\/admin\/\"}]}<\/script>\n<!-- \/ Yoast SEO plugin. -->","yoast_head_json":{"title":"Razgovori po\u010deli u Ulcinju: \u0110eka tra\u017ei usvajanje odluka u Skup\u0161tini - Lajme nga Ulqini","description":"\"\u0110eka je uvjeren da je, uz dobru volju, mogu\u0107e usvojiti jo\u0161 niz drugih pripremljenih odluka i planova, uklju\u010duju\u0107i i Strate\u0161ki plan razvoja op\u0161tine Ulcinj","robots":{"index":"index","follow":"follow","max-snippet":"max-snippet:-1","max-image-preview":"max-image-preview:large","max-video-preview":"max-video-preview:-1"},"canonical":"https:\/\/www.visit-ulcinj.com\/blog\/2015\/12\/17\/razgovori-poceli-u-ulcinju-deka-trazi-usvajanje-odluka-u-skupstini\/","og_locale":"en_US","og_type":"article","og_title":"Razgovori po\u010deli u Ulcinju: \u0110eka tra\u017ei usvajanje odluka u Skup\u0161tini - Lajme nga Ulqini","og_description":"\"\u0110eka je uvjeren da je, uz dobru volju, mogu\u0107e usvojiti jo\u0161 niz drugih pripremljenih odluka i planova, uklju\u010duju\u0107i i Strate\u0161ki plan razvoja op\u0161tine Ulcinj","og_url":"https:\/\/www.visit-ulcinj.com\/blog\/2015\/12\/17\/razgovori-poceli-u-ulcinju-deka-trazi-usvajanje-odluka-u-skupstini\/","og_site_name":"Lajme nga Ulqini","article_published_time":"2015-12-17T17:15:29+00:00","og_image":[{"url":"http:\/\/www.visit-ulcinj.com\/blog\/wp-content\/uploads\/2015\/12\/Gjeka-bardhi-cungu-loro-ndrekiq.jpg"}],"twitter_misc":{"Written by":"ulqini","Est. reading time":"2 minutes"},"schema":{"@context":"https:\/\/schema.org","@graph":[{"@type":"WebSite","@id":"https:\/\/www.visit-ulcinj.com\/blog\/#website","url":"https:\/\/www.visit-ulcinj.com\/blog\/","name":"Lajme nga Ulqini","description":"Lajme,Vijesti,Ulqini,Ulqin,Crna Gora,Mali i Zi","potentialAction":[{"@type":"SearchAction","target":{"@type":"EntryPoint","urlTemplate":"https:\/\/www.visit-ulcinj.com\/blog\/?s={search_term_string}"},"query-input":"required name=search_term_string"}],"inLanguage":"en-US"},{"@type":"ImageObject","inLanguage":"en-US","@id":"https:\/\/www.visit-ulcinj.com\/blog\/2015\/12\/17\/razgovori-poceli-u-ulcinju-deka-trazi-usvajanje-odluka-u-skupstini\/#primaryimage","url":"https:\/\/www.visit-ulcinj.com\/blog\/wp-content\/uploads\/2015\/12\/Gjeka-bardhi-cungu-loro-ndrekiq.jpg","contentUrl":"https:\/\/www.visit-ulcinj.com\/blog\/wp-content\/uploads\/2015\/12\/Gjeka-bardhi-cungu-loro-ndrekiq.jpg","width":552,"height":574},{"@type":"WebPage","@id":"https:\/\/www.visit-ulcinj.com\/blog\/2015\/12\/17\/razgovori-poceli-u-ulcinju-deka-trazi-usvajanje-odluka-u-skupstini\/#webpage","url":"https:\/\/www.visit-ulcinj.com\/blog\/2015\/12\/17\/razgovori-poceli-u-ulcinju-deka-trazi-usvajanje-odluka-u-skupstini\/","name":"Razgovori po\u010deli u Ulcinju: \u0110eka tra\u017ei usvajanje odluka u Skup\u0161tini - Lajme nga Ulqini","isPartOf":{"@id":"https:\/\/www.visit-ulcinj.com\/blog\/#website"},"primaryImageOfPage":{"@id":"https:\/\/www.visit-ulcinj.com\/blog\/2015\/12\/17\/razgovori-poceli-u-ulcinju-deka-trazi-usvajanje-odluka-u-skupstini\/#primaryimage"},"datePublished":"2015-12-17T17:15:29+00:00","dateModified":"2015-12-17T17:15:29+00:00","author":{"@id":"https:\/\/www.visit-ulcinj.com\/blog\/#\/schema\/person\/dcab619c614d3038751c63bc2aadc06d"},"description":"\"\u0110eka je uvjeren da je, uz dobru volju, mogu\u0107e usvojiti jo\u0161 niz drugih pripremljenih odluka i planova, uklju\u010duju\u0107i i Strate\u0161ki plan razvoja op\u0161tine Ulcinj","breadcrumb":{"@id":"https:\/\/www.visit-ulcinj.com\/blog\/2015\/12\/17\/razgovori-poceli-u-ulcinju-deka-trazi-usvajanje-odluka-u-skupstini\/#breadcrumb"},"inLanguage":"en-US","potentialAction":[{"@type":"ReadAction","target":["https:\/\/www.visit-ulcinj.com\/blog\/2015\/12\/17\/razgovori-poceli-u-ulcinju-deka-trazi-usvajanje-odluka-u-skupstini\/"]}]},{"@type":"BreadcrumbList","@id":"https:\/\/www.visit-ulcinj.com\/blog\/2015\/12\/17\/razgovori-poceli-u-ulcinju-deka-trazi-usvajanje-odluka-u-skupstini\/#breadcrumb","itemListElement":[{"@type":"ListItem","position":1,"name":"Razgovori po\u010deli u Ulcinju: \u0110eka tra\u017ei usvajanje odluka u Skup\u0161tini"}]},{"@type":"Person","@id":"https:\/\/www.visit-ulcinj.com\/blog\/#\/schema\/person\/dcab619c614d3038751c63bc2aadc06d","name":"ulqini","sameAs":["http:\/\/www.visit-ulcinj.com"],"url":"https:\/\/www.visit-ulcinj.com\/blog\/author\/admin\/"}]}},"jetpack_featured_media_url":"","jetpack_sharing_enabled":true,"jetpack_shortlink":"https:\/\/wp.me\/pe6lTn-onC","_links":{"self":[{"href":"https:\/\/www.visit-ulcinj.com\/blog\/wp-json\/wp\/v2\/posts\/93720"}],"collection":[{"href":"https:\/\/www.visit-ulcinj.com\/blog\/wp-json\/wp\/v2\/posts"}],"about":[{"href":"https:\/\/www.visit-ulcinj.com\/blog\/wp-json\/wp\/v2\/types\/post"}],"author":[{"embeddable":true,"href":"https:\/\/www.visit-ulcinj.com\/blog\/wp-json\/wp\/v2\/users\/1"}],"replies":[{"embeddable":true,"href":"https:\/\/www.visit-ulcinj.com\/blog\/wp-json\/wp\/v2\/comments?post=93720"}],"version-history":[{"count":1,"href":"https:\/\/www.visit-ulcinj.com\/blog\/wp-json\/wp\/v2\/posts\/93720\/revisions"}],"predecessor-version":[{"id":93722,"href":"https:\/\/www.visit-ulcinj.com\/blog\/wp-json\/wp\/v2\/posts\/93720\/revisions\/93722"}],"wp:attachment":[{"href":"https:\/\/www.visit-ulcinj.com\/blog\/wp-json\/wp\/v2\/media?parent=93720"}],"wp:term":[{"taxonomy":"category","embeddable":true,"href":"https:\/\/www.visit-ulcinj.com\/blog\/wp-json\/wp\/v2\/categories?post=93720"},{"taxonomy":"post_tag","embeddable":true,"href":"https:\/\/www.visit-ulcinj.com\/blog\/wp-json\/wp\/v2\/tags?post=93720"}],"curies":[{"name":"wp","href":"https:\/\/api.w.org\/{rel}","templated":true}]}}