{"id":9373,"date":"2009-01-20T19:16:25","date_gmt":"2009-01-20T18:16:25","guid":{"rendered":"http:\/\/www.visit-ulcinj.com\/blog\/?p=9373"},"modified":"2009-01-20T19:16:30","modified_gmt":"2009-01-20T18:16:30","slug":"zgjedhjet-e-jashtezakonshme-parlamentare-ne-mal-te-zi","status":"publish","type":"post","link":"https:\/\/www.visit-ulcinj.com\/blog\/2009\/01\/20\/zgjedhjet-e-jashtezakonshme-parlamentare-ne-mal-te-zi\/","title":{"rendered":"Zgjedhjet e jasht\u00ebzakonshme parlamentare n\u00eb Mal t\u00eb Zi"},"content":{"rendered":"<p><strong><a rel=\"attachment wp-att-9374\" href=\"http:\/\/www.visit-ulcinj.com\/blog\/2009\/01\/20\/zgjedhjet-e-jashtezakonshme-parlamentare-ne-mal-te-zi\/zgjedhjet-parlamentare-ne-mal-te-zi\/\"><img loading=\"lazy\" class=\"alignleft size-full wp-image-9374\" title=\"zgjedhjet-parlamentare-ne-mal-te-zi\" src=\"http:\/\/www.visit-ulcinj.com\/blog\/wp-content\/uploads\/2009\/01\/zgjedhjet-parlamentare-ne-mal-te-zi.jpg\" alt=\"zgjedhjet-parlamentare-ne-mal-te-zi\" width=\"320\" height=\"360\" srcset=\"https:\/\/www.visit-ulcinj.com\/blog\/wp-content\/uploads\/2009\/01\/zgjedhjet-parlamentare-ne-mal-te-zi.jpg 400w, https:\/\/www.visit-ulcinj.com\/blog\/wp-content\/uploads\/2009\/01\/zgjedhjet-parlamentare-ne-mal-te-zi-266x300.jpg 266w\" sizes=\"(max-width: 320px) 100vw, 320px\" \/><\/a>N\u00ebse ka vullnet, mund t\u00eb miratohet Ligji i ri zgjedhor<\/strong><br \/>\nPasi q\u00eb Kushtetuta e re \u00ebsht\u00eb n\u00eb fuqi q\u00eb nj\u00eb vit, at\u00ebher\u00eb shtrohet pyetja: a nuk ka pasur koh\u00eb q\u00eb t\u00eb b\u00ebhet p\u00ebrshtatja e ligjit me Kushtetut\u00ebn e re? As tani nuk \u00ebsht\u00eb von\u00eb. Por, sipas t\u00eb gjitha gjasave, zgjedhjet do t\u00eb shpallen n\u00eb baz\u00eb t\u00eb ligjit t\u00eb vjet\u00ebr dhe n\u00eb kund\u00ebrshtim me Kushtetut\u00ebn e re, q\u00eb krijon nonsens juridik.<br \/>\nFillimi i Vitit t\u00eb Ri n\u00eb Mal t\u00eb Zi filloi me befasi n\u00eb fush\u00ebn e politik\u00ebs. Tashm\u00eb \u00ebsht\u00eb e sigurt se do t\u00eb mbahen zgjedhjet e jasht\u00ebzakonshme parlamentare. Pritet q\u00eb p\u00ebr k\u00ebt\u00eb t\u00eb vendoset n\u00eb seanc\u00ebn e Parlamentit, t\u00eb konvokuar p\u00ebr 21 janar, nd\u00ebrsa, pritet q\u00eb zgjedhjet parlamentare t\u00eb mbahen n\u00eb fund t\u00eb muajit mars.<br \/>\nNeve na intereson kjo situat\u00eb e re nga rrafshi i interesave t\u00eb pakic\u00ebs nacionale shqiptare n\u00eb Mal t\u00eb Zi. Si do t\u00eb kalojn\u00eb subjektet politike shqiptare n\u00eb k\u00ebt\u00eb situat\u00eb t\u00eb re e cila doli plot\u00ebsisht e papritur?! A mjaftojn\u00eb dy muaj p\u00ebr t`u p\u00ebrgatitur p\u00ebr nj\u00eb gj\u00eb t\u00eb r\u00ebnd\u00ebsishme si\u00e7 jan\u00eb zgjedhjet parlamentare?<\/p>\n<p><strong>Ligji zgjedhor<\/strong><\/p>\n<p>Nga rrafshi i nj\u00eb minoriteti nacional, \u00ebsht\u00eb me r\u00ebnd\u00ebsi primare se si do t\u00eb trajtohet ai n\u00eb kuadrin e Ligjit zgjedhor. Me Ligjin aktual, shqiptar\u00ebt etnik\u00eb p\u00ebrb\u00ebjn\u00eb nj\u00ebsin\u00eb e v\u00eb\u00e7ant\u00eb zgjedhore dhe i kan\u00eb t\u00eb garantuara pes\u00eb mandate n\u00eb Parlamentin e Malit t\u00eb Zi. Mir\u00ebpo, ajo q\u00eb \u00ebsht\u00eb qen\u00ebsore, \u00ebsht\u00eb p\u00ebrshtatja e Ligjit zgjedhor me Kushtetut\u00eb. Sepse me Kushtetut\u00ebn. \u00ebsht\u00eb parapar\u00eb q\u00eb bart\u00ebsit e k\u00ebtyre pes\u00eb mandateve t\u00eb &#8220;rekrutohen&#8221; nga radh\u00ebt e partive nacionale shqiptare. Deri tani nuk \u00ebsht\u00eb b\u00ebr\u00eb p\u00ebrshtatja e Ligjit zgjedhor me Kushtetut\u00ebn e re. Nd\u00ebrsa, Kushtetuta \u00ebsht\u00eb ligji themelor i \u00e7do shteti dhe nga ai ligj themelor burojn\u00eb t\u00eb gjitha ligjet e tjera. Po ashtu, k\u00ebto ligje nuk guxojn\u00eb t\u00eb jen\u00eb n\u00eb kund\u00ebrshtim me Kushtetut\u00ebn. Pasi q\u00eb kushtetuta e re \u00ebsht\u00eb n\u00eb fuqi q\u00eb nj\u00eb vit, at\u00ebher\u00eb shtrohet pyetja: a nuk ka pasur koh\u00eb q\u00eb t\u00eb b\u00ebhet p\u00ebrshtatja e ligjit me Kushtetut\u00ebn e re? As tani nuk \u00ebsht\u00eb von\u00eb. Por, sipas t\u00eb gjitha gjasave, zgjedhjet do t\u00eb shpallen n\u00eb baz\u00eb t\u00eb ligjit t\u00eb vjet\u00ebr dhe n\u00eb kund\u00ebrshtim me Kushtetut\u00ebn e re, q\u00eb krijon nonsens juridik.<\/p>\n<p><strong>Integrimi i pakicave<\/strong><\/p>\n<p>\u00c7far\u00eb q\u00ebndrimi do t\u00eb mbajn\u00eb partit\u00eb nacionale shqiptare lidhur me k\u00ebt\u00eb \u00e7\u00ebshtje? N\u00eb momentin aktual, kjo \u00ebsht\u00eb e vetmja \u00e7\u00ebshtje ku t\u00eb gjitha jan\u00eb unanime; pra, dakord se interesat e pakic\u00ebs shqiptare n\u00eb Parlamentin e Malit t\u00eb Zi duhet t\u00eb p\u00ebrfaq\u00ebsohen nga deputet\u00ebt q\u00eb vijn\u00eb nga partit\u00eb shqiptare. Kjo \u00e7\u00ebshtje \u00ebsht\u00eb e rregulluar n\u00eb k\u00ebt\u00eb m\u00ebnyr\u00eb edhe n\u00eb vende t\u00eb tjera t\u00eb cilat kan\u00eb m\u00eb shum\u00eb p\u00ebrvoj\u00eb edhe n\u00eb tradit\u00ebn kushtetuese dhe legjislacion n\u00eb p\u00ebrgjith\u00ebsi. Kjo \u00ebsht\u00eb e vetmja m\u00ebnyr\u00eb q\u00eb pakicat nacionale t\u00eb mbrohen nga asimilimi dhe m\u00ebnyr\u00eb e mir\u00eb q\u00eb, duke e p\u00ebrkrahur sociodiversitetin (ose, si\u00e7 \u00ebsht\u00eb b\u00ebr\u00eb m\u00eb e zakonshme t\u00eb d\u00ebgjohet &#8211; multietniciteti), t\u00eb nxiten pakicat q\u00eb t\u00eb integrohen n\u00eb nj\u00eb shoq\u00ebri. Nd\u00ebrsa, ligji i mir\u00eb zgjedhor jep korniz\u00eb t\u00eb mir\u00eb ligjore q\u00eb ky integrim t\u00eb b\u00ebhet mbi bazat e partneritetit me shumic\u00ebn etnike. N\u00eb realitet, mund t\u00eb thuhet se integrimi dhe partneriteti jan\u00eb nocione shum\u00eb t\u00eb af\u00ebrta. Sepse, integrimi nuk \u00ebsht\u00eb asimilim. Derisa asimilimi n\u00ebnkupton shkrirjen etnike dhe kulturore t\u00eb pakic\u00ebs enike me shumic\u00ebn, integrimi n\u00ebnkupton pjes\u00ebmarrjen e pakic\u00ebs etnike n\u00eb t\u00eb gjitha strukturat dhe t\u00eb gjitha nivelet e nj\u00eb shteti krahas ruajtjes s\u00eb t\u00eb gjitha ve\u00e7orive etnike dhe kulturore q\u00eb e karakterizojn\u00eb at\u00eb pakic\u00eb.<br \/>\nInteresi i Malit t\u00eb Zi \u00ebsht\u00eb integrimi dhe, p\u00ebrmes integrimit &#8211; afirmimi i pakicave, pra, edhe pakic\u00ebs shqiptare. Aq m\u00eb tep\u00ebr q\u00eb shqiptar\u00ebt cil\u00ebsohen nga t\u00eb gjith\u00eb t\u00eb tjer\u00ebt n\u00eb Mal t\u00eb Zi p\u00ebr nga identiteti gjuh\u00ebsor dhe kulturor. Ligji i ri zgjedhor do t\u00eb ishte korniz\u00eb juridike e cila do ta b\u00ebnte reale iden\u00eb e integrimit dhe t\u00eb afirmimit t\u00eb gjithansh\u00ebm t\u00eb shqiptar\u00ebve n\u00eb Mal t\u00eb Zi. Pra, n\u00ebse ekziston vullneti i mir\u00eb, nuk \u00ebsht\u00eb von\u00eb t\u00eb aprovohet ligji i ri zgjedhor, n\u00eb pajtim me Kushtetut\u00ebn.<\/p>\n<p><strong>Xhoana M. Perkaj<\/strong><br \/>\n<span style=\"text-decoration: underline;\"><a href=\"http:\/\/\" target=\"_blank\"><strong><a href=\"xhoanaperkaj@yahoo.com\" target=\"_self\">xhoanaperkaj@yahoo.com<\/a><\/strong><\/a><\/span><\/p>\n","protected":false},"excerpt":{"rendered":"<p>N\u00ebse ka vullnet, mund t\u00eb miratohet Ligji i ri zgjedhor Pasi q\u00eb Kushtetuta e re \u00ebsht\u00eb n\u00eb fuqi q\u00eb nj\u00eb vit, at\u00ebher\u00eb shtrohet pyetja: a nuk ka pasur koh\u00eb q\u00eb t\u00eb b\u00ebhet p\u00ebrshtatja e ligjit me Kushtetut\u00ebn e re? As tani nuk \u00ebsht\u00eb von\u00eb. Por, sipas t\u00eb gjitha gjasave, zgjedhjet do t\u00eb shpallen n\u00eb baz\u00eb [&hellip;]<\/p>\n","protected":false},"author":1,"featured_media":0,"comment_status":"open","ping_status":"closed","sticky":false,"template":"","format":"standard","meta":{"spay_email":"","jetpack_publicize_message":"","jetpack_is_tweetstorm":false,"jetpack_publicize_feature_enabled":true},"categories":[11],"tags":[5922,5923,5921],"jetpack_publicize_connections":[],"yoast_head":"<!-- This site is optimized with the Yoast SEO plugin v19.1 - https:\/\/yoast.com\/wordpress\/plugins\/seo\/ -->\n<title>Zgjedhjet e jasht\u00ebzakonshme parlamentare n\u00eb Mal t\u00eb Zi - Lajme nga Ulqini<\/title>\n<meta name=\"description\" content=\"N\u00ebse ka vullnet, mund t\u00eb miratohet Ligji i ri zgjedhor Pasi q\u00eb Kushtetuta e re \u00ebsht\u00eb n\u00eb fuqi q\u00eb nj\u00eb vit, at\u00ebher\u00eb shtrohet pyetja: a nuk ka pasur koh\u00eb q\u00eb\" \/>\n<meta name=\"robots\" content=\"index, follow, max-snippet:-1, max-image-preview:large, max-video-preview:-1\" \/>\n<link rel=\"canonical\" href=\"https:\/\/www.visit-ulcinj.com\/blog\/2009\/01\/20\/zgjedhjet-e-jashtezakonshme-parlamentare-ne-mal-te-zi\/\" \/>\n<meta property=\"og:locale\" content=\"en_US\" \/>\n<meta property=\"og:type\" content=\"article\" \/>\n<meta property=\"og:title\" content=\"Zgjedhjet e jasht\u00ebzakonshme parlamentare n\u00eb Mal t\u00eb Zi - Lajme nga Ulqini\" \/>\n<meta property=\"og:description\" content=\"N\u00ebse ka vullnet, mund t\u00eb miratohet Ligji i ri zgjedhor Pasi q\u00eb Kushtetuta e re \u00ebsht\u00eb n\u00eb fuqi q\u00eb nj\u00eb vit, at\u00ebher\u00eb shtrohet pyetja: a nuk ka pasur koh\u00eb q\u00eb\" \/>\n<meta property=\"og:url\" content=\"https:\/\/www.visit-ulcinj.com\/blog\/2009\/01\/20\/zgjedhjet-e-jashtezakonshme-parlamentare-ne-mal-te-zi\/\" \/>\n<meta property=\"og:site_name\" content=\"Lajme nga Ulqini\" \/>\n<meta property=\"article:published_time\" content=\"2009-01-20T18:16:25+00:00\" \/>\n<meta property=\"article:modified_time\" content=\"2009-01-20T18:16:30+00:00\" \/>\n<meta property=\"og:image\" content=\"http:\/\/www.visit-ulcinj.com\/blog\/wp-content\/uploads\/2009\/01\/zgjedhjet-parlamentare-ne-mal-te-zi.jpg\" \/>\n<meta name=\"twitter:label1\" content=\"Written by\" \/>\n\t<meta name=\"twitter:data1\" content=\"ulqini\" \/>\n\t<meta name=\"twitter:label2\" content=\"Est. reading time\" \/>\n\t<meta name=\"twitter:data2\" content=\"4 minutes\" \/>\n<script type=\"application\/ld+json\" class=\"yoast-schema-graph\">{\"@context\":\"https:\/\/schema.org\",\"@graph\":[{\"@type\":\"WebSite\",\"@id\":\"https:\/\/www.visit-ulcinj.com\/blog\/#website\",\"url\":\"https:\/\/www.visit-ulcinj.com\/blog\/\",\"name\":\"Lajme nga Ulqini\",\"description\":\"Lajme,Vijesti,Ulqini,Ulqin,Crna Gora,Mali i Zi\",\"potentialAction\":[{\"@type\":\"SearchAction\",\"target\":{\"@type\":\"EntryPoint\",\"urlTemplate\":\"https:\/\/www.visit-ulcinj.com\/blog\/?s={search_term_string}\"},\"query-input\":\"required name=search_term_string\"}],\"inLanguage\":\"en-US\"},{\"@type\":\"ImageObject\",\"inLanguage\":\"en-US\",\"@id\":\"https:\/\/www.visit-ulcinj.com\/blog\/2009\/01\/20\/zgjedhjet-e-jashtezakonshme-parlamentare-ne-mal-te-zi\/#primaryimage\",\"url\":\"https:\/\/www.visit-ulcinj.com\/blog\/wp-content\/uploads\/2009\/01\/zgjedhjet-parlamentare-ne-mal-te-zi.jpg\",\"contentUrl\":\"https:\/\/www.visit-ulcinj.com\/blog\/wp-content\/uploads\/2009\/01\/zgjedhjet-parlamentare-ne-mal-te-zi.jpg\",\"width\":\"400\",\"height\":\"450\"},{\"@type\":\"WebPage\",\"@id\":\"https:\/\/www.visit-ulcinj.com\/blog\/2009\/01\/20\/zgjedhjet-e-jashtezakonshme-parlamentare-ne-mal-te-zi\/#webpage\",\"url\":\"https:\/\/www.visit-ulcinj.com\/blog\/2009\/01\/20\/zgjedhjet-e-jashtezakonshme-parlamentare-ne-mal-te-zi\/\",\"name\":\"Zgjedhjet e jasht\u00ebzakonshme parlamentare n\u00eb Mal t\u00eb Zi - Lajme nga Ulqini\",\"isPartOf\":{\"@id\":\"https:\/\/www.visit-ulcinj.com\/blog\/#website\"},\"primaryImageOfPage\":{\"@id\":\"https:\/\/www.visit-ulcinj.com\/blog\/2009\/01\/20\/zgjedhjet-e-jashtezakonshme-parlamentare-ne-mal-te-zi\/#primaryimage\"},\"datePublished\":\"2009-01-20T18:16:25+00:00\",\"dateModified\":\"2009-01-20T18:16:30+00:00\",\"author\":{\"@id\":\"https:\/\/www.visit-ulcinj.com\/blog\/#\/schema\/person\/dcab619c614d3038751c63bc2aadc06d\"},\"description\":\"N\u00ebse ka vullnet, mund t\u00eb miratohet Ligji i ri zgjedhor Pasi q\u00eb Kushtetuta e re \u00ebsht\u00eb n\u00eb fuqi q\u00eb nj\u00eb vit, at\u00ebher\u00eb shtrohet pyetja: a nuk ka pasur koh\u00eb q\u00eb\",\"breadcrumb\":{\"@id\":\"https:\/\/www.visit-ulcinj.com\/blog\/2009\/01\/20\/zgjedhjet-e-jashtezakonshme-parlamentare-ne-mal-te-zi\/#breadcrumb\"},\"inLanguage\":\"en-US\",\"potentialAction\":[{\"@type\":\"ReadAction\",\"target\":[\"https:\/\/www.visit-ulcinj.com\/blog\/2009\/01\/20\/zgjedhjet-e-jashtezakonshme-parlamentare-ne-mal-te-zi\/\"]}]},{\"@type\":\"BreadcrumbList\",\"@id\":\"https:\/\/www.visit-ulcinj.com\/blog\/2009\/01\/20\/zgjedhjet-e-jashtezakonshme-parlamentare-ne-mal-te-zi\/#breadcrumb\",\"itemListElement\":[{\"@type\":\"ListItem\",\"position\":1,\"name\":\"Zgjedhjet e jasht\u00ebzakonshme parlamentare n\u00eb Mal t\u00eb Zi\"}]},{\"@type\":\"Person\",\"@id\":\"https:\/\/www.visit-ulcinj.com\/blog\/#\/schema\/person\/dcab619c614d3038751c63bc2aadc06d\",\"name\":\"ulqini\",\"sameAs\":[\"http:\/\/www.visit-ulcinj.com\"],\"url\":\"https:\/\/www.visit-ulcinj.com\/blog\/author\/admin\/\"}]}<\/script>\n<!-- \/ Yoast SEO plugin. -->","yoast_head_json":{"title":"Zgjedhjet e jasht\u00ebzakonshme parlamentare n\u00eb Mal t\u00eb Zi - Lajme nga Ulqini","description":"N\u00ebse ka vullnet, mund t\u00eb miratohet Ligji i ri zgjedhor Pasi q\u00eb Kushtetuta e re \u00ebsht\u00eb n\u00eb fuqi q\u00eb nj\u00eb vit, at\u00ebher\u00eb shtrohet pyetja: a nuk ka pasur koh\u00eb q\u00eb","robots":{"index":"index","follow":"follow","max-snippet":"max-snippet:-1","max-image-preview":"max-image-preview:large","max-video-preview":"max-video-preview:-1"},"canonical":"https:\/\/www.visit-ulcinj.com\/blog\/2009\/01\/20\/zgjedhjet-e-jashtezakonshme-parlamentare-ne-mal-te-zi\/","og_locale":"en_US","og_type":"article","og_title":"Zgjedhjet e jasht\u00ebzakonshme parlamentare n\u00eb Mal t\u00eb Zi - Lajme nga Ulqini","og_description":"N\u00ebse ka vullnet, mund t\u00eb miratohet Ligji i ri zgjedhor Pasi q\u00eb Kushtetuta e re \u00ebsht\u00eb n\u00eb fuqi q\u00eb nj\u00eb vit, at\u00ebher\u00eb shtrohet pyetja: a nuk ka pasur koh\u00eb q\u00eb","og_url":"https:\/\/www.visit-ulcinj.com\/blog\/2009\/01\/20\/zgjedhjet-e-jashtezakonshme-parlamentare-ne-mal-te-zi\/","og_site_name":"Lajme nga Ulqini","article_published_time":"2009-01-20T18:16:25+00:00","article_modified_time":"2009-01-20T18:16:30+00:00","og_image":[{"url":"http:\/\/www.visit-ulcinj.com\/blog\/wp-content\/uploads\/2009\/01\/zgjedhjet-parlamentare-ne-mal-te-zi.jpg"}],"twitter_misc":{"Written by":"ulqini","Est. reading time":"4 minutes"},"schema":{"@context":"https:\/\/schema.org","@graph":[{"@type":"WebSite","@id":"https:\/\/www.visit-ulcinj.com\/blog\/#website","url":"https:\/\/www.visit-ulcinj.com\/blog\/","name":"Lajme nga Ulqini","description":"Lajme,Vijesti,Ulqini,Ulqin,Crna Gora,Mali i Zi","potentialAction":[{"@type":"SearchAction","target":{"@type":"EntryPoint","urlTemplate":"https:\/\/www.visit-ulcinj.com\/blog\/?s={search_term_string}"},"query-input":"required name=search_term_string"}],"inLanguage":"en-US"},{"@type":"ImageObject","inLanguage":"en-US","@id":"https:\/\/www.visit-ulcinj.com\/blog\/2009\/01\/20\/zgjedhjet-e-jashtezakonshme-parlamentare-ne-mal-te-zi\/#primaryimage","url":"https:\/\/www.visit-ulcinj.com\/blog\/wp-content\/uploads\/2009\/01\/zgjedhjet-parlamentare-ne-mal-te-zi.jpg","contentUrl":"https:\/\/www.visit-ulcinj.com\/blog\/wp-content\/uploads\/2009\/01\/zgjedhjet-parlamentare-ne-mal-te-zi.jpg","width":"400","height":"450"},{"@type":"WebPage","@id":"https:\/\/www.visit-ulcinj.com\/blog\/2009\/01\/20\/zgjedhjet-e-jashtezakonshme-parlamentare-ne-mal-te-zi\/#webpage","url":"https:\/\/www.visit-ulcinj.com\/blog\/2009\/01\/20\/zgjedhjet-e-jashtezakonshme-parlamentare-ne-mal-te-zi\/","name":"Zgjedhjet e jasht\u00ebzakonshme parlamentare n\u00eb Mal t\u00eb Zi - Lajme nga Ulqini","isPartOf":{"@id":"https:\/\/www.visit-ulcinj.com\/blog\/#website"},"primaryImageOfPage":{"@id":"https:\/\/www.visit-ulcinj.com\/blog\/2009\/01\/20\/zgjedhjet-e-jashtezakonshme-parlamentare-ne-mal-te-zi\/#primaryimage"},"datePublished":"2009-01-20T18:16:25+00:00","dateModified":"2009-01-20T18:16:30+00:00","author":{"@id":"https:\/\/www.visit-ulcinj.com\/blog\/#\/schema\/person\/dcab619c614d3038751c63bc2aadc06d"},"description":"N\u00ebse ka vullnet, mund t\u00eb miratohet Ligji i ri zgjedhor Pasi q\u00eb Kushtetuta e re \u00ebsht\u00eb n\u00eb fuqi q\u00eb nj\u00eb vit, at\u00ebher\u00eb shtrohet pyetja: a nuk ka pasur koh\u00eb q\u00eb","breadcrumb":{"@id":"https:\/\/www.visit-ulcinj.com\/blog\/2009\/01\/20\/zgjedhjet-e-jashtezakonshme-parlamentare-ne-mal-te-zi\/#breadcrumb"},"inLanguage":"en-US","potentialAction":[{"@type":"ReadAction","target":["https:\/\/www.visit-ulcinj.com\/blog\/2009\/01\/20\/zgjedhjet-e-jashtezakonshme-parlamentare-ne-mal-te-zi\/"]}]},{"@type":"BreadcrumbList","@id":"https:\/\/www.visit-ulcinj.com\/blog\/2009\/01\/20\/zgjedhjet-e-jashtezakonshme-parlamentare-ne-mal-te-zi\/#breadcrumb","itemListElement":[{"@type":"ListItem","position":1,"name":"Zgjedhjet e jasht\u00ebzakonshme parlamentare n\u00eb Mal t\u00eb Zi"}]},{"@type":"Person","@id":"https:\/\/www.visit-ulcinj.com\/blog\/#\/schema\/person\/dcab619c614d3038751c63bc2aadc06d","name":"ulqini","sameAs":["http:\/\/www.visit-ulcinj.com"],"url":"https:\/\/www.visit-ulcinj.com\/blog\/author\/admin\/"}]}},"jetpack_featured_media_url":"","jetpack_sharing_enabled":true,"jetpack_shortlink":"https:\/\/wp.me\/pe6lTn-2rb","_links":{"self":[{"href":"https:\/\/www.visit-ulcinj.com\/blog\/wp-json\/wp\/v2\/posts\/9373"}],"collection":[{"href":"https:\/\/www.visit-ulcinj.com\/blog\/wp-json\/wp\/v2\/posts"}],"about":[{"href":"https:\/\/www.visit-ulcinj.com\/blog\/wp-json\/wp\/v2\/types\/post"}],"author":[{"embeddable":true,"href":"https:\/\/www.visit-ulcinj.com\/blog\/wp-json\/wp\/v2\/users\/1"}],"replies":[{"embeddable":true,"href":"https:\/\/www.visit-ulcinj.com\/blog\/wp-json\/wp\/v2\/comments?post=9373"}],"version-history":[{"count":0,"href":"https:\/\/www.visit-ulcinj.com\/blog\/wp-json\/wp\/v2\/posts\/9373\/revisions"}],"wp:attachment":[{"href":"https:\/\/www.visit-ulcinj.com\/blog\/wp-json\/wp\/v2\/media?parent=9373"}],"wp:term":[{"taxonomy":"category","embeddable":true,"href":"https:\/\/www.visit-ulcinj.com\/blog\/wp-json\/wp\/v2\/categories?post=9373"},{"taxonomy":"post_tag","embeddable":true,"href":"https:\/\/www.visit-ulcinj.com\/blog\/wp-json\/wp\/v2\/tags?post=9373"}],"curies":[{"name":"wp","href":"https:\/\/api.w.org\/{rel}","templated":true}]}}