{"id":93735,"date":"2015-12-19T17:19:21","date_gmt":"2015-12-19T16:19:21","guid":{"rendered":"http:\/\/www.visit-ulcinj.com\/blog\/?p=93735"},"modified":"2015-12-19T17:19:21","modified_gmt":"2015-12-19T16:19:21","slug":"nika-pse-kuvendi-ulqinit-perjetesoi-vepren-e-radovan-zogoviqit","status":"publish","type":"post","link":"https:\/\/www.visit-ulcinj.com\/blog\/2015\/12\/19\/nika-pse-kuvendi-ulqinit-perjetesoi-vepren-e-radovan-zogoviqit\/","title":{"rendered":"Nika: Pse kuvendi i Ulqinit p\u00ebrjet\u00ebsoi vepr\u00ebn e Radovan  Zogoviqit..?!!!"},"content":{"rendered":"<p><a href=\"http:\/\/www.visit-ulcinj.com\/blog\/wp-content\/uploads\/2014\/03\/muhamet-nika1.jpg\"><img loading=\"lazy\" class=\"alignleft wp-image-81255 size-full\" src=\"http:\/\/www.visit-ulcinj.com\/blog\/wp-content\/uploads\/2014\/03\/muhamet-nika1.jpg\" alt=\"muhamet-nika\" width=\"189\" height=\"189\" srcset=\"https:\/\/www.visit-ulcinj.com\/blog\/wp-content\/uploads\/2014\/03\/muhamet-nika1.jpg 189w, https:\/\/www.visit-ulcinj.com\/blog\/wp-content\/uploads\/2014\/03\/muhamet-nika1-150x150.jpg 150w\" sizes=\"(max-width: 189px) 100vw, 189px\" \/><\/a>N\u00eb momentin kur po \u00e7ohej gisht n\u00eb kuvend q\u00eb emri i nj\u00ebr\u00ebs nga rrug\u00ebt n\u00eb Ulqin t\u00eb mbaj\u00eb emrin e malazezit Radovan Zogoviq, u hetua se n\u00eb shenj bojkoti , t\u00eb gjith\u00eb k\u00ebshilltar\u00ebt e korpusit ortodoks \u2013 sllav , e kishin l\u00ebshuar sall\u00ebn e kuvendit , n\u00eb shenj pak\u00ebnaq\u00ebsie.<\/p>\n<p><strong><em>Po \u00e7far\u00eb pat\u00eb b\u00ebr\u00eb Radovan Zogoviq p\u00ebr shqiptar\u00ebt&#8230;?!!<\/em><\/strong><\/p>\n<p>Shkrimtari malazez Radovan Zogoviq , q\u00eb iu kund\u00ebrvua projektit serbo-madh t\u00eb shp\u00ebrnguljes me dhun\u00eb e shfarosjes s\u00eb shqiptar\u00ebve nga trojet e veta etnike diku rreth vitit 1936, pat shkruar poem\u00ebn \u201c DOSLACI- PESME ALI BINAKA \u201c , ARDHACAK\u00cbT- K\u00cbNG\u00cbT E ALIBINAKU.<\/p>\n<p>P\u00ebr t\u00eb arritur k\u00ebt\u00eb , ai pati si krye personazh Ali Binakun, me k\u00ebng\u00ebt e veta t\u00eb cilat me dhimbje posht\u00ebruese po ia rr\u00ebfente me dit\u00eb nipit t\u00eb vet duke k\u00ebnduar mizorit\u00eb dhe posht\u00ebrimin kolektiv t\u00eb shqiptar\u00ebve nga serb\u00ebt ardhacak\u00eb&#8230;?!!<\/p>\n<p>K\u00ebng\u00ebt , pas botimit t\u00eb tyre ishin nj\u00eb koh\u00eb t\u00eb gjat\u00eb t\u00eb ndaluara , kurse ata n\u00eb gjuh\u00ebn shqipe m\u00eb von\u00eb diku n\u00eb vitin 1949 n\u00eb ciklin prej 11 k\u00ebng\u00ebsh u p\u00ebrkthyen nga poeti shqiptar\u00a0\u00a0 ESAD MEKULI.<\/p>\n<p>P\u00ebr gjith\u00eb k\u00ebt\u00eb \u00a0sa cek\u00ebm , po shk\u00ebpusim p\u00ebr lexues t\u00eb faqes lajme nga Ulqini edhe k\u00ebt\u00eb:<\/p>\n<p>\u201c &#8230;..I iku gjumi Ali Binakut si zogu i trembur, dhe net\u00ebt u b\u00ebn\u00eb t\u00eb r\u00ebnda e t\u00eb pambarim. Or\u00eb e or\u00eb t\u00eb gjata t\u00eb nat\u00ebs ai rri zgjuar, i shtrim\u00eb n\u00eb postiqen e vjet\u00ebr t\u00eb ogi\u00e7it, nd\u00ebrsa net\u00ebve t\u00eb shurdhra e her\u00ebt para se t\u00eb zbardh\u00eb drita rri pran\u00eb oxhakut ku, sipas zakonit t\u00eb st\u00ebrgjysh\u00ebrve, e ndez vet\u00eb zjarrin: rri, mendon dhe num\u00ebron tespihet &#8211; mjekra e bardh\u00eb e krehur i skuqet n\u00eb flak\u00eb si tufat e misrit t\u00eb Metohis\u00eb. P\u00ebshp\u00ebrit\u00eb fjal\u00ebt e thata t\u00eb buz\u00ebve, k\u00ebrcasin tespihet- koh\u00eb t\u00eb v\u00ebshtira kan\u00eb ardhur, don me iu zhduk\u00eb gjurm\u00ebt fisit t\u00eb Ali Binakut t\u00eb Metohis\u00eb.<\/p>\n<p>M\u00eb leht\u00eb e kan\u00eb pas\u00eb st\u00ebrgjysh\u00ebrit tij n\u00eb mosh\u00ebn e tij: l\u00ebjshin parmend\u00ebn e kos\u00ebn, l\u00ebjshin pushk\u00ebn dhe rrinin n\u00eb kulla; ndiznin zjarrin n\u00eb oxhak t\u00eb od\u00ebs s\u00eb madhe, u tregojshin bijve dhe nipave \u00e7ka duhej t\u00eb punojshin, shkojshin n\u00eb pleq\u00ebri t\u00eb Sh\u00ebngjergjit, pajtonin gverre sht\u00ebpiake, pritshin mysafir\u00ebt, kujdeseshin p\u00ebr nuset dhe i faleshin per\u00ebndis\u00eb. Po \u00e7ka t\u00eb b\u00ebj\u00eb, \u00e7ka t\u00eb b\u00ebj\u00eb Ali Binaku plak, si t\u00eb rrij\u00eb n\u00eb Kull\u00eb, qysh t\u00eb dal\u00eb prej saj, &#8211; dit\u00eb t\u00eb v\u00ebshtira kan\u00eb shkel\u00eb, zot\u00ebrinj t\u00eb v\u00ebshtir\u00eb: duan t`i zhdukin gjurm\u00ebt e tij, ashtu edhe t\u00eb fisit t\u00eb tij prej Metohis\u00eb&#8230;<\/p>\n<p><strong>K\u00cbNGA E PAR\u00cb<\/strong><\/p>\n<p>Un\u00eb Ali Binaku heq tespihet e mij t\u00eb shurdh\u00ebr<\/p>\n<p>dhe me \u00e7do kok\u00ebrr t\u00eb r\u00ebndoj mbi qaf\u00eb vargun e gur\u00ebvet<\/p>\n<p>un\u00eb Ali Binaku t\u00eb mallkoj gjith\u00eb \u00e7`ke deri n\u00eb far\u00ebn e gjinis\u00eb sate!<\/p>\n<p>&nbsp;<\/p>\n<p>Pse, pse n\u00eb pullaz ma vrave t\u00eb shenjtin shpend, lejlekun?<\/p>\n<p>N\u00eb oxhakun tim i falej allahut,<\/p>\n<p>n\u00eb oxhakun tim puthte sqepat e bardh\u00eb<\/p>\n<p>q\u00eb si bima prej buc\u00ebs shpojn\u00eb l\u00ebvozhg\u00ebn e ves\u00eb,<\/p>\n<p>prej oxhakut tim shtrinte n\u00eb votr\u00ebn time rrembat e bardh\u00eb,<\/p>\n<p>dhe kurr\u00eb me krah s`ma rr\u00ebzoi moll\u00ebn prej rrembi,<\/p>\n<p>dhe kurr\u00eb me sqep s`ma shpoi syrin e kuq t\u00eb qershis\u00eb<\/p>\n<p>(q\u00eb t\u00eb kulloj\u00eb nin\u00ebza e kuqe!) \u2013<\/p>\n<p>shpend i shenjt\u00eb<\/p>\n<p>kur pushka e par\u00eb krisi n\u00eb t\u00eb \u2013<\/p>\n<p>me habi shikoi syhapur shpend shenjti;<\/p>\n<p>kur pushka e dyt\u00eb krisi n\u00eb t\u00eb &#8211;<\/p>\n<p>vet\u00ebm qaf\u00ebn p\u00ebrkuli si lulja e bardh\u00eb n\u00eb er\u00eb;<\/p>\n<p>kur pushka e tret\u00eb krisi n\u00eb t\u00eb &#8211;<\/p>\n<p>ra prej oxhakut tim, i p\u00ebrgjakur,<\/p>\n<p>n\u00eb pullazin tim&#8230;<\/p>\n<p>&nbsp;<\/p>\n<p><strong>K\u00cbNGA E DYT\u00cb<\/strong><\/p>\n<p>I rr\u00ebzuen gardhiqet e mija si t\u00eb lashtat,<\/p>\n<p>i shkel\u00ebn gardhiqet e mija si t\u00eb lashtat e ndeme;<\/p>\n<p>i shkel\u00ebn livadhet e mija t\u00eb blerueme<\/p>\n<p>si rrushin.<\/p>\n<p>Livadhi pranveror \u00ebsht\u00eb si uji i kthejllt\u00eb i blert\u00eb-<\/p>\n<p>sa dielli mos me turbullue me gishtat e vet;<\/p>\n<p>livadhi bardh\u00eb-lulue si bora e par\u00eb-<\/p>\n<p>sa zogu gjurm\u00ebn mos me lan\u00eb mbi t\u00eb;<\/p>\n<p>era mos m\u2019u valvit\u00eb mbi barin e vesuem-<\/p>\n<p>mos me gafrrue!<\/p>\n<p>I rr\u00ebzuen gardhiqet e mija si t\u00eb lashtat,<\/p>\n<p>i shkel\u00ebn livadhet e mija si rrushin.<\/p>\n<p>&nbsp;<\/p>\n<p>K\u00ebmba ime kurr\u00eb nuk shkeli mbi gardhin e tij,<\/p>\n<p>k\u00ebmba ime kurr\u00eb nuk la gjurm\u00eb n\u00eb livadhin e tij<\/p>\n<p>(as kur ka bor\u00eb mbi t\u00eb deri n\u00eb gju),<\/p>\n<p>as dhuja ime kurr\u00eb<\/p>\n<p>nuk hypi n\u00eb gardhin e tij pipat e murrizit m`i nduk\u00eb.<\/p>\n<p>N\u00eb livadhin tim qinda rre si mbi bor\u00ebn e vjeme.<\/p>\n<p>Dhe shih, kalon ai si dje n\u00ebn deg\u00ebt e r\u00ebndat\u00eb qershive<\/p>\n<p>t\u00eb mija,<\/p>\n<p>ndalet dhe deg\u00ebn shqyen,<\/p>\n<p>e asaj, si gjerdanit t\u00eb k\u00ebputun,<\/p>\n<p>iu dridh\u00ebn dhe iu derdh\u00ebn inxhinjt\u00eb e kuq t\u00eb qershive.<\/p>\n<p>Dhe plaga ku dega u shqye<\/p>\n<p>u mbush me gjak.<\/p>\n<p>&nbsp;<\/p>\n<p><strong>K\u00cbNGA E TRET\u00cb<\/strong><\/p>\n<p>O nat\u00eb,<\/p>\n<p>mos po kalojn\u00eb ushtrit\u00eb mbi ura,<\/p>\n<p>apo era thyen deg\u00ebt e pemishtes sime,<\/p>\n<p>apo trer\u00ebt bora po i rr\u00ebzon n\u00eb pullaz?<\/p>\n<p>&nbsp;<\/p>\n<p>Jo, nuk po kalojn\u00eb ushtrit\u00eb mbi ura,<\/p>\n<p>nuk po i thyen era deg\u00ebt e pemishtes sime,<\/p>\n<p>nuk po i rr\u00ebzon bora trer\u00ebt n\u00eb pullaz.<\/p>\n<p>Po kali i tij b\u00ebn l\u00ebm\u00eb n\u00eb misrin tim<\/p>\n<p>tan\u00eb nat\u00ebn, tan\u00eb nat\u00ebn&#8230;<\/p>\n<p>&nbsp;<\/p>\n<p>Po e ndiej- qerret e topave po kalojn\u00eb n\u00ebp\u00ebr mis\u00ebr:<\/p>\n<p>thyhen k\u00ebrcejt\u00eb e njom\u00eb t\u00eb kallijve,<\/p>\n<p>thyen brij\u00ebt e njoma t\u00eb flet\u00ebve.<\/p>\n<p>Po e ndiej- dushmani dalldiset n\u00eb qilarin e bij\u00ebs sime,<\/p>\n<p>shkel me gjunj\u00eb shtratin e saj vajz\u00ebror,<\/p>\n<p>junguron si qeni n\u00ebn fytin vajz\u00ebror.<\/p>\n<p>K\u00ebtu \u00ebsht\u00eb- me thund\u00ebr m\u00eb shkel n\u00eb brij\u00eb!<\/p>\n<p>&#8230;&#8230;&#8230;&#8230;&#8230;&#8230;&#8230;&#8230;&#8230;&#8230;&#8230;&#8230;&#8230;&#8230;&#8230;&#8230;&#8230;&#8230;&#8230;&#8230;..<\/p>\n<p>Ai me buz\u00ebt e lagta tramak\u00ebt i prek,<\/p>\n<p>me dh\u00ebmb\u00eb k\u00ebput maj\u00ebn e skuqun t\u00eb gjinit,<\/p>\n<p>dhe kafshon-<\/p>\n<p>prej dh\u00ebmb\u00ebve tamb\u00ebli i shkumon.<\/p>\n<p>Nd\u00ebrmjet mbr\u00ebmjes e meje shtrihet viti i r\u00ebnd\u00eb,<\/p>\n<p>dhe ai \u00ebsht\u00eb gjith\u00eb nat\u00ebn mbi mue-<\/p>\n<p>m`i shkel brij\u00ebt me thundra.<\/p>\n<p>&#8230;&#8230;&#8230;&#8230;&#8230;&#8230;&#8230;&#8230;&#8230;&#8230;&#8230;&#8230;&#8230;.<\/p>\n<p>&#8230;&#8230;&#8230;&#8230;&#8230;&#8230;&#8230;&#8230;&#8230;&#8230;&#8230;&#8230;&#8230;<\/p>\n<p>&#8230;&#8230;&#8230;&#8230;&#8230;&#8230;&#8230;&#8230;&#8230;&#8230;&#8230;&#8230;&#8230;<\/p>\n<p>&nbsp;<\/p>\n<p>Nga kjo q\u00eb tham\u00eb p\u00ebr poezin\u00eb e Radovan Zogoviqit, edhe un\u00eb e arsyetoj veprimin e k\u00ebshilltar\u00ebve serbo- malazez t\u00eb cil\u00ebt(mbase), duke mos pasur guxim t\u00eb ballafaqohen me mizorit\u00eb e kombit t\u00eb vet ndaj shqiptar\u00ebve , vendos\u00ebn ta bojkotojn\u00eb mbledhjen- dhe d\u00ebshiroj t\u00eb besoj q\u00eb k\u00ebt\u00eb e b\u00ebn\u00eb ,n\u00eb shenj turp\u00ebrimi p\u00ebr \u00e7far\u00eb dikur b\u00ebn\u00eb, duke p\u00ebrjetuar k\u00ebshtu nj\u00eb lloj katarsisi aristotelian pas k\u00ebsaj tragjedie&#8230;?!!<\/p>\n<p>Po k\u00ebt\u00eb dit\u00eb , pas votimit t\u00eb k\u00ebtij vendimi, q\u00eb t\u00eb p\u00ebrjet\u00ebsohej poeti i madh, me emrin e nj\u00eb rruge, u binda edhe n\u00eb at\u00eb th\u00ebnien e cila thot\u00eb se ashtu si \u00e7do e mir\u00eb q\u00eb e ka nj\u00eb t\u00eb keqe &#8230;, ashtu edhe \u00e7do e keqe e ka nj\u00eb t\u00eb mir\u00eb.<\/p>\n<p>Fjal\u00ebn e kemi p\u00ebr kuvendin e k\u00ebsaj dite ,ku pas\u00a0\u00a0 lajmit t\u00eb mir\u00eb e t\u00eb g\u00ebzuesh\u00ebm , q\u00eb cek\u00ebm, n\u00eb fund m\u00ebsuam se do t\u00eb prishej &#8230;, pasi Forca do t\u00eb kusht\u00ebzonte me rr\u00ebzimin e Gjek\u00ebs e disa than\u00eb , se pat biseda p\u00ebr t\u00eb instaluar Loro Ndrekiqin, nga partia n\u00eb pushtet.<\/p>\n<p>Mendoj se ky formacionin ekzistues HAXHI BETI \u2013 FATMIR GJEKA do t\u00eb mbahet gjat\u00eb nd\u00ebr mend , p\u00ebr rezultatet e emancipimit komb\u00ebtar\u00eb tonin.<\/p>\n<p>Sipas neve dhe disave- Patriotizmit nuk i ka kaluar koha , se po t\u00eb ishte k\u00ebshtu, do t\u00eb kishin \u00e7uar dor\u00eb moti prej tij : anglez\u00ebt, amerikan\u00ebt, gjerman\u00ebt , francez\u00ebt etj .?!!!<\/p>\n<p>&nbsp;<\/p>\n<p><strong>Pik\u00ebpamjet e shprehura n\u00eb faqen \u201cOPINIONE\u201d nuk p\u00ebrfaq\u00ebsojn\u00eb domosdoshm\u00ebrisht politik\u00ebn redaksionale t\u00eb \u201eLajmeve nga Ulqini\u201e<\/strong><\/p>\n","protected":false},"excerpt":{"rendered":"<p>N\u00eb momentin kur po \u00e7ohej gisht n\u00eb kuvend q\u00eb emri i nj\u00ebr\u00ebs nga rrug\u00ebt n\u00eb Ulqin t\u00eb mbaj\u00eb emrin e malazezit Radovan Zogoviq, u hetua se n\u00eb shenj bojkoti , t\u00eb gjith\u00eb k\u00ebshilltar\u00ebt e korpusit ortodoks \u2013 sllav , e kishin l\u00ebshuar sall\u00ebn e kuvendit , n\u00eb shenj pak\u00ebnaq\u00ebsie. Po \u00e7far\u00eb pat\u00eb b\u00ebr\u00eb Radovan Zogoviq [&hellip;]<\/p>\n","protected":false},"author":1,"featured_media":0,"comment_status":"closed","ping_status":"closed","sticky":false,"template":"","format":"standard","meta":{"spay_email":"","jetpack_publicize_message":"","jetpack_is_tweetstorm":false,"jetpack_publicize_feature_enabled":true},"categories":[14249],"tags":[],"jetpack_publicize_connections":[],"yoast_head":"<!-- This site is optimized with the Yoast SEO plugin v19.1 - https:\/\/yoast.com\/wordpress\/plugins\/seo\/ -->\n<title>Nika: Pse kuvendi i Ulqinit p\u00ebrjet\u00ebsoi vepr\u00ebn e Radovan Zogoviqit..?!!! - Lajme nga Ulqini<\/title>\n<meta name=\"description\" content=\"N\u00eb momentin kur po \u00e7ohej gisht n\u00eb kuvend q\u00eb emri i nj\u00ebr\u00ebs nga rrug\u00ebt n\u00eb Ulqin t\u00eb mbaj\u00eb emrin e malazezit Radovan Zogoviq, u hetua se n\u00eb shenj bojkoti , t\u00eb\" \/>\n<meta name=\"robots\" content=\"index, follow, max-snippet:-1, max-image-preview:large, max-video-preview:-1\" \/>\n<link rel=\"canonical\" href=\"https:\/\/www.visit-ulcinj.com\/blog\/2015\/12\/19\/nika-pse-kuvendi-ulqinit-perjetesoi-vepren-e-radovan-zogoviqit\/\" \/>\n<meta property=\"og:locale\" content=\"en_US\" \/>\n<meta property=\"og:type\" content=\"article\" \/>\n<meta property=\"og:title\" content=\"Nika: Pse kuvendi i Ulqinit p\u00ebrjet\u00ebsoi vepr\u00ebn e Radovan Zogoviqit..?!!! - Lajme nga Ulqini\" \/>\n<meta property=\"og:description\" content=\"N\u00eb momentin kur po \u00e7ohej gisht n\u00eb kuvend q\u00eb emri i nj\u00ebr\u00ebs nga rrug\u00ebt n\u00eb Ulqin t\u00eb mbaj\u00eb emrin e malazezit Radovan Zogoviq, u hetua se n\u00eb shenj bojkoti , t\u00eb\" \/>\n<meta property=\"og:url\" content=\"https:\/\/www.visit-ulcinj.com\/blog\/2015\/12\/19\/nika-pse-kuvendi-ulqinit-perjetesoi-vepren-e-radovan-zogoviqit\/\" \/>\n<meta property=\"og:site_name\" content=\"Lajme nga Ulqini\" \/>\n<meta property=\"article:published_time\" content=\"2015-12-19T16:19:21+00:00\" \/>\n<meta property=\"og:image\" content=\"http:\/\/www.visit-ulcinj.com\/blog\/wp-content\/uploads\/2014\/03\/muhamet-nika1.jpg\" \/>\n<meta name=\"twitter:label1\" content=\"Written by\" \/>\n\t<meta name=\"twitter:data1\" content=\"ulqini\" \/>\n\t<meta name=\"twitter:label2\" content=\"Est. reading time\" \/>\n\t<meta name=\"twitter:data2\" content=\"7 minutes\" \/>\n<script type=\"application\/ld+json\" class=\"yoast-schema-graph\">{\"@context\":\"https:\/\/schema.org\",\"@graph\":[{\"@type\":\"WebSite\",\"@id\":\"https:\/\/www.visit-ulcinj.com\/blog\/#website\",\"url\":\"https:\/\/www.visit-ulcinj.com\/blog\/\",\"name\":\"Lajme nga Ulqini\",\"description\":\"Lajme,Vijesti,Ulqini,Ulqin,Crna Gora,Mali i Zi\",\"potentialAction\":[{\"@type\":\"SearchAction\",\"target\":{\"@type\":\"EntryPoint\",\"urlTemplate\":\"https:\/\/www.visit-ulcinj.com\/blog\/?s={search_term_string}\"},\"query-input\":\"required name=search_term_string\"}],\"inLanguage\":\"en-US\"},{\"@type\":\"ImageObject\",\"inLanguage\":\"en-US\",\"@id\":\"https:\/\/www.visit-ulcinj.com\/blog\/2015\/12\/19\/nika-pse-kuvendi-ulqinit-perjetesoi-vepren-e-radovan-zogoviqit\/#primaryimage\",\"url\":\"https:\/\/www.visit-ulcinj.com\/blog\/wp-content\/uploads\/2014\/03\/muhamet-nika1.jpg\",\"contentUrl\":\"https:\/\/www.visit-ulcinj.com\/blog\/wp-content\/uploads\/2014\/03\/muhamet-nika1.jpg\",\"width\":189,\"height\":189},{\"@type\":\"WebPage\",\"@id\":\"https:\/\/www.visit-ulcinj.com\/blog\/2015\/12\/19\/nika-pse-kuvendi-ulqinit-perjetesoi-vepren-e-radovan-zogoviqit\/#webpage\",\"url\":\"https:\/\/www.visit-ulcinj.com\/blog\/2015\/12\/19\/nika-pse-kuvendi-ulqinit-perjetesoi-vepren-e-radovan-zogoviqit\/\",\"name\":\"Nika: Pse kuvendi i Ulqinit p\u00ebrjet\u00ebsoi vepr\u00ebn e Radovan Zogoviqit..?!!! - Lajme nga Ulqini\",\"isPartOf\":{\"@id\":\"https:\/\/www.visit-ulcinj.com\/blog\/#website\"},\"primaryImageOfPage\":{\"@id\":\"https:\/\/www.visit-ulcinj.com\/blog\/2015\/12\/19\/nika-pse-kuvendi-ulqinit-perjetesoi-vepren-e-radovan-zogoviqit\/#primaryimage\"},\"datePublished\":\"2015-12-19T16:19:21+00:00\",\"dateModified\":\"2015-12-19T16:19:21+00:00\",\"author\":{\"@id\":\"https:\/\/www.visit-ulcinj.com\/blog\/#\/schema\/person\/dcab619c614d3038751c63bc2aadc06d\"},\"description\":\"N\u00eb momentin kur po \u00e7ohej gisht n\u00eb kuvend q\u00eb emri i nj\u00ebr\u00ebs nga rrug\u00ebt n\u00eb Ulqin t\u00eb mbaj\u00eb emrin e malazezit Radovan Zogoviq, u hetua se n\u00eb shenj bojkoti , t\u00eb\",\"breadcrumb\":{\"@id\":\"https:\/\/www.visit-ulcinj.com\/blog\/2015\/12\/19\/nika-pse-kuvendi-ulqinit-perjetesoi-vepren-e-radovan-zogoviqit\/#breadcrumb\"},\"inLanguage\":\"en-US\",\"potentialAction\":[{\"@type\":\"ReadAction\",\"target\":[\"https:\/\/www.visit-ulcinj.com\/blog\/2015\/12\/19\/nika-pse-kuvendi-ulqinit-perjetesoi-vepren-e-radovan-zogoviqit\/\"]}]},{\"@type\":\"BreadcrumbList\",\"@id\":\"https:\/\/www.visit-ulcinj.com\/blog\/2015\/12\/19\/nika-pse-kuvendi-ulqinit-perjetesoi-vepren-e-radovan-zogoviqit\/#breadcrumb\",\"itemListElement\":[{\"@type\":\"ListItem\",\"position\":1,\"name\":\"Nika: Pse kuvendi i Ulqinit p\u00ebrjet\u00ebsoi vepr\u00ebn e Radovan Zogoviqit..?!!!\"}]},{\"@type\":\"Person\",\"@id\":\"https:\/\/www.visit-ulcinj.com\/blog\/#\/schema\/person\/dcab619c614d3038751c63bc2aadc06d\",\"name\":\"ulqini\",\"sameAs\":[\"http:\/\/www.visit-ulcinj.com\"],\"url\":\"https:\/\/www.visit-ulcinj.com\/blog\/author\/admin\/\"}]}<\/script>\n<!-- \/ Yoast SEO plugin. -->","yoast_head_json":{"title":"Nika: Pse kuvendi i Ulqinit p\u00ebrjet\u00ebsoi vepr\u00ebn e Radovan Zogoviqit..?!!! - Lajme nga Ulqini","description":"N\u00eb momentin kur po \u00e7ohej gisht n\u00eb kuvend q\u00eb emri i nj\u00ebr\u00ebs nga rrug\u00ebt n\u00eb Ulqin t\u00eb mbaj\u00eb emrin e malazezit Radovan Zogoviq, u hetua se n\u00eb shenj bojkoti , t\u00eb","robots":{"index":"index","follow":"follow","max-snippet":"max-snippet:-1","max-image-preview":"max-image-preview:large","max-video-preview":"max-video-preview:-1"},"canonical":"https:\/\/www.visit-ulcinj.com\/blog\/2015\/12\/19\/nika-pse-kuvendi-ulqinit-perjetesoi-vepren-e-radovan-zogoviqit\/","og_locale":"en_US","og_type":"article","og_title":"Nika: Pse kuvendi i Ulqinit p\u00ebrjet\u00ebsoi vepr\u00ebn e Radovan Zogoviqit..?!!! - Lajme nga Ulqini","og_description":"N\u00eb momentin kur po \u00e7ohej gisht n\u00eb kuvend q\u00eb emri i nj\u00ebr\u00ebs nga rrug\u00ebt n\u00eb Ulqin t\u00eb mbaj\u00eb emrin e malazezit Radovan Zogoviq, u hetua se n\u00eb shenj bojkoti , t\u00eb","og_url":"https:\/\/www.visit-ulcinj.com\/blog\/2015\/12\/19\/nika-pse-kuvendi-ulqinit-perjetesoi-vepren-e-radovan-zogoviqit\/","og_site_name":"Lajme nga Ulqini","article_published_time":"2015-12-19T16:19:21+00:00","og_image":[{"url":"http:\/\/www.visit-ulcinj.com\/blog\/wp-content\/uploads\/2014\/03\/muhamet-nika1.jpg"}],"twitter_misc":{"Written by":"ulqini","Est. reading time":"7 minutes"},"schema":{"@context":"https:\/\/schema.org","@graph":[{"@type":"WebSite","@id":"https:\/\/www.visit-ulcinj.com\/blog\/#website","url":"https:\/\/www.visit-ulcinj.com\/blog\/","name":"Lajme nga Ulqini","description":"Lajme,Vijesti,Ulqini,Ulqin,Crna Gora,Mali i Zi","potentialAction":[{"@type":"SearchAction","target":{"@type":"EntryPoint","urlTemplate":"https:\/\/www.visit-ulcinj.com\/blog\/?s={search_term_string}"},"query-input":"required name=search_term_string"}],"inLanguage":"en-US"},{"@type":"ImageObject","inLanguage":"en-US","@id":"https:\/\/www.visit-ulcinj.com\/blog\/2015\/12\/19\/nika-pse-kuvendi-ulqinit-perjetesoi-vepren-e-radovan-zogoviqit\/#primaryimage","url":"https:\/\/www.visit-ulcinj.com\/blog\/wp-content\/uploads\/2014\/03\/muhamet-nika1.jpg","contentUrl":"https:\/\/www.visit-ulcinj.com\/blog\/wp-content\/uploads\/2014\/03\/muhamet-nika1.jpg","width":189,"height":189},{"@type":"WebPage","@id":"https:\/\/www.visit-ulcinj.com\/blog\/2015\/12\/19\/nika-pse-kuvendi-ulqinit-perjetesoi-vepren-e-radovan-zogoviqit\/#webpage","url":"https:\/\/www.visit-ulcinj.com\/blog\/2015\/12\/19\/nika-pse-kuvendi-ulqinit-perjetesoi-vepren-e-radovan-zogoviqit\/","name":"Nika: Pse kuvendi i Ulqinit p\u00ebrjet\u00ebsoi vepr\u00ebn e Radovan Zogoviqit..?!!! - Lajme nga Ulqini","isPartOf":{"@id":"https:\/\/www.visit-ulcinj.com\/blog\/#website"},"primaryImageOfPage":{"@id":"https:\/\/www.visit-ulcinj.com\/blog\/2015\/12\/19\/nika-pse-kuvendi-ulqinit-perjetesoi-vepren-e-radovan-zogoviqit\/#primaryimage"},"datePublished":"2015-12-19T16:19:21+00:00","dateModified":"2015-12-19T16:19:21+00:00","author":{"@id":"https:\/\/www.visit-ulcinj.com\/blog\/#\/schema\/person\/dcab619c614d3038751c63bc2aadc06d"},"description":"N\u00eb momentin kur po \u00e7ohej gisht n\u00eb kuvend q\u00eb emri i nj\u00ebr\u00ebs nga rrug\u00ebt n\u00eb Ulqin t\u00eb mbaj\u00eb emrin e malazezit Radovan Zogoviq, u hetua se n\u00eb shenj bojkoti , t\u00eb","breadcrumb":{"@id":"https:\/\/www.visit-ulcinj.com\/blog\/2015\/12\/19\/nika-pse-kuvendi-ulqinit-perjetesoi-vepren-e-radovan-zogoviqit\/#breadcrumb"},"inLanguage":"en-US","potentialAction":[{"@type":"ReadAction","target":["https:\/\/www.visit-ulcinj.com\/blog\/2015\/12\/19\/nika-pse-kuvendi-ulqinit-perjetesoi-vepren-e-radovan-zogoviqit\/"]}]},{"@type":"BreadcrumbList","@id":"https:\/\/www.visit-ulcinj.com\/blog\/2015\/12\/19\/nika-pse-kuvendi-ulqinit-perjetesoi-vepren-e-radovan-zogoviqit\/#breadcrumb","itemListElement":[{"@type":"ListItem","position":1,"name":"Nika: Pse kuvendi i Ulqinit p\u00ebrjet\u00ebsoi vepr\u00ebn e Radovan Zogoviqit..?!!!"}]},{"@type":"Person","@id":"https:\/\/www.visit-ulcinj.com\/blog\/#\/schema\/person\/dcab619c614d3038751c63bc2aadc06d","name":"ulqini","sameAs":["http:\/\/www.visit-ulcinj.com"],"url":"https:\/\/www.visit-ulcinj.com\/blog\/author\/admin\/"}]}},"jetpack_featured_media_url":"","jetpack_sharing_enabled":true,"jetpack_shortlink":"https:\/\/wp.me\/pe6lTn-onR","_links":{"self":[{"href":"https:\/\/www.visit-ulcinj.com\/blog\/wp-json\/wp\/v2\/posts\/93735"}],"collection":[{"href":"https:\/\/www.visit-ulcinj.com\/blog\/wp-json\/wp\/v2\/posts"}],"about":[{"href":"https:\/\/www.visit-ulcinj.com\/blog\/wp-json\/wp\/v2\/types\/post"}],"author":[{"embeddable":true,"href":"https:\/\/www.visit-ulcinj.com\/blog\/wp-json\/wp\/v2\/users\/1"}],"replies":[{"embeddable":true,"href":"https:\/\/www.visit-ulcinj.com\/blog\/wp-json\/wp\/v2\/comments?post=93735"}],"version-history":[{"count":1,"href":"https:\/\/www.visit-ulcinj.com\/blog\/wp-json\/wp\/v2\/posts\/93735\/revisions"}],"predecessor-version":[{"id":93736,"href":"https:\/\/www.visit-ulcinj.com\/blog\/wp-json\/wp\/v2\/posts\/93735\/revisions\/93736"}],"wp:attachment":[{"href":"https:\/\/www.visit-ulcinj.com\/blog\/wp-json\/wp\/v2\/media?parent=93735"}],"wp:term":[{"taxonomy":"category","embeddable":true,"href":"https:\/\/www.visit-ulcinj.com\/blog\/wp-json\/wp\/v2\/categories?post=93735"},{"taxonomy":"post_tag","embeddable":true,"href":"https:\/\/www.visit-ulcinj.com\/blog\/wp-json\/wp\/v2\/tags?post=93735"}],"curies":[{"name":"wp","href":"https:\/\/api.w.org\/{rel}","templated":true}]}}