{"id":93749,"date":"2015-12-19T19:20:42","date_gmt":"2015-12-19T18:20:42","guid":{"rendered":"http:\/\/www.visit-ulcinj.com\/blog\/?p=93749"},"modified":"2015-12-19T19:20:42","modified_gmt":"2015-12-19T18:20:42","slug":"diaspora-shqiptare-e-malit-te-zi-video","status":"publish","type":"post","link":"https:\/\/www.visit-ulcinj.com\/blog\/2015\/12\/19\/diaspora-shqiptare-e-malit-te-zi-video\/","title":{"rendered":"Diaspora shqiptare e Malit t\u00eb Zi &#8211; Video"},"content":{"rendered":"<p><span style=\"font-family: Calibri; font-size: medium;\"><a href=\"http:\/\/www.visit-ulcinj.com\/blog\/wp-content\/uploads\/2015\/12\/Diaspora-shqiptare-e-mali-te-zi.jpg\"><img loading=\"lazy\" class=\"alignleft wp-image-93750\" src=\"http:\/\/www.visit-ulcinj.com\/blog\/wp-content\/uploads\/2015\/12\/Diaspora-shqiptare-e-mali-te-zi.jpg\" alt=\"Diaspora-shqiptare-e-mali-te-zi\" width=\"508\" height=\"332\" srcset=\"https:\/\/www.visit-ulcinj.com\/blog\/wp-content\/uploads\/2015\/12\/Diaspora-shqiptare-e-mali-te-zi.jpg 501w, https:\/\/www.visit-ulcinj.com\/blog\/wp-content\/uploads\/2015\/12\/Diaspora-shqiptare-e-mali-te-zi-300x196.jpg 300w\" sizes=\"(max-width: 508px) 100vw, 508px\" \/><\/a>Nj\u00eb num\u00ebr shqiptar\u00ebsh nga Mali i Zi q\u00eb jetojn\u00eb n\u00eb SHBA ndihmojn\u00eb vendlindjen me projekte n\u00eb arsim, sh\u00ebndet\u00ebsi dhe kultur\u00eb. Ata thon\u00eb se investime t\u00eb tilla ndikojn\u00eb p\u00ebr t\u00eb evituar shp\u00ebrnguljen e banor\u00ebve nga trevat ku jetojn\u00eb shqiptar\u00ebt. <\/span><\/p>\n<p><span style=\"font-family: Calibri; font-size: medium;\">Njofton korrespondenti yn\u00eb n\u00eb Ulqin, Ali Salaj.<\/span><\/p>\n<p><strong>VAO<\/strong><\/p>\n<!--YouTube Error: bad URL entered-->\n<p>&nbsp;<\/p>\n","protected":false},"excerpt":{"rendered":"<p>Nj\u00eb num\u00ebr shqiptar\u00ebsh nga Mali i Zi q\u00eb jetojn\u00eb n\u00eb SHBA ndihmojn\u00eb vendlindjen me projekte n\u00eb arsim, sh\u00ebndet\u00ebsi dhe kultur\u00eb. Ata thon\u00eb se investime t\u00eb tilla ndikojn\u00eb p\u00ebr t\u00eb evituar shp\u00ebrnguljen e banor\u00ebve nga trevat ku jetojn\u00eb shqiptar\u00ebt. Njofton korrespondenti yn\u00eb n\u00eb Ulqin, Ali Salaj. VAO &nbsp;<\/p>\n","protected":false},"author":1,"featured_media":0,"comment_status":"closed","ping_status":"closed","sticky":false,"template":"","format":"standard","meta":{"spay_email":"","jetpack_publicize_message":"","jetpack_is_tweetstorm":false,"jetpack_publicize_feature_enabled":true},"categories":[14],"tags":[],"jetpack_publicize_connections":[],"yoast_head":"<!-- This site is optimized with the Yoast SEO plugin v19.1 - https:\/\/yoast.com\/wordpress\/plugins\/seo\/ -->\n<title>Diaspora shqiptare e Malit t\u00eb Zi - Video - Lajme nga Ulqini<\/title>\n<meta name=\"description\" content=\"Nj\u00eb num\u00ebr shqiptar\u00ebsh nga Mali i Zi q\u00eb jetojn\u00eb n\u00eb SHBA ndihmojn\u00eb vendlindjen me projekte n\u00eb arsim, sh\u00ebndet\u00ebsi dhe kultur\u00eb. Ata thon\u00eb se investime t\u00eb tilla\" \/>\n<meta name=\"robots\" content=\"index, follow, max-snippet:-1, max-image-preview:large, max-video-preview:-1\" \/>\n<link rel=\"canonical\" href=\"https:\/\/www.visit-ulcinj.com\/blog\/2015\/12\/19\/diaspora-shqiptare-e-malit-te-zi-video\/\" \/>\n<meta property=\"og:locale\" content=\"en_US\" \/>\n<meta property=\"og:type\" content=\"article\" \/>\n<meta property=\"og:title\" content=\"Diaspora shqiptare e Malit t\u00eb Zi - Video - Lajme nga Ulqini\" \/>\n<meta property=\"og:description\" content=\"Nj\u00eb num\u00ebr shqiptar\u00ebsh nga Mali i Zi q\u00eb jetojn\u00eb n\u00eb SHBA ndihmojn\u00eb vendlindjen me projekte n\u00eb arsim, sh\u00ebndet\u00ebsi dhe kultur\u00eb. Ata thon\u00eb se investime t\u00eb tilla\" \/>\n<meta property=\"og:url\" content=\"https:\/\/www.visit-ulcinj.com\/blog\/2015\/12\/19\/diaspora-shqiptare-e-malit-te-zi-video\/\" \/>\n<meta property=\"og:site_name\" content=\"Lajme nga Ulqini\" \/>\n<meta property=\"article:published_time\" content=\"2015-12-19T18:20:42+00:00\" \/>\n<meta property=\"og:image\" content=\"http:\/\/www.visit-ulcinj.com\/blog\/wp-content\/uploads\/2015\/12\/Diaspora-shqiptare-e-mali-te-zi.jpg\" \/>\n<meta name=\"twitter:label1\" content=\"Written by\" \/>\n\t<meta name=\"twitter:data1\" content=\"ulqini\" \/>\n<script type=\"application\/ld+json\" class=\"yoast-schema-graph\">{\"@context\":\"https:\/\/schema.org\",\"@graph\":[{\"@type\":\"WebSite\",\"@id\":\"https:\/\/www.visit-ulcinj.com\/blog\/#website\",\"url\":\"https:\/\/www.visit-ulcinj.com\/blog\/\",\"name\":\"Lajme nga Ulqini\",\"description\":\"Lajme,Vijesti,Ulqini,Ulqin,Crna Gora,Mali i Zi\",\"potentialAction\":[{\"@type\":\"SearchAction\",\"target\":{\"@type\":\"EntryPoint\",\"urlTemplate\":\"https:\/\/www.visit-ulcinj.com\/blog\/?s={search_term_string}\"},\"query-input\":\"required name=search_term_string\"}],\"inLanguage\":\"en-US\"},{\"@type\":\"ImageObject\",\"inLanguage\":\"en-US\",\"@id\":\"https:\/\/www.visit-ulcinj.com\/blog\/2015\/12\/19\/diaspora-shqiptare-e-malit-te-zi-video\/#primaryimage\",\"url\":\"https:\/\/www.visit-ulcinj.com\/blog\/wp-content\/uploads\/2015\/12\/Diaspora-shqiptare-e-mali-te-zi.jpg\",\"contentUrl\":\"https:\/\/www.visit-ulcinj.com\/blog\/wp-content\/uploads\/2015\/12\/Diaspora-shqiptare-e-mali-te-zi.jpg\",\"width\":501,\"height\":327},{\"@type\":\"WebPage\",\"@id\":\"https:\/\/www.visit-ulcinj.com\/blog\/2015\/12\/19\/diaspora-shqiptare-e-malit-te-zi-video\/#webpage\",\"url\":\"https:\/\/www.visit-ulcinj.com\/blog\/2015\/12\/19\/diaspora-shqiptare-e-malit-te-zi-video\/\",\"name\":\"Diaspora shqiptare e Malit t\u00eb Zi - Video - Lajme nga Ulqini\",\"isPartOf\":{\"@id\":\"https:\/\/www.visit-ulcinj.com\/blog\/#website\"},\"primaryImageOfPage\":{\"@id\":\"https:\/\/www.visit-ulcinj.com\/blog\/2015\/12\/19\/diaspora-shqiptare-e-malit-te-zi-video\/#primaryimage\"},\"datePublished\":\"2015-12-19T18:20:42+00:00\",\"dateModified\":\"2015-12-19T18:20:42+00:00\",\"author\":{\"@id\":\"https:\/\/www.visit-ulcinj.com\/blog\/#\/schema\/person\/dcab619c614d3038751c63bc2aadc06d\"},\"description\":\"Nj\u00eb num\u00ebr shqiptar\u00ebsh nga Mali i Zi q\u00eb jetojn\u00eb n\u00eb SHBA ndihmojn\u00eb vendlindjen me projekte n\u00eb arsim, sh\u00ebndet\u00ebsi dhe kultur\u00eb. Ata thon\u00eb se investime t\u00eb tilla\",\"breadcrumb\":{\"@id\":\"https:\/\/www.visit-ulcinj.com\/blog\/2015\/12\/19\/diaspora-shqiptare-e-malit-te-zi-video\/#breadcrumb\"},\"inLanguage\":\"en-US\",\"potentialAction\":[{\"@type\":\"ReadAction\",\"target\":[\"https:\/\/www.visit-ulcinj.com\/blog\/2015\/12\/19\/diaspora-shqiptare-e-malit-te-zi-video\/\"]}]},{\"@type\":\"BreadcrumbList\",\"@id\":\"https:\/\/www.visit-ulcinj.com\/blog\/2015\/12\/19\/diaspora-shqiptare-e-malit-te-zi-video\/#breadcrumb\",\"itemListElement\":[{\"@type\":\"ListItem\",\"position\":1,\"name\":\"Diaspora shqiptare e Malit t\u00eb Zi &#8211; Video\"}]},{\"@type\":\"Person\",\"@id\":\"https:\/\/www.visit-ulcinj.com\/blog\/#\/schema\/person\/dcab619c614d3038751c63bc2aadc06d\",\"name\":\"ulqini\",\"sameAs\":[\"http:\/\/www.visit-ulcinj.com\"],\"url\":\"https:\/\/www.visit-ulcinj.com\/blog\/author\/admin\/\"}]}<\/script>\n<!-- \/ Yoast SEO plugin. -->","yoast_head_json":{"title":"Diaspora shqiptare e Malit t\u00eb Zi - Video - Lajme nga Ulqini","description":"Nj\u00eb num\u00ebr shqiptar\u00ebsh nga Mali i Zi q\u00eb jetojn\u00eb n\u00eb SHBA ndihmojn\u00eb vendlindjen me projekte n\u00eb arsim, sh\u00ebndet\u00ebsi dhe kultur\u00eb. Ata thon\u00eb se investime t\u00eb tilla","robots":{"index":"index","follow":"follow","max-snippet":"max-snippet:-1","max-image-preview":"max-image-preview:large","max-video-preview":"max-video-preview:-1"},"canonical":"https:\/\/www.visit-ulcinj.com\/blog\/2015\/12\/19\/diaspora-shqiptare-e-malit-te-zi-video\/","og_locale":"en_US","og_type":"article","og_title":"Diaspora shqiptare e Malit t\u00eb Zi - Video - Lajme nga Ulqini","og_description":"Nj\u00eb num\u00ebr shqiptar\u00ebsh nga Mali i Zi q\u00eb jetojn\u00eb n\u00eb SHBA ndihmojn\u00eb vendlindjen me projekte n\u00eb arsim, sh\u00ebndet\u00ebsi dhe kultur\u00eb. Ata thon\u00eb se investime t\u00eb tilla","og_url":"https:\/\/www.visit-ulcinj.com\/blog\/2015\/12\/19\/diaspora-shqiptare-e-malit-te-zi-video\/","og_site_name":"Lajme nga Ulqini","article_published_time":"2015-12-19T18:20:42+00:00","og_image":[{"url":"http:\/\/www.visit-ulcinj.com\/blog\/wp-content\/uploads\/2015\/12\/Diaspora-shqiptare-e-mali-te-zi.jpg"}],"twitter_misc":{"Written by":"ulqini"},"schema":{"@context":"https:\/\/schema.org","@graph":[{"@type":"WebSite","@id":"https:\/\/www.visit-ulcinj.com\/blog\/#website","url":"https:\/\/www.visit-ulcinj.com\/blog\/","name":"Lajme nga Ulqini","description":"Lajme,Vijesti,Ulqini,Ulqin,Crna Gora,Mali i Zi","potentialAction":[{"@type":"SearchAction","target":{"@type":"EntryPoint","urlTemplate":"https:\/\/www.visit-ulcinj.com\/blog\/?s={search_term_string}"},"query-input":"required name=search_term_string"}],"inLanguage":"en-US"},{"@type":"ImageObject","inLanguage":"en-US","@id":"https:\/\/www.visit-ulcinj.com\/blog\/2015\/12\/19\/diaspora-shqiptare-e-malit-te-zi-video\/#primaryimage","url":"https:\/\/www.visit-ulcinj.com\/blog\/wp-content\/uploads\/2015\/12\/Diaspora-shqiptare-e-mali-te-zi.jpg","contentUrl":"https:\/\/www.visit-ulcinj.com\/blog\/wp-content\/uploads\/2015\/12\/Diaspora-shqiptare-e-mali-te-zi.jpg","width":501,"height":327},{"@type":"WebPage","@id":"https:\/\/www.visit-ulcinj.com\/blog\/2015\/12\/19\/diaspora-shqiptare-e-malit-te-zi-video\/#webpage","url":"https:\/\/www.visit-ulcinj.com\/blog\/2015\/12\/19\/diaspora-shqiptare-e-malit-te-zi-video\/","name":"Diaspora shqiptare e Malit t\u00eb Zi - Video - Lajme nga Ulqini","isPartOf":{"@id":"https:\/\/www.visit-ulcinj.com\/blog\/#website"},"primaryImageOfPage":{"@id":"https:\/\/www.visit-ulcinj.com\/blog\/2015\/12\/19\/diaspora-shqiptare-e-malit-te-zi-video\/#primaryimage"},"datePublished":"2015-12-19T18:20:42+00:00","dateModified":"2015-12-19T18:20:42+00:00","author":{"@id":"https:\/\/www.visit-ulcinj.com\/blog\/#\/schema\/person\/dcab619c614d3038751c63bc2aadc06d"},"description":"Nj\u00eb num\u00ebr shqiptar\u00ebsh nga Mali i Zi q\u00eb jetojn\u00eb n\u00eb SHBA ndihmojn\u00eb vendlindjen me projekte n\u00eb arsim, sh\u00ebndet\u00ebsi dhe kultur\u00eb. Ata thon\u00eb se investime t\u00eb tilla","breadcrumb":{"@id":"https:\/\/www.visit-ulcinj.com\/blog\/2015\/12\/19\/diaspora-shqiptare-e-malit-te-zi-video\/#breadcrumb"},"inLanguage":"en-US","potentialAction":[{"@type":"ReadAction","target":["https:\/\/www.visit-ulcinj.com\/blog\/2015\/12\/19\/diaspora-shqiptare-e-malit-te-zi-video\/"]}]},{"@type":"BreadcrumbList","@id":"https:\/\/www.visit-ulcinj.com\/blog\/2015\/12\/19\/diaspora-shqiptare-e-malit-te-zi-video\/#breadcrumb","itemListElement":[{"@type":"ListItem","position":1,"name":"Diaspora shqiptare e Malit t\u00eb Zi &#8211; Video"}]},{"@type":"Person","@id":"https:\/\/www.visit-ulcinj.com\/blog\/#\/schema\/person\/dcab619c614d3038751c63bc2aadc06d","name":"ulqini","sameAs":["http:\/\/www.visit-ulcinj.com"],"url":"https:\/\/www.visit-ulcinj.com\/blog\/author\/admin\/"}]}},"jetpack_featured_media_url":"","jetpack_sharing_enabled":true,"jetpack_shortlink":"https:\/\/wp.me\/pe6lTn-oo5","_links":{"self":[{"href":"https:\/\/www.visit-ulcinj.com\/blog\/wp-json\/wp\/v2\/posts\/93749"}],"collection":[{"href":"https:\/\/www.visit-ulcinj.com\/blog\/wp-json\/wp\/v2\/posts"}],"about":[{"href":"https:\/\/www.visit-ulcinj.com\/blog\/wp-json\/wp\/v2\/types\/post"}],"author":[{"embeddable":true,"href":"https:\/\/www.visit-ulcinj.com\/blog\/wp-json\/wp\/v2\/users\/1"}],"replies":[{"embeddable":true,"href":"https:\/\/www.visit-ulcinj.com\/blog\/wp-json\/wp\/v2\/comments?post=93749"}],"version-history":[{"count":1,"href":"https:\/\/www.visit-ulcinj.com\/blog\/wp-json\/wp\/v2\/posts\/93749\/revisions"}],"predecessor-version":[{"id":93751,"href":"https:\/\/www.visit-ulcinj.com\/blog\/wp-json\/wp\/v2\/posts\/93749\/revisions\/93751"}],"wp:attachment":[{"href":"https:\/\/www.visit-ulcinj.com\/blog\/wp-json\/wp\/v2\/media?parent=93749"}],"wp:term":[{"taxonomy":"category","embeddable":true,"href":"https:\/\/www.visit-ulcinj.com\/blog\/wp-json\/wp\/v2\/categories?post=93749"},{"taxonomy":"post_tag","embeddable":true,"href":"https:\/\/www.visit-ulcinj.com\/blog\/wp-json\/wp\/v2\/tags?post=93749"}],"curies":[{"name":"wp","href":"https:\/\/api.w.org\/{rel}","templated":true}]}}