{"id":93758,"date":"2015-12-22T14:36:49","date_gmt":"2015-12-22T13:36:49","guid":{"rendered":"http:\/\/www.visit-ulcinj.com\/blog\/?p=93758"},"modified":"2015-12-22T18:55:19","modified_gmt":"2015-12-22T17:55:19","slug":"klubi-taekwondo-se-ulqini-prine-17-medalje-te-arta","status":"publish","type":"post","link":"https:\/\/www.visit-ulcinj.com\/blog\/2015\/12\/22\/klubi-taekwondo-se-ulqini-prine-17-medalje-te-arta\/","title":{"rendered":"Klubi i Taekwondo-s\u00eb Ulqini prin\u00eb me 17 medalje t\u00eb arta"},"content":{"rendered":"<div dir=\"ltr\">\n<p><b><a href=\"http:\/\/www.visit-ulcinj.com\/blog\/wp-content\/uploads\/2015\/12\/Taekwondo-Ulqini-prin\u00eb-me-17-medalje-t\u00eb-arta-2.jpg\"><img loading=\"lazy\" class=\"alignleft wp-image-93759\" src=\"http:\/\/www.visit-ulcinj.com\/blog\/wp-content\/uploads\/2015\/12\/Taekwondo-Ulqini-prin\u00eb-me-17-medalje-t\u00eb-arta-2.jpg\" alt=\"Taekwondo-Ulqini prin\u00eb me 17 medalje t\u00eb arta-2\" width=\"508\" height=\"381\" srcset=\"https:\/\/www.visit-ulcinj.com\/blog\/wp-content\/uploads\/2015\/12\/Taekwondo-Ulqini-prin\u00eb-me-17-medalje-t\u00eb-arta-2.jpg 960w, https:\/\/www.visit-ulcinj.com\/blog\/wp-content\/uploads\/2015\/12\/Taekwondo-Ulqini-prin\u00eb-me-17-medalje-t\u00eb-arta-2-300x225.jpg 300w\" sizes=\"(max-width: 508px) 100vw, 508px\" \/><\/a>TAEKWONDO KUPA E MALIT T\u00cb ZI\u00a0 2015<\/b><\/p>\n<p>T\u00eb dielen me dat\u00eb 20.12.2015 n\u00eb Podgoric\u00eb u mbajt\u00eb Kupa e Malit t\u00eb Zi n\u00eb sportin e Taekwondo-s\u00eb n\u00eb diciplinat dyliftim dhe forma. Klubi i Taekwondo-s\u00eb Ulqini u paraqit\u00eb me 12 garues n\u00eb t\u00eb gjitha kategorit\u00eb. Klubi i Ulqinit arriti k\u00ebt\u00eb rezultat\u00eb, gjith\u00ebsejt 24 medalje, prej tyre: 17 t\u00eb arta dhe 7 t\u00eb argjendit si dhe dy kupa.<br \/>\nGaruesit m\u00eb t\u00eb sukssesh\u00ebm ishin Esad Kraja dhe Amra Dushku duke fituar nga 3 medalje t\u00eb arta.<\/p>\n<p>Medaljet e fituara p\u00ebr ekipin e Taekwondo-s\u00eb Ulqini jan\u00eb.<br \/>\nEsad Kraja dy medalje t\u00eb arta, kategoria individuale dhe ekipore<br \/>\nAmra Dushku dy medalje t\u00eb arta, kategoria individuale dhe ikipore.<br \/>\nMedina Kanaqi me dy medalje t\u00eb arta, n\u00eb kategorin individuale dhe ekipore.<br \/>\nArdiana Karamanaga me dy medalje nj\u00eb e art\u00eb nj\u00eb e argjendit, n\u00eb kategorin\u00eb individuale dhe ekipore.<br \/>\nAmrudin Hoxha dy medalje t\u00eb arta, kategoria individuale dhe ekipore.<br \/>\nFlorian Efendija dy medalje argjendit, kategoria individuale dhe ekipore.<br \/>\nXheneta Kanaqi dy medalje nj\u00eb e arte dhe argjendit, kategoria individuale dhe ekipore.<br \/>\nEdin Islamoviq medalje e art\u00eb, kategoria individuale.<br \/>\nEdina Kraja dy medalje e art\u00eb dhe argjendit, kategoria individuale dhe ekipore.<br \/>\nAmina Kanaqi medalje e art\u00eb kategoria individuale.<br \/>\nNuri Kanaqi me dy medalje nj\u00eb e art\u00eb dhe nj\u00eb e argjend, kategoria ekipore dhe individuale.<br \/>\nDiciplina e dyluftimit:<br \/>\nEsad Kraja medalje e art\u00eb kategoria -49 kg.<br \/>\nAmra Dushku medalje e art\u00eb n\u00eb kategorin\u00eb -33 kg.<br \/>\nArdiana Karamanaga medalje e argjendit kategoria -49 kg.<br \/>\nEdina Kraja medalje e argjendit kategortia -47 kg.<br \/>\nN\u00eb renditjen e p\u00ebrgjithshme klubi i Taekwondo-s\u00eb Ulqini u rendit i pari n\u00eb kategorin\u00eb e Formave duke fituar kup\u00ebn e vendit t\u00eb par\u00eb, dhe i dyti n\u00eb kategorin\u00eb e dyluftimit duke fituar kup\u00ebn e vendit t\u00eb dyt\u00eb. Me k\u00ebt\u00eb gar\u00eb p\u00ebrfuduam vitin 2015. Falenderojm\u00eb t\u00eb gjtih\u00eb sponsor\u00ebt q\u00eb na mund\u00ebsuan pjesmarrjen n\u00eb Kup\u00ebn e Malit t\u00eb Zi si dhe t\u00eb gjith\u00eb ata q\u00eb na p\u00ebrkrah\u00ebn gjat\u00eb gjith\u00eb vitit 2015. Ju faleminderit.<\/p>\n\n\t\t<style type=\"text\/css\">\n\t\t\t#gallery-1 {\n\t\t\t\tmargin: auto;\n\t\t\t}\n\t\t\t#gallery-1 .gallery-item {\n\t\t\t\tfloat: left;\n\t\t\t\tmargin-top: 10px;\n\t\t\t\ttext-align: center;\n\t\t\t\twidth: 33%;\n\t\t\t}\n\t\t\t#gallery-1 img {\n\t\t\t\tborder: 2px solid #cfcfcf;\n\t\t\t}\n\t\t\t#gallery-1 .gallery-caption {\n\t\t\t\tmargin-left: 0;\n\t\t\t}\n\t\t\t\/* see gallery_shortcode() in wp-includes\/media.php *\/\n\t\t<\/style>\n\t\t<div id='gallery-1' class='gallery galleryid-93758 gallery-columns-3 gallery-size-thumbnail'><dl class='gallery-item'>\n\t\t\t<dt class='gallery-icon portrait'>\n\t\t\t\t<a href='https:\/\/www.visit-ulcinj.com\/blog\/2015\/12\/22\/klubi-taekwondo-se-ulqini-prine-17-medalje-te-arta\/taekwondo-ulqini-prine-me-17-medalje-te-arta-3\/'><img width=\"150\" height=\"150\" src=\"https:\/\/www.visit-ulcinj.com\/blog\/wp-content\/uploads\/2015\/12\/Taekwondo-Ulqini-prin\u00eb-me-17-medalje-t\u00eb-arta-3-150x150.jpg\" class=\"attachment-thumbnail size-thumbnail\" alt=\"\" loading=\"lazy\" \/><\/a>\n\t\t\t<\/dt><\/dl><dl class='gallery-item'>\n\t\t\t<dt class='gallery-icon landscape'>\n\t\t\t\t<a href='https:\/\/www.visit-ulcinj.com\/blog\/2015\/12\/22\/klubi-taekwondo-se-ulqini-prine-17-medalje-te-arta\/taekwondo-ulqini-prine-me-17-medalje-te-arta\/'><img width=\"150\" height=\"150\" src=\"https:\/\/www.visit-ulcinj.com\/blog\/wp-content\/uploads\/2015\/12\/Taekwondo-Ulqini-prin\u00eb-me-17-medalje-t\u00eb-arta--150x150.jpg\" class=\"attachment-thumbnail size-thumbnail\" alt=\"\" loading=\"lazy\" \/><\/a>\n\t\t\t<\/dt><\/dl><dl class='gallery-item'>\n\t\t\t<dt class='gallery-icon portrait'>\n\t\t\t\t<a href='https:\/\/www.visit-ulcinj.com\/blog\/2015\/12\/22\/klubi-taekwondo-se-ulqini-prine-17-medalje-te-arta\/taekwondo-ulqini-prine-me-17-medalje-te-arta-7\/'><img width=\"150\" height=\"150\" src=\"https:\/\/www.visit-ulcinj.com\/blog\/wp-content\/uploads\/2015\/12\/Taekwondo-Ulqini-prin\u00eb-me-17-medalje-t\u00eb-arta-7-150x150.jpg\" class=\"attachment-thumbnail size-thumbnail\" alt=\"\" loading=\"lazy\" \/><\/a>\n\t\t\t<\/dt><\/dl><br style=\"clear: both\" \/><dl class='gallery-item'>\n\t\t\t<dt class='gallery-icon portrait'>\n\t\t\t\t<a href='https:\/\/www.visit-ulcinj.com\/blog\/2015\/12\/22\/klubi-taekwondo-se-ulqini-prine-17-medalje-te-arta\/taekwondo-ulqini-prine-me-17-medalje-te-arta-6\/'><img width=\"150\" height=\"150\" src=\"https:\/\/www.visit-ulcinj.com\/blog\/wp-content\/uploads\/2015\/12\/Taekwondo-Ulqini-prin\u00eb-me-17-medalje-t\u00eb-arta-6-150x150.jpg\" class=\"attachment-thumbnail size-thumbnail\" alt=\"\" loading=\"lazy\" \/><\/a>\n\t\t\t<\/dt><\/dl><dl class='gallery-item'>\n\t\t\t<dt class='gallery-icon landscape'>\n\t\t\t\t<a href='https:\/\/www.visit-ulcinj.com\/blog\/2015\/12\/22\/klubi-taekwondo-se-ulqini-prine-17-medalje-te-arta\/taekwondo-ulqini-prine-me-17-medalje-te-arta-5\/'><img width=\"150\" height=\"150\" src=\"https:\/\/www.visit-ulcinj.com\/blog\/wp-content\/uploads\/2015\/12\/Taekwondo-Ulqini-prin\u00eb-me-17-medalje-t\u00eb-arta-5-150x150.jpg\" class=\"attachment-thumbnail size-thumbnail\" alt=\"\" loading=\"lazy\" \/><\/a>\n\t\t\t<\/dt><\/dl><dl class='gallery-item'>\n\t\t\t<dt class='gallery-icon portrait'>\n\t\t\t\t<a href='https:\/\/www.visit-ulcinj.com\/blog\/2015\/12\/22\/klubi-taekwondo-se-ulqini-prine-17-medalje-te-arta\/taekwondo-ulqini-prine-me-17-medalje-te-arta-4\/'><img width=\"150\" height=\"150\" src=\"https:\/\/www.visit-ulcinj.com\/blog\/wp-content\/uploads\/2015\/12\/Taekwondo-Ulqini-prin\u00eb-me-17-medalje-t\u00eb-arta-4-150x150.jpg\" class=\"attachment-thumbnail size-thumbnail\" alt=\"\" loading=\"lazy\" \/><\/a>\n\t\t\t<\/dt><\/dl><br style=\"clear: both\" \/>\n\t\t<\/div>\n\n<\/div>\n","protected":false},"excerpt":{"rendered":"<p>TAEKWONDO KUPA E MALIT T\u00cb ZI\u00a0 2015 T\u00eb dielen me dat\u00eb 20.12.2015 n\u00eb Podgoric\u00eb u mbajt\u00eb Kupa e Malit t\u00eb Zi n\u00eb sportin e Taekwondo-s\u00eb n\u00eb diciplinat dyliftim dhe forma. Klubi i Taekwondo-s\u00eb Ulqini u paraqit\u00eb me 12 garues n\u00eb t\u00eb gjitha kategorit\u00eb. Klubi i Ulqinit arriti k\u00ebt\u00eb rezultat\u00eb, gjith\u00ebsejt 24 medalje, prej tyre: 17 [&hellip;]<\/p>\n","protected":false},"author":1,"featured_media":0,"comment_status":"closed","ping_status":"closed","sticky":false,"template":"","format":"standard","meta":{"spay_email":"","jetpack_publicize_message":"","jetpack_is_tweetstorm":false,"jetpack_publicize_feature_enabled":true},"categories":[1,3],"tags":[],"jetpack_publicize_connections":[],"yoast_head":"<!-- This site is optimized with the Yoast SEO plugin v19.1 - https:\/\/yoast.com\/wordpress\/plugins\/seo\/ -->\n<title>Klubi i Taekwondo-s\u00eb Ulqini prin\u00eb me 17 medalje t\u00eb arta - Lajme nga Ulqini<\/title>\n<meta name=\"description\" content=\"TAEKWONDO KUPA E MALIT T\u00cb ZI\u00a0 2015 T\u00eb dielen me dat\u00eb 20.12.2015 n\u00eb Podgoric\u00eb u mbajt\u00eb Kupa e Malit t\u00eb Zi n\u00eb sportin e Taekwondo-s\u00eb n\u00eb diciplinat dyliftim\" \/>\n<meta name=\"robots\" content=\"index, follow, max-snippet:-1, max-image-preview:large, max-video-preview:-1\" \/>\n<link rel=\"canonical\" href=\"https:\/\/www.visit-ulcinj.com\/blog\/2015\/12\/22\/klubi-taekwondo-se-ulqini-prine-17-medalje-te-arta\/\" \/>\n<meta property=\"og:locale\" content=\"en_US\" \/>\n<meta property=\"og:type\" content=\"article\" \/>\n<meta property=\"og:title\" content=\"Klubi i Taekwondo-s\u00eb Ulqini prin\u00eb me 17 medalje t\u00eb arta - Lajme nga Ulqini\" \/>\n<meta property=\"og:description\" content=\"TAEKWONDO KUPA E MALIT T\u00cb ZI\u00a0 2015 T\u00eb dielen me dat\u00eb 20.12.2015 n\u00eb Podgoric\u00eb u mbajt\u00eb Kupa e Malit t\u00eb Zi n\u00eb sportin e Taekwondo-s\u00eb n\u00eb diciplinat dyliftim\" \/>\n<meta property=\"og:url\" content=\"https:\/\/www.visit-ulcinj.com\/blog\/2015\/12\/22\/klubi-taekwondo-se-ulqini-prine-17-medalje-te-arta\/\" \/>\n<meta property=\"og:site_name\" content=\"Lajme nga Ulqini\" \/>\n<meta property=\"article:published_time\" content=\"2015-12-22T13:36:49+00:00\" \/>\n<meta property=\"article:modified_time\" content=\"2015-12-22T17:55:19+00:00\" \/>\n<meta property=\"og:image\" content=\"https:\/\/www.visit-ulcinj.com\/blog\/wp-content\/uploads\/2015\/12\/Taekwondo-Ulqini-prin\u00eb-me-17-medalje-t\u00eb-arta-3-150x150.jpg\" \/>\n<meta name=\"twitter:label1\" content=\"Written by\" \/>\n\t<meta name=\"twitter:data1\" content=\"ulqini\" \/>\n\t<meta name=\"twitter:label2\" content=\"Est. reading time\" \/>\n\t<meta name=\"twitter:data2\" content=\"2 minutes\" \/>\n<script type=\"application\/ld+json\" class=\"yoast-schema-graph\">{\"@context\":\"https:\/\/schema.org\",\"@graph\":[{\"@type\":\"WebSite\",\"@id\":\"https:\/\/www.visit-ulcinj.com\/blog\/#website\",\"url\":\"https:\/\/www.visit-ulcinj.com\/blog\/\",\"name\":\"Lajme nga Ulqini\",\"description\":\"Lajme,Vijesti,Ulqini,Ulqin,Crna Gora,Mali i Zi\",\"potentialAction\":[{\"@type\":\"SearchAction\",\"target\":{\"@type\":\"EntryPoint\",\"urlTemplate\":\"https:\/\/www.visit-ulcinj.com\/blog\/?s={search_term_string}\"},\"query-input\":\"required name=search_term_string\"}],\"inLanguage\":\"en-US\"},{\"@type\":\"WebPage\",\"@id\":\"https:\/\/www.visit-ulcinj.com\/blog\/2015\/12\/22\/klubi-taekwondo-se-ulqini-prine-17-medalje-te-arta\/#webpage\",\"url\":\"https:\/\/www.visit-ulcinj.com\/blog\/2015\/12\/22\/klubi-taekwondo-se-ulqini-prine-17-medalje-te-arta\/\",\"name\":\"Klubi i Taekwondo-s\u00eb Ulqini prin\u00eb me 17 medalje t\u00eb arta - Lajme nga Ulqini\",\"isPartOf\":{\"@id\":\"https:\/\/www.visit-ulcinj.com\/blog\/#website\"},\"datePublished\":\"2015-12-22T13:36:49+00:00\",\"dateModified\":\"2015-12-22T17:55:19+00:00\",\"author\":{\"@id\":\"https:\/\/www.visit-ulcinj.com\/blog\/#\/schema\/person\/dcab619c614d3038751c63bc2aadc06d\"},\"description\":\"TAEKWONDO KUPA E MALIT T\u00cb ZI\u00a0 2015 T\u00eb dielen me dat\u00eb 20.12.2015 n\u00eb Podgoric\u00eb u mbajt\u00eb Kupa e Malit t\u00eb Zi n\u00eb sportin e Taekwondo-s\u00eb n\u00eb diciplinat dyliftim\",\"breadcrumb\":{\"@id\":\"https:\/\/www.visit-ulcinj.com\/blog\/2015\/12\/22\/klubi-taekwondo-se-ulqini-prine-17-medalje-te-arta\/#breadcrumb\"},\"inLanguage\":\"en-US\",\"potentialAction\":[{\"@type\":\"ReadAction\",\"target\":[\"https:\/\/www.visit-ulcinj.com\/blog\/2015\/12\/22\/klubi-taekwondo-se-ulqini-prine-17-medalje-te-arta\/\"]}]},{\"@type\":\"BreadcrumbList\",\"@id\":\"https:\/\/www.visit-ulcinj.com\/blog\/2015\/12\/22\/klubi-taekwondo-se-ulqini-prine-17-medalje-te-arta\/#breadcrumb\",\"itemListElement\":[{\"@type\":\"ListItem\",\"position\":1,\"name\":\"Klubi i Taekwondo-s\u00eb Ulqini prin\u00eb me 17 medalje t\u00eb arta\"}]},{\"@type\":\"Person\",\"@id\":\"https:\/\/www.visit-ulcinj.com\/blog\/#\/schema\/person\/dcab619c614d3038751c63bc2aadc06d\",\"name\":\"ulqini\",\"sameAs\":[\"http:\/\/www.visit-ulcinj.com\"],\"url\":\"https:\/\/www.visit-ulcinj.com\/blog\/author\/admin\/\"}]}<\/script>\n<!-- \/ Yoast SEO plugin. -->","yoast_head_json":{"title":"Klubi i Taekwondo-s\u00eb Ulqini prin\u00eb me 17 medalje t\u00eb arta - Lajme nga Ulqini","description":"TAEKWONDO KUPA E MALIT T\u00cb ZI\u00a0 2015 T\u00eb dielen me dat\u00eb 20.12.2015 n\u00eb Podgoric\u00eb u mbajt\u00eb Kupa e Malit t\u00eb Zi n\u00eb sportin e Taekwondo-s\u00eb n\u00eb diciplinat dyliftim","robots":{"index":"index","follow":"follow","max-snippet":"max-snippet:-1","max-image-preview":"max-image-preview:large","max-video-preview":"max-video-preview:-1"},"canonical":"https:\/\/www.visit-ulcinj.com\/blog\/2015\/12\/22\/klubi-taekwondo-se-ulqini-prine-17-medalje-te-arta\/","og_locale":"en_US","og_type":"article","og_title":"Klubi i Taekwondo-s\u00eb Ulqini prin\u00eb me 17 medalje t\u00eb arta - Lajme nga Ulqini","og_description":"TAEKWONDO KUPA E MALIT T\u00cb ZI\u00a0 2015 T\u00eb dielen me dat\u00eb 20.12.2015 n\u00eb Podgoric\u00eb u mbajt\u00eb Kupa e Malit t\u00eb Zi n\u00eb sportin e Taekwondo-s\u00eb n\u00eb diciplinat dyliftim","og_url":"https:\/\/www.visit-ulcinj.com\/blog\/2015\/12\/22\/klubi-taekwondo-se-ulqini-prine-17-medalje-te-arta\/","og_site_name":"Lajme nga Ulqini","article_published_time":"2015-12-22T13:36:49+00:00","article_modified_time":"2015-12-22T17:55:19+00:00","og_image":[{"url":"https:\/\/www.visit-ulcinj.com\/blog\/wp-content\/uploads\/2015\/12\/Taekwondo-Ulqini-prin\u00eb-me-17-medalje-t\u00eb-arta-3-150x150.jpg"}],"twitter_misc":{"Written by":"ulqini","Est. reading time":"2 minutes"},"schema":{"@context":"https:\/\/schema.org","@graph":[{"@type":"WebSite","@id":"https:\/\/www.visit-ulcinj.com\/blog\/#website","url":"https:\/\/www.visit-ulcinj.com\/blog\/","name":"Lajme nga Ulqini","description":"Lajme,Vijesti,Ulqini,Ulqin,Crna Gora,Mali i Zi","potentialAction":[{"@type":"SearchAction","target":{"@type":"EntryPoint","urlTemplate":"https:\/\/www.visit-ulcinj.com\/blog\/?s={search_term_string}"},"query-input":"required name=search_term_string"}],"inLanguage":"en-US"},{"@type":"WebPage","@id":"https:\/\/www.visit-ulcinj.com\/blog\/2015\/12\/22\/klubi-taekwondo-se-ulqini-prine-17-medalje-te-arta\/#webpage","url":"https:\/\/www.visit-ulcinj.com\/blog\/2015\/12\/22\/klubi-taekwondo-se-ulqini-prine-17-medalje-te-arta\/","name":"Klubi i Taekwondo-s\u00eb Ulqini prin\u00eb me 17 medalje t\u00eb arta - Lajme nga Ulqini","isPartOf":{"@id":"https:\/\/www.visit-ulcinj.com\/blog\/#website"},"datePublished":"2015-12-22T13:36:49+00:00","dateModified":"2015-12-22T17:55:19+00:00","author":{"@id":"https:\/\/www.visit-ulcinj.com\/blog\/#\/schema\/person\/dcab619c614d3038751c63bc2aadc06d"},"description":"TAEKWONDO KUPA E MALIT T\u00cb ZI\u00a0 2015 T\u00eb dielen me dat\u00eb 20.12.2015 n\u00eb Podgoric\u00eb u mbajt\u00eb Kupa e Malit t\u00eb Zi n\u00eb sportin e Taekwondo-s\u00eb n\u00eb diciplinat dyliftim","breadcrumb":{"@id":"https:\/\/www.visit-ulcinj.com\/blog\/2015\/12\/22\/klubi-taekwondo-se-ulqini-prine-17-medalje-te-arta\/#breadcrumb"},"inLanguage":"en-US","potentialAction":[{"@type":"ReadAction","target":["https:\/\/www.visit-ulcinj.com\/blog\/2015\/12\/22\/klubi-taekwondo-se-ulqini-prine-17-medalje-te-arta\/"]}]},{"@type":"BreadcrumbList","@id":"https:\/\/www.visit-ulcinj.com\/blog\/2015\/12\/22\/klubi-taekwondo-se-ulqini-prine-17-medalje-te-arta\/#breadcrumb","itemListElement":[{"@type":"ListItem","position":1,"name":"Klubi i Taekwondo-s\u00eb Ulqini prin\u00eb me 17 medalje t\u00eb arta"}]},{"@type":"Person","@id":"https:\/\/www.visit-ulcinj.com\/blog\/#\/schema\/person\/dcab619c614d3038751c63bc2aadc06d","name":"ulqini","sameAs":["http:\/\/www.visit-ulcinj.com"],"url":"https:\/\/www.visit-ulcinj.com\/blog\/author\/admin\/"}]}},"jetpack_featured_media_url":"","jetpack_sharing_enabled":true,"jetpack_shortlink":"https:\/\/wp.me\/pe6lTn-ooe","_links":{"self":[{"href":"https:\/\/www.visit-ulcinj.com\/blog\/wp-json\/wp\/v2\/posts\/93758"}],"collection":[{"href":"https:\/\/www.visit-ulcinj.com\/blog\/wp-json\/wp\/v2\/posts"}],"about":[{"href":"https:\/\/www.visit-ulcinj.com\/blog\/wp-json\/wp\/v2\/types\/post"}],"author":[{"embeddable":true,"href":"https:\/\/www.visit-ulcinj.com\/blog\/wp-json\/wp\/v2\/users\/1"}],"replies":[{"embeddable":true,"href":"https:\/\/www.visit-ulcinj.com\/blog\/wp-json\/wp\/v2\/comments?post=93758"}],"version-history":[{"count":1,"href":"https:\/\/www.visit-ulcinj.com\/blog\/wp-json\/wp\/v2\/posts\/93758\/revisions"}],"predecessor-version":[{"id":93767,"href":"https:\/\/www.visit-ulcinj.com\/blog\/wp-json\/wp\/v2\/posts\/93758\/revisions\/93767"}],"wp:attachment":[{"href":"https:\/\/www.visit-ulcinj.com\/blog\/wp-json\/wp\/v2\/media?parent=93758"}],"wp:term":[{"taxonomy":"category","embeddable":true,"href":"https:\/\/www.visit-ulcinj.com\/blog\/wp-json\/wp\/v2\/categories?post=93758"},{"taxonomy":"post_tag","embeddable":true,"href":"https:\/\/www.visit-ulcinj.com\/blog\/wp-json\/wp\/v2\/tags?post=93758"}],"curies":[{"name":"wp","href":"https:\/\/api.w.org\/{rel}","templated":true}]}}