{"id":93770,"date":"2015-12-22T18:38:57","date_gmt":"2015-12-22T17:38:57","guid":{"rendered":"http:\/\/www.visit-ulcinj.com\/blog\/?p=93770"},"modified":"2015-12-22T18:38:57","modified_gmt":"2015-12-22T17:38:57","slug":"abazovic-za-800-000-eura-14-miliona-kvadrata-na-plazi","status":"publish","type":"post","link":"https:\/\/www.visit-ulcinj.com\/blog\/2015\/12\/22\/abazovic-za-800-000-eura-14-miliona-kvadrata-na-plazi\/","title":{"rendered":"Abazovic: Za 800.000 eura 14 miliona kvadrata na pla\u017ei!"},"content":{"rendered":"<p><a href=\"http:\/\/www.visit-ulcinj.com\/blog\/wp-content\/uploads\/2015\/12\/Dritan-Abazovic-Ambasadorka-Njemacke-Gudrum-Steinaker.jpg\"><img loading=\"lazy\" class=\"alignleft wp-image-93771\" src=\"http:\/\/www.visit-ulcinj.com\/blog\/wp-content\/uploads\/2015\/12\/Dritan-Abazovic-Ambasadorka-Njemacke-Gudrum-Steinaker.jpg\" alt=\"Dritan-Abazovic-Ambasadorka-Njemacke-Gudrum-Steinaker\" width=\"508\" height=\"325\" srcset=\"https:\/\/www.visit-ulcinj.com\/blog\/wp-content\/uploads\/2015\/12\/Dritan-Abazovic-Ambasadorka-Njemacke-Gudrum-Steinaker.jpg 640w, https:\/\/www.visit-ulcinj.com\/blog\/wp-content\/uploads\/2015\/12\/Dritan-Abazovic-Ambasadorka-Njemacke-Gudrum-Steinaker-300x192.jpg 300w\" sizes=\"(max-width: 508px) 100vw, 508px\" \/><\/a>Ukoliko Savjet za privatizaciju na sjednici donese zaklju\u010dak da je prilikom privatizacije Solane pla\u0107ena pravi\u010dna naknada i za zemlji\u0161te ova sada privatna firma Eurofonda, koja je ve\u0107inski paket akcija Solane dobila za 800 hiljada eura, mo\u0107i \u0107e da upi\u0161e 14 miliona kvadrata sada dr\u017eavnog zemlji\u0161ta na pjeni od mora na svoje ime, kazao je danas poslanik Dritan Abazovi\u0107 na konferenciju u Skup\u0161tini Crne Gore koju je odr\u017eao zajedno sa a<span class=\"text_exposed_show\">mbasadorkom Njema\u010dke Gudrun \u0160tajnaker.<\/span><\/p>\n<div class=\"text_exposed_show\">\n<p>&#8220;Ukoliko Solana bude ugro\u017eena Crna Gora ne\u0107e mo\u0107i da ra\u010duna na otvaranje poglavlja 27&#8221;, kazala je \u0160tajnaker.<\/p>\n<p>Dritan Abazovi\u0107 je kazao da je predsjednik Savjeta Milo \u0110ukanovi\u0107 u konfliktu interesa jer Prva banka, privatna banka njegove porodice, ima 70 odsto zaloga nad ovim zemlji\u0161tem Solane na osnovu sumnjivih kredita, a oko 30 odsto CKB. On je saop\u0161tio da je u samim ugovorima o kreditima ovo zemlji\u0161te procjenjeno na 33 miliona eura. Najve\u0107i vlasnik Prve banke je premijerov brat Aco \u0110ukanovi\u0107.<\/p>\n<p>Nakon \u0161to bi Solana dobila ovakve zaklju\u010dke Savjeta za privatizaciju, mogla bi cijelo zemlji\u0161te prepisati u svoje vlasni\u0161tvo, nakon \u010dega bi banke mogle aktivirati zalog i preuzeti ovo vrijedno zemlji\u0161te. Ovo zemlji\u0161te je sada upisano kao dr\u017eavno a Solana je samo korisnik, pa je sumnjivo kako je Solana uop\u0161te mogla da zalo\u017ei ovo zemlji\u0161te. Imovina nije zalo\u017eena samo za kredite Solane ve\u0107 i za kredit od tri miliona kojeg je od Prve banke dobila privatna firma \u010diji su vlasnici oni koji su upravljali Eurofondom i Solanom Veselin Barovi\u0107, Boj\u0161a \u0160otra i Zijad Bleki\u0107.<\/p>\n<p>Dritan Abazovi\u0107 je kazao da se radi o plja\u010dki dr\u017eavne imovine i da tu\u017eila\u0161tvo treba da hitno interveni\u0161e i da ispita cijeli slu\u010daj. On je kazao i da je sve \u010disto u ovom slu\u010daju ne bi se \u010dekalo godinama i onda sve uradilo na brzinu pred praznike.<\/p>\n<p>Ambasadorka \u0160tajnaker je zabrinuta za sudbinu Solane, koja je i me\u0111unarodnim dokumentima za\u0161ti\u0107ena kao teritorija o izuzetnog me\u0111unarodnog zna\u010daja za biodiverzitet.<\/p>\n<p><strong>Izvor: <span class=\"fwn fcg\"><span class=\"fwb fcg\" data-ft=\"{&quot;tn&quot;:&quot;k&quot;}\"><a id=\"js_2u\" href=\"https:\/\/www.facebook.com\/gradjanskipokret2015\/?fref=nf\" data-hovercard=\"\/ajax\/hovercard\/page.php?id=313006358903165&amp;extragetparams=%7B%22fref%22%3A%22nf%22%7D\">Gra\u0111anski pokret URA<\/a><\/span><\/span><\/strong><\/p>\n<\/div>\n","protected":false},"excerpt":{"rendered":"<p>Ukoliko Savjet za privatizaciju na sjednici donese zaklju\u010dak da je prilikom privatizacije Solane pla\u0107ena pravi\u010dna naknada i za zemlji\u0161te ova sada privatna firma Eurofonda, koja je ve\u0107inski paket akcija Solane dobila za 800 hiljada eura, mo\u0107i \u0107e da upi\u0161e 14 miliona kvadrata sada dr\u017eavnog zemlji\u0161ta na pjeni od mora na svoje ime, kazao je danas [&hellip;]<\/p>\n","protected":false},"author":1,"featured_media":0,"comment_status":"closed","ping_status":"closed","sticky":false,"template":"","format":"standard","meta":{"spay_email":"","jetpack_publicize_message":"","jetpack_is_tweetstorm":false,"jetpack_publicize_feature_enabled":true},"categories":[8337],"tags":[],"jetpack_publicize_connections":[],"yoast_head":"<!-- This site is optimized with the Yoast SEO plugin v19.1 - https:\/\/yoast.com\/wordpress\/plugins\/seo\/ -->\n<title>Abazovic: Za 800.000 eura 14 miliona kvadrata na pla\u017ei! - Lajme nga Ulqini<\/title>\n<meta name=\"description\" content=\"Ukoliko Savjet za privatizaciju na sjednici donese zaklju\u010dak da je prilikom privatizacije Solane pla\u0107ena pravi\u010dna naknada i za zemlji\u0161te ova sada privatna\" \/>\n<meta name=\"robots\" content=\"index, follow, max-snippet:-1, max-image-preview:large, max-video-preview:-1\" \/>\n<link rel=\"canonical\" href=\"https:\/\/www.visit-ulcinj.com\/blog\/2015\/12\/22\/abazovic-za-800-000-eura-14-miliona-kvadrata-na-plazi\/\" \/>\n<meta property=\"og:locale\" content=\"en_US\" \/>\n<meta property=\"og:type\" content=\"article\" \/>\n<meta property=\"og:title\" content=\"Abazovic: Za 800.000 eura 14 miliona kvadrata na pla\u017ei! - Lajme nga Ulqini\" \/>\n<meta property=\"og:description\" content=\"Ukoliko Savjet za privatizaciju na sjednici donese zaklju\u010dak da je prilikom privatizacije Solane pla\u0107ena pravi\u010dna naknada i za zemlji\u0161te ova sada privatna\" \/>\n<meta property=\"og:url\" content=\"https:\/\/www.visit-ulcinj.com\/blog\/2015\/12\/22\/abazovic-za-800-000-eura-14-miliona-kvadrata-na-plazi\/\" \/>\n<meta property=\"og:site_name\" content=\"Lajme nga Ulqini\" \/>\n<meta property=\"article:published_time\" content=\"2015-12-22T17:38:57+00:00\" \/>\n<meta property=\"og:image\" content=\"http:\/\/www.visit-ulcinj.com\/blog\/wp-content\/uploads\/2015\/12\/Dritan-Abazovic-Ambasadorka-Njemacke-Gudrum-Steinaker.jpg\" \/>\n<meta name=\"twitter:label1\" content=\"Written by\" \/>\n\t<meta name=\"twitter:data1\" content=\"ulqini\" \/>\n\t<meta name=\"twitter:label2\" content=\"Est. reading time\" \/>\n\t<meta name=\"twitter:data2\" content=\"2 minutes\" \/>\n<script type=\"application\/ld+json\" class=\"yoast-schema-graph\">{\"@context\":\"https:\/\/schema.org\",\"@graph\":[{\"@type\":\"WebSite\",\"@id\":\"https:\/\/www.visit-ulcinj.com\/blog\/#website\",\"url\":\"https:\/\/www.visit-ulcinj.com\/blog\/\",\"name\":\"Lajme nga Ulqini\",\"description\":\"Lajme,Vijesti,Ulqini,Ulqin,Crna Gora,Mali i Zi\",\"potentialAction\":[{\"@type\":\"SearchAction\",\"target\":{\"@type\":\"EntryPoint\",\"urlTemplate\":\"https:\/\/www.visit-ulcinj.com\/blog\/?s={search_term_string}\"},\"query-input\":\"required name=search_term_string\"}],\"inLanguage\":\"en-US\"},{\"@type\":\"ImageObject\",\"inLanguage\":\"en-US\",\"@id\":\"https:\/\/www.visit-ulcinj.com\/blog\/2015\/12\/22\/abazovic-za-800-000-eura-14-miliona-kvadrata-na-plazi\/#primaryimage\",\"url\":\"https:\/\/www.visit-ulcinj.com\/blog\/wp-content\/uploads\/2015\/12\/Dritan-Abazovic-Ambasadorka-Njemacke-Gudrum-Steinaker.jpg\",\"contentUrl\":\"https:\/\/www.visit-ulcinj.com\/blog\/wp-content\/uploads\/2015\/12\/Dritan-Abazovic-Ambasadorka-Njemacke-Gudrum-Steinaker.jpg\",\"width\":640,\"height\":410},{\"@type\":\"WebPage\",\"@id\":\"https:\/\/www.visit-ulcinj.com\/blog\/2015\/12\/22\/abazovic-za-800-000-eura-14-miliona-kvadrata-na-plazi\/#webpage\",\"url\":\"https:\/\/www.visit-ulcinj.com\/blog\/2015\/12\/22\/abazovic-za-800-000-eura-14-miliona-kvadrata-na-plazi\/\",\"name\":\"Abazovic: Za 800.000 eura 14 miliona kvadrata na pla\u017ei! - Lajme nga Ulqini\",\"isPartOf\":{\"@id\":\"https:\/\/www.visit-ulcinj.com\/blog\/#website\"},\"primaryImageOfPage\":{\"@id\":\"https:\/\/www.visit-ulcinj.com\/blog\/2015\/12\/22\/abazovic-za-800-000-eura-14-miliona-kvadrata-na-plazi\/#primaryimage\"},\"datePublished\":\"2015-12-22T17:38:57+00:00\",\"dateModified\":\"2015-12-22T17:38:57+00:00\",\"author\":{\"@id\":\"https:\/\/www.visit-ulcinj.com\/blog\/#\/schema\/person\/dcab619c614d3038751c63bc2aadc06d\"},\"description\":\"Ukoliko Savjet za privatizaciju na sjednici donese zaklju\u010dak da je prilikom privatizacije Solane pla\u0107ena pravi\u010dna naknada i za zemlji\u0161te ova sada privatna\",\"breadcrumb\":{\"@id\":\"https:\/\/www.visit-ulcinj.com\/blog\/2015\/12\/22\/abazovic-za-800-000-eura-14-miliona-kvadrata-na-plazi\/#breadcrumb\"},\"inLanguage\":\"en-US\",\"potentialAction\":[{\"@type\":\"ReadAction\",\"target\":[\"https:\/\/www.visit-ulcinj.com\/blog\/2015\/12\/22\/abazovic-za-800-000-eura-14-miliona-kvadrata-na-plazi\/\"]}]},{\"@type\":\"BreadcrumbList\",\"@id\":\"https:\/\/www.visit-ulcinj.com\/blog\/2015\/12\/22\/abazovic-za-800-000-eura-14-miliona-kvadrata-na-plazi\/#breadcrumb\",\"itemListElement\":[{\"@type\":\"ListItem\",\"position\":1,\"name\":\"Abazovic: Za 800.000 eura 14 miliona kvadrata na pla\u017ei!\"}]},{\"@type\":\"Person\",\"@id\":\"https:\/\/www.visit-ulcinj.com\/blog\/#\/schema\/person\/dcab619c614d3038751c63bc2aadc06d\",\"name\":\"ulqini\",\"sameAs\":[\"http:\/\/www.visit-ulcinj.com\"],\"url\":\"https:\/\/www.visit-ulcinj.com\/blog\/author\/admin\/\"}]}<\/script>\n<!-- \/ Yoast SEO plugin. -->","yoast_head_json":{"title":"Abazovic: Za 800.000 eura 14 miliona kvadrata na pla\u017ei! - Lajme nga Ulqini","description":"Ukoliko Savjet za privatizaciju na sjednici donese zaklju\u010dak da je prilikom privatizacije Solane pla\u0107ena pravi\u010dna naknada i za zemlji\u0161te ova sada privatna","robots":{"index":"index","follow":"follow","max-snippet":"max-snippet:-1","max-image-preview":"max-image-preview:large","max-video-preview":"max-video-preview:-1"},"canonical":"https:\/\/www.visit-ulcinj.com\/blog\/2015\/12\/22\/abazovic-za-800-000-eura-14-miliona-kvadrata-na-plazi\/","og_locale":"en_US","og_type":"article","og_title":"Abazovic: Za 800.000 eura 14 miliona kvadrata na pla\u017ei! - Lajme nga Ulqini","og_description":"Ukoliko Savjet za privatizaciju na sjednici donese zaklju\u010dak da je prilikom privatizacije Solane pla\u0107ena pravi\u010dna naknada i za zemlji\u0161te ova sada privatna","og_url":"https:\/\/www.visit-ulcinj.com\/blog\/2015\/12\/22\/abazovic-za-800-000-eura-14-miliona-kvadrata-na-plazi\/","og_site_name":"Lajme nga Ulqini","article_published_time":"2015-12-22T17:38:57+00:00","og_image":[{"url":"http:\/\/www.visit-ulcinj.com\/blog\/wp-content\/uploads\/2015\/12\/Dritan-Abazovic-Ambasadorka-Njemacke-Gudrum-Steinaker.jpg"}],"twitter_misc":{"Written by":"ulqini","Est. reading time":"2 minutes"},"schema":{"@context":"https:\/\/schema.org","@graph":[{"@type":"WebSite","@id":"https:\/\/www.visit-ulcinj.com\/blog\/#website","url":"https:\/\/www.visit-ulcinj.com\/blog\/","name":"Lajme nga Ulqini","description":"Lajme,Vijesti,Ulqini,Ulqin,Crna Gora,Mali i Zi","potentialAction":[{"@type":"SearchAction","target":{"@type":"EntryPoint","urlTemplate":"https:\/\/www.visit-ulcinj.com\/blog\/?s={search_term_string}"},"query-input":"required name=search_term_string"}],"inLanguage":"en-US"},{"@type":"ImageObject","inLanguage":"en-US","@id":"https:\/\/www.visit-ulcinj.com\/blog\/2015\/12\/22\/abazovic-za-800-000-eura-14-miliona-kvadrata-na-plazi\/#primaryimage","url":"https:\/\/www.visit-ulcinj.com\/blog\/wp-content\/uploads\/2015\/12\/Dritan-Abazovic-Ambasadorka-Njemacke-Gudrum-Steinaker.jpg","contentUrl":"https:\/\/www.visit-ulcinj.com\/blog\/wp-content\/uploads\/2015\/12\/Dritan-Abazovic-Ambasadorka-Njemacke-Gudrum-Steinaker.jpg","width":640,"height":410},{"@type":"WebPage","@id":"https:\/\/www.visit-ulcinj.com\/blog\/2015\/12\/22\/abazovic-za-800-000-eura-14-miliona-kvadrata-na-plazi\/#webpage","url":"https:\/\/www.visit-ulcinj.com\/blog\/2015\/12\/22\/abazovic-za-800-000-eura-14-miliona-kvadrata-na-plazi\/","name":"Abazovic: Za 800.000 eura 14 miliona kvadrata na pla\u017ei! - Lajme nga Ulqini","isPartOf":{"@id":"https:\/\/www.visit-ulcinj.com\/blog\/#website"},"primaryImageOfPage":{"@id":"https:\/\/www.visit-ulcinj.com\/blog\/2015\/12\/22\/abazovic-za-800-000-eura-14-miliona-kvadrata-na-plazi\/#primaryimage"},"datePublished":"2015-12-22T17:38:57+00:00","dateModified":"2015-12-22T17:38:57+00:00","author":{"@id":"https:\/\/www.visit-ulcinj.com\/blog\/#\/schema\/person\/dcab619c614d3038751c63bc2aadc06d"},"description":"Ukoliko Savjet za privatizaciju na sjednici donese zaklju\u010dak da je prilikom privatizacije Solane pla\u0107ena pravi\u010dna naknada i za zemlji\u0161te ova sada privatna","breadcrumb":{"@id":"https:\/\/www.visit-ulcinj.com\/blog\/2015\/12\/22\/abazovic-za-800-000-eura-14-miliona-kvadrata-na-plazi\/#breadcrumb"},"inLanguage":"en-US","potentialAction":[{"@type":"ReadAction","target":["https:\/\/www.visit-ulcinj.com\/blog\/2015\/12\/22\/abazovic-za-800-000-eura-14-miliona-kvadrata-na-plazi\/"]}]},{"@type":"BreadcrumbList","@id":"https:\/\/www.visit-ulcinj.com\/blog\/2015\/12\/22\/abazovic-za-800-000-eura-14-miliona-kvadrata-na-plazi\/#breadcrumb","itemListElement":[{"@type":"ListItem","position":1,"name":"Abazovic: Za 800.000 eura 14 miliona kvadrata na pla\u017ei!"}]},{"@type":"Person","@id":"https:\/\/www.visit-ulcinj.com\/blog\/#\/schema\/person\/dcab619c614d3038751c63bc2aadc06d","name":"ulqini","sameAs":["http:\/\/www.visit-ulcinj.com"],"url":"https:\/\/www.visit-ulcinj.com\/blog\/author\/admin\/"}]}},"jetpack_featured_media_url":"","jetpack_sharing_enabled":true,"jetpack_shortlink":"https:\/\/wp.me\/pe6lTn-ooq","_links":{"self":[{"href":"https:\/\/www.visit-ulcinj.com\/blog\/wp-json\/wp\/v2\/posts\/93770"}],"collection":[{"href":"https:\/\/www.visit-ulcinj.com\/blog\/wp-json\/wp\/v2\/posts"}],"about":[{"href":"https:\/\/www.visit-ulcinj.com\/blog\/wp-json\/wp\/v2\/types\/post"}],"author":[{"embeddable":true,"href":"https:\/\/www.visit-ulcinj.com\/blog\/wp-json\/wp\/v2\/users\/1"}],"replies":[{"embeddable":true,"href":"https:\/\/www.visit-ulcinj.com\/blog\/wp-json\/wp\/v2\/comments?post=93770"}],"version-history":[{"count":1,"href":"https:\/\/www.visit-ulcinj.com\/blog\/wp-json\/wp\/v2\/posts\/93770\/revisions"}],"predecessor-version":[{"id":93772,"href":"https:\/\/www.visit-ulcinj.com\/blog\/wp-json\/wp\/v2\/posts\/93770\/revisions\/93772"}],"wp:attachment":[{"href":"https:\/\/www.visit-ulcinj.com\/blog\/wp-json\/wp\/v2\/media?parent=93770"}],"wp:term":[{"taxonomy":"category","embeddable":true,"href":"https:\/\/www.visit-ulcinj.com\/blog\/wp-json\/wp\/v2\/categories?post=93770"},{"taxonomy":"post_tag","embeddable":true,"href":"https:\/\/www.visit-ulcinj.com\/blog\/wp-json\/wp\/v2\/tags?post=93770"}],"curies":[{"name":"wp","href":"https:\/\/api.w.org\/{rel}","templated":true}]}}