{"id":93773,"date":"2015-12-22T18:54:59","date_gmt":"2015-12-22T17:54:59","guid":{"rendered":"http:\/\/www.visit-ulcinj.com\/blog\/?p=93773"},"modified":"2015-12-23T08:41:47","modified_gmt":"2015-12-23T07:41:47","slug":"ja-cfare-deklaroi-ambasadorja-gjermane-shtajnaker-dhe-deputeti-abazoviq","status":"publish","type":"post","link":"https:\/\/www.visit-ulcinj.com\/blog\/2015\/12\/22\/ja-cfare-deklaroi-ambasadorja-gjermane-shtajnaker-dhe-deputeti-abazoviq\/","title":{"rendered":"Ja \u00e7far\u00eb deklaroi Ambasadorja Gjermane Shtajnaker dhe deputeti Abazoviq"},"content":{"rendered":"<p><a href=\"http:\/\/www.visit-ulcinj.com\/blog\/wp-content\/uploads\/2015\/12\/Dritan-Abazovic-Ambasadorka-Njemacke-Gudrum-Steinaker.jpg\"><img loading=\"lazy\" class=\"alignleft wp-image-93771\" src=\"http:\/\/www.visit-ulcinj.com\/blog\/wp-content\/uploads\/2015\/12\/Dritan-Abazovic-Ambasadorka-Njemacke-Gudrum-Steinaker.jpg\" alt=\"Dritan-Abazovic-Ambasadorka-Njemacke-Gudrum-Steinaker\" width=\"508\" height=\"325\" srcset=\"https:\/\/www.visit-ulcinj.com\/blog\/wp-content\/uploads\/2015\/12\/Dritan-Abazovic-Ambasadorka-Njemacke-Gudrum-Steinaker.jpg 640w, https:\/\/www.visit-ulcinj.com\/blog\/wp-content\/uploads\/2015\/12\/Dritan-Abazovic-Ambasadorka-Njemacke-Gudrum-Steinaker-300x192.jpg 300w\" sizes=\"(max-width: 508px) 100vw, 508px\" \/><\/a>Deputeti i pavarur n\u00eb Kuvendin e Malit t\u00eb Zi Dritan Abazoviq dhe ambasadorja e Gjermanis\u00eb n\u00eb Podgoric\u00eb Gudrun Shtajnaker kan\u00eb deklaruar sot se do t\u00eb ishte jasht\u00ebzakonisht keq n\u00ebse K\u00ebshilli p\u00ebr privatizim vendos q\u00eb n\u00eb procesin e privatizimit t\u00eb Kripores \u00ebsht\u00eb paguar kompensimi i drejt\u00eb, raporton portali Ul.Info.<\/p>\n<p>Abazoviq, si\u00e7 transmeton Vijesti, ka th\u00ebn\u00eb q\u00eb kryetari i K\u00ebshillit Millo Gjukanoviq \u00ebsht\u00eb n\u00eb konflikt t\u00eb interesit sepse Prva banka, banka private e familjes s\u00eb tij, ka n\u00ebn hipotek\u00eb 70 p\u00ebr qind t\u00eb tok\u00ebs s\u00eb Kripores n\u00eb baz\u00eb t\u00eb kredive t\u00eb dyshimta, nd\u00ebrsa rreth 30 p\u00ebr qind ka CKB-ja.<\/p>\n<p>Abazoviq tha se b\u00ebhet fjal\u00eb p\u00ebr pla\u00e7kitjen e pron\u00ebs shtet\u00ebrore dhe q\u00eb prokuroria duhet urgjentisht t\u00eb intervenoj\u00eb dhe ta hetoj\u00eb rastin.<\/p>\n<p>Ambasadorja Shtajnaker \u00ebsht\u00eb e brengosur p\u00ebr fatin e Kripores, e cila n\u00eb dokumente nd\u00ebrkomb\u00ebtare \u00ebsht\u00eb e mbrojtur si territor me r\u00ebnd\u00ebsi nd\u00ebrkomb\u00ebtare p\u00ebr biodoversitet. \u201cN\u00ebse Kriporja do t\u00eb rrezikohet Mali i Zi nuk do t\u00eb mund t\u00eb llogaris n\u00eb hapjen e kapitullit 27\u201d, tha ajo.<\/p>\n","protected":false},"excerpt":{"rendered":"<p>Deputeti i pavarur n\u00eb Kuvendin e Malit t\u00eb Zi Dritan Abazoviq dhe ambasadorja e Gjermanis\u00eb n\u00eb Podgoric\u00eb Gudrun Shtajnaker kan\u00eb deklaruar sot se do t\u00eb ishte jasht\u00ebzakonisht keq n\u00ebse K\u00ebshilli p\u00ebr privatizim vendos q\u00eb n\u00eb procesin e privatizimit t\u00eb Kripores \u00ebsht\u00eb paguar kompensimi i drejt\u00eb, raporton portali Ul.Info. Abazoviq, si\u00e7 transmeton Vijesti, ka th\u00ebn\u00eb q\u00eb [&hellip;]<\/p>\n","protected":false},"author":1,"featured_media":0,"comment_status":"closed","ping_status":"closed","sticky":false,"template":"","format":"standard","meta":{"spay_email":"","jetpack_publicize_message":"","jetpack_is_tweetstorm":false,"jetpack_publicize_feature_enabled":true},"categories":[12],"tags":[],"jetpack_publicize_connections":[],"yoast_head":"<!-- This site is optimized with the Yoast SEO plugin v19.1 - https:\/\/yoast.com\/wordpress\/plugins\/seo\/ -->\n<title>Ja \u00e7far\u00eb deklaroi Ambasadorja Gjermane Shtajnaker dhe deputeti Abazoviq - Lajme nga Ulqini<\/title>\n<meta name=\"description\" content=\"Deputeti i pavarur n\u00eb Kuvendin e Malit t\u00eb Zi Dritan Abazoviq dhe ambasadorja e Gjermanis\u00eb n\u00eb Podgoric\u00eb Gudrun Shtajnaker kan\u00eb deklaruar sot se do t\u00eb ishte\" \/>\n<meta name=\"robots\" content=\"index, follow, max-snippet:-1, max-image-preview:large, max-video-preview:-1\" \/>\n<link rel=\"canonical\" href=\"https:\/\/www.visit-ulcinj.com\/blog\/2015\/12\/22\/ja-cfare-deklaroi-ambasadorja-gjermane-shtajnaker-dhe-deputeti-abazoviq\/\" \/>\n<meta property=\"og:locale\" content=\"en_US\" \/>\n<meta property=\"og:type\" content=\"article\" \/>\n<meta property=\"og:title\" content=\"Ja \u00e7far\u00eb deklaroi Ambasadorja Gjermane Shtajnaker dhe deputeti Abazoviq - Lajme nga Ulqini\" \/>\n<meta property=\"og:description\" content=\"Deputeti i pavarur n\u00eb Kuvendin e Malit t\u00eb Zi Dritan Abazoviq dhe ambasadorja e Gjermanis\u00eb n\u00eb Podgoric\u00eb Gudrun Shtajnaker kan\u00eb deklaruar sot se do t\u00eb ishte\" \/>\n<meta property=\"og:url\" content=\"https:\/\/www.visit-ulcinj.com\/blog\/2015\/12\/22\/ja-cfare-deklaroi-ambasadorja-gjermane-shtajnaker-dhe-deputeti-abazoviq\/\" \/>\n<meta property=\"og:site_name\" content=\"Lajme nga Ulqini\" \/>\n<meta property=\"article:published_time\" content=\"2015-12-22T17:54:59+00:00\" \/>\n<meta property=\"article:modified_time\" content=\"2015-12-23T07:41:47+00:00\" \/>\n<meta property=\"og:image\" content=\"http:\/\/www.visit-ulcinj.com\/blog\/wp-content\/uploads\/2015\/12\/Dritan-Abazovic-Ambasadorka-Njemacke-Gudrum-Steinaker.jpg\" \/>\n<meta name=\"twitter:label1\" content=\"Written by\" \/>\n\t<meta name=\"twitter:data1\" content=\"ulqini\" \/>\n\t<meta name=\"twitter:label2\" content=\"Est. reading time\" \/>\n\t<meta name=\"twitter:data2\" content=\"1 minute\" \/>\n<script type=\"application\/ld+json\" class=\"yoast-schema-graph\">{\"@context\":\"https:\/\/schema.org\",\"@graph\":[{\"@type\":\"WebSite\",\"@id\":\"https:\/\/www.visit-ulcinj.com\/blog\/#website\",\"url\":\"https:\/\/www.visit-ulcinj.com\/blog\/\",\"name\":\"Lajme nga Ulqini\",\"description\":\"Lajme,Vijesti,Ulqini,Ulqin,Crna Gora,Mali i Zi\",\"potentialAction\":[{\"@type\":\"SearchAction\",\"target\":{\"@type\":\"EntryPoint\",\"urlTemplate\":\"https:\/\/www.visit-ulcinj.com\/blog\/?s={search_term_string}\"},\"query-input\":\"required name=search_term_string\"}],\"inLanguage\":\"en-US\"},{\"@type\":\"ImageObject\",\"inLanguage\":\"en-US\",\"@id\":\"https:\/\/www.visit-ulcinj.com\/blog\/2015\/12\/22\/ja-cfare-deklaroi-ambasadorja-gjermane-shtajnaker-dhe-deputeti-abazoviq\/#primaryimage\",\"url\":\"https:\/\/www.visit-ulcinj.com\/blog\/wp-content\/uploads\/2015\/12\/Dritan-Abazovic-Ambasadorka-Njemacke-Gudrum-Steinaker.jpg\",\"contentUrl\":\"https:\/\/www.visit-ulcinj.com\/blog\/wp-content\/uploads\/2015\/12\/Dritan-Abazovic-Ambasadorka-Njemacke-Gudrum-Steinaker.jpg\",\"width\":640,\"height\":410},{\"@type\":\"WebPage\",\"@id\":\"https:\/\/www.visit-ulcinj.com\/blog\/2015\/12\/22\/ja-cfare-deklaroi-ambasadorja-gjermane-shtajnaker-dhe-deputeti-abazoviq\/#webpage\",\"url\":\"https:\/\/www.visit-ulcinj.com\/blog\/2015\/12\/22\/ja-cfare-deklaroi-ambasadorja-gjermane-shtajnaker-dhe-deputeti-abazoviq\/\",\"name\":\"Ja \u00e7far\u00eb deklaroi Ambasadorja Gjermane Shtajnaker dhe deputeti Abazoviq - Lajme nga Ulqini\",\"isPartOf\":{\"@id\":\"https:\/\/www.visit-ulcinj.com\/blog\/#website\"},\"primaryImageOfPage\":{\"@id\":\"https:\/\/www.visit-ulcinj.com\/blog\/2015\/12\/22\/ja-cfare-deklaroi-ambasadorja-gjermane-shtajnaker-dhe-deputeti-abazoviq\/#primaryimage\"},\"datePublished\":\"2015-12-22T17:54:59+00:00\",\"dateModified\":\"2015-12-23T07:41:47+00:00\",\"author\":{\"@id\":\"https:\/\/www.visit-ulcinj.com\/blog\/#\/schema\/person\/dcab619c614d3038751c63bc2aadc06d\"},\"description\":\"Deputeti i pavarur n\u00eb Kuvendin e Malit t\u00eb Zi Dritan Abazoviq dhe ambasadorja e Gjermanis\u00eb n\u00eb Podgoric\u00eb Gudrun Shtajnaker kan\u00eb deklaruar sot se do t\u00eb ishte\",\"breadcrumb\":{\"@id\":\"https:\/\/www.visit-ulcinj.com\/blog\/2015\/12\/22\/ja-cfare-deklaroi-ambasadorja-gjermane-shtajnaker-dhe-deputeti-abazoviq\/#breadcrumb\"},\"inLanguage\":\"en-US\",\"potentialAction\":[{\"@type\":\"ReadAction\",\"target\":[\"https:\/\/www.visit-ulcinj.com\/blog\/2015\/12\/22\/ja-cfare-deklaroi-ambasadorja-gjermane-shtajnaker-dhe-deputeti-abazoviq\/\"]}]},{\"@type\":\"BreadcrumbList\",\"@id\":\"https:\/\/www.visit-ulcinj.com\/blog\/2015\/12\/22\/ja-cfare-deklaroi-ambasadorja-gjermane-shtajnaker-dhe-deputeti-abazoviq\/#breadcrumb\",\"itemListElement\":[{\"@type\":\"ListItem\",\"position\":1,\"name\":\"Ja \u00e7far\u00eb deklaroi Ambasadorja Gjermane Shtajnaker dhe deputeti Abazoviq\"}]},{\"@type\":\"Person\",\"@id\":\"https:\/\/www.visit-ulcinj.com\/blog\/#\/schema\/person\/dcab619c614d3038751c63bc2aadc06d\",\"name\":\"ulqini\",\"sameAs\":[\"http:\/\/www.visit-ulcinj.com\"],\"url\":\"https:\/\/www.visit-ulcinj.com\/blog\/author\/admin\/\"}]}<\/script>\n<!-- \/ Yoast SEO plugin. -->","yoast_head_json":{"title":"Ja \u00e7far\u00eb deklaroi Ambasadorja Gjermane Shtajnaker dhe deputeti Abazoviq - Lajme nga Ulqini","description":"Deputeti i pavarur n\u00eb Kuvendin e Malit t\u00eb Zi Dritan Abazoviq dhe ambasadorja e Gjermanis\u00eb n\u00eb Podgoric\u00eb Gudrun Shtajnaker kan\u00eb deklaruar sot se do t\u00eb ishte","robots":{"index":"index","follow":"follow","max-snippet":"max-snippet:-1","max-image-preview":"max-image-preview:large","max-video-preview":"max-video-preview:-1"},"canonical":"https:\/\/www.visit-ulcinj.com\/blog\/2015\/12\/22\/ja-cfare-deklaroi-ambasadorja-gjermane-shtajnaker-dhe-deputeti-abazoviq\/","og_locale":"en_US","og_type":"article","og_title":"Ja \u00e7far\u00eb deklaroi Ambasadorja Gjermane Shtajnaker dhe deputeti Abazoviq - Lajme nga Ulqini","og_description":"Deputeti i pavarur n\u00eb Kuvendin e Malit t\u00eb Zi Dritan Abazoviq dhe ambasadorja e Gjermanis\u00eb n\u00eb Podgoric\u00eb Gudrun Shtajnaker kan\u00eb deklaruar sot se do t\u00eb ishte","og_url":"https:\/\/www.visit-ulcinj.com\/blog\/2015\/12\/22\/ja-cfare-deklaroi-ambasadorja-gjermane-shtajnaker-dhe-deputeti-abazoviq\/","og_site_name":"Lajme nga Ulqini","article_published_time":"2015-12-22T17:54:59+00:00","article_modified_time":"2015-12-23T07:41:47+00:00","og_image":[{"url":"http:\/\/www.visit-ulcinj.com\/blog\/wp-content\/uploads\/2015\/12\/Dritan-Abazovic-Ambasadorka-Njemacke-Gudrum-Steinaker.jpg"}],"twitter_misc":{"Written by":"ulqini","Est. reading time":"1 minute"},"schema":{"@context":"https:\/\/schema.org","@graph":[{"@type":"WebSite","@id":"https:\/\/www.visit-ulcinj.com\/blog\/#website","url":"https:\/\/www.visit-ulcinj.com\/blog\/","name":"Lajme nga Ulqini","description":"Lajme,Vijesti,Ulqini,Ulqin,Crna Gora,Mali i Zi","potentialAction":[{"@type":"SearchAction","target":{"@type":"EntryPoint","urlTemplate":"https:\/\/www.visit-ulcinj.com\/blog\/?s={search_term_string}"},"query-input":"required name=search_term_string"}],"inLanguage":"en-US"},{"@type":"ImageObject","inLanguage":"en-US","@id":"https:\/\/www.visit-ulcinj.com\/blog\/2015\/12\/22\/ja-cfare-deklaroi-ambasadorja-gjermane-shtajnaker-dhe-deputeti-abazoviq\/#primaryimage","url":"https:\/\/www.visit-ulcinj.com\/blog\/wp-content\/uploads\/2015\/12\/Dritan-Abazovic-Ambasadorka-Njemacke-Gudrum-Steinaker.jpg","contentUrl":"https:\/\/www.visit-ulcinj.com\/blog\/wp-content\/uploads\/2015\/12\/Dritan-Abazovic-Ambasadorka-Njemacke-Gudrum-Steinaker.jpg","width":640,"height":410},{"@type":"WebPage","@id":"https:\/\/www.visit-ulcinj.com\/blog\/2015\/12\/22\/ja-cfare-deklaroi-ambasadorja-gjermane-shtajnaker-dhe-deputeti-abazoviq\/#webpage","url":"https:\/\/www.visit-ulcinj.com\/blog\/2015\/12\/22\/ja-cfare-deklaroi-ambasadorja-gjermane-shtajnaker-dhe-deputeti-abazoviq\/","name":"Ja \u00e7far\u00eb deklaroi Ambasadorja Gjermane Shtajnaker dhe deputeti Abazoviq - Lajme nga Ulqini","isPartOf":{"@id":"https:\/\/www.visit-ulcinj.com\/blog\/#website"},"primaryImageOfPage":{"@id":"https:\/\/www.visit-ulcinj.com\/blog\/2015\/12\/22\/ja-cfare-deklaroi-ambasadorja-gjermane-shtajnaker-dhe-deputeti-abazoviq\/#primaryimage"},"datePublished":"2015-12-22T17:54:59+00:00","dateModified":"2015-12-23T07:41:47+00:00","author":{"@id":"https:\/\/www.visit-ulcinj.com\/blog\/#\/schema\/person\/dcab619c614d3038751c63bc2aadc06d"},"description":"Deputeti i pavarur n\u00eb Kuvendin e Malit t\u00eb Zi Dritan Abazoviq dhe ambasadorja e Gjermanis\u00eb n\u00eb Podgoric\u00eb Gudrun Shtajnaker kan\u00eb deklaruar sot se do t\u00eb ishte","breadcrumb":{"@id":"https:\/\/www.visit-ulcinj.com\/blog\/2015\/12\/22\/ja-cfare-deklaroi-ambasadorja-gjermane-shtajnaker-dhe-deputeti-abazoviq\/#breadcrumb"},"inLanguage":"en-US","potentialAction":[{"@type":"ReadAction","target":["https:\/\/www.visit-ulcinj.com\/blog\/2015\/12\/22\/ja-cfare-deklaroi-ambasadorja-gjermane-shtajnaker-dhe-deputeti-abazoviq\/"]}]},{"@type":"BreadcrumbList","@id":"https:\/\/www.visit-ulcinj.com\/blog\/2015\/12\/22\/ja-cfare-deklaroi-ambasadorja-gjermane-shtajnaker-dhe-deputeti-abazoviq\/#breadcrumb","itemListElement":[{"@type":"ListItem","position":1,"name":"Ja \u00e7far\u00eb deklaroi Ambasadorja Gjermane Shtajnaker dhe deputeti Abazoviq"}]},{"@type":"Person","@id":"https:\/\/www.visit-ulcinj.com\/blog\/#\/schema\/person\/dcab619c614d3038751c63bc2aadc06d","name":"ulqini","sameAs":["http:\/\/www.visit-ulcinj.com"],"url":"https:\/\/www.visit-ulcinj.com\/blog\/author\/admin\/"}]}},"jetpack_featured_media_url":"","jetpack_sharing_enabled":true,"jetpack_shortlink":"https:\/\/wp.me\/pe6lTn-oot","_links":{"self":[{"href":"https:\/\/www.visit-ulcinj.com\/blog\/wp-json\/wp\/v2\/posts\/93773"}],"collection":[{"href":"https:\/\/www.visit-ulcinj.com\/blog\/wp-json\/wp\/v2\/posts"}],"about":[{"href":"https:\/\/www.visit-ulcinj.com\/blog\/wp-json\/wp\/v2\/types\/post"}],"author":[{"embeddable":true,"href":"https:\/\/www.visit-ulcinj.com\/blog\/wp-json\/wp\/v2\/users\/1"}],"replies":[{"embeddable":true,"href":"https:\/\/www.visit-ulcinj.com\/blog\/wp-json\/wp\/v2\/comments?post=93773"}],"version-history":[{"count":1,"href":"https:\/\/www.visit-ulcinj.com\/blog\/wp-json\/wp\/v2\/posts\/93773\/revisions"}],"predecessor-version":[{"id":93774,"href":"https:\/\/www.visit-ulcinj.com\/blog\/wp-json\/wp\/v2\/posts\/93773\/revisions\/93774"}],"wp:attachment":[{"href":"https:\/\/www.visit-ulcinj.com\/blog\/wp-json\/wp\/v2\/media?parent=93773"}],"wp:term":[{"taxonomy":"category","embeddable":true,"href":"https:\/\/www.visit-ulcinj.com\/blog\/wp-json\/wp\/v2\/categories?post=93773"},{"taxonomy":"post_tag","embeddable":true,"href":"https:\/\/www.visit-ulcinj.com\/blog\/wp-json\/wp\/v2\/tags?post=93773"}],"curies":[{"name":"wp","href":"https:\/\/api.w.org\/{rel}","templated":true}]}}