{"id":93775,"date":"2015-12-22T19:06:17","date_gmt":"2015-12-22T18:06:17","guid":{"rendered":"http:\/\/www.visit-ulcinj.com\/blog\/?p=93775"},"modified":"2015-12-23T08:41:00","modified_gmt":"2015-12-23T07:41:00","slug":"cungu-asnje-konflikt-pd-u-zhgenjeva-gjeken","status":"publish","type":"post","link":"https:\/\/www.visit-ulcinj.com\/blog\/2015\/12\/22\/cungu-asnje-konflikt-pd-u-zhgenjeva-gjeken\/","title":{"rendered":"Cungu: Asnj\u00eb konflikt me PD, u zhg\u00ebnjeva me Gjeken"},"content":{"rendered":"<p><a href=\"http:\/\/www.visit-ulcinj.com\/blog\/wp-content\/uploads\/2014\/01\/Nazif-Cungu-Forca.jpg\"><img loading=\"lazy\" class=\"alignleft wp-image-78661\" src=\"http:\/\/www.visit-ulcinj.com\/blog\/wp-content\/uploads\/2014\/01\/Nazif-Cungu-Forca.jpg\" alt=\"Nazif-Cungu-Forca\" width=\"508\" height=\"382\" srcset=\"https:\/\/www.visit-ulcinj.com\/blog\/wp-content\/uploads\/2014\/01\/Nazif-Cungu-Forca.jpg 960w, https:\/\/www.visit-ulcinj.com\/blog\/wp-content\/uploads\/2014\/01\/Nazif-Cungu-Forca-300x225.jpg 300w\" sizes=\"(max-width: 508px) 100vw, 508px\" \/><\/a>Kryetari i Forc\u00ebs s\u00eb Re Demokratike Nazif Cungu, n\u00eb nj\u00eb intervist\u00eb p\u00ebr gazeten \u201cPobjeda\u201d\u00a0deklaroi se votbesimi p\u00ebr kryetarin Gjeka \u00ebsht\u00eb dashur t\u00eb inicohet m\u00eb her\u00ebt, raportom portali Lajm.me.<\/p>\n<p>Kryetari i Forc\u00ebs tha se prej fillimit erdhi deri tek p\u00ebrplasja e dy koncepteve t\u00eb ndrysh\u00ebm n\u00eb\u00a0qeverisje, ku Forca mundohej t\u00eb aplikonte modelin e bazuar n\u00eb p\u00ebrgjegj\u00ebsi, transparenc\u00eb dhe\u00a0pun\u00eb, kurse Gjeka at\u00eb t\u00eb q\u00ebndrimit n\u00eb pushtet pa marr\u00eb parasysh pasojat p\u00ebr qytetar\u00ebt dhe\u00a0Komun\u00ebn n\u00eb p\u00ebrgjith\u00ebsi.<\/p>\n<p>Cungu tha se sjellja e pap\u00ebrgjegj\u00ebshme e kryetarit Gjeka ndaj financave dhe problemeve t\u00eb\u00a0Komun\u00ebs kan\u00eb rrezikuar seriozisht funksionimi normal t\u00eb saj.\u00a0Shumica e investimeve kapitale jan\u00eb b\u00ebr\u00eb n\u00eb m\u00ebnyr\u00eb t\u00eb parregullt me vendime direkte t\u00eb\u00a0kryetarit, tha Cungu, kurse n\u00eb Komun\u00eb cdo dit\u00eb vijn\u00eb llogari p\u00ebr t\u00eb cilat organet kompetente\u00a0lokale nuk kan\u00eb kurrfar\u00eb njohurie.<\/p>\n<p>P\u00ebr k\u00ebto dukuri, tha ai, Gjek\u00ebs ia kan\u00eb t\u00ebrhequr v\u00ebrejtjen edhe n\u00eb partin\u00eb e tij, por pa rezultat.\u00a0K\u00ebto jan\u00eb disa prej arsyeve p\u00ebr t\u00eb cilat Forca ka k\u00ebrkuar shkarkimin e tij, tha Cungu, pas s\u00eb cil\u00ebs\u00a0ai i d\u00ebrgoi ofert\u00eb PDS-s\u00eb se do ti ofroj\u00eb cdo gj\u00eb q\u00eb ata k\u00ebrkojn\u00eb.<\/p>\n<p>Sa i p\u00ebrket rikompozimit t\u00eb pushtetit dhe daljes n\u00eb zgjedhjet parlamentare, kryetari i Forc\u00ebs tha\u00a0se partia e tij \u00ebsht\u00eb e hapur p\u00ebr bisedime me ato q\u00eb duan t\u00eb punojn\u00eb n\u00eb zhvillimin e qytetit dhe\u00a0realizimin e projekteve kapitale, dhe se preferon daljen e shqiptar\u00ebve me nj\u00eb list\u00eb t\u00eb\u00a0p\u00ebrbashk\u00ebt.<\/p>\n<p>\u201cMe ligjin aktual zgjedhor dalja e partive shqiptare n\u00eb disa kolona do t\u00eb ishte katastrofale p\u00ebr\u00a0ta\u201d, tha n\u00eb mes tjerash kryetari i Forc\u00ebs s\u00eb Re Demokratike.<\/p>\n","protected":false},"excerpt":{"rendered":"<p>Kryetari i Forc\u00ebs s\u00eb Re Demokratike Nazif Cungu, n\u00eb nj\u00eb intervist\u00eb p\u00ebr gazeten \u201cPobjeda\u201d\u00a0deklaroi se votbesimi p\u00ebr kryetarin Gjeka \u00ebsht\u00eb dashur t\u00eb inicohet m\u00eb her\u00ebt, raportom portali Lajm.me. Kryetari i Forc\u00ebs tha se prej fillimit erdhi deri tek p\u00ebrplasja e dy koncepteve t\u00eb ndrysh\u00ebm n\u00eb\u00a0qeverisje, ku Forca mundohej t\u00eb aplikonte modelin e bazuar n\u00eb p\u00ebrgjegj\u00ebsi, [&hellip;]<\/p>\n","protected":false},"author":1,"featured_media":0,"comment_status":"closed","ping_status":"closed","sticky":false,"template":"","format":"standard","meta":{"spay_email":"","jetpack_publicize_message":"","jetpack_is_tweetstorm":false,"jetpack_publicize_feature_enabled":true},"categories":[1,6],"tags":[],"jetpack_publicize_connections":[],"yoast_head":"<!-- This site is optimized with the Yoast SEO plugin v19.1 - https:\/\/yoast.com\/wordpress\/plugins\/seo\/ -->\n<title>Cungu: Asnj\u00eb konflikt me PD, u zhg\u00ebnjeva me Gjeken - Lajme nga Ulqini<\/title>\n<meta name=\"description\" content=\"Kryetari i Forc\u00ebs s\u00eb Re Demokratike Nazif Cungu, n\u00eb nj\u00eb intervist\u00eb p\u00ebr gazeten \u201cPobjeda\u201d\u00a0deklaroi se votbesimi p\u00ebr kryetarin Gjeka \u00ebsht\u00eb dashur t\u00eb\" \/>\n<meta name=\"robots\" content=\"index, follow, max-snippet:-1, max-image-preview:large, max-video-preview:-1\" \/>\n<link rel=\"canonical\" href=\"https:\/\/www.visit-ulcinj.com\/blog\/2015\/12\/22\/cungu-asnje-konflikt-pd-u-zhgenjeva-gjeken\/\" \/>\n<meta property=\"og:locale\" content=\"en_US\" \/>\n<meta property=\"og:type\" content=\"article\" \/>\n<meta property=\"og:title\" content=\"Cungu: Asnj\u00eb konflikt me PD, u zhg\u00ebnjeva me Gjeken - Lajme nga Ulqini\" \/>\n<meta property=\"og:description\" content=\"Kryetari i Forc\u00ebs s\u00eb Re Demokratike Nazif Cungu, n\u00eb nj\u00eb intervist\u00eb p\u00ebr gazeten \u201cPobjeda\u201d\u00a0deklaroi se votbesimi p\u00ebr kryetarin Gjeka \u00ebsht\u00eb dashur t\u00eb\" \/>\n<meta property=\"og:url\" content=\"https:\/\/www.visit-ulcinj.com\/blog\/2015\/12\/22\/cungu-asnje-konflikt-pd-u-zhgenjeva-gjeken\/\" \/>\n<meta property=\"og:site_name\" content=\"Lajme nga Ulqini\" \/>\n<meta property=\"article:published_time\" content=\"2015-12-22T18:06:17+00:00\" \/>\n<meta property=\"article:modified_time\" content=\"2015-12-23T07:41:00+00:00\" \/>\n<meta property=\"og:image\" content=\"http:\/\/www.visit-ulcinj.com\/blog\/wp-content\/uploads\/2014\/01\/Nazif-Cungu-Forca.jpg\" \/>\n<meta name=\"twitter:label1\" content=\"Written by\" \/>\n\t<meta name=\"twitter:data1\" content=\"ulqini\" \/>\n\t<meta name=\"twitter:label2\" content=\"Est. reading time\" \/>\n\t<meta name=\"twitter:data2\" content=\"2 minutes\" \/>\n<script type=\"application\/ld+json\" class=\"yoast-schema-graph\">{\"@context\":\"https:\/\/schema.org\",\"@graph\":[{\"@type\":\"WebSite\",\"@id\":\"https:\/\/www.visit-ulcinj.com\/blog\/#website\",\"url\":\"https:\/\/www.visit-ulcinj.com\/blog\/\",\"name\":\"Lajme nga Ulqini\",\"description\":\"Lajme,Vijesti,Ulqini,Ulqin,Crna Gora,Mali i Zi\",\"potentialAction\":[{\"@type\":\"SearchAction\",\"target\":{\"@type\":\"EntryPoint\",\"urlTemplate\":\"https:\/\/www.visit-ulcinj.com\/blog\/?s={search_term_string}\"},\"query-input\":\"required name=search_term_string\"}],\"inLanguage\":\"en-US\"},{\"@type\":\"ImageObject\",\"inLanguage\":\"en-US\",\"@id\":\"https:\/\/www.visit-ulcinj.com\/blog\/2015\/12\/22\/cungu-asnje-konflikt-pd-u-zhgenjeva-gjeken\/#primaryimage\",\"url\":\"https:\/\/www.visit-ulcinj.com\/blog\/wp-content\/uploads\/2014\/01\/Nazif-Cungu-Forca.jpg\",\"contentUrl\":\"https:\/\/www.visit-ulcinj.com\/blog\/wp-content\/uploads\/2014\/01\/Nazif-Cungu-Forca.jpg\",\"width\":960,\"height\":721},{\"@type\":\"WebPage\",\"@id\":\"https:\/\/www.visit-ulcinj.com\/blog\/2015\/12\/22\/cungu-asnje-konflikt-pd-u-zhgenjeva-gjeken\/#webpage\",\"url\":\"https:\/\/www.visit-ulcinj.com\/blog\/2015\/12\/22\/cungu-asnje-konflikt-pd-u-zhgenjeva-gjeken\/\",\"name\":\"Cungu: Asnj\u00eb konflikt me PD, u zhg\u00ebnjeva me Gjeken - Lajme nga Ulqini\",\"isPartOf\":{\"@id\":\"https:\/\/www.visit-ulcinj.com\/blog\/#website\"},\"primaryImageOfPage\":{\"@id\":\"https:\/\/www.visit-ulcinj.com\/blog\/2015\/12\/22\/cungu-asnje-konflikt-pd-u-zhgenjeva-gjeken\/#primaryimage\"},\"datePublished\":\"2015-12-22T18:06:17+00:00\",\"dateModified\":\"2015-12-23T07:41:00+00:00\",\"author\":{\"@id\":\"https:\/\/www.visit-ulcinj.com\/blog\/#\/schema\/person\/dcab619c614d3038751c63bc2aadc06d\"},\"description\":\"Kryetari i Forc\u00ebs s\u00eb Re Demokratike Nazif Cungu, n\u00eb nj\u00eb intervist\u00eb p\u00ebr gazeten \u201cPobjeda\u201d\u00a0deklaroi se votbesimi p\u00ebr kryetarin Gjeka \u00ebsht\u00eb dashur t\u00eb\",\"breadcrumb\":{\"@id\":\"https:\/\/www.visit-ulcinj.com\/blog\/2015\/12\/22\/cungu-asnje-konflikt-pd-u-zhgenjeva-gjeken\/#breadcrumb\"},\"inLanguage\":\"en-US\",\"potentialAction\":[{\"@type\":\"ReadAction\",\"target\":[\"https:\/\/www.visit-ulcinj.com\/blog\/2015\/12\/22\/cungu-asnje-konflikt-pd-u-zhgenjeva-gjeken\/\"]}]},{\"@type\":\"BreadcrumbList\",\"@id\":\"https:\/\/www.visit-ulcinj.com\/blog\/2015\/12\/22\/cungu-asnje-konflikt-pd-u-zhgenjeva-gjeken\/#breadcrumb\",\"itemListElement\":[{\"@type\":\"ListItem\",\"position\":1,\"name\":\"Cungu: Asnj\u00eb konflikt me PD, u zhg\u00ebnjeva me Gjeken\"}]},{\"@type\":\"Person\",\"@id\":\"https:\/\/www.visit-ulcinj.com\/blog\/#\/schema\/person\/dcab619c614d3038751c63bc2aadc06d\",\"name\":\"ulqini\",\"sameAs\":[\"http:\/\/www.visit-ulcinj.com\"],\"url\":\"https:\/\/www.visit-ulcinj.com\/blog\/author\/admin\/\"}]}<\/script>\n<!-- \/ Yoast SEO plugin. -->","yoast_head_json":{"title":"Cungu: Asnj\u00eb konflikt me PD, u zhg\u00ebnjeva me Gjeken - Lajme nga Ulqini","description":"Kryetari i Forc\u00ebs s\u00eb Re Demokratike Nazif Cungu, n\u00eb nj\u00eb intervist\u00eb p\u00ebr gazeten \u201cPobjeda\u201d\u00a0deklaroi se votbesimi p\u00ebr kryetarin Gjeka \u00ebsht\u00eb dashur t\u00eb","robots":{"index":"index","follow":"follow","max-snippet":"max-snippet:-1","max-image-preview":"max-image-preview:large","max-video-preview":"max-video-preview:-1"},"canonical":"https:\/\/www.visit-ulcinj.com\/blog\/2015\/12\/22\/cungu-asnje-konflikt-pd-u-zhgenjeva-gjeken\/","og_locale":"en_US","og_type":"article","og_title":"Cungu: Asnj\u00eb konflikt me PD, u zhg\u00ebnjeva me Gjeken - Lajme nga Ulqini","og_description":"Kryetari i Forc\u00ebs s\u00eb Re Demokratike Nazif Cungu, n\u00eb nj\u00eb intervist\u00eb p\u00ebr gazeten \u201cPobjeda\u201d\u00a0deklaroi se votbesimi p\u00ebr kryetarin Gjeka \u00ebsht\u00eb dashur t\u00eb","og_url":"https:\/\/www.visit-ulcinj.com\/blog\/2015\/12\/22\/cungu-asnje-konflikt-pd-u-zhgenjeva-gjeken\/","og_site_name":"Lajme nga Ulqini","article_published_time":"2015-12-22T18:06:17+00:00","article_modified_time":"2015-12-23T07:41:00+00:00","og_image":[{"url":"http:\/\/www.visit-ulcinj.com\/blog\/wp-content\/uploads\/2014\/01\/Nazif-Cungu-Forca.jpg"}],"twitter_misc":{"Written by":"ulqini","Est. reading time":"2 minutes"},"schema":{"@context":"https:\/\/schema.org","@graph":[{"@type":"WebSite","@id":"https:\/\/www.visit-ulcinj.com\/blog\/#website","url":"https:\/\/www.visit-ulcinj.com\/blog\/","name":"Lajme nga Ulqini","description":"Lajme,Vijesti,Ulqini,Ulqin,Crna Gora,Mali i Zi","potentialAction":[{"@type":"SearchAction","target":{"@type":"EntryPoint","urlTemplate":"https:\/\/www.visit-ulcinj.com\/blog\/?s={search_term_string}"},"query-input":"required name=search_term_string"}],"inLanguage":"en-US"},{"@type":"ImageObject","inLanguage":"en-US","@id":"https:\/\/www.visit-ulcinj.com\/blog\/2015\/12\/22\/cungu-asnje-konflikt-pd-u-zhgenjeva-gjeken\/#primaryimage","url":"https:\/\/www.visit-ulcinj.com\/blog\/wp-content\/uploads\/2014\/01\/Nazif-Cungu-Forca.jpg","contentUrl":"https:\/\/www.visit-ulcinj.com\/blog\/wp-content\/uploads\/2014\/01\/Nazif-Cungu-Forca.jpg","width":960,"height":721},{"@type":"WebPage","@id":"https:\/\/www.visit-ulcinj.com\/blog\/2015\/12\/22\/cungu-asnje-konflikt-pd-u-zhgenjeva-gjeken\/#webpage","url":"https:\/\/www.visit-ulcinj.com\/blog\/2015\/12\/22\/cungu-asnje-konflikt-pd-u-zhgenjeva-gjeken\/","name":"Cungu: Asnj\u00eb konflikt me PD, u zhg\u00ebnjeva me Gjeken - Lajme nga Ulqini","isPartOf":{"@id":"https:\/\/www.visit-ulcinj.com\/blog\/#website"},"primaryImageOfPage":{"@id":"https:\/\/www.visit-ulcinj.com\/blog\/2015\/12\/22\/cungu-asnje-konflikt-pd-u-zhgenjeva-gjeken\/#primaryimage"},"datePublished":"2015-12-22T18:06:17+00:00","dateModified":"2015-12-23T07:41:00+00:00","author":{"@id":"https:\/\/www.visit-ulcinj.com\/blog\/#\/schema\/person\/dcab619c614d3038751c63bc2aadc06d"},"description":"Kryetari i Forc\u00ebs s\u00eb Re Demokratike Nazif Cungu, n\u00eb nj\u00eb intervist\u00eb p\u00ebr gazeten \u201cPobjeda\u201d\u00a0deklaroi se votbesimi p\u00ebr kryetarin Gjeka \u00ebsht\u00eb dashur t\u00eb","breadcrumb":{"@id":"https:\/\/www.visit-ulcinj.com\/blog\/2015\/12\/22\/cungu-asnje-konflikt-pd-u-zhgenjeva-gjeken\/#breadcrumb"},"inLanguage":"en-US","potentialAction":[{"@type":"ReadAction","target":["https:\/\/www.visit-ulcinj.com\/blog\/2015\/12\/22\/cungu-asnje-konflikt-pd-u-zhgenjeva-gjeken\/"]}]},{"@type":"BreadcrumbList","@id":"https:\/\/www.visit-ulcinj.com\/blog\/2015\/12\/22\/cungu-asnje-konflikt-pd-u-zhgenjeva-gjeken\/#breadcrumb","itemListElement":[{"@type":"ListItem","position":1,"name":"Cungu: Asnj\u00eb konflikt me PD, u zhg\u00ebnjeva me Gjeken"}]},{"@type":"Person","@id":"https:\/\/www.visit-ulcinj.com\/blog\/#\/schema\/person\/dcab619c614d3038751c63bc2aadc06d","name":"ulqini","sameAs":["http:\/\/www.visit-ulcinj.com"],"url":"https:\/\/www.visit-ulcinj.com\/blog\/author\/admin\/"}]}},"jetpack_featured_media_url":"","jetpack_sharing_enabled":true,"jetpack_shortlink":"https:\/\/wp.me\/pe6lTn-oov","_links":{"self":[{"href":"https:\/\/www.visit-ulcinj.com\/blog\/wp-json\/wp\/v2\/posts\/93775"}],"collection":[{"href":"https:\/\/www.visit-ulcinj.com\/blog\/wp-json\/wp\/v2\/posts"}],"about":[{"href":"https:\/\/www.visit-ulcinj.com\/blog\/wp-json\/wp\/v2\/types\/post"}],"author":[{"embeddable":true,"href":"https:\/\/www.visit-ulcinj.com\/blog\/wp-json\/wp\/v2\/users\/1"}],"replies":[{"embeddable":true,"href":"https:\/\/www.visit-ulcinj.com\/blog\/wp-json\/wp\/v2\/comments?post=93775"}],"version-history":[{"count":1,"href":"https:\/\/www.visit-ulcinj.com\/blog\/wp-json\/wp\/v2\/posts\/93775\/revisions"}],"predecessor-version":[{"id":93776,"href":"https:\/\/www.visit-ulcinj.com\/blog\/wp-json\/wp\/v2\/posts\/93775\/revisions\/93776"}],"wp:attachment":[{"href":"https:\/\/www.visit-ulcinj.com\/blog\/wp-json\/wp\/v2\/media?parent=93775"}],"wp:term":[{"taxonomy":"category","embeddable":true,"href":"https:\/\/www.visit-ulcinj.com\/blog\/wp-json\/wp\/v2\/categories?post=93775"},{"taxonomy":"post_tag","embeddable":true,"href":"https:\/\/www.visit-ulcinj.com\/blog\/wp-json\/wp\/v2\/tags?post=93775"}],"curies":[{"name":"wp","href":"https:\/\/api.w.org\/{rel}","templated":true}]}}