{"id":9378,"date":"2009-01-20T21:47:49","date_gmt":"2009-01-20T20:47:49","guid":{"rendered":"http:\/\/www.visit-ulcinj.com\/blog\/?p=9378"},"modified":"2009-01-20T23:00:44","modified_gmt":"2009-01-20T22:00:44","slug":"artan-zenuni-juniori-kt-ulqini-ne-mesin-e-me-te-mireve","status":"publish","type":"post","link":"https:\/\/www.visit-ulcinj.com\/blog\/2009\/01\/20\/artan-zenuni-juniori-kt-ulqini-ne-mesin-e-me-te-mireve\/","title":{"rendered":"Artan Zenuni juniori KT &#8220;Ulqini&#8221; n\u00eb mesin e m\u00eb t\u00eb mir\u00ebve"},"content":{"rendered":"<p><strong><a rel=\"attachment wp-att-9382\" href=\"http:\/\/www.visit-ulcinj.com\/blog\/2009\/01\/20\/artan-zenuni-juniori-kt-ulqini-ne-mesin-e-me-te-mireve\/artan-zenuni_arijeta-zati_\/\"><img loading=\"lazy\" class=\"alignleft size-full wp-image-9382\" title=\"artan-zenuni_arijeta-zati_\" src=\"http:\/\/www.visit-ulcinj.com\/blog\/wp-content\/uploads\/2009\/01\/artan-zenuni_arijeta-zati_.jpg\" alt=\"artan-zenuni_arijeta-zati_\" width=\"369\" height=\"491\" srcset=\"https:\/\/www.visit-ulcinj.com\/blog\/wp-content\/uploads\/2009\/01\/artan-zenuni_arijeta-zati_.jpg 369w, https:\/\/www.visit-ulcinj.com\/blog\/wp-content\/uploads\/2009\/01\/artan-zenuni_arijeta-zati_-225x300.jpg 225w\" sizes=\"(max-width: 369px) 100vw, 369px\" \/><\/a>Federata e taekwondo-s\u00eb e Malit t\u00eb Zi shpalli sportist\u00ebt m\u00eb t\u00eb mir\u00eb p\u00ebr vitin 2008<br \/>\nTre garues t\u00eb KT &#8220;Ulqini&#8221; n\u00eb mesin e m\u00eb t\u00eb mir\u00ebve<\/strong><br \/>\nArtan Zenuni u shpall juniori m\u00eb i suksessh\u00ebm p\u00ebr vitin 2008 duke fituar p\u00ebrve\u00e7 k\u00ebtij \u00e7mimi edhe burs\u00eb p\u00ebr vitin 2009, Arijeta Zati u shpall juniorja m\u00eb e suksesshme, nd\u00ebrsa Medina Kanaqi pionierja m\u00eb e suksesshme.<br \/>\nTre garues t\u00eb Klubit t\u00eb Taekwondo-s\u00eb &#8220;Ulqini&#8221; u rendit\u00ebn n\u00eb mesin e sportist\u00ebve m\u00eb t\u00eb mir\u00eb dhe m\u00eb t\u00eb suksessh\u00ebm p\u00ebr vitin 2008 n\u00eb Mal t\u00eb Zi nga Federata e Taekwondo-s\u00eb e Malit t\u00eb Zi, n\u00eb ceremonin\u00eb tashm\u00eb tradicionale t\u00eb fundvitit.<br \/>\nArtan Zenuni u shpall juniori m\u00eb i suksessh\u00ebm duke fituar p\u00ebrve\u00e7 k\u00ebtij \u00e7mimi edhe burs\u00eb p\u00ebr vitin 2009, Arijeta Zati u shpall juniorja m\u00eb e suksesshme, nd\u00ebrsa Medina Kanaqi pionierja m\u00eb e suksesshme.<br \/>\nTrajneri i KT &#8220;Ulqini&#8221;, Fikret Dushku, e vler\u00ebson k\u00ebt\u00eb rezultat si kuror\u00ebzim t\u00eb sukseseve t\u00eb arritura nga ky klub gjat\u00eb vitit 2008.<br \/>\n&#8220;Viti 2008 ishte p\u00ebr ne nj\u00eb vit i suksessh\u00ebm. P\u00ebr dallim nga viti i kaluar, ne kemi arritur m\u00eb shum\u00eb gj\u00eb q\u00eb e d\u00ebshmon edhe vet\u00eb fakti q\u00eb nga klubi yn\u00eb kemi edhe tre garues t\u00eb cil\u00ebt Federata e Taekwondo-s\u00eb s\u00eb Malit t\u00eb Zi i vler\u00ebsoi si sportist\u00ebt m\u00eb t\u00eb mir\u00eb p\u00ebr vitin 2008&#8221;, shprehet ai.<br \/>\nArtan Zenuni, i zgjedhur si juniori m\u00eb i mir\u00eb n\u00eb Mal t\u00eb Zi p\u00ebr vitin 2008, ndjehet i lumtur p\u00ebr k\u00ebt\u00eb \u00e7mim dhe p\u00ebr faktin se viti i kaluar ishte nj\u00eb vit i suksesshe\u00ebm p\u00ebr t\u00eb.<br \/>\n&#8220;\u00cbsht\u00eb nj\u00eb k\u00ebnaq\u00ebsi e ve\u00e7ant\u00eb. Edhe n\u00eb t\u00eb ardhmen do t\u00eb mundohem t`i p\u00ebrs\u00ebris k\u00ebto suksese&#8221;, thot\u00eb ai.<br \/>\nEdhe laureatja tjet\u00ebr e \u00e7mimit t\u00eb sportistit m\u00eb t\u00eb mir\u00eb t\u00eb vitit, Arijeta Zatoviq, e vler\u00ebson zgjedhjen n\u00eb mesin e sportist\u00ebve m\u00eb t\u00eb suksessh\u00ebm.<br \/>\n&#8220;Ky \u00e7mim ka nj\u00eb dometh\u00ebnie t\u00eb madhe p\u00ebr mua dhe p\u00ebr klubin tim e po ashtu edhe p\u00ebr qytetin ton\u00eb. Vitin e ardhsh\u00ebm natyrisht na pret nj\u00eb pun\u00eb m\u00eb e v\u00ebshtir\u00eb, mir\u00ebpo do t\u00eb mundohemi t\u00eb japim maksimumin n\u00eb m\u00ebnyr\u00eb q\u00eb t`i p\u00ebrs\u00ebrisim k\u00ebto rezultate&#8221;, shprehet ajo.<br \/>\nTrajneri Fikret Dushku tregon se KT &#8220;Ulqini&#8221; do t`i filloj\u00eb s\u00eb shpejti st\u00ebrvitjet p\u00ebr k\u00ebt\u00eb vit. Ai \u00ebsht\u00eb i vet\u00ebdijsh\u00ebm se rezultatet e arritura nga garuesit e tij gjat\u00eb vitit t\u00eb kaluar e obligojn\u00eb t\u00eb punoj\u00eb edhe m\u00eb shum\u00eb k\u00ebt\u00eb vit.<br \/>\n&#8220;K\u00ebt\u00eb vit na presin gara t\u00eb shumta. Ne do t\u00eb mundohemi t\u00eb japim maksimumin dhe t\u00eb p\u00ebrmbushim planin ton\u00eb&#8221;, p\u00ebrfundon ai.<\/p>\n<p><strong>Kohapress<br \/>\n\n\t\t<style type=\"text\/css\">\n\t\t\t#gallery-1 {\n\t\t\t\tmargin: auto;\n\t\t\t}\n\t\t\t#gallery-1 .gallery-item {\n\t\t\t\tfloat: left;\n\t\t\t\tmargin-top: 10px;\n\t\t\t\ttext-align: center;\n\t\t\t\twidth: 33%;\n\t\t\t}\n\t\t\t#gallery-1 img {\n\t\t\t\tborder: 2px solid #cfcfcf;\n\t\t\t}\n\t\t\t#gallery-1 .gallery-caption {\n\t\t\t\tmargin-left: 0;\n\t\t\t}\n\t\t\t\/* see gallery_shortcode() in wp-includes\/media.php *\/\n\t\t<\/style>\n\t\t<div id='gallery-1' class='gallery galleryid-9378 gallery-columns-3 gallery-size-thumbnail'><dl class='gallery-item'>\n\t\t\t<dt class='gallery-icon landscape'>\n\t\t\t\t<a href='https:\/\/www.visit-ulcinj.com\/blog\/wp-content\/uploads\/2009\/01\/artan-zenuni_arijeta-zati.jpg'><img width=\"150\" height=\"150\" src=\"https:\/\/www.visit-ulcinj.com\/blog\/wp-content\/uploads\/2009\/01\/artan-zenuni_arijeta-zati-150x150.jpg\" class=\"attachment-thumbnail size-thumbnail\" alt=\"\" loading=\"lazy\" \/><\/a>\n\t\t\t<\/dt><\/dl><dl class='gallery-item'>\n\t\t\t<dt class='gallery-icon portrait'>\n\t\t\t\t<a href='https:\/\/www.visit-ulcinj.com\/blog\/wp-content\/uploads\/2009\/01\/artan-zenuni_arijeta-zati_.jpg'><img width=\"150\" height=\"150\" src=\"https:\/\/www.visit-ulcinj.com\/blog\/wp-content\/uploads\/2009\/01\/artan-zenuni_arijeta-zati_-150x150.jpg\" class=\"attachment-thumbnail size-thumbnail\" alt=\"\" loading=\"lazy\" \/><\/a>\n\t\t\t<\/dt><\/dl><dl class='gallery-item'>\n\t\t\t<dt class='gallery-icon landscape'>\n\t\t\t\t<a href='https:\/\/www.visit-ulcinj.com\/blog\/wp-content\/uploads\/2009\/01\/fikret-dushku1.jpg'><img width=\"150\" height=\"150\" src=\"https:\/\/www.visit-ulcinj.com\/blog\/wp-content\/uploads\/2009\/01\/fikret-dushku1-150x150.jpg\" class=\"attachment-thumbnail size-thumbnail\" alt=\"\" loading=\"lazy\" \/><\/a>\n\t\t\t<\/dt><\/dl><br style=\"clear: both\" \/><dl class='gallery-item'>\n\t\t\t<dt class='gallery-icon landscape'>\n\t\t\t\t<a href='https:\/\/www.visit-ulcinj.com\/blog\/wp-content\/uploads\/2009\/01\/fikret-dushku2.jpg'><img width=\"150\" height=\"150\" src=\"https:\/\/www.visit-ulcinj.com\/blog\/wp-content\/uploads\/2009\/01\/fikret-dushku2-150x150.jpg\" class=\"attachment-thumbnail size-thumbnail\" alt=\"\" loading=\"lazy\" \/><\/a>\n\t\t\t<\/dt><\/dl><dl class='gallery-item'>\n\t\t\t<dt class='gallery-icon landscape'>\n\t\t\t\t<a href='https:\/\/www.visit-ulcinj.com\/blog\/wp-content\/uploads\/2009\/01\/klubi-i-taekwondo-se-ulqini01.jpg'><img width=\"150\" height=\"150\" src=\"https:\/\/www.visit-ulcinj.com\/blog\/wp-content\/uploads\/2009\/01\/klubi-i-taekwondo-se-ulqini01-150x150.jpg\" class=\"attachment-thumbnail size-thumbnail\" alt=\"\" loading=\"lazy\" \/><\/a>\n\t\t\t<\/dt><\/dl><dl class='gallery-item'>\n\t\t\t<dt class='gallery-icon landscape'>\n\t\t\t\t<a href='https:\/\/www.visit-ulcinj.com\/blog\/wp-content\/uploads\/2009\/01\/klubi-i-taekwondo-se-ulqini1.jpg'><img width=\"150\" height=\"150\" src=\"https:\/\/www.visit-ulcinj.com\/blog\/wp-content\/uploads\/2009\/01\/klubi-i-taekwondo-se-ulqini1-150x150.jpg\" class=\"attachment-thumbnail size-thumbnail\" alt=\"\" loading=\"lazy\" \/><\/a>\n\t\t\t<\/dt><\/dl><br style=\"clear: both\" \/><dl class='gallery-item'>\n\t\t\t<dt class='gallery-icon landscape'>\n\t\t\t\t<a href='https:\/\/www.visit-ulcinj.com\/blog\/wp-content\/uploads\/2009\/01\/klubi-i-taekwondo-se-ulqini2-1.jpg'><img width=\"150\" height=\"150\" src=\"https:\/\/www.visit-ulcinj.com\/blog\/wp-content\/uploads\/2009\/01\/klubi-i-taekwondo-se-ulqini2-1-150x150.jpg\" class=\"attachment-thumbnail size-thumbnail\" alt=\"\" loading=\"lazy\" \/><\/a>\n\t\t\t<\/dt><\/dl><dl class='gallery-item'>\n\t\t\t<dt class='gallery-icon landscape'>\n\t\t\t\t<a href='https:\/\/www.visit-ulcinj.com\/blog\/wp-content\/uploads\/2009\/01\/klubi-i-taekwondo-se-ulqini02.jpg'><img width=\"150\" height=\"150\" src=\"https:\/\/www.visit-ulcinj.com\/blog\/wp-content\/uploads\/2009\/01\/klubi-i-taekwondo-se-ulqini02-150x150.jpg\" class=\"attachment-thumbnail size-thumbnail\" alt=\"\" loading=\"lazy\" \/><\/a>\n\t\t\t<\/dt><\/dl><dl class='gallery-item'>\n\t\t\t<dt class='gallery-icon portrait'>\n\t\t\t\t<a href='https:\/\/www.visit-ulcinj.com\/blog\/wp-content\/uploads\/2009\/01\/klubi-i-taekwondo-se-ulqini2.jpg'><img width=\"150\" height=\"150\" src=\"https:\/\/www.visit-ulcinj.com\/blog\/wp-content\/uploads\/2009\/01\/klubi-i-taekwondo-se-ulqini2-150x150.jpg\" class=\"attachment-thumbnail size-thumbnail\" alt=\"\" loading=\"lazy\" \/><\/a>\n\t\t\t<\/dt><\/dl><br style=\"clear: both\" \/><dl class='gallery-item'>\n\t\t\t<dt class='gallery-icon landscape'>\n\t\t\t\t<a href='https:\/\/www.visit-ulcinj.com\/blog\/wp-content\/uploads\/2009\/01\/klubi-i-taekwondo-se-ulqini03.jpg'><img width=\"150\" height=\"150\" src=\"https:\/\/www.visit-ulcinj.com\/blog\/wp-content\/uploads\/2009\/01\/klubi-i-taekwondo-se-ulqini03-150x150.jpg\" class=\"attachment-thumbnail size-thumbnail\" alt=\"\" loading=\"lazy\" \/><\/a>\n\t\t\t<\/dt><\/dl><dl class='gallery-item'>\n\t\t\t<dt class='gallery-icon landscape'>\n\t\t\t\t<a href='https:\/\/www.visit-ulcinj.com\/blog\/wp-content\/uploads\/2009\/01\/klubi-i-taekwondo-se-ulqini04.jpg'><img width=\"150\" height=\"150\" src=\"https:\/\/www.visit-ulcinj.com\/blog\/wp-content\/uploads\/2009\/01\/klubi-i-taekwondo-se-ulqini04-150x150.jpg\" class=\"attachment-thumbnail size-thumbnail\" alt=\"\" loading=\"lazy\" \/><\/a>\n\t\t\t<\/dt><\/dl><dl class='gallery-item'>\n\t\t\t<dt class='gallery-icon landscape'>\n\t\t\t\t<a href='https:\/\/www.visit-ulcinj.com\/blog\/wp-content\/uploads\/2009\/01\/klubi-i-taekwondo-se-ulqini05.jpg'><img width=\"150\" height=\"150\" src=\"https:\/\/www.visit-ulcinj.com\/blog\/wp-content\/uploads\/2009\/01\/klubi-i-taekwondo-se-ulqini05-150x150.jpg\" class=\"attachment-thumbnail size-thumbnail\" alt=\"\" loading=\"lazy\" \/><\/a>\n\t\t\t<\/dt><\/dl><br style=\"clear: both\" \/><dl class='gallery-item'>\n\t\t\t<dt class='gallery-icon landscape'>\n\t\t\t\t<a href='https:\/\/www.visit-ulcinj.com\/blog\/wp-content\/uploads\/2009\/01\/klubi-i-taekwondo-se-ulqini4.jpg'><img width=\"150\" height=\"150\" src=\"https:\/\/www.visit-ulcinj.com\/blog\/wp-content\/uploads\/2009\/01\/klubi-i-taekwondo-se-ulqini4-150x150.jpg\" class=\"attachment-thumbnail size-thumbnail\" alt=\"\" loading=\"lazy\" \/><\/a>\n\t\t\t<\/dt><\/dl><dl class='gallery-item'>\n\t\t\t<dt class='gallery-icon landscape'>\n\t\t\t\t<a href='https:\/\/www.visit-ulcinj.com\/blog\/wp-content\/uploads\/2009\/01\/klubi-i-taekwondo-se-ulqini5.jpg'><img width=\"150\" height=\"150\" src=\"https:\/\/www.visit-ulcinj.com\/blog\/wp-content\/uploads\/2009\/01\/klubi-i-taekwondo-se-ulqini5-150x150.jpg\" class=\"attachment-thumbnail size-thumbnail\" alt=\"\" loading=\"lazy\" \/><\/a>\n\t\t\t<\/dt><\/dl><dl class='gallery-item'>\n\t\t\t<dt class='gallery-icon landscape'>\n\t\t\t\t<a href='https:\/\/www.visit-ulcinj.com\/blog\/wp-content\/uploads\/2009\/01\/klubi-i-taekwondo-se-ulqini6.jpg'><img width=\"150\" height=\"150\" src=\"https:\/\/www.visit-ulcinj.com\/blog\/wp-content\/uploads\/2009\/01\/klubi-i-taekwondo-se-ulqini6-150x150.jpg\" class=\"attachment-thumbnail size-thumbnail\" alt=\"\" loading=\"lazy\" \/><\/a>\n\t\t\t<\/dt><\/dl><br style=\"clear: both\" \/><dl class='gallery-item'>\n\t\t\t<dt class='gallery-icon landscape'>\n\t\t\t\t<a href='https:\/\/www.visit-ulcinj.com\/blog\/wp-content\/uploads\/2009\/01\/klubi-i-taekwondo-se-ulqini7.jpg'><img width=\"150\" height=\"150\" src=\"https:\/\/www.visit-ulcinj.com\/blog\/wp-content\/uploads\/2009\/01\/klubi-i-taekwondo-se-ulqini7-150x150.jpg\" class=\"attachment-thumbnail size-thumbnail\" alt=\"\" loading=\"lazy\" \/><\/a>\n\t\t\t<\/dt><\/dl><dl class='gallery-item'>\n\t\t\t<dt class='gallery-icon landscape'>\n\t\t\t\t<a href='https:\/\/www.visit-ulcinj.com\/blog\/wp-content\/uploads\/2009\/01\/klubi-i-taekwondo-se-ulqini8.jpg'><img width=\"150\" height=\"150\" src=\"https:\/\/www.visit-ulcinj.com\/blog\/wp-content\/uploads\/2009\/01\/klubi-i-taekwondo-se-ulqini8-150x150.jpg\" class=\"attachment-thumbnail size-thumbnail\" alt=\"\" loading=\"lazy\" \/><\/a>\n\t\t\t<\/dt><\/dl><dl class='gallery-item'>\n\t\t\t<dt class='gallery-icon landscape'>\n\t\t\t\t<a href='https:\/\/www.visit-ulcinj.com\/blog\/wp-content\/uploads\/2009\/01\/klubi-i-taekwondo-se-ulqini9.jpg'><img width=\"150\" height=\"150\" src=\"https:\/\/www.visit-ulcinj.com\/blog\/wp-content\/uploads\/2009\/01\/klubi-i-taekwondo-se-ulqini9-150x150.jpg\" class=\"attachment-thumbnail size-thumbnail\" alt=\"\" loading=\"lazy\" \/><\/a>\n\t\t\t<\/dt><\/dl><br style=\"clear: both\" \/><dl class='gallery-item'>\n\t\t\t<dt class='gallery-icon landscape'>\n\t\t\t\t<a href='https:\/\/www.visit-ulcinj.com\/blog\/wp-content\/uploads\/2009\/01\/klubi-i-taekwondo-se-ulqini10.jpg'><img width=\"150\" height=\"150\" src=\"https:\/\/www.visit-ulcinj.com\/blog\/wp-content\/uploads\/2009\/01\/klubi-i-taekwondo-se-ulqini10-150x150.jpg\" class=\"attachment-thumbnail size-thumbnail\" alt=\"\" loading=\"lazy\" \/><\/a>\n\t\t\t<\/dt><\/dl><dl class='gallery-item'>\n\t\t\t<dt class='gallery-icon landscape'>\n\t\t\t\t<a href='https:\/\/www.visit-ulcinj.com\/blog\/wp-content\/uploads\/2009\/01\/klubi-i-taekwondo-se-ulqini11.jpg'><img width=\"150\" height=\"150\" src=\"https:\/\/www.visit-ulcinj.com\/blog\/wp-content\/uploads\/2009\/01\/klubi-i-taekwondo-se-ulqini11-150x150.jpg\" class=\"attachment-thumbnail size-thumbnail\" alt=\"\" loading=\"lazy\" \/><\/a>\n\t\t\t<\/dt><\/dl><dl class='gallery-item'>\n\t\t\t<dt class='gallery-icon landscape'>\n\t\t\t\t<a href='https:\/\/www.visit-ulcinj.com\/blog\/wp-content\/uploads\/2009\/01\/trajneri-i-kt-ulqini-fikret-dushku.jpg'><img width=\"150\" height=\"150\" src=\"https:\/\/www.visit-ulcinj.com\/blog\/wp-content\/uploads\/2009\/01\/trajneri-i-kt-ulqini-fikret-dushku-150x150.jpg\" class=\"attachment-thumbnail size-thumbnail\" alt=\"\" loading=\"lazy\" \/><\/a>\n\t\t\t<\/dt><\/dl><br style=\"clear: both\" \/>\n\t\t<\/div>\n<\/p>\n<p><\/strong><\/p>\n<p><strong><\/strong><strong><br \/>\n<\/strong><!--YouTube Error: bad URL entered--><strong><br \/>\n<\/strong><\/p>\n","protected":false},"excerpt":{"rendered":"<p>Federata e taekwondo-s\u00eb e Malit t\u00eb Zi shpalli sportist\u00ebt m\u00eb t\u00eb mir\u00eb p\u00ebr vitin 2008 Tre garues t\u00eb KT &#8220;Ulqini&#8221; n\u00eb mesin e m\u00eb t\u00eb mir\u00ebve Artan Zenuni u shpall juniori m\u00eb i suksessh\u00ebm p\u00ebr vitin 2008 duke fituar p\u00ebrve\u00e7 k\u00ebtij \u00e7mimi edhe burs\u00eb p\u00ebr vitin 2009, Arijeta Zati u shpall juniorja m\u00eb e suksesshme, [&hellip;]<\/p>\n","protected":false},"author":1,"featured_media":0,"comment_status":"open","ping_status":"closed","sticky":false,"template":"","format":"standard","meta":{"spay_email":"","jetpack_publicize_message":"","jetpack_is_tweetstorm":false,"jetpack_publicize_feature_enabled":true},"categories":[3],"tags":[5924,2970,5927,5926,5925],"jetpack_publicize_connections":[],"yoast_head":"<!-- This site is optimized with the Yoast SEO plugin v19.1 - https:\/\/yoast.com\/wordpress\/plugins\/seo\/ -->\n<title>Artan Zenuni juniori KT &quot;Ulqini&quot; n\u00eb mesin e m\u00eb t\u00eb mir\u00ebve - Lajme nga Ulqini<\/title>\n<meta name=\"description\" content=\"Federata e taekwondo-s\u00eb e Malit t\u00eb Zi shpalli sportist\u00ebt m\u00eb t\u00eb mir\u00eb p\u00ebr vitin 2008 Tre garues t\u00eb KT &quot;Ulqini&quot; n\u00eb mesin e m\u00eb t\u00eb mir\u00ebve Artan Zenuni u shpall\" \/>\n<meta name=\"robots\" content=\"index, follow, max-snippet:-1, max-image-preview:large, max-video-preview:-1\" \/>\n<link rel=\"canonical\" href=\"https:\/\/www.visit-ulcinj.com\/blog\/2009\/01\/20\/artan-zenuni-juniori-kt-ulqini-ne-mesin-e-me-te-mireve\/\" \/>\n<meta property=\"og:locale\" content=\"en_US\" \/>\n<meta property=\"og:type\" content=\"article\" \/>\n<meta property=\"og:title\" content=\"Artan Zenuni juniori KT &quot;Ulqini&quot; n\u00eb mesin e m\u00eb t\u00eb mir\u00ebve - Lajme nga Ulqini\" \/>\n<meta property=\"og:description\" content=\"Federata e taekwondo-s\u00eb e Malit t\u00eb Zi shpalli sportist\u00ebt m\u00eb t\u00eb mir\u00eb p\u00ebr vitin 2008 Tre garues t\u00eb KT &quot;Ulqini&quot; n\u00eb mesin e m\u00eb t\u00eb mir\u00ebve Artan Zenuni u shpall\" \/>\n<meta property=\"og:url\" content=\"https:\/\/www.visit-ulcinj.com\/blog\/2009\/01\/20\/artan-zenuni-juniori-kt-ulqini-ne-mesin-e-me-te-mireve\/\" \/>\n<meta property=\"og:site_name\" content=\"Lajme nga Ulqini\" \/>\n<meta property=\"article:published_time\" content=\"2009-01-20T20:47:49+00:00\" \/>\n<meta property=\"article:modified_time\" content=\"2009-01-20T22:00:44+00:00\" \/>\n<meta property=\"og:image\" content=\"https:\/\/www.visit-ulcinj.com\/blog\/wp-content\/uploads\/2009\/01\/artan-zenuni_arijeta-zati-150x150.jpg\" \/>\n<meta name=\"twitter:label1\" content=\"Written by\" \/>\n\t<meta name=\"twitter:data1\" content=\"ulqini\" \/>\n\t<meta name=\"twitter:label2\" content=\"Est. reading time\" \/>\n\t<meta name=\"twitter:data2\" content=\"2 minutes\" \/>\n<script type=\"application\/ld+json\" class=\"yoast-schema-graph\">{\"@context\":\"https:\/\/schema.org\",\"@graph\":[{\"@type\":\"WebSite\",\"@id\":\"https:\/\/www.visit-ulcinj.com\/blog\/#website\",\"url\":\"https:\/\/www.visit-ulcinj.com\/blog\/\",\"name\":\"Lajme nga Ulqini\",\"description\":\"Lajme,Vijesti,Ulqini,Ulqin,Crna Gora,Mali i Zi\",\"potentialAction\":[{\"@type\":\"SearchAction\",\"target\":{\"@type\":\"EntryPoint\",\"urlTemplate\":\"https:\/\/www.visit-ulcinj.com\/blog\/?s={search_term_string}\"},\"query-input\":\"required name=search_term_string\"}],\"inLanguage\":\"en-US\"},{\"@type\":\"ImageObject\",\"inLanguage\":\"en-US\",\"@id\":\"https:\/\/www.visit-ulcinj.com\/blog\/2009\/01\/20\/artan-zenuni-juniori-kt-ulqini-ne-mesin-e-me-te-mireve\/#primaryimage\",\"url\":\"https:\/\/www.visit-ulcinj.com\/blog\/wp-content\/uploads\/2009\/01\/artan-zenuni_arijeta-zati_.jpg\",\"contentUrl\":\"https:\/\/www.visit-ulcinj.com\/blog\/wp-content\/uploads\/2009\/01\/artan-zenuni_arijeta-zati_.jpg\",\"width\":\"369\",\"height\":\"491\"},{\"@type\":\"WebPage\",\"@id\":\"https:\/\/www.visit-ulcinj.com\/blog\/2009\/01\/20\/artan-zenuni-juniori-kt-ulqini-ne-mesin-e-me-te-mireve\/#webpage\",\"url\":\"https:\/\/www.visit-ulcinj.com\/blog\/2009\/01\/20\/artan-zenuni-juniori-kt-ulqini-ne-mesin-e-me-te-mireve\/\",\"name\":\"Artan Zenuni juniori KT \\\"Ulqini\\\" n\u00eb mesin e m\u00eb t\u00eb mir\u00ebve - Lajme nga Ulqini\",\"isPartOf\":{\"@id\":\"https:\/\/www.visit-ulcinj.com\/blog\/#website\"},\"primaryImageOfPage\":{\"@id\":\"https:\/\/www.visit-ulcinj.com\/blog\/2009\/01\/20\/artan-zenuni-juniori-kt-ulqini-ne-mesin-e-me-te-mireve\/#primaryimage\"},\"datePublished\":\"2009-01-20T20:47:49+00:00\",\"dateModified\":\"2009-01-20T22:00:44+00:00\",\"author\":{\"@id\":\"https:\/\/www.visit-ulcinj.com\/blog\/#\/schema\/person\/dcab619c614d3038751c63bc2aadc06d\"},\"description\":\"Federata e taekwondo-s\u00eb e Malit t\u00eb Zi shpalli sportist\u00ebt m\u00eb t\u00eb mir\u00eb p\u00ebr vitin 2008 Tre garues t\u00eb KT \\\"Ulqini\\\" n\u00eb mesin e m\u00eb t\u00eb mir\u00ebve Artan Zenuni u shpall\",\"breadcrumb\":{\"@id\":\"https:\/\/www.visit-ulcinj.com\/blog\/2009\/01\/20\/artan-zenuni-juniori-kt-ulqini-ne-mesin-e-me-te-mireve\/#breadcrumb\"},\"inLanguage\":\"en-US\",\"potentialAction\":[{\"@type\":\"ReadAction\",\"target\":[\"https:\/\/www.visit-ulcinj.com\/blog\/2009\/01\/20\/artan-zenuni-juniori-kt-ulqini-ne-mesin-e-me-te-mireve\/\"]}]},{\"@type\":\"BreadcrumbList\",\"@id\":\"https:\/\/www.visit-ulcinj.com\/blog\/2009\/01\/20\/artan-zenuni-juniori-kt-ulqini-ne-mesin-e-me-te-mireve\/#breadcrumb\",\"itemListElement\":[{\"@type\":\"ListItem\",\"position\":1,\"name\":\"Artan Zenuni juniori KT &#8220;Ulqini&#8221; n\u00eb mesin e m\u00eb t\u00eb mir\u00ebve\"}]},{\"@type\":\"Person\",\"@id\":\"https:\/\/www.visit-ulcinj.com\/blog\/#\/schema\/person\/dcab619c614d3038751c63bc2aadc06d\",\"name\":\"ulqini\",\"sameAs\":[\"http:\/\/www.visit-ulcinj.com\"],\"url\":\"https:\/\/www.visit-ulcinj.com\/blog\/author\/admin\/\"}]}<\/script>\n<!-- \/ Yoast SEO plugin. -->","yoast_head_json":{"title":"Artan Zenuni juniori KT \"Ulqini\" n\u00eb mesin e m\u00eb t\u00eb mir\u00ebve - Lajme nga Ulqini","description":"Federata e taekwondo-s\u00eb e Malit t\u00eb Zi shpalli sportist\u00ebt m\u00eb t\u00eb mir\u00eb p\u00ebr vitin 2008 Tre garues t\u00eb KT \"Ulqini\" n\u00eb mesin e m\u00eb t\u00eb mir\u00ebve Artan Zenuni u shpall","robots":{"index":"index","follow":"follow","max-snippet":"max-snippet:-1","max-image-preview":"max-image-preview:large","max-video-preview":"max-video-preview:-1"},"canonical":"https:\/\/www.visit-ulcinj.com\/blog\/2009\/01\/20\/artan-zenuni-juniori-kt-ulqini-ne-mesin-e-me-te-mireve\/","og_locale":"en_US","og_type":"article","og_title":"Artan Zenuni juniori KT \"Ulqini\" n\u00eb mesin e m\u00eb t\u00eb mir\u00ebve - Lajme nga Ulqini","og_description":"Federata e taekwondo-s\u00eb e Malit t\u00eb Zi shpalli sportist\u00ebt m\u00eb t\u00eb mir\u00eb p\u00ebr vitin 2008 Tre garues t\u00eb KT \"Ulqini\" n\u00eb mesin e m\u00eb t\u00eb mir\u00ebve Artan Zenuni u shpall","og_url":"https:\/\/www.visit-ulcinj.com\/blog\/2009\/01\/20\/artan-zenuni-juniori-kt-ulqini-ne-mesin-e-me-te-mireve\/","og_site_name":"Lajme nga Ulqini","article_published_time":"2009-01-20T20:47:49+00:00","article_modified_time":"2009-01-20T22:00:44+00:00","og_image":[{"url":"https:\/\/www.visit-ulcinj.com\/blog\/wp-content\/uploads\/2009\/01\/artan-zenuni_arijeta-zati-150x150.jpg"}],"twitter_misc":{"Written by":"ulqini","Est. reading time":"2 minutes"},"schema":{"@context":"https:\/\/schema.org","@graph":[{"@type":"WebSite","@id":"https:\/\/www.visit-ulcinj.com\/blog\/#website","url":"https:\/\/www.visit-ulcinj.com\/blog\/","name":"Lajme nga Ulqini","description":"Lajme,Vijesti,Ulqini,Ulqin,Crna Gora,Mali i Zi","potentialAction":[{"@type":"SearchAction","target":{"@type":"EntryPoint","urlTemplate":"https:\/\/www.visit-ulcinj.com\/blog\/?s={search_term_string}"},"query-input":"required name=search_term_string"}],"inLanguage":"en-US"},{"@type":"ImageObject","inLanguage":"en-US","@id":"https:\/\/www.visit-ulcinj.com\/blog\/2009\/01\/20\/artan-zenuni-juniori-kt-ulqini-ne-mesin-e-me-te-mireve\/#primaryimage","url":"https:\/\/www.visit-ulcinj.com\/blog\/wp-content\/uploads\/2009\/01\/artan-zenuni_arijeta-zati_.jpg","contentUrl":"https:\/\/www.visit-ulcinj.com\/blog\/wp-content\/uploads\/2009\/01\/artan-zenuni_arijeta-zati_.jpg","width":"369","height":"491"},{"@type":"WebPage","@id":"https:\/\/www.visit-ulcinj.com\/blog\/2009\/01\/20\/artan-zenuni-juniori-kt-ulqini-ne-mesin-e-me-te-mireve\/#webpage","url":"https:\/\/www.visit-ulcinj.com\/blog\/2009\/01\/20\/artan-zenuni-juniori-kt-ulqini-ne-mesin-e-me-te-mireve\/","name":"Artan Zenuni juniori KT \"Ulqini\" n\u00eb mesin e m\u00eb t\u00eb mir\u00ebve - Lajme nga Ulqini","isPartOf":{"@id":"https:\/\/www.visit-ulcinj.com\/blog\/#website"},"primaryImageOfPage":{"@id":"https:\/\/www.visit-ulcinj.com\/blog\/2009\/01\/20\/artan-zenuni-juniori-kt-ulqini-ne-mesin-e-me-te-mireve\/#primaryimage"},"datePublished":"2009-01-20T20:47:49+00:00","dateModified":"2009-01-20T22:00:44+00:00","author":{"@id":"https:\/\/www.visit-ulcinj.com\/blog\/#\/schema\/person\/dcab619c614d3038751c63bc2aadc06d"},"description":"Federata e taekwondo-s\u00eb e Malit t\u00eb Zi shpalli sportist\u00ebt m\u00eb t\u00eb mir\u00eb p\u00ebr vitin 2008 Tre garues t\u00eb KT \"Ulqini\" n\u00eb mesin e m\u00eb t\u00eb mir\u00ebve Artan Zenuni u shpall","breadcrumb":{"@id":"https:\/\/www.visit-ulcinj.com\/blog\/2009\/01\/20\/artan-zenuni-juniori-kt-ulqini-ne-mesin-e-me-te-mireve\/#breadcrumb"},"inLanguage":"en-US","potentialAction":[{"@type":"ReadAction","target":["https:\/\/www.visit-ulcinj.com\/blog\/2009\/01\/20\/artan-zenuni-juniori-kt-ulqini-ne-mesin-e-me-te-mireve\/"]}]},{"@type":"BreadcrumbList","@id":"https:\/\/www.visit-ulcinj.com\/blog\/2009\/01\/20\/artan-zenuni-juniori-kt-ulqini-ne-mesin-e-me-te-mireve\/#breadcrumb","itemListElement":[{"@type":"ListItem","position":1,"name":"Artan Zenuni juniori KT &#8220;Ulqini&#8221; n\u00eb mesin e m\u00eb t\u00eb mir\u00ebve"}]},{"@type":"Person","@id":"https:\/\/www.visit-ulcinj.com\/blog\/#\/schema\/person\/dcab619c614d3038751c63bc2aadc06d","name":"ulqini","sameAs":["http:\/\/www.visit-ulcinj.com"],"url":"https:\/\/www.visit-ulcinj.com\/blog\/author\/admin\/"}]}},"jetpack_featured_media_url":"","jetpack_sharing_enabled":true,"jetpack_shortlink":"https:\/\/wp.me\/pe6lTn-2rg","_links":{"self":[{"href":"https:\/\/www.visit-ulcinj.com\/blog\/wp-json\/wp\/v2\/posts\/9378"}],"collection":[{"href":"https:\/\/www.visit-ulcinj.com\/blog\/wp-json\/wp\/v2\/posts"}],"about":[{"href":"https:\/\/www.visit-ulcinj.com\/blog\/wp-json\/wp\/v2\/types\/post"}],"author":[{"embeddable":true,"href":"https:\/\/www.visit-ulcinj.com\/blog\/wp-json\/wp\/v2\/users\/1"}],"replies":[{"embeddable":true,"href":"https:\/\/www.visit-ulcinj.com\/blog\/wp-json\/wp\/v2\/comments?post=9378"}],"version-history":[{"count":0,"href":"https:\/\/www.visit-ulcinj.com\/blog\/wp-json\/wp\/v2\/posts\/9378\/revisions"}],"wp:attachment":[{"href":"https:\/\/www.visit-ulcinj.com\/blog\/wp-json\/wp\/v2\/media?parent=9378"}],"wp:term":[{"taxonomy":"category","embeddable":true,"href":"https:\/\/www.visit-ulcinj.com\/blog\/wp-json\/wp\/v2\/categories?post=9378"},{"taxonomy":"post_tag","embeddable":true,"href":"https:\/\/www.visit-ulcinj.com\/blog\/wp-json\/wp\/v2\/tags?post=9378"}],"curies":[{"name":"wp","href":"https:\/\/api.w.org\/{rel}","templated":true}]}}