{"id":93780,"date":"2015-12-23T08:37:18","date_gmt":"2015-12-23T07:37:18","guid":{"rendered":"http:\/\/www.visit-ulcinj.com\/blog\/?p=93780"},"modified":"2015-12-24T07:08:51","modified_gmt":"2015-12-24T06:08:51","slug":"kumtese-e-koalicionit-bashke-per-te-ardhmen-e-ulqinit","status":"publish","type":"post","link":"https:\/\/www.visit-ulcinj.com\/blog\/2015\/12\/23\/kumtese-e-koalicionit-bashke-per-te-ardhmen-e-ulqinit\/","title":{"rendered":"Kumtes\u00eb e Koalicionit  &#8220;Bashk\u00eb p\u00ebr t\u00eb ardhmen e Ulqinit&#8221;"},"content":{"rendered":"<p><a href=\"http:\/\/www.visit-ulcinj.com\/blog\/wp-content\/uploads\/2015\/12\/Koalicionit-Bashk\u00eb-p\u00ebr-t\u00eb-ardhmen-e-Ulqinit.jpg\"><img loading=\"lazy\" class=\"alignleft wp-image-93781\" src=\"http:\/\/www.visit-ulcinj.com\/blog\/wp-content\/uploads\/2015\/12\/Koalicionit-Bashk\u00eb-p\u00ebr-t\u00eb-ardhmen-e-Ulqinit.jpg\" alt=\"Koalicionit  Bashk\u00eb p\u00ebr t\u00eb ardhmen e Ulqinit\" width=\"508\" height=\"379\" srcset=\"https:\/\/www.visit-ulcinj.com\/blog\/wp-content\/uploads\/2015\/12\/Koalicionit-Bashk\u00eb-p\u00ebr-t\u00eb-ardhmen-e-Ulqinit.jpg 861w, https:\/\/www.visit-ulcinj.com\/blog\/wp-content\/uploads\/2015\/12\/Koalicionit-Bashk\u00eb-p\u00ebr-t\u00eb-ardhmen-e-Ulqinit-300x224.jpg 300w\" sizes=\"(max-width: 508px) 100vw, 508px\" \/><\/a>Nga mbledhja e mbajtur ne diten e sotme ne lidhje me konsultime per mbarevajtjen e Kuvendit te komunes se Ulqinit neser, date 23.12.2015 , keshilltaret e Koalicionit ,jan te bindur qe te gjitha pikat e rendit te dites qe jan te propozuara per kuvend do te aprovohen nga te gjithe keshilltaret e KK , pa dallim, pozit &#8211; opozit.<\/p>\n<p>Bindja qendron ne faktin qe te gjitha pikat e propozuara jan me rendesi te vacant, jetike, p\u00ebr funksionimin e metejshem te Komunen e Ulqinit, qytetaret e saj dhe punetoret e pushtetit lokal dhe ndermarrjeve publike. Pika te cilat do te debllokojn buxhetin e komunes, por dhe qe do te vendosin per investimet e ardheshme ne Komunen e Ulqinit.<\/p>\n<p>Nuk besojm qe ka keshilletar te asnje subjekt politik qe neser nuk do te votoji Pro. Nuk mund te ket\u00eb interes politik apo individual te asnje subjekti politik, te cilet jan\u00eb pjes\u00eb e kuvendit qe mund te marrin pergjegjesi me pasoja te paparapara per Ulqinin me mendim ndryshe apo kunder pikave te propozuara.<\/p>\n<p>Nuk ka interes tjeter me te rendesishem ne kete moment se sa te votohet per konsolidimin e finansave te pushtetit lokal. Aprovimi i Rebalans buxheti per vitin 2015 per te cilin eshte marr dhe pelqimi nga Ministra e finansave, eshte baze per aprovimin e hipotekes per kredin e propozuar prej 4,25 miliona eura. Marrja e kredis do te mundesoi shlyerjen e obligimeve te grumbulluara nga pasojat dhe te bllokadava gjygjesore, shlyerjen e obligimeve ndaj punetoreve dhe hapjen e rruges per marrjen e kredis nga Kfw banka ,20 milion euro, per investime ne rrjetin e ujesjellesit dhe kanalizimit dhe krijimin e bazes per investime tjera ne Komunen ton\u00eb.<\/p>\n<p>Nese do ndodh e kunderta, gje qe nuk besojm , ateher pergjegjesia do bie mbi ato te celit do jen kunder,ato te cilet ndoshta ne kete moment nuk e ndjen krizen ekonomike, apo ato te cilet mund te manipulohen. Nese optimizmi yn nuk do tregohet real, ateher do te sqarohet cdo paqartesi ne qytetin e Ulqinit. Do te kuptojm kush eshte per perparimin dhe kush per privatizimin e qytetit. Kush eshte per interesin e qytetareve dhe kush per interese personale. Kush eshte per zhvillim dhe kush per shkatrrim te qytetit. Kush ka pjekuri politike dhe pergjegjesi ndaj votuesve dhe qytetareve te Ulqinit.<\/p>\n<p>Jemi te sigurt qe nuk eshte moment per kusurime politike, te cilat mund te paralizojn funksionimin e pushtetit, paralizim i cili do te shkoi ne d\u00ebm\u00eb te qytetit, me pasajo te paparapara per qytetar.<\/p>\n","protected":false},"excerpt":{"rendered":"<p>Nga mbledhja e mbajtur ne diten e sotme ne lidhje me konsultime per mbarevajtjen e Kuvendit te komunes se Ulqinit neser, date 23.12.2015 , keshilltaret e Koalicionit ,jan te bindur qe te gjitha pikat e rendit te dites qe jan te propozuara per kuvend do te aprovohen nga te gjithe keshilltaret e KK , pa [&hellip;]<\/p>\n","protected":false},"author":1,"featured_media":0,"comment_status":"closed","ping_status":"closed","sticky":false,"template":"","format":"standard","meta":{"spay_email":"","jetpack_publicize_message":"","jetpack_is_tweetstorm":false,"jetpack_publicize_feature_enabled":true},"categories":[1,11],"tags":[],"jetpack_publicize_connections":[],"yoast_head":"<!-- This site is optimized with the Yoast SEO plugin v19.1 - https:\/\/yoast.com\/wordpress\/plugins\/seo\/ -->\n<title>Kumtes\u00eb e Koalicionit &quot;Bashk\u00eb p\u00ebr t\u00eb ardhmen e Ulqinit&quot; - Lajme nga Ulqini<\/title>\n<meta name=\"description\" content=\"Nga mbledhja e mbajtur ne diten e sotme ne lidhje me konsultime per mbarevajtjen e Kuvendit te komunes se Ulqinit neser, date 23.12.2015 , keshilltaret e\" \/>\n<meta name=\"robots\" content=\"index, follow, max-snippet:-1, max-image-preview:large, max-video-preview:-1\" \/>\n<link rel=\"canonical\" href=\"https:\/\/www.visit-ulcinj.com\/blog\/2015\/12\/23\/kumtese-e-koalicionit-bashke-per-te-ardhmen-e-ulqinit\/\" \/>\n<meta property=\"og:locale\" content=\"en_US\" \/>\n<meta property=\"og:type\" content=\"article\" \/>\n<meta property=\"og:title\" content=\"Kumtes\u00eb e Koalicionit &quot;Bashk\u00eb p\u00ebr t\u00eb ardhmen e Ulqinit&quot; - Lajme nga Ulqini\" \/>\n<meta property=\"og:description\" content=\"Nga mbledhja e mbajtur ne diten e sotme ne lidhje me konsultime per mbarevajtjen e Kuvendit te komunes se Ulqinit neser, date 23.12.2015 , keshilltaret e\" \/>\n<meta property=\"og:url\" content=\"https:\/\/www.visit-ulcinj.com\/blog\/2015\/12\/23\/kumtese-e-koalicionit-bashke-per-te-ardhmen-e-ulqinit\/\" \/>\n<meta property=\"og:site_name\" content=\"Lajme nga Ulqini\" \/>\n<meta property=\"article:published_time\" content=\"2015-12-23T07:37:18+00:00\" \/>\n<meta property=\"article:modified_time\" content=\"2015-12-24T06:08:51+00:00\" \/>\n<meta name=\"twitter:label1\" content=\"Written by\" \/>\n\t<meta name=\"twitter:data1\" content=\"ulqini\" \/>\n\t<meta name=\"twitter:label2\" content=\"Est. reading time\" \/>\n\t<meta name=\"twitter:data2\" content=\"2 minutes\" \/>\n<script type=\"application\/ld+json\" class=\"yoast-schema-graph\">{\"@context\":\"https:\/\/schema.org\",\"@graph\":[{\"@type\":\"WebSite\",\"@id\":\"https:\/\/www.visit-ulcinj.com\/blog\/#website\",\"url\":\"https:\/\/www.visit-ulcinj.com\/blog\/\",\"name\":\"Lajme nga Ulqini\",\"description\":\"Lajme,Vijesti,Ulqini,Ulqin,Crna Gora,Mali i Zi\",\"potentialAction\":[{\"@type\":\"SearchAction\",\"target\":{\"@type\":\"EntryPoint\",\"urlTemplate\":\"https:\/\/www.visit-ulcinj.com\/blog\/?s={search_term_string}\"},\"query-input\":\"required name=search_term_string\"}],\"inLanguage\":\"en-US\"},{\"@type\":\"WebPage\",\"@id\":\"https:\/\/www.visit-ulcinj.com\/blog\/2015\/12\/23\/kumtese-e-koalicionit-bashke-per-te-ardhmen-e-ulqinit\/#webpage\",\"url\":\"https:\/\/www.visit-ulcinj.com\/blog\/2015\/12\/23\/kumtese-e-koalicionit-bashke-per-te-ardhmen-e-ulqinit\/\",\"name\":\"Kumtes\u00eb e Koalicionit \\\"Bashk\u00eb p\u00ebr t\u00eb ardhmen e Ulqinit\\\" - Lajme nga Ulqini\",\"isPartOf\":{\"@id\":\"https:\/\/www.visit-ulcinj.com\/blog\/#website\"},\"datePublished\":\"2015-12-23T07:37:18+00:00\",\"dateModified\":\"2015-12-24T06:08:51+00:00\",\"author\":{\"@id\":\"https:\/\/www.visit-ulcinj.com\/blog\/#\/schema\/person\/dcab619c614d3038751c63bc2aadc06d\"},\"description\":\"Nga mbledhja e mbajtur ne diten e sotme ne lidhje me konsultime per mbarevajtjen e Kuvendit te komunes se Ulqinit neser, date 23.12.2015 , keshilltaret e\",\"breadcrumb\":{\"@id\":\"https:\/\/www.visit-ulcinj.com\/blog\/2015\/12\/23\/kumtese-e-koalicionit-bashke-per-te-ardhmen-e-ulqinit\/#breadcrumb\"},\"inLanguage\":\"en-US\",\"potentialAction\":[{\"@type\":\"ReadAction\",\"target\":[\"https:\/\/www.visit-ulcinj.com\/blog\/2015\/12\/23\/kumtese-e-koalicionit-bashke-per-te-ardhmen-e-ulqinit\/\"]}]},{\"@type\":\"BreadcrumbList\",\"@id\":\"https:\/\/www.visit-ulcinj.com\/blog\/2015\/12\/23\/kumtese-e-koalicionit-bashke-per-te-ardhmen-e-ulqinit\/#breadcrumb\",\"itemListElement\":[{\"@type\":\"ListItem\",\"position\":1,\"name\":\"Kumtes\u00eb e Koalicionit &#8220;Bashk\u00eb p\u00ebr t\u00eb ardhmen e Ulqinit&#8221;\"}]},{\"@type\":\"Person\",\"@id\":\"https:\/\/www.visit-ulcinj.com\/blog\/#\/schema\/person\/dcab619c614d3038751c63bc2aadc06d\",\"name\":\"ulqini\",\"sameAs\":[\"http:\/\/www.visit-ulcinj.com\"],\"url\":\"https:\/\/www.visit-ulcinj.com\/blog\/author\/admin\/\"}]}<\/script>\n<!-- \/ Yoast SEO plugin. -->","yoast_head_json":{"title":"Kumtes\u00eb e Koalicionit \"Bashk\u00eb p\u00ebr t\u00eb ardhmen e Ulqinit\" - Lajme nga Ulqini","description":"Nga mbledhja e mbajtur ne diten e sotme ne lidhje me konsultime per mbarevajtjen e Kuvendit te komunes se Ulqinit neser, date 23.12.2015 , keshilltaret e","robots":{"index":"index","follow":"follow","max-snippet":"max-snippet:-1","max-image-preview":"max-image-preview:large","max-video-preview":"max-video-preview:-1"},"canonical":"https:\/\/www.visit-ulcinj.com\/blog\/2015\/12\/23\/kumtese-e-koalicionit-bashke-per-te-ardhmen-e-ulqinit\/","og_locale":"en_US","og_type":"article","og_title":"Kumtes\u00eb e Koalicionit \"Bashk\u00eb p\u00ebr t\u00eb ardhmen e Ulqinit\" - Lajme nga Ulqini","og_description":"Nga mbledhja e mbajtur ne diten e sotme ne lidhje me konsultime per mbarevajtjen e Kuvendit te komunes se Ulqinit neser, date 23.12.2015 , keshilltaret e","og_url":"https:\/\/www.visit-ulcinj.com\/blog\/2015\/12\/23\/kumtese-e-koalicionit-bashke-per-te-ardhmen-e-ulqinit\/","og_site_name":"Lajme nga Ulqini","article_published_time":"2015-12-23T07:37:18+00:00","article_modified_time":"2015-12-24T06:08:51+00:00","twitter_misc":{"Written by":"ulqini","Est. reading time":"2 minutes"},"schema":{"@context":"https:\/\/schema.org","@graph":[{"@type":"WebSite","@id":"https:\/\/www.visit-ulcinj.com\/blog\/#website","url":"https:\/\/www.visit-ulcinj.com\/blog\/","name":"Lajme nga Ulqini","description":"Lajme,Vijesti,Ulqini,Ulqin,Crna Gora,Mali i Zi","potentialAction":[{"@type":"SearchAction","target":{"@type":"EntryPoint","urlTemplate":"https:\/\/www.visit-ulcinj.com\/blog\/?s={search_term_string}"},"query-input":"required name=search_term_string"}],"inLanguage":"en-US"},{"@type":"WebPage","@id":"https:\/\/www.visit-ulcinj.com\/blog\/2015\/12\/23\/kumtese-e-koalicionit-bashke-per-te-ardhmen-e-ulqinit\/#webpage","url":"https:\/\/www.visit-ulcinj.com\/blog\/2015\/12\/23\/kumtese-e-koalicionit-bashke-per-te-ardhmen-e-ulqinit\/","name":"Kumtes\u00eb e Koalicionit \"Bashk\u00eb p\u00ebr t\u00eb ardhmen e Ulqinit\" - Lajme nga Ulqini","isPartOf":{"@id":"https:\/\/www.visit-ulcinj.com\/blog\/#website"},"datePublished":"2015-12-23T07:37:18+00:00","dateModified":"2015-12-24T06:08:51+00:00","author":{"@id":"https:\/\/www.visit-ulcinj.com\/blog\/#\/schema\/person\/dcab619c614d3038751c63bc2aadc06d"},"description":"Nga mbledhja e mbajtur ne diten e sotme ne lidhje me konsultime per mbarevajtjen e Kuvendit te komunes se Ulqinit neser, date 23.12.2015 , keshilltaret e","breadcrumb":{"@id":"https:\/\/www.visit-ulcinj.com\/blog\/2015\/12\/23\/kumtese-e-koalicionit-bashke-per-te-ardhmen-e-ulqinit\/#breadcrumb"},"inLanguage":"en-US","potentialAction":[{"@type":"ReadAction","target":["https:\/\/www.visit-ulcinj.com\/blog\/2015\/12\/23\/kumtese-e-koalicionit-bashke-per-te-ardhmen-e-ulqinit\/"]}]},{"@type":"BreadcrumbList","@id":"https:\/\/www.visit-ulcinj.com\/blog\/2015\/12\/23\/kumtese-e-koalicionit-bashke-per-te-ardhmen-e-ulqinit\/#breadcrumb","itemListElement":[{"@type":"ListItem","position":1,"name":"Kumtes\u00eb e Koalicionit &#8220;Bashk\u00eb p\u00ebr t\u00eb ardhmen e Ulqinit&#8221;"}]},{"@type":"Person","@id":"https:\/\/www.visit-ulcinj.com\/blog\/#\/schema\/person\/dcab619c614d3038751c63bc2aadc06d","name":"ulqini","sameAs":["http:\/\/www.visit-ulcinj.com"],"url":"https:\/\/www.visit-ulcinj.com\/blog\/author\/admin\/"}]}},"jetpack_featured_media_url":"","jetpack_sharing_enabled":true,"jetpack_shortlink":"https:\/\/wp.me\/pe6lTn-ooA","_links":{"self":[{"href":"https:\/\/www.visit-ulcinj.com\/blog\/wp-json\/wp\/v2\/posts\/93780"}],"collection":[{"href":"https:\/\/www.visit-ulcinj.com\/blog\/wp-json\/wp\/v2\/posts"}],"about":[{"href":"https:\/\/www.visit-ulcinj.com\/blog\/wp-json\/wp\/v2\/types\/post"}],"author":[{"embeddable":true,"href":"https:\/\/www.visit-ulcinj.com\/blog\/wp-json\/wp\/v2\/users\/1"}],"replies":[{"embeddable":true,"href":"https:\/\/www.visit-ulcinj.com\/blog\/wp-json\/wp\/v2\/comments?post=93780"}],"version-history":[{"count":1,"href":"https:\/\/www.visit-ulcinj.com\/blog\/wp-json\/wp\/v2\/posts\/93780\/revisions"}],"predecessor-version":[{"id":93782,"href":"https:\/\/www.visit-ulcinj.com\/blog\/wp-json\/wp\/v2\/posts\/93780\/revisions\/93782"}],"wp:attachment":[{"href":"https:\/\/www.visit-ulcinj.com\/blog\/wp-json\/wp\/v2\/media?parent=93780"}],"wp:term":[{"taxonomy":"category","embeddable":true,"href":"https:\/\/www.visit-ulcinj.com\/blog\/wp-json\/wp\/v2\/categories?post=93780"},{"taxonomy":"post_tag","embeddable":true,"href":"https:\/\/www.visit-ulcinj.com\/blog\/wp-json\/wp\/v2\/tags?post=93780"}],"curies":[{"name":"wp","href":"https:\/\/api.w.org\/{rel}","templated":true}]}}