{"id":93785,"date":"2015-12-23T18:12:09","date_gmt":"2015-12-23T17:12:09","guid":{"rendered":"http:\/\/www.visit-ulcinj.com\/blog\/?p=93785"},"modified":"2015-12-23T18:12:09","modified_gmt":"2015-12-23T17:12:09","slug":"arsim-cuca-na-celu-odbora-socijaldemokrata-u-vladimiru-ana-malit","status":"publish","type":"post","link":"https:\/\/www.visit-ulcinj.com\/blog\/2015\/12\/23\/arsim-cuca-na-celu-odbora-socijaldemokrata-u-vladimiru-ana-malit\/","title":{"rendered":"Arsim Cuca na \u010delu odbora Socijaldemokrata u Vladimiru-Ana Malit"},"content":{"rendered":"<p><strong><a href=\"http:\/\/www.visit-ulcinj.com\/blog\/wp-content\/uploads\/2015\/12\/Arsim-Cuca-.jpg\"><img loading=\"lazy\" class=\"alignleft wp-image-93786\" src=\"http:\/\/www.visit-ulcinj.com\/blog\/wp-content\/uploads\/2015\/12\/Arsim-Cuca-.jpg\" alt=\"Arsim-Cuca-\" width=\"508\" height=\"430\" srcset=\"https:\/\/www.visit-ulcinj.com\/blog\/wp-content\/uploads\/2015\/12\/Arsim-Cuca-.jpg 625w, https:\/\/www.visit-ulcinj.com\/blog\/wp-content\/uploads\/2015\/12\/Arsim-Cuca--300x254.jpg 300w\" sizes=\"(max-width: 508px) 100vw, 508px\" \/><\/a>Na ju\u010dera\u0161njem sastanku u Ulcinju, konstituisan je Odbor Socijaldemokrata u Vladimiru-Ana Malit na \u010dijem \u010delu \u0107e se nalaziti Arsim Cuca, doskora\u0161nji Predsjednik SDP-a na tom podru\u010dju.<\/strong><\/p>\n<div id=\"articleContent\">\n<p>Predsjednik Op\u0161tinskog odbora Socijaldemokrata Ulcinj, Selim Resulbegovi\u0107 je rekao, da\u00a0 ,,politi\u010dka situacija u Ulcinju zahtjeva ozbiljno promi\u0161ljanje svih politi\u010dkih subjekata koje mora dovesti do stabilizacije prilika i kvalitetnijeg razvoja grada. Socijaldemokrate Ulcinja su veoma zadovoljne partijskim radom na terenu i velikim brojem novih \u010dlanova koji \u0107e, sigurno, dovesti do odli\u010dnih rezultata na narednim izborima.<\/p>\n<p>Predsjednik Op\u0161tinskog odbora Socijaldemokrata Bara, Mi\u0107o Orlandi\u0107 je rekao da \u0107e ,,ra\u0161\u010di\u0161\u0107avanje politi\u010dke scene u Baru i Crnoj Gori dovesti do definisanja ko je vlast, a ko je opozicija i da je siguran da \u0107e vizija agresivnog ekonomskog razvoja, koju simbolizujemo biti osnov budu\u0107eg ekonomskog razvoja Crne Gore. Socijaldemokrate Bara i\u00a0 Ulcinja su uvijek bile zajedno, a blizina Ostrosa i Vladimira nas je uvijek upu\u0107ivala na to da brinemo jedni o drugima i da na svakom raskr\u0161\u0107u donesemo, zajedni\u010dki,\u00a0 ispravne odluke. Mi smo se uvijek vezivali za ljude i ideje, a to je kvalitet koji moraju cijeniti i budu\u0107e generacije.\u201d<\/p>\n<p>Novoizabrani Predsjednik Arsim Cuca se zahvalio na ukazanom povjerenju i istakao da je ,,Vladimir-Ana Malit uvijek bilo va\u017eno upori\u0161te za istinske socijaldemokrate koje su uvijek umijele da odvoje bitno od nebitnog i da daju \u0161ansu onima koji ih nikad nisu iznevjereli.\u201d<\/p>\n<p><strong>Izvor: PortalAnalitika<\/strong><\/p>\n<\/div>\n","protected":false},"excerpt":{"rendered":"<p>Na ju\u010dera\u0161njem sastanku u Ulcinju, konstituisan je Odbor Socijaldemokrata u Vladimiru-Ana Malit na \u010dijem \u010delu \u0107e se nalaziti Arsim Cuca, doskora\u0161nji Predsjednik SDP-a na tom podru\u010dju. Predsjednik Op\u0161tinskog odbora Socijaldemokrata Ulcinj, Selim Resulbegovi\u0107 je rekao, da\u00a0 ,,politi\u010dka situacija u Ulcinju zahtjeva ozbiljno promi\u0161ljanje svih politi\u010dkih subjekata koje mora dovesti do stabilizacije prilika i kvalitetnijeg razvoja [&hellip;]<\/p>\n","protected":false},"author":1,"featured_media":0,"comment_status":"closed","ping_status":"closed","sticky":false,"template":"","format":"standard","meta":{"spay_email":"","jetpack_publicize_message":"","jetpack_is_tweetstorm":false,"jetpack_publicize_feature_enabled":true},"categories":[8337],"tags":[],"jetpack_publicize_connections":[],"yoast_head":"<!-- This site is optimized with the Yoast SEO plugin v19.1 - https:\/\/yoast.com\/wordpress\/plugins\/seo\/ -->\n<title>Arsim Cuca na \u010delu odbora Socijaldemokrata u Vladimiru-Ana Malit - Lajme nga Ulqini<\/title>\n<meta name=\"description\" content=\"Na ju\u010dera\u0161njem sastanku u Ulcinju, konstituisan je Odbor Socijaldemokrata u Vladimiru-Ana Malit na \u010dijem \u010delu \u0107e se nalaziti Arsim Cuca, doskora\u0161nji\" \/>\n<meta name=\"robots\" content=\"index, follow, max-snippet:-1, max-image-preview:large, max-video-preview:-1\" \/>\n<link rel=\"canonical\" href=\"https:\/\/www.visit-ulcinj.com\/blog\/2015\/12\/23\/arsim-cuca-na-celu-odbora-socijaldemokrata-u-vladimiru-ana-malit\/\" \/>\n<meta property=\"og:locale\" content=\"en_US\" \/>\n<meta property=\"og:type\" content=\"article\" \/>\n<meta property=\"og:title\" content=\"Arsim Cuca na \u010delu odbora Socijaldemokrata u Vladimiru-Ana Malit - Lajme nga Ulqini\" \/>\n<meta property=\"og:description\" content=\"Na ju\u010dera\u0161njem sastanku u Ulcinju, konstituisan je Odbor Socijaldemokrata u Vladimiru-Ana Malit na \u010dijem \u010delu \u0107e se nalaziti Arsim Cuca, doskora\u0161nji\" \/>\n<meta property=\"og:url\" content=\"https:\/\/www.visit-ulcinj.com\/blog\/2015\/12\/23\/arsim-cuca-na-celu-odbora-socijaldemokrata-u-vladimiru-ana-malit\/\" \/>\n<meta property=\"og:site_name\" content=\"Lajme nga Ulqini\" \/>\n<meta property=\"article:published_time\" content=\"2015-12-23T17:12:09+00:00\" \/>\n<meta property=\"og:image\" content=\"http:\/\/www.visit-ulcinj.com\/blog\/wp-content\/uploads\/2015\/12\/Arsim-Cuca-.jpg\" \/>\n<meta name=\"twitter:label1\" content=\"Written by\" \/>\n\t<meta name=\"twitter:data1\" content=\"ulqini\" \/>\n\t<meta name=\"twitter:label2\" content=\"Est. reading time\" \/>\n\t<meta name=\"twitter:data2\" content=\"1 minute\" \/>\n<script type=\"application\/ld+json\" class=\"yoast-schema-graph\">{\"@context\":\"https:\/\/schema.org\",\"@graph\":[{\"@type\":\"WebSite\",\"@id\":\"https:\/\/www.visit-ulcinj.com\/blog\/#website\",\"url\":\"https:\/\/www.visit-ulcinj.com\/blog\/\",\"name\":\"Lajme nga Ulqini\",\"description\":\"Lajme,Vijesti,Ulqini,Ulqin,Crna Gora,Mali i Zi\",\"potentialAction\":[{\"@type\":\"SearchAction\",\"target\":{\"@type\":\"EntryPoint\",\"urlTemplate\":\"https:\/\/www.visit-ulcinj.com\/blog\/?s={search_term_string}\"},\"query-input\":\"required name=search_term_string\"}],\"inLanguage\":\"en-US\"},{\"@type\":\"ImageObject\",\"inLanguage\":\"en-US\",\"@id\":\"https:\/\/www.visit-ulcinj.com\/blog\/2015\/12\/23\/arsim-cuca-na-celu-odbora-socijaldemokrata-u-vladimiru-ana-malit\/#primaryimage\",\"url\":\"https:\/\/www.visit-ulcinj.com\/blog\/wp-content\/uploads\/2015\/12\/Arsim-Cuca-.jpg\",\"contentUrl\":\"https:\/\/www.visit-ulcinj.com\/blog\/wp-content\/uploads\/2015\/12\/Arsim-Cuca-.jpg\",\"width\":625,\"height\":529},{\"@type\":\"WebPage\",\"@id\":\"https:\/\/www.visit-ulcinj.com\/blog\/2015\/12\/23\/arsim-cuca-na-celu-odbora-socijaldemokrata-u-vladimiru-ana-malit\/#webpage\",\"url\":\"https:\/\/www.visit-ulcinj.com\/blog\/2015\/12\/23\/arsim-cuca-na-celu-odbora-socijaldemokrata-u-vladimiru-ana-malit\/\",\"name\":\"Arsim Cuca na \u010delu odbora Socijaldemokrata u Vladimiru-Ana Malit - Lajme nga Ulqini\",\"isPartOf\":{\"@id\":\"https:\/\/www.visit-ulcinj.com\/blog\/#website\"},\"primaryImageOfPage\":{\"@id\":\"https:\/\/www.visit-ulcinj.com\/blog\/2015\/12\/23\/arsim-cuca-na-celu-odbora-socijaldemokrata-u-vladimiru-ana-malit\/#primaryimage\"},\"datePublished\":\"2015-12-23T17:12:09+00:00\",\"dateModified\":\"2015-12-23T17:12:09+00:00\",\"author\":{\"@id\":\"https:\/\/www.visit-ulcinj.com\/blog\/#\/schema\/person\/dcab619c614d3038751c63bc2aadc06d\"},\"description\":\"Na ju\u010dera\u0161njem sastanku u Ulcinju, konstituisan je Odbor Socijaldemokrata u Vladimiru-Ana Malit na \u010dijem \u010delu \u0107e se nalaziti Arsim Cuca, doskora\u0161nji\",\"breadcrumb\":{\"@id\":\"https:\/\/www.visit-ulcinj.com\/blog\/2015\/12\/23\/arsim-cuca-na-celu-odbora-socijaldemokrata-u-vladimiru-ana-malit\/#breadcrumb\"},\"inLanguage\":\"en-US\",\"potentialAction\":[{\"@type\":\"ReadAction\",\"target\":[\"https:\/\/www.visit-ulcinj.com\/blog\/2015\/12\/23\/arsim-cuca-na-celu-odbora-socijaldemokrata-u-vladimiru-ana-malit\/\"]}]},{\"@type\":\"BreadcrumbList\",\"@id\":\"https:\/\/www.visit-ulcinj.com\/blog\/2015\/12\/23\/arsim-cuca-na-celu-odbora-socijaldemokrata-u-vladimiru-ana-malit\/#breadcrumb\",\"itemListElement\":[{\"@type\":\"ListItem\",\"position\":1,\"name\":\"Arsim Cuca na \u010delu odbora Socijaldemokrata u Vladimiru-Ana Malit\"}]},{\"@type\":\"Person\",\"@id\":\"https:\/\/www.visit-ulcinj.com\/blog\/#\/schema\/person\/dcab619c614d3038751c63bc2aadc06d\",\"name\":\"ulqini\",\"sameAs\":[\"http:\/\/www.visit-ulcinj.com\"],\"url\":\"https:\/\/www.visit-ulcinj.com\/blog\/author\/admin\/\"}]}<\/script>\n<!-- \/ Yoast SEO plugin. -->","yoast_head_json":{"title":"Arsim Cuca na \u010delu odbora Socijaldemokrata u Vladimiru-Ana Malit - Lajme nga Ulqini","description":"Na ju\u010dera\u0161njem sastanku u Ulcinju, konstituisan je Odbor Socijaldemokrata u Vladimiru-Ana Malit na \u010dijem \u010delu \u0107e se nalaziti Arsim Cuca, doskora\u0161nji","robots":{"index":"index","follow":"follow","max-snippet":"max-snippet:-1","max-image-preview":"max-image-preview:large","max-video-preview":"max-video-preview:-1"},"canonical":"https:\/\/www.visit-ulcinj.com\/blog\/2015\/12\/23\/arsim-cuca-na-celu-odbora-socijaldemokrata-u-vladimiru-ana-malit\/","og_locale":"en_US","og_type":"article","og_title":"Arsim Cuca na \u010delu odbora Socijaldemokrata u Vladimiru-Ana Malit - Lajme nga Ulqini","og_description":"Na ju\u010dera\u0161njem sastanku u Ulcinju, konstituisan je Odbor Socijaldemokrata u Vladimiru-Ana Malit na \u010dijem \u010delu \u0107e se nalaziti Arsim Cuca, doskora\u0161nji","og_url":"https:\/\/www.visit-ulcinj.com\/blog\/2015\/12\/23\/arsim-cuca-na-celu-odbora-socijaldemokrata-u-vladimiru-ana-malit\/","og_site_name":"Lajme nga Ulqini","article_published_time":"2015-12-23T17:12:09+00:00","og_image":[{"url":"http:\/\/www.visit-ulcinj.com\/blog\/wp-content\/uploads\/2015\/12\/Arsim-Cuca-.jpg"}],"twitter_misc":{"Written by":"ulqini","Est. reading time":"1 minute"},"schema":{"@context":"https:\/\/schema.org","@graph":[{"@type":"WebSite","@id":"https:\/\/www.visit-ulcinj.com\/blog\/#website","url":"https:\/\/www.visit-ulcinj.com\/blog\/","name":"Lajme nga Ulqini","description":"Lajme,Vijesti,Ulqini,Ulqin,Crna Gora,Mali i Zi","potentialAction":[{"@type":"SearchAction","target":{"@type":"EntryPoint","urlTemplate":"https:\/\/www.visit-ulcinj.com\/blog\/?s={search_term_string}"},"query-input":"required name=search_term_string"}],"inLanguage":"en-US"},{"@type":"ImageObject","inLanguage":"en-US","@id":"https:\/\/www.visit-ulcinj.com\/blog\/2015\/12\/23\/arsim-cuca-na-celu-odbora-socijaldemokrata-u-vladimiru-ana-malit\/#primaryimage","url":"https:\/\/www.visit-ulcinj.com\/blog\/wp-content\/uploads\/2015\/12\/Arsim-Cuca-.jpg","contentUrl":"https:\/\/www.visit-ulcinj.com\/blog\/wp-content\/uploads\/2015\/12\/Arsim-Cuca-.jpg","width":625,"height":529},{"@type":"WebPage","@id":"https:\/\/www.visit-ulcinj.com\/blog\/2015\/12\/23\/arsim-cuca-na-celu-odbora-socijaldemokrata-u-vladimiru-ana-malit\/#webpage","url":"https:\/\/www.visit-ulcinj.com\/blog\/2015\/12\/23\/arsim-cuca-na-celu-odbora-socijaldemokrata-u-vladimiru-ana-malit\/","name":"Arsim Cuca na \u010delu odbora Socijaldemokrata u Vladimiru-Ana Malit - Lajme nga Ulqini","isPartOf":{"@id":"https:\/\/www.visit-ulcinj.com\/blog\/#website"},"primaryImageOfPage":{"@id":"https:\/\/www.visit-ulcinj.com\/blog\/2015\/12\/23\/arsim-cuca-na-celu-odbora-socijaldemokrata-u-vladimiru-ana-malit\/#primaryimage"},"datePublished":"2015-12-23T17:12:09+00:00","dateModified":"2015-12-23T17:12:09+00:00","author":{"@id":"https:\/\/www.visit-ulcinj.com\/blog\/#\/schema\/person\/dcab619c614d3038751c63bc2aadc06d"},"description":"Na ju\u010dera\u0161njem sastanku u Ulcinju, konstituisan je Odbor Socijaldemokrata u Vladimiru-Ana Malit na \u010dijem \u010delu \u0107e se nalaziti Arsim Cuca, doskora\u0161nji","breadcrumb":{"@id":"https:\/\/www.visit-ulcinj.com\/blog\/2015\/12\/23\/arsim-cuca-na-celu-odbora-socijaldemokrata-u-vladimiru-ana-malit\/#breadcrumb"},"inLanguage":"en-US","potentialAction":[{"@type":"ReadAction","target":["https:\/\/www.visit-ulcinj.com\/blog\/2015\/12\/23\/arsim-cuca-na-celu-odbora-socijaldemokrata-u-vladimiru-ana-malit\/"]}]},{"@type":"BreadcrumbList","@id":"https:\/\/www.visit-ulcinj.com\/blog\/2015\/12\/23\/arsim-cuca-na-celu-odbora-socijaldemokrata-u-vladimiru-ana-malit\/#breadcrumb","itemListElement":[{"@type":"ListItem","position":1,"name":"Arsim Cuca na \u010delu odbora Socijaldemokrata u Vladimiru-Ana Malit"}]},{"@type":"Person","@id":"https:\/\/www.visit-ulcinj.com\/blog\/#\/schema\/person\/dcab619c614d3038751c63bc2aadc06d","name":"ulqini","sameAs":["http:\/\/www.visit-ulcinj.com"],"url":"https:\/\/www.visit-ulcinj.com\/blog\/author\/admin\/"}]}},"jetpack_featured_media_url":"","jetpack_sharing_enabled":true,"jetpack_shortlink":"https:\/\/wp.me\/pe6lTn-ooF","_links":{"self":[{"href":"https:\/\/www.visit-ulcinj.com\/blog\/wp-json\/wp\/v2\/posts\/93785"}],"collection":[{"href":"https:\/\/www.visit-ulcinj.com\/blog\/wp-json\/wp\/v2\/posts"}],"about":[{"href":"https:\/\/www.visit-ulcinj.com\/blog\/wp-json\/wp\/v2\/types\/post"}],"author":[{"embeddable":true,"href":"https:\/\/www.visit-ulcinj.com\/blog\/wp-json\/wp\/v2\/users\/1"}],"replies":[{"embeddable":true,"href":"https:\/\/www.visit-ulcinj.com\/blog\/wp-json\/wp\/v2\/comments?post=93785"}],"version-history":[{"count":1,"href":"https:\/\/www.visit-ulcinj.com\/blog\/wp-json\/wp\/v2\/posts\/93785\/revisions"}],"predecessor-version":[{"id":93787,"href":"https:\/\/www.visit-ulcinj.com\/blog\/wp-json\/wp\/v2\/posts\/93785\/revisions\/93787"}],"wp:attachment":[{"href":"https:\/\/www.visit-ulcinj.com\/blog\/wp-json\/wp\/v2\/media?parent=93785"}],"wp:term":[{"taxonomy":"category","embeddable":true,"href":"https:\/\/www.visit-ulcinj.com\/blog\/wp-json\/wp\/v2\/categories?post=93785"},{"taxonomy":"post_tag","embeddable":true,"href":"https:\/\/www.visit-ulcinj.com\/blog\/wp-json\/wp\/v2\/tags?post=93785"}],"curies":[{"name":"wp","href":"https:\/\/api.w.org\/{rel}","templated":true}]}}