{"id":93788,"date":"2015-12-23T18:21:53","date_gmt":"2015-12-23T17:21:53","guid":{"rendered":"http:\/\/www.visit-ulcinj.com\/blog\/?p=93788"},"modified":"2015-12-23T18:21:53","modified_gmt":"2015-12-23T17:21:53","slug":"arsim-cuca-zgjedhet-kryetari-deritashem-psd-se","status":"publish","type":"post","link":"https:\/\/www.visit-ulcinj.com\/blog\/2015\/12\/23\/arsim-cuca-zgjedhet-kryetari-deritashem-psd-se\/","title":{"rendered":"Arsim Cuca zgjedhet kryetari i deritash\u00ebm i PSD-s\u00eb"},"content":{"rendered":"<p><a href=\"http:\/\/www.visit-ulcinj.com\/blog\/wp-content\/uploads\/2015\/12\/Arsim-Cuca-.jpg\"><img loading=\"lazy\" class=\"alignleft wp-image-93786\" src=\"http:\/\/www.visit-ulcinj.com\/blog\/wp-content\/uploads\/2015\/12\/Arsim-Cuca-.jpg\" alt=\"Arsim-Cuca-\" width=\"508\" height=\"430\" srcset=\"https:\/\/www.visit-ulcinj.com\/blog\/wp-content\/uploads\/2015\/12\/Arsim-Cuca-.jpg 625w, https:\/\/www.visit-ulcinj.com\/blog\/wp-content\/uploads\/2015\/12\/Arsim-Cuca--300x254.jpg 300w\" sizes=\"(max-width: 508px) 100vw, 508px\" \/><\/a>N\u00eb mbledhjen e djeshme n\u00eb Ulqin, \u00ebsht\u00eb formuar K\u00ebshilli i Socialdemokrat\u00ebve n\u00eb An\u00eb t\u00eb Malit, n\u00eb krye t\u00eb s\u00eb cilit \u00ebsht\u00eb Arsim Cuca, kryetari i deritash\u00ebm i PSD-s\u00eb n\u00eb k\u00ebt\u00eb zon\u00eb, njofton portali Ul.Info.<\/p>\n<p>Kryetari i k\u00ebshillit komunal t\u00eb Socialdemokrat\u00ebve n\u00eb Ulqin Selim Resulbegoviq ka th\u00ebn\u00eb se Socialdemokrat\u00ebt e Ulqinit jan\u00eb shum\u00eb t\u00eb k\u00ebnaqur me pun\u00ebn partiake n\u00eb terren dhe me numrin e madh t\u00eb an\u00ebtar\u00ebve t\u00eb rinj t\u00eb cil\u00ebt, sigurisht, do t\u00eb sjellin rezultate t\u00eb mira n\u00eb zgjedhjet e ardhshme.<\/p>\n<p>Kryetari i porsazgjedhur Arsim Cuca ka fal\u00ebnderuar p\u00ebr besimin e dh\u00ebn\u00eb dhe theksoi se \u201cAna e Malit gjithmon\u00eb do t\u00eb jet\u00eb baz\u00eb e r\u00ebnd\u00ebsishme p\u00ebr socialdemokrat\u00ebt e v\u00ebrtet t\u00eb cil\u00ebt gjithmon\u00eb dit\u00ebn t\u00eb ndajn\u00eb t\u00eb r\u00ebnd\u00ebsishmen nga e par\u00ebnd\u00ebsishmja dhe t\u00eb japin mund\u00ebsi atyre t\u00eb cil\u00ebt asnj\u00ebher\u00eb nuk do i zhg\u00ebnjyen\u201d.<\/p>\n","protected":false},"excerpt":{"rendered":"<p>N\u00eb mbledhjen e djeshme n\u00eb Ulqin, \u00ebsht\u00eb formuar K\u00ebshilli i Socialdemokrat\u00ebve n\u00eb An\u00eb t\u00eb Malit, n\u00eb krye t\u00eb s\u00eb cilit \u00ebsht\u00eb Arsim Cuca, kryetari i deritash\u00ebm i PSD-s\u00eb n\u00eb k\u00ebt\u00eb zon\u00eb, njofton portali Ul.Info. Kryetari i k\u00ebshillit komunal t\u00eb Socialdemokrat\u00ebve n\u00eb Ulqin Selim Resulbegoviq ka th\u00ebn\u00eb se Socialdemokrat\u00ebt e Ulqinit jan\u00eb shum\u00eb t\u00eb k\u00ebnaqur me [&hellip;]<\/p>\n","protected":false},"author":1,"featured_media":0,"comment_status":"closed","ping_status":"closed","sticky":false,"template":"","format":"standard","meta":{"spay_email":"","jetpack_publicize_message":"","jetpack_is_tweetstorm":false,"jetpack_publicize_feature_enabled":true},"categories":[14],"tags":[],"jetpack_publicize_connections":[],"yoast_head":"<!-- This site is optimized with the Yoast SEO plugin v19.1 - https:\/\/yoast.com\/wordpress\/plugins\/seo\/ -->\n<title>Arsim Cuca zgjedhet kryetari i deritash\u00ebm i PSD-s\u00eb - Lajme nga Ulqini<\/title>\n<meta name=\"description\" content=\"N\u00eb mbledhjen e djeshme n\u00eb Ulqin, \u00ebsht\u00eb formuar K\u00ebshilli i Socialdemokrat\u00ebve n\u00eb An\u00eb t\u00eb Malit, n\u00eb krye t\u00eb s\u00eb cilit \u00ebsht\u00eb Arsim Cuca, kryetari i deritash\u00ebm i\" \/>\n<meta name=\"robots\" content=\"index, follow, max-snippet:-1, max-image-preview:large, max-video-preview:-1\" \/>\n<link rel=\"canonical\" href=\"https:\/\/www.visit-ulcinj.com\/blog\/2015\/12\/23\/arsim-cuca-zgjedhet-kryetari-deritashem-psd-se\/\" \/>\n<meta property=\"og:locale\" content=\"en_US\" \/>\n<meta property=\"og:type\" content=\"article\" \/>\n<meta property=\"og:title\" content=\"Arsim Cuca zgjedhet kryetari i deritash\u00ebm i PSD-s\u00eb - Lajme nga Ulqini\" \/>\n<meta property=\"og:description\" content=\"N\u00eb mbledhjen e djeshme n\u00eb Ulqin, \u00ebsht\u00eb formuar K\u00ebshilli i Socialdemokrat\u00ebve n\u00eb An\u00eb t\u00eb Malit, n\u00eb krye t\u00eb s\u00eb cilit \u00ebsht\u00eb Arsim Cuca, kryetari i deritash\u00ebm i\" \/>\n<meta property=\"og:url\" content=\"https:\/\/www.visit-ulcinj.com\/blog\/2015\/12\/23\/arsim-cuca-zgjedhet-kryetari-deritashem-psd-se\/\" \/>\n<meta property=\"og:site_name\" content=\"Lajme nga Ulqini\" \/>\n<meta property=\"article:published_time\" content=\"2015-12-23T17:21:53+00:00\" \/>\n<meta property=\"og:image\" content=\"http:\/\/www.visit-ulcinj.com\/blog\/wp-content\/uploads\/2015\/12\/Arsim-Cuca-.jpg\" \/>\n<meta name=\"twitter:label1\" content=\"Written by\" \/>\n\t<meta name=\"twitter:data1\" content=\"ulqini\" \/>\n\t<meta name=\"twitter:label2\" content=\"Est. reading time\" \/>\n\t<meta name=\"twitter:data2\" content=\"1 minute\" \/>\n<script type=\"application\/ld+json\" class=\"yoast-schema-graph\">{\"@context\":\"https:\/\/schema.org\",\"@graph\":[{\"@type\":\"WebSite\",\"@id\":\"https:\/\/www.visit-ulcinj.com\/blog\/#website\",\"url\":\"https:\/\/www.visit-ulcinj.com\/blog\/\",\"name\":\"Lajme nga Ulqini\",\"description\":\"Lajme,Vijesti,Ulqini,Ulqin,Crna Gora,Mali i Zi\",\"potentialAction\":[{\"@type\":\"SearchAction\",\"target\":{\"@type\":\"EntryPoint\",\"urlTemplate\":\"https:\/\/www.visit-ulcinj.com\/blog\/?s={search_term_string}\"},\"query-input\":\"required name=search_term_string\"}],\"inLanguage\":\"en-US\"},{\"@type\":\"ImageObject\",\"inLanguage\":\"en-US\",\"@id\":\"https:\/\/www.visit-ulcinj.com\/blog\/2015\/12\/23\/arsim-cuca-zgjedhet-kryetari-deritashem-psd-se\/#primaryimage\",\"url\":\"https:\/\/www.visit-ulcinj.com\/blog\/wp-content\/uploads\/2015\/12\/Arsim-Cuca-.jpg\",\"contentUrl\":\"https:\/\/www.visit-ulcinj.com\/blog\/wp-content\/uploads\/2015\/12\/Arsim-Cuca-.jpg\",\"width\":625,\"height\":529},{\"@type\":\"WebPage\",\"@id\":\"https:\/\/www.visit-ulcinj.com\/blog\/2015\/12\/23\/arsim-cuca-zgjedhet-kryetari-deritashem-psd-se\/#webpage\",\"url\":\"https:\/\/www.visit-ulcinj.com\/blog\/2015\/12\/23\/arsim-cuca-zgjedhet-kryetari-deritashem-psd-se\/\",\"name\":\"Arsim Cuca zgjedhet kryetari i deritash\u00ebm i PSD-s\u00eb - Lajme nga Ulqini\",\"isPartOf\":{\"@id\":\"https:\/\/www.visit-ulcinj.com\/blog\/#website\"},\"primaryImageOfPage\":{\"@id\":\"https:\/\/www.visit-ulcinj.com\/blog\/2015\/12\/23\/arsim-cuca-zgjedhet-kryetari-deritashem-psd-se\/#primaryimage\"},\"datePublished\":\"2015-12-23T17:21:53+00:00\",\"dateModified\":\"2015-12-23T17:21:53+00:00\",\"author\":{\"@id\":\"https:\/\/www.visit-ulcinj.com\/blog\/#\/schema\/person\/dcab619c614d3038751c63bc2aadc06d\"},\"description\":\"N\u00eb mbledhjen e djeshme n\u00eb Ulqin, \u00ebsht\u00eb formuar K\u00ebshilli i Socialdemokrat\u00ebve n\u00eb An\u00eb t\u00eb Malit, n\u00eb krye t\u00eb s\u00eb cilit \u00ebsht\u00eb Arsim Cuca, kryetari i deritash\u00ebm i\",\"breadcrumb\":{\"@id\":\"https:\/\/www.visit-ulcinj.com\/blog\/2015\/12\/23\/arsim-cuca-zgjedhet-kryetari-deritashem-psd-se\/#breadcrumb\"},\"inLanguage\":\"en-US\",\"potentialAction\":[{\"@type\":\"ReadAction\",\"target\":[\"https:\/\/www.visit-ulcinj.com\/blog\/2015\/12\/23\/arsim-cuca-zgjedhet-kryetari-deritashem-psd-se\/\"]}]},{\"@type\":\"BreadcrumbList\",\"@id\":\"https:\/\/www.visit-ulcinj.com\/blog\/2015\/12\/23\/arsim-cuca-zgjedhet-kryetari-deritashem-psd-se\/#breadcrumb\",\"itemListElement\":[{\"@type\":\"ListItem\",\"position\":1,\"name\":\"Arsim Cuca zgjedhet kryetari i deritash\u00ebm i PSD-s\u00eb\"}]},{\"@type\":\"Person\",\"@id\":\"https:\/\/www.visit-ulcinj.com\/blog\/#\/schema\/person\/dcab619c614d3038751c63bc2aadc06d\",\"name\":\"ulqini\",\"sameAs\":[\"http:\/\/www.visit-ulcinj.com\"],\"url\":\"https:\/\/www.visit-ulcinj.com\/blog\/author\/admin\/\"}]}<\/script>\n<!-- \/ Yoast SEO plugin. -->","yoast_head_json":{"title":"Arsim Cuca zgjedhet kryetari i deritash\u00ebm i PSD-s\u00eb - Lajme nga Ulqini","description":"N\u00eb mbledhjen e djeshme n\u00eb Ulqin, \u00ebsht\u00eb formuar K\u00ebshilli i Socialdemokrat\u00ebve n\u00eb An\u00eb t\u00eb Malit, n\u00eb krye t\u00eb s\u00eb cilit \u00ebsht\u00eb Arsim Cuca, kryetari i deritash\u00ebm i","robots":{"index":"index","follow":"follow","max-snippet":"max-snippet:-1","max-image-preview":"max-image-preview:large","max-video-preview":"max-video-preview:-1"},"canonical":"https:\/\/www.visit-ulcinj.com\/blog\/2015\/12\/23\/arsim-cuca-zgjedhet-kryetari-deritashem-psd-se\/","og_locale":"en_US","og_type":"article","og_title":"Arsim Cuca zgjedhet kryetari i deritash\u00ebm i PSD-s\u00eb - Lajme nga Ulqini","og_description":"N\u00eb mbledhjen e djeshme n\u00eb Ulqin, \u00ebsht\u00eb formuar K\u00ebshilli i Socialdemokrat\u00ebve n\u00eb An\u00eb t\u00eb Malit, n\u00eb krye t\u00eb s\u00eb cilit \u00ebsht\u00eb Arsim Cuca, kryetari i deritash\u00ebm i","og_url":"https:\/\/www.visit-ulcinj.com\/blog\/2015\/12\/23\/arsim-cuca-zgjedhet-kryetari-deritashem-psd-se\/","og_site_name":"Lajme nga Ulqini","article_published_time":"2015-12-23T17:21:53+00:00","og_image":[{"url":"http:\/\/www.visit-ulcinj.com\/blog\/wp-content\/uploads\/2015\/12\/Arsim-Cuca-.jpg"}],"twitter_misc":{"Written by":"ulqini","Est. reading time":"1 minute"},"schema":{"@context":"https:\/\/schema.org","@graph":[{"@type":"WebSite","@id":"https:\/\/www.visit-ulcinj.com\/blog\/#website","url":"https:\/\/www.visit-ulcinj.com\/blog\/","name":"Lajme nga Ulqini","description":"Lajme,Vijesti,Ulqini,Ulqin,Crna Gora,Mali i Zi","potentialAction":[{"@type":"SearchAction","target":{"@type":"EntryPoint","urlTemplate":"https:\/\/www.visit-ulcinj.com\/blog\/?s={search_term_string}"},"query-input":"required name=search_term_string"}],"inLanguage":"en-US"},{"@type":"ImageObject","inLanguage":"en-US","@id":"https:\/\/www.visit-ulcinj.com\/blog\/2015\/12\/23\/arsim-cuca-zgjedhet-kryetari-deritashem-psd-se\/#primaryimage","url":"https:\/\/www.visit-ulcinj.com\/blog\/wp-content\/uploads\/2015\/12\/Arsim-Cuca-.jpg","contentUrl":"https:\/\/www.visit-ulcinj.com\/blog\/wp-content\/uploads\/2015\/12\/Arsim-Cuca-.jpg","width":625,"height":529},{"@type":"WebPage","@id":"https:\/\/www.visit-ulcinj.com\/blog\/2015\/12\/23\/arsim-cuca-zgjedhet-kryetari-deritashem-psd-se\/#webpage","url":"https:\/\/www.visit-ulcinj.com\/blog\/2015\/12\/23\/arsim-cuca-zgjedhet-kryetari-deritashem-psd-se\/","name":"Arsim Cuca zgjedhet kryetari i deritash\u00ebm i PSD-s\u00eb - Lajme nga Ulqini","isPartOf":{"@id":"https:\/\/www.visit-ulcinj.com\/blog\/#website"},"primaryImageOfPage":{"@id":"https:\/\/www.visit-ulcinj.com\/blog\/2015\/12\/23\/arsim-cuca-zgjedhet-kryetari-deritashem-psd-se\/#primaryimage"},"datePublished":"2015-12-23T17:21:53+00:00","dateModified":"2015-12-23T17:21:53+00:00","author":{"@id":"https:\/\/www.visit-ulcinj.com\/blog\/#\/schema\/person\/dcab619c614d3038751c63bc2aadc06d"},"description":"N\u00eb mbledhjen e djeshme n\u00eb Ulqin, \u00ebsht\u00eb formuar K\u00ebshilli i Socialdemokrat\u00ebve n\u00eb An\u00eb t\u00eb Malit, n\u00eb krye t\u00eb s\u00eb cilit \u00ebsht\u00eb Arsim Cuca, kryetari i deritash\u00ebm i","breadcrumb":{"@id":"https:\/\/www.visit-ulcinj.com\/blog\/2015\/12\/23\/arsim-cuca-zgjedhet-kryetari-deritashem-psd-se\/#breadcrumb"},"inLanguage":"en-US","potentialAction":[{"@type":"ReadAction","target":["https:\/\/www.visit-ulcinj.com\/blog\/2015\/12\/23\/arsim-cuca-zgjedhet-kryetari-deritashem-psd-se\/"]}]},{"@type":"BreadcrumbList","@id":"https:\/\/www.visit-ulcinj.com\/blog\/2015\/12\/23\/arsim-cuca-zgjedhet-kryetari-deritashem-psd-se\/#breadcrumb","itemListElement":[{"@type":"ListItem","position":1,"name":"Arsim Cuca zgjedhet kryetari i deritash\u00ebm i PSD-s\u00eb"}]},{"@type":"Person","@id":"https:\/\/www.visit-ulcinj.com\/blog\/#\/schema\/person\/dcab619c614d3038751c63bc2aadc06d","name":"ulqini","sameAs":["http:\/\/www.visit-ulcinj.com"],"url":"https:\/\/www.visit-ulcinj.com\/blog\/author\/admin\/"}]}},"jetpack_featured_media_url":"","jetpack_sharing_enabled":true,"jetpack_shortlink":"https:\/\/wp.me\/pe6lTn-ooI","_links":{"self":[{"href":"https:\/\/www.visit-ulcinj.com\/blog\/wp-json\/wp\/v2\/posts\/93788"}],"collection":[{"href":"https:\/\/www.visit-ulcinj.com\/blog\/wp-json\/wp\/v2\/posts"}],"about":[{"href":"https:\/\/www.visit-ulcinj.com\/blog\/wp-json\/wp\/v2\/types\/post"}],"author":[{"embeddable":true,"href":"https:\/\/www.visit-ulcinj.com\/blog\/wp-json\/wp\/v2\/users\/1"}],"replies":[{"embeddable":true,"href":"https:\/\/www.visit-ulcinj.com\/blog\/wp-json\/wp\/v2\/comments?post=93788"}],"version-history":[{"count":1,"href":"https:\/\/www.visit-ulcinj.com\/blog\/wp-json\/wp\/v2\/posts\/93788\/revisions"}],"predecessor-version":[{"id":93789,"href":"https:\/\/www.visit-ulcinj.com\/blog\/wp-json\/wp\/v2\/posts\/93788\/revisions\/93789"}],"wp:attachment":[{"href":"https:\/\/www.visit-ulcinj.com\/blog\/wp-json\/wp\/v2\/media?parent=93788"}],"wp:term":[{"taxonomy":"category","embeddable":true,"href":"https:\/\/www.visit-ulcinj.com\/blog\/wp-json\/wp\/v2\/categories?post=93788"},{"taxonomy":"post_tag","embeddable":true,"href":"https:\/\/www.visit-ulcinj.com\/blog\/wp-json\/wp\/v2\/tags?post=93788"}],"curies":[{"name":"wp","href":"https:\/\/api.w.org\/{rel}","templated":true}]}}