{"id":93790,"date":"2015-12-24T07:01:35","date_gmt":"2015-12-24T06:01:35","guid":{"rendered":"http:\/\/www.visit-ulcinj.com\/blog\/?p=93790"},"modified":"2015-12-24T19:56:03","modified_gmt":"2015-12-24T18:56:03","slug":"cfare-hapash-te-marre-sindikata-e-komunes-neser-pasi-u-shty-seanca-e-kuvendit","status":"publish","type":"post","link":"https:\/\/www.visit-ulcinj.com\/blog\/2015\/12\/24\/cfare-hapash-te-marre-sindikata-e-komunes-neser-pasi-u-shty-seanca-e-kuvendit\/","title":{"rendered":"\u00c7far\u00eb hapash do t\u00eb marr\u00eb sindikata e komun\u00ebs nes\u00ebr pasi u shty seanca e kuvendit?!!"},"content":{"rendered":"<p><a href=\"http:\/\/www.visit-ulcinj.com\/blog\/wp-content\/uploads\/2015\/12\/lexo-te-verteten.jpg\"><img loading=\"lazy\" class=\"alignleft wp-image-93649\" src=\"http:\/\/www.visit-ulcinj.com\/blog\/wp-content\/uploads\/2015\/12\/lexo-te-verteten.jpg\" alt=\"lexo te verteten\" width=\"508\" height=\"188\" srcset=\"https:\/\/www.visit-ulcinj.com\/blog\/wp-content\/uploads\/2015\/12\/lexo-te-verteten.jpg 851w, https:\/\/www.visit-ulcinj.com\/blog\/wp-content\/uploads\/2015\/12\/lexo-te-verteten-300x111.jpg 300w\" sizes=\"(max-width: 508px) 100vw, 508px\" \/><\/a><strong>Shkruan: Muhamet Nika<\/strong><\/p>\n<p>Fillimisht duke dashur t\u00eb hyjm\u00eb n\u00eb ngjarje, e n\u00eb lidhje me kumtes\u00ebn e koalicionit parazgjedhor t\u00eb partive shqiptare\u00a0\u00a0 q\u00eb kishte\u00a0\u00a0 t\u00eb b\u00ebnte me mbar\u00ebvajtjen e kuvendit , q\u00eb nd\u00ebrpreu punimet , kujtojm\u00eb opinionin se , n\u00eb te u tha edhe kjo q\u00eb: \u201c<strong><em>keshilltaret e Koalicionit shqiptar- pa Forc\u00ebn , jan\u00eb te bindur qe te gjitha pikat e rendit te dites t\u00eb cilat jan\u00eb te propozuara p\u00ebr kuvend do te aprovohen nga te gjith\u00eb kshill\u00ebtar\u00ebt e KK , pa dallim, pozit \u2013 opozit.<\/em><\/strong><\/p>\n<p><strong><em>Bindja qendron ne faktin qe te gjitha pikat e propozuara jan me rendesi te vacant, jetike, p\u00ebr funksionimin e metejshem te Komunen e Ulqinit, qytetaret e saj dhe punetoret e pushtetit lokal dhe ndermarrjeve publike. Pika te cilat do te debllokojn buxhetin e komunes, por dhe qe do te vendosin per investimet e ardheshme ne Komunen e Ulqinit.<\/em><\/strong><\/p>\n<p><strong><em>Nuk besojm qe ka keshilletar te asnje subjekt politik qe neser nuk do te votoji Pro. Nuk mund te ket\u00eb interes politik apo individual te asnje subjekti politik, te cilet jan\u00eb pjes\u00eb e kuvendit qe mund te marrin pergjegjesi me pasoja te paparapara per Ulqinin me mendim ndryshe apo kunder pikave te propozuara\u2026\u201d,<\/em><\/strong><em> e tj. etj<\/em>, por ngjau krejt\u00ebsisht e kund\u00ebrta . Ai i nd\u00ebrpreu punimet?!<\/p>\n<p>Kuvendi merret vesh me gjith\u00eb k\u00ebt\u00eb se pritet t\u00eb vazhdoj\u00eb pun\u00ebt t\u00eb shtun\u00ebn&#8230;?!!<\/p>\n<p>Po \u00e7far\u00eb pritet t\u00eb b\u00ebj\u00eb n\u00eb k\u00ebt\u00eb situat\u00eb, sindikata e t\u00eb pun\u00ebsuarve n\u00eb komun\u00eb , t\u00eb cil\u00ebt kan\u00eb paralajm\u00ebruar &#8211; bile edhe k\u00ebrkes\u00ebn p\u00ebr shp\u00ebrndarjen e parlamentit, pritet q\u00eb enigma e hapave t\u00eb tyre t\u00eb zgjidhet nes\u00ebr , kur edhe pritet t\u00eb dalin n\u00eb opinion me nj\u00eb konferenc\u00eb p\u00ebr shtyp.<\/p>\n<p>M\u00ebsohet se ato sot n\u00eb k\u00ebrkes\u00ebn e tyre i priti\u00a0\u00a0 edhe kryetari Gjeka. Por me gjith\u00eb k\u00ebt\u00eb , nes\u00ebr \u00e7do gj\u00eb do t\u00eb jet\u00eb m\u00eb se e qart\u00eb .<\/p>\n<p>N\u00eb lidhje me k\u00ebrkesat e tyre opinioni \u00ebsht\u00eb i njoftuar q\u00eb m\u00eb her\u00ebt . ..?!<\/p>\n<p>&nbsp;<\/p>\n<p><strong>Pik\u00ebpamjet e shprehura n\u00eb faqen \u201cOPINIONE\u201d nuk p\u00ebrfaq\u00ebsojn\u00eb domosdoshm\u00ebrisht politik\u00ebn redaksionale t\u00eb \u201eLajmeve nga Ulqini\u201e<\/strong><\/p>\n","protected":false},"excerpt":{"rendered":"<p>Shkruan: Muhamet Nika Fillimisht duke dashur t\u00eb hyjm\u00eb n\u00eb ngjarje, e n\u00eb lidhje me kumtes\u00ebn e koalicionit parazgjedhor t\u00eb partive shqiptare\u00a0\u00a0 q\u00eb kishte\u00a0\u00a0 t\u00eb b\u00ebnte me mbar\u00ebvajtjen e kuvendit , q\u00eb nd\u00ebrpreu punimet , kujtojm\u00eb opinionin se , n\u00eb te u tha edhe kjo q\u00eb: \u201ckeshilltaret e Koalicionit shqiptar- pa Forc\u00ebn , jan\u00eb te bindur [&hellip;]<\/p>\n","protected":false},"author":1,"featured_media":0,"comment_status":"closed","ping_status":"closed","sticky":false,"template":"","format":"standard","meta":{"spay_email":"","jetpack_publicize_message":"","jetpack_is_tweetstorm":false,"jetpack_publicize_feature_enabled":true},"categories":[1,14249],"tags":[],"jetpack_publicize_connections":[],"yoast_head":"<!-- This site is optimized with the Yoast SEO plugin v19.1 - https:\/\/yoast.com\/wordpress\/plugins\/seo\/ -->\n<title>\u00c7far\u00eb hapash do t\u00eb marr\u00eb sindikata e komun\u00ebs nes\u00ebr pasi u shty seanca e kuvendit?!! - Lajme nga Ulqini<\/title>\n<meta name=\"description\" content=\"Shkruan: Muhamet Nika Fillimisht duke dashur t\u00eb hyjm\u00eb n\u00eb ngjarje, e n\u00eb lidhje me kumtes\u00ebn e koalicionit parazgjedhor t\u00eb partive shqiptare\u00a0\u00a0 q\u00eb kishte\u00a0\u00a0 t\u00eb\" \/>\n<meta name=\"robots\" content=\"index, follow, max-snippet:-1, max-image-preview:large, max-video-preview:-1\" \/>\n<link rel=\"canonical\" href=\"https:\/\/www.visit-ulcinj.com\/blog\/2015\/12\/24\/cfare-hapash-te-marre-sindikata-e-komunes-neser-pasi-u-shty-seanca-e-kuvendit\/\" \/>\n<meta property=\"og:locale\" content=\"en_US\" \/>\n<meta property=\"og:type\" content=\"article\" \/>\n<meta property=\"og:title\" content=\"\u00c7far\u00eb hapash do t\u00eb marr\u00eb sindikata e komun\u00ebs nes\u00ebr pasi u shty seanca e kuvendit?!! - Lajme nga Ulqini\" \/>\n<meta property=\"og:description\" content=\"Shkruan: Muhamet Nika Fillimisht duke dashur t\u00eb hyjm\u00eb n\u00eb ngjarje, e n\u00eb lidhje me kumtes\u00ebn e koalicionit parazgjedhor t\u00eb partive shqiptare\u00a0\u00a0 q\u00eb kishte\u00a0\u00a0 t\u00eb\" \/>\n<meta property=\"og:url\" content=\"https:\/\/www.visit-ulcinj.com\/blog\/2015\/12\/24\/cfare-hapash-te-marre-sindikata-e-komunes-neser-pasi-u-shty-seanca-e-kuvendit\/\" \/>\n<meta property=\"og:site_name\" content=\"Lajme nga Ulqini\" \/>\n<meta property=\"article:published_time\" content=\"2015-12-24T06:01:35+00:00\" \/>\n<meta property=\"article:modified_time\" content=\"2015-12-24T18:56:03+00:00\" \/>\n<meta property=\"og:image\" content=\"http:\/\/www.visit-ulcinj.com\/blog\/wp-content\/uploads\/2015\/12\/lexo-te-verteten.jpg\" \/>\n<meta name=\"twitter:label1\" content=\"Written by\" \/>\n\t<meta name=\"twitter:data1\" content=\"ulqini\" \/>\n\t<meta name=\"twitter:label2\" content=\"Est. reading time\" \/>\n\t<meta name=\"twitter:data2\" content=\"2 minutes\" \/>\n<script type=\"application\/ld+json\" class=\"yoast-schema-graph\">{\"@context\":\"https:\/\/schema.org\",\"@graph\":[{\"@type\":\"WebSite\",\"@id\":\"https:\/\/www.visit-ulcinj.com\/blog\/#website\",\"url\":\"https:\/\/www.visit-ulcinj.com\/blog\/\",\"name\":\"Lajme nga Ulqini\",\"description\":\"Lajme,Vijesti,Ulqini,Ulqin,Crna Gora,Mali i Zi\",\"potentialAction\":[{\"@type\":\"SearchAction\",\"target\":{\"@type\":\"EntryPoint\",\"urlTemplate\":\"https:\/\/www.visit-ulcinj.com\/blog\/?s={search_term_string}\"},\"query-input\":\"required name=search_term_string\"}],\"inLanguage\":\"en-US\"},{\"@type\":\"ImageObject\",\"inLanguage\":\"en-US\",\"@id\":\"https:\/\/www.visit-ulcinj.com\/blog\/2015\/12\/24\/cfare-hapash-te-marre-sindikata-e-komunes-neser-pasi-u-shty-seanca-e-kuvendit\/#primaryimage\",\"url\":\"https:\/\/www.visit-ulcinj.com\/blog\/wp-content\/uploads\/2015\/12\/lexo-te-verteten.jpg\",\"contentUrl\":\"https:\/\/www.visit-ulcinj.com\/blog\/wp-content\/uploads\/2015\/12\/lexo-te-verteten.jpg\",\"width\":851,\"height\":315},{\"@type\":\"WebPage\",\"@id\":\"https:\/\/www.visit-ulcinj.com\/blog\/2015\/12\/24\/cfare-hapash-te-marre-sindikata-e-komunes-neser-pasi-u-shty-seanca-e-kuvendit\/#webpage\",\"url\":\"https:\/\/www.visit-ulcinj.com\/blog\/2015\/12\/24\/cfare-hapash-te-marre-sindikata-e-komunes-neser-pasi-u-shty-seanca-e-kuvendit\/\",\"name\":\"\u00c7far\u00eb hapash do t\u00eb marr\u00eb sindikata e komun\u00ebs nes\u00ebr pasi u shty seanca e kuvendit?!! - Lajme nga Ulqini\",\"isPartOf\":{\"@id\":\"https:\/\/www.visit-ulcinj.com\/blog\/#website\"},\"primaryImageOfPage\":{\"@id\":\"https:\/\/www.visit-ulcinj.com\/blog\/2015\/12\/24\/cfare-hapash-te-marre-sindikata-e-komunes-neser-pasi-u-shty-seanca-e-kuvendit\/#primaryimage\"},\"datePublished\":\"2015-12-24T06:01:35+00:00\",\"dateModified\":\"2015-12-24T18:56:03+00:00\",\"author\":{\"@id\":\"https:\/\/www.visit-ulcinj.com\/blog\/#\/schema\/person\/dcab619c614d3038751c63bc2aadc06d\"},\"description\":\"Shkruan: Muhamet Nika Fillimisht duke dashur t\u00eb hyjm\u00eb n\u00eb ngjarje, e n\u00eb lidhje me kumtes\u00ebn e koalicionit parazgjedhor t\u00eb partive shqiptare\u00a0\u00a0 q\u00eb kishte\u00a0\u00a0 t\u00eb\",\"breadcrumb\":{\"@id\":\"https:\/\/www.visit-ulcinj.com\/blog\/2015\/12\/24\/cfare-hapash-te-marre-sindikata-e-komunes-neser-pasi-u-shty-seanca-e-kuvendit\/#breadcrumb\"},\"inLanguage\":\"en-US\",\"potentialAction\":[{\"@type\":\"ReadAction\",\"target\":[\"https:\/\/www.visit-ulcinj.com\/blog\/2015\/12\/24\/cfare-hapash-te-marre-sindikata-e-komunes-neser-pasi-u-shty-seanca-e-kuvendit\/\"]}]},{\"@type\":\"BreadcrumbList\",\"@id\":\"https:\/\/www.visit-ulcinj.com\/blog\/2015\/12\/24\/cfare-hapash-te-marre-sindikata-e-komunes-neser-pasi-u-shty-seanca-e-kuvendit\/#breadcrumb\",\"itemListElement\":[{\"@type\":\"ListItem\",\"position\":1,\"name\":\"\u00c7far\u00eb hapash do t\u00eb marr\u00eb sindikata e komun\u00ebs nes\u00ebr pasi u shty seanca e kuvendit?!!\"}]},{\"@type\":\"Person\",\"@id\":\"https:\/\/www.visit-ulcinj.com\/blog\/#\/schema\/person\/dcab619c614d3038751c63bc2aadc06d\",\"name\":\"ulqini\",\"sameAs\":[\"http:\/\/www.visit-ulcinj.com\"],\"url\":\"https:\/\/www.visit-ulcinj.com\/blog\/author\/admin\/\"}]}<\/script>\n<!-- \/ Yoast SEO plugin. -->","yoast_head_json":{"title":"\u00c7far\u00eb hapash do t\u00eb marr\u00eb sindikata e komun\u00ebs nes\u00ebr pasi u shty seanca e kuvendit?!! - Lajme nga Ulqini","description":"Shkruan: Muhamet Nika Fillimisht duke dashur t\u00eb hyjm\u00eb n\u00eb ngjarje, e n\u00eb lidhje me kumtes\u00ebn e koalicionit parazgjedhor t\u00eb partive shqiptare\u00a0\u00a0 q\u00eb kishte\u00a0\u00a0 t\u00eb","robots":{"index":"index","follow":"follow","max-snippet":"max-snippet:-1","max-image-preview":"max-image-preview:large","max-video-preview":"max-video-preview:-1"},"canonical":"https:\/\/www.visit-ulcinj.com\/blog\/2015\/12\/24\/cfare-hapash-te-marre-sindikata-e-komunes-neser-pasi-u-shty-seanca-e-kuvendit\/","og_locale":"en_US","og_type":"article","og_title":"\u00c7far\u00eb hapash do t\u00eb marr\u00eb sindikata e komun\u00ebs nes\u00ebr pasi u shty seanca e kuvendit?!! - Lajme nga Ulqini","og_description":"Shkruan: Muhamet Nika Fillimisht duke dashur t\u00eb hyjm\u00eb n\u00eb ngjarje, e n\u00eb lidhje me kumtes\u00ebn e koalicionit parazgjedhor t\u00eb partive shqiptare\u00a0\u00a0 q\u00eb kishte\u00a0\u00a0 t\u00eb","og_url":"https:\/\/www.visit-ulcinj.com\/blog\/2015\/12\/24\/cfare-hapash-te-marre-sindikata-e-komunes-neser-pasi-u-shty-seanca-e-kuvendit\/","og_site_name":"Lajme nga Ulqini","article_published_time":"2015-12-24T06:01:35+00:00","article_modified_time":"2015-12-24T18:56:03+00:00","og_image":[{"url":"http:\/\/www.visit-ulcinj.com\/blog\/wp-content\/uploads\/2015\/12\/lexo-te-verteten.jpg"}],"twitter_misc":{"Written by":"ulqini","Est. reading time":"2 minutes"},"schema":{"@context":"https:\/\/schema.org","@graph":[{"@type":"WebSite","@id":"https:\/\/www.visit-ulcinj.com\/blog\/#website","url":"https:\/\/www.visit-ulcinj.com\/blog\/","name":"Lajme nga Ulqini","description":"Lajme,Vijesti,Ulqini,Ulqin,Crna Gora,Mali i Zi","potentialAction":[{"@type":"SearchAction","target":{"@type":"EntryPoint","urlTemplate":"https:\/\/www.visit-ulcinj.com\/blog\/?s={search_term_string}"},"query-input":"required name=search_term_string"}],"inLanguage":"en-US"},{"@type":"ImageObject","inLanguage":"en-US","@id":"https:\/\/www.visit-ulcinj.com\/blog\/2015\/12\/24\/cfare-hapash-te-marre-sindikata-e-komunes-neser-pasi-u-shty-seanca-e-kuvendit\/#primaryimage","url":"https:\/\/www.visit-ulcinj.com\/blog\/wp-content\/uploads\/2015\/12\/lexo-te-verteten.jpg","contentUrl":"https:\/\/www.visit-ulcinj.com\/blog\/wp-content\/uploads\/2015\/12\/lexo-te-verteten.jpg","width":851,"height":315},{"@type":"WebPage","@id":"https:\/\/www.visit-ulcinj.com\/blog\/2015\/12\/24\/cfare-hapash-te-marre-sindikata-e-komunes-neser-pasi-u-shty-seanca-e-kuvendit\/#webpage","url":"https:\/\/www.visit-ulcinj.com\/blog\/2015\/12\/24\/cfare-hapash-te-marre-sindikata-e-komunes-neser-pasi-u-shty-seanca-e-kuvendit\/","name":"\u00c7far\u00eb hapash do t\u00eb marr\u00eb sindikata e komun\u00ebs nes\u00ebr pasi u shty seanca e kuvendit?!! - Lajme nga Ulqini","isPartOf":{"@id":"https:\/\/www.visit-ulcinj.com\/blog\/#website"},"primaryImageOfPage":{"@id":"https:\/\/www.visit-ulcinj.com\/blog\/2015\/12\/24\/cfare-hapash-te-marre-sindikata-e-komunes-neser-pasi-u-shty-seanca-e-kuvendit\/#primaryimage"},"datePublished":"2015-12-24T06:01:35+00:00","dateModified":"2015-12-24T18:56:03+00:00","author":{"@id":"https:\/\/www.visit-ulcinj.com\/blog\/#\/schema\/person\/dcab619c614d3038751c63bc2aadc06d"},"description":"Shkruan: Muhamet Nika Fillimisht duke dashur t\u00eb hyjm\u00eb n\u00eb ngjarje, e n\u00eb lidhje me kumtes\u00ebn e koalicionit parazgjedhor t\u00eb partive shqiptare\u00a0\u00a0 q\u00eb kishte\u00a0\u00a0 t\u00eb","breadcrumb":{"@id":"https:\/\/www.visit-ulcinj.com\/blog\/2015\/12\/24\/cfare-hapash-te-marre-sindikata-e-komunes-neser-pasi-u-shty-seanca-e-kuvendit\/#breadcrumb"},"inLanguage":"en-US","potentialAction":[{"@type":"ReadAction","target":["https:\/\/www.visit-ulcinj.com\/blog\/2015\/12\/24\/cfare-hapash-te-marre-sindikata-e-komunes-neser-pasi-u-shty-seanca-e-kuvendit\/"]}]},{"@type":"BreadcrumbList","@id":"https:\/\/www.visit-ulcinj.com\/blog\/2015\/12\/24\/cfare-hapash-te-marre-sindikata-e-komunes-neser-pasi-u-shty-seanca-e-kuvendit\/#breadcrumb","itemListElement":[{"@type":"ListItem","position":1,"name":"\u00c7far\u00eb hapash do t\u00eb marr\u00eb sindikata e komun\u00ebs nes\u00ebr pasi u shty seanca e kuvendit?!!"}]},{"@type":"Person","@id":"https:\/\/www.visit-ulcinj.com\/blog\/#\/schema\/person\/dcab619c614d3038751c63bc2aadc06d","name":"ulqini","sameAs":["http:\/\/www.visit-ulcinj.com"],"url":"https:\/\/www.visit-ulcinj.com\/blog\/author\/admin\/"}]}},"jetpack_featured_media_url":"","jetpack_sharing_enabled":true,"jetpack_shortlink":"https:\/\/wp.me\/pe6lTn-ooK","_links":{"self":[{"href":"https:\/\/www.visit-ulcinj.com\/blog\/wp-json\/wp\/v2\/posts\/93790"}],"collection":[{"href":"https:\/\/www.visit-ulcinj.com\/blog\/wp-json\/wp\/v2\/posts"}],"about":[{"href":"https:\/\/www.visit-ulcinj.com\/blog\/wp-json\/wp\/v2\/types\/post"}],"author":[{"embeddable":true,"href":"https:\/\/www.visit-ulcinj.com\/blog\/wp-json\/wp\/v2\/users\/1"}],"replies":[{"embeddable":true,"href":"https:\/\/www.visit-ulcinj.com\/blog\/wp-json\/wp\/v2\/comments?post=93790"}],"version-history":[{"count":1,"href":"https:\/\/www.visit-ulcinj.com\/blog\/wp-json\/wp\/v2\/posts\/93790\/revisions"}],"predecessor-version":[{"id":93791,"href":"https:\/\/www.visit-ulcinj.com\/blog\/wp-json\/wp\/v2\/posts\/93790\/revisions\/93791"}],"wp:attachment":[{"href":"https:\/\/www.visit-ulcinj.com\/blog\/wp-json\/wp\/v2\/media?parent=93790"}],"wp:term":[{"taxonomy":"category","embeddable":true,"href":"https:\/\/www.visit-ulcinj.com\/blog\/wp-json\/wp\/v2\/categories?post=93790"},{"taxonomy":"post_tag","embeddable":true,"href":"https:\/\/www.visit-ulcinj.com\/blog\/wp-json\/wp\/v2\/tags?post=93790"}],"curies":[{"name":"wp","href":"https:\/\/api.w.org\/{rel}","templated":true}]}}