{"id":93792,"date":"2015-12-24T07:07:16","date_gmt":"2015-12-24T06:07:16","guid":{"rendered":"http:\/\/www.visit-ulcinj.com\/blog\/?p=93792"},"modified":"2015-12-24T07:07:16","modified_gmt":"2015-12-24T06:07:16","slug":"udsh-urim-per-festen-e-krishtlindjes","status":"publish","type":"post","link":"https:\/\/www.visit-ulcinj.com\/blog\/2015\/12\/24\/udsh-urim-per-festen-e-krishtlindjes\/","title":{"rendered":"UDSH &#8211; Urim p\u00ebr festen e Krishtlindjes"},"content":{"rendered":"<p><strong><a href=\"http:\/\/www.visit-ulcinj.com\/blog\/wp-content\/uploads\/2014\/12\/UDSH-ja-Gezuar-KRISHTLINDJET.jpg\"><img loading=\"lazy\" class=\"alignleft wp-image-87222\" src=\"http:\/\/www.visit-ulcinj.com\/blog\/wp-content\/uploads\/2014\/12\/UDSH-ja-Gezuar-KRISHTLINDJET.jpg\" alt=\"UDSH-ja-Gezuar KRISHTLINDJET\" width=\"508\" height=\"625\" srcset=\"https:\/\/www.visit-ulcinj.com\/blog\/wp-content\/uploads\/2014\/12\/UDSH-ja-Gezuar-KRISHTLINDJET.jpg 387w, https:\/\/www.visit-ulcinj.com\/blog\/wp-content\/uploads\/2014\/12\/UDSH-ja-Gezuar-KRISHTLINDJET-243x300.jpg 243w\" sizes=\"(max-width: 508px) 100vw, 508px\" \/><\/a>UNIONI DEMOKRATIK I SHQIPTAR\u00cbVE\u00a0\u00a0\u00a0\u00a0\u00a0\u00a0\u00a0\u00a0\u00a0\u00a0\u00a0\u00a0\u00a0\u00a0\u00a0\u00a0\u00a0\u00a0 <\/strong><\/p>\n<p><strong>\u00a0<\/strong><strong>THE DEMOCRATIC UNION OF ALBANIANS <\/strong><\/p>\n<p><strong>\u00a0<\/strong>Ulqin, m\u00eb 24.12.2015<\/p>\n<p>&nbsp;<\/p>\n<p><em>Me <\/em><em>rastin e fest\u00ebs s\u00eb Krishtlindjeve, Unioni Demokratik i Shqiptar\u00ebve i p\u00ebrg\u00ebzon\u00a0t\u00eb gjith\u00eb besimtar\u00ebt Katolik, duke iu uruar sh\u00ebndet t\u00eb mir\u00eb, g\u00ebzime familjare dhe lumturi n\u00eb jet\u00eb.<\/em><\/p>\n<p><em>Kjo fest\u00eb le t\u00eb na sh\u00ebrbej\u00eb n\u00eb forcimin e dashuris\u00eb p\u00ebr njeri-tjetrin dhe kultivimin e toleranc\u00ebs, si vler\u00eb e demokracis\u00eb p\u00ebr ne dhe brezat qe do t\u00eb vijn\u00eb, <strong>p\u00ebr m\u00eb shum\u00eb paqe, bashkjetes\u00eb e harmoni q\u00eb gjith\u00eb s\u00ebbashku ti g\u00ebzojm\u00eb festat e nj\u00ebri-tjetrit pavarsisht nga p\u00ebrkat\u00ebsia fetare.<\/strong><\/em><\/p>\n<p><em>Andaj, le t\u00eb jet\u00eb kjo fest\u00eb e bashkimit dhe toleranc\u00ebs n\u00eb mes\u00a0 njer\u00ebzve, fest\u00eb e pajtimit dhe qet\u00ebsimit shpirt\u00ebror.<\/em><\/p>\n<p><em>\u00a0<\/em><\/p>\n<p><em>\u00a0<\/em><\/p>\n<p><strong><em> G\u00ebzuar fest\u00ebn e Krishtlindjes !<\/em><\/strong><\/p>\n<p><em>\u00a0<\/em><\/p>\n<p><em>\u00a0<\/em><\/p>\n<p><em>Sh\u00ebrbimi informativ t\u00eb UDSH-s\u00eb<\/em><\/p>\n","protected":false},"excerpt":{"rendered":"<p>UNIONI DEMOKRATIK I SHQIPTAR\u00cbVE\u00a0\u00a0\u00a0\u00a0\u00a0\u00a0\u00a0\u00a0\u00a0\u00a0\u00a0\u00a0\u00a0\u00a0\u00a0\u00a0\u00a0\u00a0 \u00a0THE DEMOCRATIC UNION OF ALBANIANS \u00a0Ulqin, m\u00eb 24.12.2015 &nbsp; Me rastin e fest\u00ebs s\u00eb Krishtlindjeve, Unioni Demokratik i Shqiptar\u00ebve i p\u00ebrg\u00ebzon\u00a0t\u00eb gjith\u00eb besimtar\u00ebt Katolik, duke iu uruar sh\u00ebndet t\u00eb mir\u00eb, g\u00ebzime familjare dhe lumturi n\u00eb jet\u00eb. Kjo fest\u00eb le t\u00eb na sh\u00ebrbej\u00eb n\u00eb forcimin e dashuris\u00eb p\u00ebr njeri-tjetrin dhe kultivimin e [&hellip;]<\/p>\n","protected":false},"author":1,"featured_media":0,"comment_status":"closed","ping_status":"closed","sticky":false,"template":"","format":"standard","meta":{"spay_email":"","jetpack_publicize_message":"","jetpack_is_tweetstorm":false,"jetpack_publicize_feature_enabled":true},"categories":[1],"tags":[],"jetpack_publicize_connections":[],"yoast_head":"<!-- This site is optimized with the Yoast SEO plugin v19.1 - https:\/\/yoast.com\/wordpress\/plugins\/seo\/ -->\n<title>UDSH - Urim p\u00ebr festen e Krishtlindjes - Lajme nga Ulqini<\/title>\n<meta name=\"description\" content=\"UNIONI DEMOKRATIK I SHQIPTAR\u00cbVE\u00a0\u00a0\u00a0\u00a0\u00a0\u00a0\u00a0\u00a0\u00a0\u00a0\u00a0\u00a0\u00a0\u00a0\u00a0\u00a0\u00a0\u00a0 \u00a0THE DEMOCRATIC UNION OF ALBANIANS \u00a0Ulqin, m\u00eb 24.12.2015 &nbsp; Me rastin e fest\u00ebs s\u00eb Krishtlindjeve,\" \/>\n<meta name=\"robots\" content=\"index, follow, max-snippet:-1, max-image-preview:large, max-video-preview:-1\" \/>\n<link rel=\"canonical\" href=\"https:\/\/www.visit-ulcinj.com\/blog\/2015\/12\/24\/udsh-urim-per-festen-e-krishtlindjes\/\" \/>\n<meta property=\"og:locale\" content=\"en_US\" \/>\n<meta property=\"og:type\" content=\"article\" \/>\n<meta property=\"og:title\" content=\"UDSH - Urim p\u00ebr festen e Krishtlindjes - Lajme nga Ulqini\" \/>\n<meta property=\"og:description\" content=\"UNIONI DEMOKRATIK I SHQIPTAR\u00cbVE\u00a0\u00a0\u00a0\u00a0\u00a0\u00a0\u00a0\u00a0\u00a0\u00a0\u00a0\u00a0\u00a0\u00a0\u00a0\u00a0\u00a0\u00a0 \u00a0THE DEMOCRATIC UNION OF ALBANIANS \u00a0Ulqin, m\u00eb 24.12.2015 &nbsp; Me rastin e fest\u00ebs s\u00eb Krishtlindjeve,\" \/>\n<meta property=\"og:url\" content=\"https:\/\/www.visit-ulcinj.com\/blog\/2015\/12\/24\/udsh-urim-per-festen-e-krishtlindjes\/\" \/>\n<meta property=\"og:site_name\" content=\"Lajme nga Ulqini\" \/>\n<meta property=\"article:published_time\" content=\"2015-12-24T06:07:16+00:00\" \/>\n<meta property=\"og:image\" content=\"http:\/\/www.visit-ulcinj.com\/blog\/wp-content\/uploads\/2014\/12\/UDSH-ja-Gezuar-KRISHTLINDJET.jpg\" \/>\n<meta name=\"twitter:label1\" content=\"Written by\" \/>\n\t<meta name=\"twitter:data1\" content=\"ulqini\" \/>\n\t<meta name=\"twitter:label2\" content=\"Est. reading time\" \/>\n\t<meta name=\"twitter:data2\" content=\"1 minute\" \/>\n<script type=\"application\/ld+json\" class=\"yoast-schema-graph\">{\"@context\":\"https:\/\/schema.org\",\"@graph\":[{\"@type\":\"WebSite\",\"@id\":\"https:\/\/www.visit-ulcinj.com\/blog\/#website\",\"url\":\"https:\/\/www.visit-ulcinj.com\/blog\/\",\"name\":\"Lajme nga Ulqini\",\"description\":\"Lajme,Vijesti,Ulqini,Ulqin,Crna Gora,Mali i Zi\",\"potentialAction\":[{\"@type\":\"SearchAction\",\"target\":{\"@type\":\"EntryPoint\",\"urlTemplate\":\"https:\/\/www.visit-ulcinj.com\/blog\/?s={search_term_string}\"},\"query-input\":\"required name=search_term_string\"}],\"inLanguage\":\"en-US\"},{\"@type\":\"ImageObject\",\"inLanguage\":\"en-US\",\"@id\":\"https:\/\/www.visit-ulcinj.com\/blog\/2015\/12\/24\/udsh-urim-per-festen-e-krishtlindjes\/#primaryimage\",\"url\":\"https:\/\/www.visit-ulcinj.com\/blog\/wp-content\/uploads\/2014\/12\/UDSH-ja-Gezuar-KRISHTLINDJET.jpg\",\"contentUrl\":\"https:\/\/www.visit-ulcinj.com\/blog\/wp-content\/uploads\/2014\/12\/UDSH-ja-Gezuar-KRISHTLINDJET.jpg\",\"width\":387,\"height\":476},{\"@type\":\"WebPage\",\"@id\":\"https:\/\/www.visit-ulcinj.com\/blog\/2015\/12\/24\/udsh-urim-per-festen-e-krishtlindjes\/#webpage\",\"url\":\"https:\/\/www.visit-ulcinj.com\/blog\/2015\/12\/24\/udsh-urim-per-festen-e-krishtlindjes\/\",\"name\":\"UDSH - Urim p\u00ebr festen e Krishtlindjes - Lajme nga Ulqini\",\"isPartOf\":{\"@id\":\"https:\/\/www.visit-ulcinj.com\/blog\/#website\"},\"primaryImageOfPage\":{\"@id\":\"https:\/\/www.visit-ulcinj.com\/blog\/2015\/12\/24\/udsh-urim-per-festen-e-krishtlindjes\/#primaryimage\"},\"datePublished\":\"2015-12-24T06:07:16+00:00\",\"dateModified\":\"2015-12-24T06:07:16+00:00\",\"author\":{\"@id\":\"https:\/\/www.visit-ulcinj.com\/blog\/#\/schema\/person\/dcab619c614d3038751c63bc2aadc06d\"},\"description\":\"UNIONI DEMOKRATIK I SHQIPTAR\u00cbVE\u00a0\u00a0\u00a0\u00a0\u00a0\u00a0\u00a0\u00a0\u00a0\u00a0\u00a0\u00a0\u00a0\u00a0\u00a0\u00a0\u00a0\u00a0 \u00a0THE DEMOCRATIC UNION OF ALBANIANS \u00a0Ulqin, m\u00eb 24.12.2015 &nbsp; Me rastin e fest\u00ebs s\u00eb Krishtlindjeve,\",\"breadcrumb\":{\"@id\":\"https:\/\/www.visit-ulcinj.com\/blog\/2015\/12\/24\/udsh-urim-per-festen-e-krishtlindjes\/#breadcrumb\"},\"inLanguage\":\"en-US\",\"potentialAction\":[{\"@type\":\"ReadAction\",\"target\":[\"https:\/\/www.visit-ulcinj.com\/blog\/2015\/12\/24\/udsh-urim-per-festen-e-krishtlindjes\/\"]}]},{\"@type\":\"BreadcrumbList\",\"@id\":\"https:\/\/www.visit-ulcinj.com\/blog\/2015\/12\/24\/udsh-urim-per-festen-e-krishtlindjes\/#breadcrumb\",\"itemListElement\":[{\"@type\":\"ListItem\",\"position\":1,\"name\":\"UDSH &#8211; Urim p\u00ebr festen e Krishtlindjes\"}]},{\"@type\":\"Person\",\"@id\":\"https:\/\/www.visit-ulcinj.com\/blog\/#\/schema\/person\/dcab619c614d3038751c63bc2aadc06d\",\"name\":\"ulqini\",\"sameAs\":[\"http:\/\/www.visit-ulcinj.com\"],\"url\":\"https:\/\/www.visit-ulcinj.com\/blog\/author\/admin\/\"}]}<\/script>\n<!-- \/ Yoast SEO plugin. -->","yoast_head_json":{"title":"UDSH - Urim p\u00ebr festen e Krishtlindjes - Lajme nga Ulqini","description":"UNIONI DEMOKRATIK I SHQIPTAR\u00cbVE\u00a0\u00a0\u00a0\u00a0\u00a0\u00a0\u00a0\u00a0\u00a0\u00a0\u00a0\u00a0\u00a0\u00a0\u00a0\u00a0\u00a0\u00a0 \u00a0THE DEMOCRATIC UNION OF ALBANIANS \u00a0Ulqin, m\u00eb 24.12.2015 &nbsp; Me rastin e fest\u00ebs s\u00eb Krishtlindjeve,","robots":{"index":"index","follow":"follow","max-snippet":"max-snippet:-1","max-image-preview":"max-image-preview:large","max-video-preview":"max-video-preview:-1"},"canonical":"https:\/\/www.visit-ulcinj.com\/blog\/2015\/12\/24\/udsh-urim-per-festen-e-krishtlindjes\/","og_locale":"en_US","og_type":"article","og_title":"UDSH - Urim p\u00ebr festen e Krishtlindjes - Lajme nga Ulqini","og_description":"UNIONI DEMOKRATIK I SHQIPTAR\u00cbVE\u00a0\u00a0\u00a0\u00a0\u00a0\u00a0\u00a0\u00a0\u00a0\u00a0\u00a0\u00a0\u00a0\u00a0\u00a0\u00a0\u00a0\u00a0 \u00a0THE DEMOCRATIC UNION OF ALBANIANS \u00a0Ulqin, m\u00eb 24.12.2015 &nbsp; Me rastin e fest\u00ebs s\u00eb Krishtlindjeve,","og_url":"https:\/\/www.visit-ulcinj.com\/blog\/2015\/12\/24\/udsh-urim-per-festen-e-krishtlindjes\/","og_site_name":"Lajme nga Ulqini","article_published_time":"2015-12-24T06:07:16+00:00","og_image":[{"url":"http:\/\/www.visit-ulcinj.com\/blog\/wp-content\/uploads\/2014\/12\/UDSH-ja-Gezuar-KRISHTLINDJET.jpg"}],"twitter_misc":{"Written by":"ulqini","Est. reading time":"1 minute"},"schema":{"@context":"https:\/\/schema.org","@graph":[{"@type":"WebSite","@id":"https:\/\/www.visit-ulcinj.com\/blog\/#website","url":"https:\/\/www.visit-ulcinj.com\/blog\/","name":"Lajme nga Ulqini","description":"Lajme,Vijesti,Ulqini,Ulqin,Crna Gora,Mali i Zi","potentialAction":[{"@type":"SearchAction","target":{"@type":"EntryPoint","urlTemplate":"https:\/\/www.visit-ulcinj.com\/blog\/?s={search_term_string}"},"query-input":"required name=search_term_string"}],"inLanguage":"en-US"},{"@type":"ImageObject","inLanguage":"en-US","@id":"https:\/\/www.visit-ulcinj.com\/blog\/2015\/12\/24\/udsh-urim-per-festen-e-krishtlindjes\/#primaryimage","url":"https:\/\/www.visit-ulcinj.com\/blog\/wp-content\/uploads\/2014\/12\/UDSH-ja-Gezuar-KRISHTLINDJET.jpg","contentUrl":"https:\/\/www.visit-ulcinj.com\/blog\/wp-content\/uploads\/2014\/12\/UDSH-ja-Gezuar-KRISHTLINDJET.jpg","width":387,"height":476},{"@type":"WebPage","@id":"https:\/\/www.visit-ulcinj.com\/blog\/2015\/12\/24\/udsh-urim-per-festen-e-krishtlindjes\/#webpage","url":"https:\/\/www.visit-ulcinj.com\/blog\/2015\/12\/24\/udsh-urim-per-festen-e-krishtlindjes\/","name":"UDSH - Urim p\u00ebr festen e Krishtlindjes - Lajme nga Ulqini","isPartOf":{"@id":"https:\/\/www.visit-ulcinj.com\/blog\/#website"},"primaryImageOfPage":{"@id":"https:\/\/www.visit-ulcinj.com\/blog\/2015\/12\/24\/udsh-urim-per-festen-e-krishtlindjes\/#primaryimage"},"datePublished":"2015-12-24T06:07:16+00:00","dateModified":"2015-12-24T06:07:16+00:00","author":{"@id":"https:\/\/www.visit-ulcinj.com\/blog\/#\/schema\/person\/dcab619c614d3038751c63bc2aadc06d"},"description":"UNIONI DEMOKRATIK I SHQIPTAR\u00cbVE\u00a0\u00a0\u00a0\u00a0\u00a0\u00a0\u00a0\u00a0\u00a0\u00a0\u00a0\u00a0\u00a0\u00a0\u00a0\u00a0\u00a0\u00a0 \u00a0THE DEMOCRATIC UNION OF ALBANIANS \u00a0Ulqin, m\u00eb 24.12.2015 &nbsp; Me rastin e fest\u00ebs s\u00eb Krishtlindjeve,","breadcrumb":{"@id":"https:\/\/www.visit-ulcinj.com\/blog\/2015\/12\/24\/udsh-urim-per-festen-e-krishtlindjes\/#breadcrumb"},"inLanguage":"en-US","potentialAction":[{"@type":"ReadAction","target":["https:\/\/www.visit-ulcinj.com\/blog\/2015\/12\/24\/udsh-urim-per-festen-e-krishtlindjes\/"]}]},{"@type":"BreadcrumbList","@id":"https:\/\/www.visit-ulcinj.com\/blog\/2015\/12\/24\/udsh-urim-per-festen-e-krishtlindjes\/#breadcrumb","itemListElement":[{"@type":"ListItem","position":1,"name":"UDSH &#8211; Urim p\u00ebr festen e Krishtlindjes"}]},{"@type":"Person","@id":"https:\/\/www.visit-ulcinj.com\/blog\/#\/schema\/person\/dcab619c614d3038751c63bc2aadc06d","name":"ulqini","sameAs":["http:\/\/www.visit-ulcinj.com"],"url":"https:\/\/www.visit-ulcinj.com\/blog\/author\/admin\/"}]}},"jetpack_featured_media_url":"","jetpack_sharing_enabled":true,"jetpack_shortlink":"https:\/\/wp.me\/pe6lTn-ooM","_links":{"self":[{"href":"https:\/\/www.visit-ulcinj.com\/blog\/wp-json\/wp\/v2\/posts\/93792"}],"collection":[{"href":"https:\/\/www.visit-ulcinj.com\/blog\/wp-json\/wp\/v2\/posts"}],"about":[{"href":"https:\/\/www.visit-ulcinj.com\/blog\/wp-json\/wp\/v2\/types\/post"}],"author":[{"embeddable":true,"href":"https:\/\/www.visit-ulcinj.com\/blog\/wp-json\/wp\/v2\/users\/1"}],"replies":[{"embeddable":true,"href":"https:\/\/www.visit-ulcinj.com\/blog\/wp-json\/wp\/v2\/comments?post=93792"}],"version-history":[{"count":1,"href":"https:\/\/www.visit-ulcinj.com\/blog\/wp-json\/wp\/v2\/posts\/93792\/revisions"}],"predecessor-version":[{"id":93793,"href":"https:\/\/www.visit-ulcinj.com\/blog\/wp-json\/wp\/v2\/posts\/93792\/revisions\/93793"}],"wp:attachment":[{"href":"https:\/\/www.visit-ulcinj.com\/blog\/wp-json\/wp\/v2\/media?parent=93792"}],"wp:term":[{"taxonomy":"category","embeddable":true,"href":"https:\/\/www.visit-ulcinj.com\/blog\/wp-json\/wp\/v2\/categories?post=93792"},{"taxonomy":"post_tag","embeddable":true,"href":"https:\/\/www.visit-ulcinj.com\/blog\/wp-json\/wp\/v2\/tags?post=93792"}],"curies":[{"name":"wp","href":"https:\/\/api.w.org\/{rel}","templated":true}]}}