{"id":93794,"date":"2015-12-24T18:25:53","date_gmt":"2015-12-24T17:25:53","guid":{"rendered":"http:\/\/www.visit-ulcinj.com\/blog\/?p=93794"},"modified":"2015-12-24T18:45:50","modified_gmt":"2015-12-24T17:45:50","slug":"urime-krishtlindjet-nga-keshilli-komunal-ura-ulqin","status":"publish","type":"post","link":"https:\/\/www.visit-ulcinj.com\/blog\/2015\/12\/24\/urime-krishtlindjet-nga-keshilli-komunal-ura-ulqin\/","title":{"rendered":"Urime Krishtlindjet nga K\u00ebshilli Komunal URA Ulqin"},"content":{"rendered":"<div><a href=\"http:\/\/www.visit-ulcinj.com\/blog\/wp-content\/uploads\/2015\/12\/Ura-gezuar.jpg\"><img loading=\"lazy\" class=\"alignleft wp-image-93796\" src=\"http:\/\/www.visit-ulcinj.com\/blog\/wp-content\/uploads\/2015\/12\/Ura-gezuar.jpg\" alt=\"Ura-gezuar\" width=\"508\" height=\"318\" srcset=\"https:\/\/www.visit-ulcinj.com\/blog\/wp-content\/uploads\/2015\/12\/Ura-gezuar.jpg 1000w, https:\/\/www.visit-ulcinj.com\/blog\/wp-content\/uploads\/2015\/12\/Ura-gezuar-300x188.jpg 300w\" sizes=\"(max-width: 508px) 100vw, 508px\" \/><\/a>&#8221;\u00a0<em>K\u00ebshilli\u00a0 komunal URA Ulqin ju uron \u00a0Krishtlindjen t\u00eb gjith\u00eb besimtareve katolik me fjal\u00ebn e vjet\u00ebr-tradicionale; urime dhe p\u00ebr shum\u00eb mot K\u00ebrsh\u00ebndellat, duke ju d\u00ebshiruar q\u00eb t\u00eb keni dures\u00eb dhe ta edukoni syrin, veshin, goj\u00ebn e zemr\u00ebs. Me t\u00eb cil\u00ebn gj\u00eb do t\u00eb nd\u00ebrtoni urat e thyera dhe rrug\u00ebt e prishura, p\u00ebr nj\u00eb t\u00eb ardhme \u00a0m\u00eb t\u00eb bukur dhe m\u00eb fatlume.<\/em>\u00a0<em>Ju bekoft\u00eb, i Madhi Zot! Pa\u00e7i begati dhe nj\u00eb Vit t\u00eb Mbar\u00eb!!!&#8221;<\/em><\/div>\n<div><em>\u00a0<\/em><\/div>\n<div>paraprakish ju jemi miremnjohes.<\/div>\n<div><\/div>\n<div>\n<div>\n<div dir=\"ltr\">\n<div>\n<div dir=\"ltr\"><b><span style=\"color: #ff0000; font-family: comic sans ms,sans-serif;\">K\u00ebshilli Komunal URA Ulqin<\/span><\/b><\/p>\n<div><b><span style=\"color: #ff0000; font-family: comic sans ms,sans-serif;\">Op\u0161tinski Odbor URA Ulcinj<\/span><\/b><\/div>\n<\/div>\n<\/div>\n<\/div>\n<\/div>\n<\/div>\n","protected":false},"excerpt":{"rendered":"<p>&#8221;\u00a0K\u00ebshilli\u00a0 komunal URA Ulqin ju uron \u00a0Krishtlindjen t\u00eb gjith\u00eb besimtareve katolik me fjal\u00ebn e vjet\u00ebr-tradicionale; urime dhe p\u00ebr shum\u00eb mot K\u00ebrsh\u00ebndellat, duke ju d\u00ebshiruar q\u00eb t\u00eb keni dures\u00eb dhe ta edukoni syrin, veshin, goj\u00ebn e zemr\u00ebs. Me t\u00eb cil\u00ebn gj\u00eb do t\u00eb nd\u00ebrtoni urat e thyera dhe rrug\u00ebt e prishura, p\u00ebr nj\u00eb t\u00eb ardhme \u00a0m\u00eb [&hellip;]<\/p>\n","protected":false},"author":1,"featured_media":0,"comment_status":"closed","ping_status":"closed","sticky":false,"template":"","format":"standard","meta":{"spay_email":"","jetpack_publicize_message":"","jetpack_is_tweetstorm":false,"jetpack_publicize_feature_enabled":true},"categories":[1],"tags":[],"jetpack_publicize_connections":[],"yoast_head":"<!-- This site is optimized with the Yoast SEO plugin v19.1 - https:\/\/yoast.com\/wordpress\/plugins\/seo\/ -->\n<title>Urime Krishtlindjet nga K\u00ebshilli Komunal URA Ulqin - Lajme nga Ulqini<\/title>\n<meta name=\"description\" content=\"&#039;&#039;\u00a0K\u00ebshilli\u00a0 komunal URA Ulqin ju uron \u00a0Krishtlindjen t\u00eb gjith\u00eb besimtareve katolik me fjal\u00ebn e vjet\u00ebr-tradicionale; urime dhe p\u00ebr shum\u00eb mot\" \/>\n<meta name=\"robots\" content=\"index, follow, max-snippet:-1, max-image-preview:large, max-video-preview:-1\" \/>\n<link rel=\"canonical\" href=\"https:\/\/www.visit-ulcinj.com\/blog\/2015\/12\/24\/urime-krishtlindjet-nga-keshilli-komunal-ura-ulqin\/\" \/>\n<meta property=\"og:locale\" content=\"en_US\" \/>\n<meta property=\"og:type\" content=\"article\" \/>\n<meta property=\"og:title\" content=\"Urime Krishtlindjet nga K\u00ebshilli Komunal URA Ulqin - Lajme nga Ulqini\" \/>\n<meta property=\"og:description\" content=\"&#039;&#039;\u00a0K\u00ebshilli\u00a0 komunal URA Ulqin ju uron \u00a0Krishtlindjen t\u00eb gjith\u00eb besimtareve katolik me fjal\u00ebn e vjet\u00ebr-tradicionale; urime dhe p\u00ebr shum\u00eb mot\" \/>\n<meta property=\"og:url\" content=\"https:\/\/www.visit-ulcinj.com\/blog\/2015\/12\/24\/urime-krishtlindjet-nga-keshilli-komunal-ura-ulqin\/\" \/>\n<meta property=\"og:site_name\" content=\"Lajme nga Ulqini\" \/>\n<meta property=\"article:published_time\" content=\"2015-12-24T17:25:53+00:00\" \/>\n<meta property=\"article:modified_time\" content=\"2015-12-24T17:45:50+00:00\" \/>\n<meta property=\"og:image\" content=\"http:\/\/www.visit-ulcinj.com\/blog\/wp-content\/uploads\/2015\/12\/Ura-gezuar.jpg\" \/>\n<meta name=\"twitter:label1\" content=\"Written by\" \/>\n\t<meta name=\"twitter:data1\" content=\"ulqini\" \/>\n\t<meta name=\"twitter:label2\" content=\"Est. reading time\" \/>\n\t<meta name=\"twitter:data2\" content=\"1 minute\" \/>\n<script type=\"application\/ld+json\" class=\"yoast-schema-graph\">{\"@context\":\"https:\/\/schema.org\",\"@graph\":[{\"@type\":\"WebSite\",\"@id\":\"https:\/\/www.visit-ulcinj.com\/blog\/#website\",\"url\":\"https:\/\/www.visit-ulcinj.com\/blog\/\",\"name\":\"Lajme nga Ulqini\",\"description\":\"Lajme,Vijesti,Ulqini,Ulqin,Crna Gora,Mali i Zi\",\"potentialAction\":[{\"@type\":\"SearchAction\",\"target\":{\"@type\":\"EntryPoint\",\"urlTemplate\":\"https:\/\/www.visit-ulcinj.com\/blog\/?s={search_term_string}\"},\"query-input\":\"required name=search_term_string\"}],\"inLanguage\":\"en-US\"},{\"@type\":\"ImageObject\",\"inLanguage\":\"en-US\",\"@id\":\"https:\/\/www.visit-ulcinj.com\/blog\/2015\/12\/24\/urime-krishtlindjet-nga-keshilli-komunal-ura-ulqin\/#primaryimage\",\"url\":\"https:\/\/www.visit-ulcinj.com\/blog\/wp-content\/uploads\/2015\/12\/Ura-gezuar.jpg\",\"contentUrl\":\"https:\/\/www.visit-ulcinj.com\/blog\/wp-content\/uploads\/2015\/12\/Ura-gezuar.jpg\",\"width\":1000,\"height\":625},{\"@type\":\"WebPage\",\"@id\":\"https:\/\/www.visit-ulcinj.com\/blog\/2015\/12\/24\/urime-krishtlindjet-nga-keshilli-komunal-ura-ulqin\/#webpage\",\"url\":\"https:\/\/www.visit-ulcinj.com\/blog\/2015\/12\/24\/urime-krishtlindjet-nga-keshilli-komunal-ura-ulqin\/\",\"name\":\"Urime Krishtlindjet nga K\u00ebshilli Komunal URA Ulqin - Lajme nga Ulqini\",\"isPartOf\":{\"@id\":\"https:\/\/www.visit-ulcinj.com\/blog\/#website\"},\"primaryImageOfPage\":{\"@id\":\"https:\/\/www.visit-ulcinj.com\/blog\/2015\/12\/24\/urime-krishtlindjet-nga-keshilli-komunal-ura-ulqin\/#primaryimage\"},\"datePublished\":\"2015-12-24T17:25:53+00:00\",\"dateModified\":\"2015-12-24T17:45:50+00:00\",\"author\":{\"@id\":\"https:\/\/www.visit-ulcinj.com\/blog\/#\/schema\/person\/dcab619c614d3038751c63bc2aadc06d\"},\"description\":\"''\u00a0K\u00ebshilli\u00a0 komunal URA Ulqin ju uron \u00a0Krishtlindjen t\u00eb gjith\u00eb besimtareve katolik me fjal\u00ebn e vjet\u00ebr-tradicionale; urime dhe p\u00ebr shum\u00eb mot\",\"breadcrumb\":{\"@id\":\"https:\/\/www.visit-ulcinj.com\/blog\/2015\/12\/24\/urime-krishtlindjet-nga-keshilli-komunal-ura-ulqin\/#breadcrumb\"},\"inLanguage\":\"en-US\",\"potentialAction\":[{\"@type\":\"ReadAction\",\"target\":[\"https:\/\/www.visit-ulcinj.com\/blog\/2015\/12\/24\/urime-krishtlindjet-nga-keshilli-komunal-ura-ulqin\/\"]}]},{\"@type\":\"BreadcrumbList\",\"@id\":\"https:\/\/www.visit-ulcinj.com\/blog\/2015\/12\/24\/urime-krishtlindjet-nga-keshilli-komunal-ura-ulqin\/#breadcrumb\",\"itemListElement\":[{\"@type\":\"ListItem\",\"position\":1,\"name\":\"Urime Krishtlindjet nga K\u00ebshilli Komunal URA Ulqin\"}]},{\"@type\":\"Person\",\"@id\":\"https:\/\/www.visit-ulcinj.com\/blog\/#\/schema\/person\/dcab619c614d3038751c63bc2aadc06d\",\"name\":\"ulqini\",\"sameAs\":[\"http:\/\/www.visit-ulcinj.com\"],\"url\":\"https:\/\/www.visit-ulcinj.com\/blog\/author\/admin\/\"}]}<\/script>\n<!-- \/ Yoast SEO plugin. -->","yoast_head_json":{"title":"Urime Krishtlindjet nga K\u00ebshilli Komunal URA Ulqin - Lajme nga Ulqini","description":"''\u00a0K\u00ebshilli\u00a0 komunal URA Ulqin ju uron \u00a0Krishtlindjen t\u00eb gjith\u00eb besimtareve katolik me fjal\u00ebn e vjet\u00ebr-tradicionale; urime dhe p\u00ebr shum\u00eb mot","robots":{"index":"index","follow":"follow","max-snippet":"max-snippet:-1","max-image-preview":"max-image-preview:large","max-video-preview":"max-video-preview:-1"},"canonical":"https:\/\/www.visit-ulcinj.com\/blog\/2015\/12\/24\/urime-krishtlindjet-nga-keshilli-komunal-ura-ulqin\/","og_locale":"en_US","og_type":"article","og_title":"Urime Krishtlindjet nga K\u00ebshilli Komunal URA Ulqin - Lajme nga Ulqini","og_description":"''\u00a0K\u00ebshilli\u00a0 komunal URA Ulqin ju uron \u00a0Krishtlindjen t\u00eb gjith\u00eb besimtareve katolik me fjal\u00ebn e vjet\u00ebr-tradicionale; urime dhe p\u00ebr shum\u00eb mot","og_url":"https:\/\/www.visit-ulcinj.com\/blog\/2015\/12\/24\/urime-krishtlindjet-nga-keshilli-komunal-ura-ulqin\/","og_site_name":"Lajme nga Ulqini","article_published_time":"2015-12-24T17:25:53+00:00","article_modified_time":"2015-12-24T17:45:50+00:00","og_image":[{"url":"http:\/\/www.visit-ulcinj.com\/blog\/wp-content\/uploads\/2015\/12\/Ura-gezuar.jpg"}],"twitter_misc":{"Written by":"ulqini","Est. reading time":"1 minute"},"schema":{"@context":"https:\/\/schema.org","@graph":[{"@type":"WebSite","@id":"https:\/\/www.visit-ulcinj.com\/blog\/#website","url":"https:\/\/www.visit-ulcinj.com\/blog\/","name":"Lajme nga Ulqini","description":"Lajme,Vijesti,Ulqini,Ulqin,Crna Gora,Mali i Zi","potentialAction":[{"@type":"SearchAction","target":{"@type":"EntryPoint","urlTemplate":"https:\/\/www.visit-ulcinj.com\/blog\/?s={search_term_string}"},"query-input":"required name=search_term_string"}],"inLanguage":"en-US"},{"@type":"ImageObject","inLanguage":"en-US","@id":"https:\/\/www.visit-ulcinj.com\/blog\/2015\/12\/24\/urime-krishtlindjet-nga-keshilli-komunal-ura-ulqin\/#primaryimage","url":"https:\/\/www.visit-ulcinj.com\/blog\/wp-content\/uploads\/2015\/12\/Ura-gezuar.jpg","contentUrl":"https:\/\/www.visit-ulcinj.com\/blog\/wp-content\/uploads\/2015\/12\/Ura-gezuar.jpg","width":1000,"height":625},{"@type":"WebPage","@id":"https:\/\/www.visit-ulcinj.com\/blog\/2015\/12\/24\/urime-krishtlindjet-nga-keshilli-komunal-ura-ulqin\/#webpage","url":"https:\/\/www.visit-ulcinj.com\/blog\/2015\/12\/24\/urime-krishtlindjet-nga-keshilli-komunal-ura-ulqin\/","name":"Urime Krishtlindjet nga K\u00ebshilli Komunal URA Ulqin - Lajme nga Ulqini","isPartOf":{"@id":"https:\/\/www.visit-ulcinj.com\/blog\/#website"},"primaryImageOfPage":{"@id":"https:\/\/www.visit-ulcinj.com\/blog\/2015\/12\/24\/urime-krishtlindjet-nga-keshilli-komunal-ura-ulqin\/#primaryimage"},"datePublished":"2015-12-24T17:25:53+00:00","dateModified":"2015-12-24T17:45:50+00:00","author":{"@id":"https:\/\/www.visit-ulcinj.com\/blog\/#\/schema\/person\/dcab619c614d3038751c63bc2aadc06d"},"description":"''\u00a0K\u00ebshilli\u00a0 komunal URA Ulqin ju uron \u00a0Krishtlindjen t\u00eb gjith\u00eb besimtareve katolik me fjal\u00ebn e vjet\u00ebr-tradicionale; urime dhe p\u00ebr shum\u00eb mot","breadcrumb":{"@id":"https:\/\/www.visit-ulcinj.com\/blog\/2015\/12\/24\/urime-krishtlindjet-nga-keshilli-komunal-ura-ulqin\/#breadcrumb"},"inLanguage":"en-US","potentialAction":[{"@type":"ReadAction","target":["https:\/\/www.visit-ulcinj.com\/blog\/2015\/12\/24\/urime-krishtlindjet-nga-keshilli-komunal-ura-ulqin\/"]}]},{"@type":"BreadcrumbList","@id":"https:\/\/www.visit-ulcinj.com\/blog\/2015\/12\/24\/urime-krishtlindjet-nga-keshilli-komunal-ura-ulqin\/#breadcrumb","itemListElement":[{"@type":"ListItem","position":1,"name":"Urime Krishtlindjet nga K\u00ebshilli Komunal URA Ulqin"}]},{"@type":"Person","@id":"https:\/\/www.visit-ulcinj.com\/blog\/#\/schema\/person\/dcab619c614d3038751c63bc2aadc06d","name":"ulqini","sameAs":["http:\/\/www.visit-ulcinj.com"],"url":"https:\/\/www.visit-ulcinj.com\/blog\/author\/admin\/"}]}},"jetpack_featured_media_url":"","jetpack_sharing_enabled":true,"jetpack_shortlink":"https:\/\/wp.me\/pe6lTn-ooO","_links":{"self":[{"href":"https:\/\/www.visit-ulcinj.com\/blog\/wp-json\/wp\/v2\/posts\/93794"}],"collection":[{"href":"https:\/\/www.visit-ulcinj.com\/blog\/wp-json\/wp\/v2\/posts"}],"about":[{"href":"https:\/\/www.visit-ulcinj.com\/blog\/wp-json\/wp\/v2\/types\/post"}],"author":[{"embeddable":true,"href":"https:\/\/www.visit-ulcinj.com\/blog\/wp-json\/wp\/v2\/users\/1"}],"replies":[{"embeddable":true,"href":"https:\/\/www.visit-ulcinj.com\/blog\/wp-json\/wp\/v2\/comments?post=93794"}],"version-history":[{"count":2,"href":"https:\/\/www.visit-ulcinj.com\/blog\/wp-json\/wp\/v2\/posts\/93794\/revisions"}],"predecessor-version":[{"id":93797,"href":"https:\/\/www.visit-ulcinj.com\/blog\/wp-json\/wp\/v2\/posts\/93794\/revisions\/93797"}],"wp:attachment":[{"href":"https:\/\/www.visit-ulcinj.com\/blog\/wp-json\/wp\/v2\/media?parent=93794"}],"wp:term":[{"taxonomy":"category","embeddable":true,"href":"https:\/\/www.visit-ulcinj.com\/blog\/wp-json\/wp\/v2\/categories?post=93794"},{"taxonomy":"post_tag","embeddable":true,"href":"https:\/\/www.visit-ulcinj.com\/blog\/wp-json\/wp\/v2\/tags?post=93794"}],"curies":[{"name":"wp","href":"https:\/\/api.w.org\/{rel}","templated":true}]}}