{"id":93801,"date":"2015-12-24T19:39:12","date_gmt":"2015-12-24T18:39:12","guid":{"rendered":"http:\/\/www.visit-ulcinj.com\/blog\/?p=93801"},"modified":"2015-12-24T19:39:12","modified_gmt":"2015-12-24T18:39:12","slug":"mesazhe-urimi-rastin-e-krishtlindjes-nga-forca","status":"publish","type":"post","link":"https:\/\/www.visit-ulcinj.com\/blog\/2015\/12\/24\/mesazhe-urimi-rastin-e-krishtlindjes-nga-forca\/","title":{"rendered":"Mesazhe Urimi me rastin e Krishtlindjes nga FORCA"},"content":{"rendered":"<p><strong><a href=\"http:\/\/www.visit-ulcinj.com\/blog\/wp-content\/uploads\/2012\/12\/Forca-e-re-Gezuar-Krishtlindjet.jpg\"><img loading=\"lazy\" class=\"alignleft wp-image-66897\" src=\"http:\/\/www.visit-ulcinj.com\/blog\/wp-content\/uploads\/2012\/12\/Forca-e-re-Gezuar-Krishtlindjet.jpg\" alt=\"Forca e re - Gezuar Krishtlindjet\" width=\"508\" height=\"381\" srcset=\"https:\/\/www.visit-ulcinj.com\/blog\/wp-content\/uploads\/2012\/12\/Forca-e-re-Gezuar-Krishtlindjet.jpg 500w, https:\/\/www.visit-ulcinj.com\/blog\/wp-content\/uploads\/2012\/12\/Forca-e-re-Gezuar-Krishtlindjet-300x225.jpg 300w\" sizes=\"(max-width: 508px) 100vw, 508px\" \/><\/a>FORCA E RE DEMOKRATIKE<\/strong><\/p>\n<p><strong>MESAZH URIMI ME RASTIN E FEST\u00cbS S\u00cb KRISHTLINDJEVE<\/strong><\/p>\n<p>N\u00eb emrin e <strong>Forc\u00ebs s\u00eb Re Demokratike<\/strong> dhe n\u00eb emrin tim personal, t\u00eb gjith\u00eb besimtar\u00ebve t\u00eb konfesionit katolik u d\u00ebrgojm\u00eb urimet m\u00eb t\u00eb p\u00ebrzem\u00ebrta me rastin e Fest\u00ebs s\u00eb madhe t\u00eb Krishtlindjeve.<\/p>\n<p>Le t\u00eb sh\u00ebrbej\u00eb kjo fest\u00eb p\u00ebr t\u00eb ngritur ndjenjat dhe toleranc\u00ebn n\u00eb mes njer\u00ebzve, p\u00ebr t\u00eb treguar se ne si shqiptar\u00eb kemi vlera dhe virtyte t\u00eb larta shoq\u00ebrore, dhe se jetojm\u00eb n\u00eb paqe e harmoni me nj\u00ebri tjetrin pavarsisht nga p\u00ebrkat\u00ebsia fetare.<\/p>\n<p>Urojm\u00eb q\u00eb kjo fest\u00eb t\u00eb begatoj\u00eb zemrat tuaja, \u00a0dhe t\u00eb sjell bekim dhe sh\u00ebndet n\u00eb familjet e t\u00eb gjith\u00ebve.<\/p>\n<p>G\u00ebzuar dhe p\u00ebr shum\u00eb mot!<\/p>\n<p><strong>Kryetari\u00a0 Nazif Cungu<\/strong><\/p>\n","protected":false},"excerpt":{"rendered":"<p>FORCA E RE DEMOKRATIKE MESAZH URIMI ME RASTIN E FEST\u00cbS S\u00cb KRISHTLINDJEVE N\u00eb emrin e Forc\u00ebs s\u00eb Re Demokratike dhe n\u00eb emrin tim personal, t\u00eb gjith\u00eb besimtar\u00ebve t\u00eb konfesionit katolik u d\u00ebrgojm\u00eb urimet m\u00eb t\u00eb p\u00ebrzem\u00ebrta me rastin e Fest\u00ebs s\u00eb madhe t\u00eb Krishtlindjeve. Le t\u00eb sh\u00ebrbej\u00eb kjo fest\u00eb p\u00ebr t\u00eb ngritur ndjenjat dhe toleranc\u00ebn [&hellip;]<\/p>\n","protected":false},"author":1,"featured_media":0,"comment_status":"closed","ping_status":"closed","sticky":false,"template":"","format":"standard","meta":{"spay_email":"","jetpack_publicize_message":"","jetpack_is_tweetstorm":false,"jetpack_publicize_feature_enabled":true},"categories":[1],"tags":[],"jetpack_publicize_connections":[],"yoast_head":"<!-- This site is optimized with the Yoast SEO plugin v19.1 - https:\/\/yoast.com\/wordpress\/plugins\/seo\/ -->\n<title>Mesazhe Urimi me rastin e Krishtlindjes nga FORCA - Lajme nga Ulqini<\/title>\n<meta name=\"description\" content=\"FORCA E RE DEMOKRATIKE MESAZH URIMI ME RASTIN E FEST\u00cbS S\u00cb KRISHTLINDJEVE N\u00eb emrin e Forc\u00ebs s\u00eb Re Demokratike dhe n\u00eb emrin tim personal, t\u00eb gjith\u00eb\" \/>\n<meta name=\"robots\" content=\"index, follow, max-snippet:-1, max-image-preview:large, max-video-preview:-1\" \/>\n<link rel=\"canonical\" href=\"https:\/\/www.visit-ulcinj.com\/blog\/2015\/12\/24\/mesazhe-urimi-rastin-e-krishtlindjes-nga-forca\/\" \/>\n<meta property=\"og:locale\" content=\"en_US\" \/>\n<meta property=\"og:type\" content=\"article\" \/>\n<meta property=\"og:title\" content=\"Mesazhe Urimi me rastin e Krishtlindjes nga FORCA - Lajme nga Ulqini\" \/>\n<meta property=\"og:description\" content=\"FORCA E RE DEMOKRATIKE MESAZH URIMI ME RASTIN E FEST\u00cbS S\u00cb KRISHTLINDJEVE N\u00eb emrin e Forc\u00ebs s\u00eb Re Demokratike dhe n\u00eb emrin tim personal, t\u00eb gjith\u00eb\" \/>\n<meta property=\"og:url\" content=\"https:\/\/www.visit-ulcinj.com\/blog\/2015\/12\/24\/mesazhe-urimi-rastin-e-krishtlindjes-nga-forca\/\" \/>\n<meta property=\"og:site_name\" content=\"Lajme nga Ulqini\" \/>\n<meta property=\"article:published_time\" content=\"2015-12-24T18:39:12+00:00\" \/>\n<meta property=\"og:image\" content=\"http:\/\/www.visit-ulcinj.com\/blog\/wp-content\/uploads\/2012\/12\/Forca-e-re-Gezuar-Krishtlindjet.jpg\" \/>\n<meta name=\"twitter:label1\" content=\"Written by\" \/>\n\t<meta name=\"twitter:data1\" content=\"ulqini\" \/>\n\t<meta name=\"twitter:label2\" content=\"Est. reading time\" \/>\n\t<meta name=\"twitter:data2\" content=\"1 minute\" \/>\n<script type=\"application\/ld+json\" class=\"yoast-schema-graph\">{\"@context\":\"https:\/\/schema.org\",\"@graph\":[{\"@type\":\"WebSite\",\"@id\":\"https:\/\/www.visit-ulcinj.com\/blog\/#website\",\"url\":\"https:\/\/www.visit-ulcinj.com\/blog\/\",\"name\":\"Lajme nga Ulqini\",\"description\":\"Lajme,Vijesti,Ulqini,Ulqin,Crna Gora,Mali i Zi\",\"potentialAction\":[{\"@type\":\"SearchAction\",\"target\":{\"@type\":\"EntryPoint\",\"urlTemplate\":\"https:\/\/www.visit-ulcinj.com\/blog\/?s={search_term_string}\"},\"query-input\":\"required name=search_term_string\"}],\"inLanguage\":\"en-US\"},{\"@type\":\"ImageObject\",\"inLanguage\":\"en-US\",\"@id\":\"https:\/\/www.visit-ulcinj.com\/blog\/2015\/12\/24\/mesazhe-urimi-rastin-e-krishtlindjes-nga-forca\/#primaryimage\",\"url\":\"https:\/\/www.visit-ulcinj.com\/blog\/wp-content\/uploads\/2012\/12\/Forca-e-re-Gezuar-Krishtlindjet.jpg\",\"contentUrl\":\"https:\/\/www.visit-ulcinj.com\/blog\/wp-content\/uploads\/2012\/12\/Forca-e-re-Gezuar-Krishtlindjet.jpg\",\"width\":500,\"height\":375},{\"@type\":\"WebPage\",\"@id\":\"https:\/\/www.visit-ulcinj.com\/blog\/2015\/12\/24\/mesazhe-urimi-rastin-e-krishtlindjes-nga-forca\/#webpage\",\"url\":\"https:\/\/www.visit-ulcinj.com\/blog\/2015\/12\/24\/mesazhe-urimi-rastin-e-krishtlindjes-nga-forca\/\",\"name\":\"Mesazhe Urimi me rastin e Krishtlindjes nga FORCA - Lajme nga Ulqini\",\"isPartOf\":{\"@id\":\"https:\/\/www.visit-ulcinj.com\/blog\/#website\"},\"primaryImageOfPage\":{\"@id\":\"https:\/\/www.visit-ulcinj.com\/blog\/2015\/12\/24\/mesazhe-urimi-rastin-e-krishtlindjes-nga-forca\/#primaryimage\"},\"datePublished\":\"2015-12-24T18:39:12+00:00\",\"dateModified\":\"2015-12-24T18:39:12+00:00\",\"author\":{\"@id\":\"https:\/\/www.visit-ulcinj.com\/blog\/#\/schema\/person\/dcab619c614d3038751c63bc2aadc06d\"},\"description\":\"FORCA E RE DEMOKRATIKE MESAZH URIMI ME RASTIN E FEST\u00cbS S\u00cb KRISHTLINDJEVE N\u00eb emrin e Forc\u00ebs s\u00eb Re Demokratike dhe n\u00eb emrin tim personal, t\u00eb gjith\u00eb\",\"breadcrumb\":{\"@id\":\"https:\/\/www.visit-ulcinj.com\/blog\/2015\/12\/24\/mesazhe-urimi-rastin-e-krishtlindjes-nga-forca\/#breadcrumb\"},\"inLanguage\":\"en-US\",\"potentialAction\":[{\"@type\":\"ReadAction\",\"target\":[\"https:\/\/www.visit-ulcinj.com\/blog\/2015\/12\/24\/mesazhe-urimi-rastin-e-krishtlindjes-nga-forca\/\"]}]},{\"@type\":\"BreadcrumbList\",\"@id\":\"https:\/\/www.visit-ulcinj.com\/blog\/2015\/12\/24\/mesazhe-urimi-rastin-e-krishtlindjes-nga-forca\/#breadcrumb\",\"itemListElement\":[{\"@type\":\"ListItem\",\"position\":1,\"name\":\"Mesazhe Urimi me rastin e Krishtlindjes nga FORCA\"}]},{\"@type\":\"Person\",\"@id\":\"https:\/\/www.visit-ulcinj.com\/blog\/#\/schema\/person\/dcab619c614d3038751c63bc2aadc06d\",\"name\":\"ulqini\",\"sameAs\":[\"http:\/\/www.visit-ulcinj.com\"],\"url\":\"https:\/\/www.visit-ulcinj.com\/blog\/author\/admin\/\"}]}<\/script>\n<!-- \/ Yoast SEO plugin. -->","yoast_head_json":{"title":"Mesazhe Urimi me rastin e Krishtlindjes nga FORCA - Lajme nga Ulqini","description":"FORCA E RE DEMOKRATIKE MESAZH URIMI ME RASTIN E FEST\u00cbS S\u00cb KRISHTLINDJEVE N\u00eb emrin e Forc\u00ebs s\u00eb Re Demokratike dhe n\u00eb emrin tim personal, t\u00eb gjith\u00eb","robots":{"index":"index","follow":"follow","max-snippet":"max-snippet:-1","max-image-preview":"max-image-preview:large","max-video-preview":"max-video-preview:-1"},"canonical":"https:\/\/www.visit-ulcinj.com\/blog\/2015\/12\/24\/mesazhe-urimi-rastin-e-krishtlindjes-nga-forca\/","og_locale":"en_US","og_type":"article","og_title":"Mesazhe Urimi me rastin e Krishtlindjes nga FORCA - Lajme nga Ulqini","og_description":"FORCA E RE DEMOKRATIKE MESAZH URIMI ME RASTIN E FEST\u00cbS S\u00cb KRISHTLINDJEVE N\u00eb emrin e Forc\u00ebs s\u00eb Re Demokratike dhe n\u00eb emrin tim personal, t\u00eb gjith\u00eb","og_url":"https:\/\/www.visit-ulcinj.com\/blog\/2015\/12\/24\/mesazhe-urimi-rastin-e-krishtlindjes-nga-forca\/","og_site_name":"Lajme nga Ulqini","article_published_time":"2015-12-24T18:39:12+00:00","og_image":[{"url":"http:\/\/www.visit-ulcinj.com\/blog\/wp-content\/uploads\/2012\/12\/Forca-e-re-Gezuar-Krishtlindjet.jpg"}],"twitter_misc":{"Written by":"ulqini","Est. reading time":"1 minute"},"schema":{"@context":"https:\/\/schema.org","@graph":[{"@type":"WebSite","@id":"https:\/\/www.visit-ulcinj.com\/blog\/#website","url":"https:\/\/www.visit-ulcinj.com\/blog\/","name":"Lajme nga Ulqini","description":"Lajme,Vijesti,Ulqini,Ulqin,Crna Gora,Mali i Zi","potentialAction":[{"@type":"SearchAction","target":{"@type":"EntryPoint","urlTemplate":"https:\/\/www.visit-ulcinj.com\/blog\/?s={search_term_string}"},"query-input":"required name=search_term_string"}],"inLanguage":"en-US"},{"@type":"ImageObject","inLanguage":"en-US","@id":"https:\/\/www.visit-ulcinj.com\/blog\/2015\/12\/24\/mesazhe-urimi-rastin-e-krishtlindjes-nga-forca\/#primaryimage","url":"https:\/\/www.visit-ulcinj.com\/blog\/wp-content\/uploads\/2012\/12\/Forca-e-re-Gezuar-Krishtlindjet.jpg","contentUrl":"https:\/\/www.visit-ulcinj.com\/blog\/wp-content\/uploads\/2012\/12\/Forca-e-re-Gezuar-Krishtlindjet.jpg","width":500,"height":375},{"@type":"WebPage","@id":"https:\/\/www.visit-ulcinj.com\/blog\/2015\/12\/24\/mesazhe-urimi-rastin-e-krishtlindjes-nga-forca\/#webpage","url":"https:\/\/www.visit-ulcinj.com\/blog\/2015\/12\/24\/mesazhe-urimi-rastin-e-krishtlindjes-nga-forca\/","name":"Mesazhe Urimi me rastin e Krishtlindjes nga FORCA - Lajme nga Ulqini","isPartOf":{"@id":"https:\/\/www.visit-ulcinj.com\/blog\/#website"},"primaryImageOfPage":{"@id":"https:\/\/www.visit-ulcinj.com\/blog\/2015\/12\/24\/mesazhe-urimi-rastin-e-krishtlindjes-nga-forca\/#primaryimage"},"datePublished":"2015-12-24T18:39:12+00:00","dateModified":"2015-12-24T18:39:12+00:00","author":{"@id":"https:\/\/www.visit-ulcinj.com\/blog\/#\/schema\/person\/dcab619c614d3038751c63bc2aadc06d"},"description":"FORCA E RE DEMOKRATIKE MESAZH URIMI ME RASTIN E FEST\u00cbS S\u00cb KRISHTLINDJEVE N\u00eb emrin e Forc\u00ebs s\u00eb Re Demokratike dhe n\u00eb emrin tim personal, t\u00eb gjith\u00eb","breadcrumb":{"@id":"https:\/\/www.visit-ulcinj.com\/blog\/2015\/12\/24\/mesazhe-urimi-rastin-e-krishtlindjes-nga-forca\/#breadcrumb"},"inLanguage":"en-US","potentialAction":[{"@type":"ReadAction","target":["https:\/\/www.visit-ulcinj.com\/blog\/2015\/12\/24\/mesazhe-urimi-rastin-e-krishtlindjes-nga-forca\/"]}]},{"@type":"BreadcrumbList","@id":"https:\/\/www.visit-ulcinj.com\/blog\/2015\/12\/24\/mesazhe-urimi-rastin-e-krishtlindjes-nga-forca\/#breadcrumb","itemListElement":[{"@type":"ListItem","position":1,"name":"Mesazhe Urimi me rastin e Krishtlindjes nga FORCA"}]},{"@type":"Person","@id":"https:\/\/www.visit-ulcinj.com\/blog\/#\/schema\/person\/dcab619c614d3038751c63bc2aadc06d","name":"ulqini","sameAs":["http:\/\/www.visit-ulcinj.com"],"url":"https:\/\/www.visit-ulcinj.com\/blog\/author\/admin\/"}]}},"jetpack_featured_media_url":"","jetpack_sharing_enabled":true,"jetpack_shortlink":"https:\/\/wp.me\/pe6lTn-ooV","_links":{"self":[{"href":"https:\/\/www.visit-ulcinj.com\/blog\/wp-json\/wp\/v2\/posts\/93801"}],"collection":[{"href":"https:\/\/www.visit-ulcinj.com\/blog\/wp-json\/wp\/v2\/posts"}],"about":[{"href":"https:\/\/www.visit-ulcinj.com\/blog\/wp-json\/wp\/v2\/types\/post"}],"author":[{"embeddable":true,"href":"https:\/\/www.visit-ulcinj.com\/blog\/wp-json\/wp\/v2\/users\/1"}],"replies":[{"embeddable":true,"href":"https:\/\/www.visit-ulcinj.com\/blog\/wp-json\/wp\/v2\/comments?post=93801"}],"version-history":[{"count":1,"href":"https:\/\/www.visit-ulcinj.com\/blog\/wp-json\/wp\/v2\/posts\/93801\/revisions"}],"predecessor-version":[{"id":93802,"href":"https:\/\/www.visit-ulcinj.com\/blog\/wp-json\/wp\/v2\/posts\/93801\/revisions\/93802"}],"wp:attachment":[{"href":"https:\/\/www.visit-ulcinj.com\/blog\/wp-json\/wp\/v2\/media?parent=93801"}],"wp:term":[{"taxonomy":"category","embeddable":true,"href":"https:\/\/www.visit-ulcinj.com\/blog\/wp-json\/wp\/v2\/categories?post=93801"},{"taxonomy":"post_tag","embeddable":true,"href":"https:\/\/www.visit-ulcinj.com\/blog\/wp-json\/wp\/v2\/tags?post=93801"}],"curies":[{"name":"wp","href":"https:\/\/api.w.org\/{rel}","templated":true}]}}