{"id":93803,"date":"2015-12-24T19:53:14","date_gmt":"2015-12-24T18:53:14","guid":{"rendered":"http:\/\/www.visit-ulcinj.com\/blog\/?p=93803"},"modified":"2016-01-04T18:19:51","modified_gmt":"2016-01-04T17:19:51","slug":"nika-kultura-ne-kohe-1985-2005-2015","status":"publish","type":"post","link":"https:\/\/www.visit-ulcinj.com\/blog\/2015\/12\/24\/nika-kultura-ne-kohe-1985-2005-2015\/","title":{"rendered":"Nika: Kultura n\u00eb koh\u00eb ( 1985- 2005 \u2013 2015 )?!"},"content":{"rendered":"<p><strong><em><a href=\"http:\/\/www.visit-ulcinj.com\/blog\/wp-content\/uploads\/2015\/12\/Shtepia-kultures-Ulqin-.jpg\"><img loading=\"lazy\" class=\"alignleft wp-image-93804\" src=\"http:\/\/www.visit-ulcinj.com\/blog\/wp-content\/uploads\/2015\/12\/Shtepia-kultures-Ulqin-.jpg\" alt=\"Shtepia-kultures-Ulqin-\" width=\"508\" height=\"234\" srcset=\"https:\/\/www.visit-ulcinj.com\/blog\/wp-content\/uploads\/2015\/12\/Shtepia-kultures-Ulqin-.jpg 443w, https:\/\/www.visit-ulcinj.com\/blog\/wp-content\/uploads\/2015\/12\/Shtepia-kultures-Ulqin--300x138.jpg 300w\" sizes=\"(max-width: 508px) 100vw, 508px\" \/><\/a>( Fotografi me pak koment&#8230;)<\/em><\/strong><\/p>\n<p><strong><em> Nj\u00eb foto-montim:<\/em><\/strong><\/p>\n<p>Duk\u00eb folur mbr\u00ebm\u00eb n\u00eb p\u00ebrurimin e promovimit t\u00eb librit t\u00eb Fadil Krom\u00ebs- sh\u00ebnimet e nj\u00eb bibliotekisti , drejtori aktual i qendr\u00ebs Nail Draga, pasi e cil\u00ebsoi at\u00eb\u201d si lib\u00ebr q\u00eb e meriton t\u00eb ruhet n\u00eb vitrin\u00ebn e librit\u201d ai foli p\u00ebr disa l\u00ebshime teknike dhe gjuh\u00ebsore&#8230;, kur se n\u00eb fund duke ndar\u00eb dhurat\u00ebn p\u00ebr autorin e librit , nuk mundi t\u00eb l\u00ebr\u00eb (edhe n\u00eb fund fare), Cuf\u00eb Lik\u00ebn, pa e fal\u00ebnderuar p\u00ebr meritat e tij rreth p\u00ebrpunimit t\u00eb fotografive dhe q\u00eb \u201c do t\u00eb jet\u00eb si ndihm\u00eb edhe p\u00ebr t\u00eb ardhm\u00ebn..\u201d<\/p>\n<p>Dhe kjo pastaj na shtoi kureshtjen p\u00ebr t\u00eb gjetur l\u00ebshimet dhe fal\u00ebnderimet eventuale .<\/p>\n<p>Sipas neve , nuk hetuam gabime gramatikore dhe gjuh\u00ebsore, p\u00ebrjashtuar aty k\u00ebtu vet\u00ebm p\u00ebrdorimin e shkronj\u00eb s\u00eb madhe, e sa p\u00ebr fotografit\u00eb , them t\u00eb v\u00ebrtet\u00ebn , i kemi ca dyshime.<\/p>\n<p><strong>Un\u00eb vazhdoj ta dua Fadilin- por m\u00eb shum\u00eb e dua t\u00eb v\u00ebrtet\u00ebn( th\u00ebnie e huazuar, nga Platoni , p\u00ebr Aristotelin..)?!!<\/strong><\/p>\n<p><a href=\"http:\/\/www.visit-ulcinj.com\/blog\/wp-content\/uploads\/2015\/12\/Shtepia-kultures-Ulqin-1.jpg\"><img loading=\"lazy\" class=\"alignleft wp-image-93805\" src=\"http:\/\/www.visit-ulcinj.com\/blog\/wp-content\/uploads\/2015\/12\/Shtepia-kultures-Ulqin-1.jpg\" alt=\"Shtepia-kultures-Ulqin-1\" width=\"508\" height=\"335\" srcset=\"https:\/\/www.visit-ulcinj.com\/blog\/wp-content\/uploads\/2015\/12\/Shtepia-kultures-Ulqin-1.jpg 588w, https:\/\/www.visit-ulcinj.com\/blog\/wp-content\/uploads\/2015\/12\/Shtepia-kultures-Ulqin-1-300x198.jpg 300w\" sizes=\"(max-width: 508px) 100vw, 508px\" \/><\/a><br \/>\n<strong>Qendra e Kultur\u00ebs pamje nga viti 2005- pa mbishkrim dhe pa bandra- ata u hoq\u00ebn nga ne prej hyrjes, sepse p\u00ebrdorimi i flamujve n\u00eb k\u00ebt\u00eb koh\u00eb me ligj ishte i nj\u00ebansh\u00ebm?!!!<\/strong><\/p>\n<p><a href=\"http:\/\/www.visit-ulcinj.com\/blog\/wp-content\/uploads\/2015\/12\/Shtepia-kultures-Ulqin-2.jpg\"><img loading=\"lazy\" class=\"alignleft wp-image-93806\" src=\"http:\/\/www.visit-ulcinj.com\/blog\/wp-content\/uploads\/2015\/12\/Shtepia-kultures-Ulqin-2.jpg\" alt=\"Shtepia-kultures-Ulqin-2\" width=\"508\" height=\"431\" srcset=\"https:\/\/www.visit-ulcinj.com\/blog\/wp-content\/uploads\/2015\/12\/Shtepia-kultures-Ulqin-2.jpg 639w, https:\/\/www.visit-ulcinj.com\/blog\/wp-content\/uploads\/2015\/12\/Shtepia-kultures-Ulqin-2-300x254.jpg 300w\" sizes=\"(max-width: 508px) 100vw, 508px\" \/><\/a><br \/>\n<strong>P\u00ebr \u00e7udi sipas k\u00ebsaj fotografie shohim se edhe n\u00eb vitin 1984 , nuk na pask\u00ebsh qen\u00eb mbi der\u00eb \u2013 mbishkrimi i bibliotek\u00ebs, MIRKOSERZENTI\u0106..po as banderat e flamuajve q\u00eb duken n\u00eb fotografit\u00eb e radh\u00ebs..?!!<\/strong><\/p>\n<p><strong>N\u00eb vend t\u00eb tyre u krijua nj\u00eb mini- kopht , shih m\u00eb posht\u00eb fotografin\u00eb<\/strong><br \/>\n<a href=\"http:\/\/www.visit-ulcinj.com\/blog\/wp-content\/uploads\/2015\/12\/Shtepia-kultures-Ulqin-3.jpg\"><img loading=\"lazy\" class=\"alignleft wp-image-93807\" src=\"http:\/\/www.visit-ulcinj.com\/blog\/wp-content\/uploads\/2015\/12\/Shtepia-kultures-Ulqin-3.jpg\" alt=\"Shtepia-kultures-Ulqin-3\" width=\"508\" height=\"326\" srcset=\"https:\/\/www.visit-ulcinj.com\/blog\/wp-content\/uploads\/2015\/12\/Shtepia-kultures-Ulqin-3.jpg 498w, https:\/\/www.visit-ulcinj.com\/blog\/wp-content\/uploads\/2015\/12\/Shtepia-kultures-Ulqin-3-300x193.jpg 300w\" sizes=\"(max-width: 508px) 100vw, 508px\" \/><\/a><\/p>\n<p><strong>Nd\u00ebrsa Kultura 2015 &#8230;.?!!!!<br \/>\nHer\u00ebn tjet\u00ebr , nj\u00eb krahasim t\u00eb gabimeve gjuh\u00ebsore t\u00eb librit t\u00eb Fadilit dhe t\u00eb Nail Drag\u00ebs- nga faqet e skanuara..?!!!<\/strong><\/p>\n","protected":false},"excerpt":{"rendered":"<p>( Fotografi me pak koment&#8230;) Nj\u00eb foto-montim: Duk\u00eb folur mbr\u00ebm\u00eb n\u00eb p\u00ebrurimin e promovimit t\u00eb librit t\u00eb Fadil Krom\u00ebs- sh\u00ebnimet e nj\u00eb bibliotekisti , drejtori aktual i qendr\u00ebs Nail Draga, pasi e cil\u00ebsoi at\u00eb\u201d si lib\u00ebr q\u00eb e meriton t\u00eb ruhet n\u00eb vitrin\u00ebn e librit\u201d ai foli p\u00ebr disa l\u00ebshime teknike dhe gjuh\u00ebsore&#8230;, kur se [&hellip;]<\/p>\n","protected":false},"author":1,"featured_media":0,"comment_status":"closed","ping_status":"closed","sticky":false,"template":"","format":"standard","meta":{"spay_email":"","jetpack_publicize_message":"","jetpack_is_tweetstorm":false,"jetpack_publicize_feature_enabled":true},"categories":[1,14249],"tags":[],"jetpack_publicize_connections":[],"yoast_head":"<!-- This site is optimized with the Yoast SEO plugin v19.1 - https:\/\/yoast.com\/wordpress\/plugins\/seo\/ -->\n<title>Nika: Kultura n\u00eb koh\u00eb ( 1985- 2005 \u2013 2015 )?! - Lajme nga Ulqini<\/title>\n<meta name=\"description\" content=\"( Fotografi me pak koment...) Nj\u00eb foto-montim: Duk\u00eb folur mbr\u00ebm\u00eb n\u00eb p\u00ebrurimin e promovimit t\u00eb librit t\u00eb Fadil Krom\u00ebs- sh\u00ebnimet e nj\u00eb bibliotekisti ,\" \/>\n<meta name=\"robots\" content=\"index, follow, max-snippet:-1, max-image-preview:large, max-video-preview:-1\" \/>\n<link rel=\"canonical\" href=\"https:\/\/www.visit-ulcinj.com\/blog\/2015\/12\/24\/nika-kultura-ne-kohe-1985-2005-2015\/\" \/>\n<meta property=\"og:locale\" content=\"en_US\" \/>\n<meta property=\"og:type\" content=\"article\" \/>\n<meta property=\"og:title\" content=\"Nika: Kultura n\u00eb koh\u00eb ( 1985- 2005 \u2013 2015 )?! - Lajme nga Ulqini\" \/>\n<meta property=\"og:description\" content=\"( Fotografi me pak koment...) Nj\u00eb foto-montim: Duk\u00eb folur mbr\u00ebm\u00eb n\u00eb p\u00ebrurimin e promovimit t\u00eb librit t\u00eb Fadil Krom\u00ebs- sh\u00ebnimet e nj\u00eb bibliotekisti ,\" \/>\n<meta property=\"og:url\" content=\"https:\/\/www.visit-ulcinj.com\/blog\/2015\/12\/24\/nika-kultura-ne-kohe-1985-2005-2015\/\" \/>\n<meta property=\"og:site_name\" content=\"Lajme nga Ulqini\" \/>\n<meta property=\"article:published_time\" content=\"2015-12-24T18:53:14+00:00\" \/>\n<meta property=\"article:modified_time\" content=\"2016-01-04T17:19:51+00:00\" \/>\n<meta property=\"og:image\" content=\"http:\/\/www.visit-ulcinj.com\/blog\/wp-content\/uploads\/2015\/12\/Shtepia-kultures-Ulqin-.jpg\" \/>\n<meta name=\"twitter:label1\" content=\"Written by\" \/>\n\t<meta name=\"twitter:data1\" content=\"ulqini\" \/>\n\t<meta name=\"twitter:label2\" content=\"Est. reading time\" \/>\n\t<meta name=\"twitter:data2\" content=\"2 minutes\" \/>\n<script type=\"application\/ld+json\" class=\"yoast-schema-graph\">{\"@context\":\"https:\/\/schema.org\",\"@graph\":[{\"@type\":\"WebSite\",\"@id\":\"https:\/\/www.visit-ulcinj.com\/blog\/#website\",\"url\":\"https:\/\/www.visit-ulcinj.com\/blog\/\",\"name\":\"Lajme nga Ulqini\",\"description\":\"Lajme,Vijesti,Ulqini,Ulqin,Crna Gora,Mali i Zi\",\"potentialAction\":[{\"@type\":\"SearchAction\",\"target\":{\"@type\":\"EntryPoint\",\"urlTemplate\":\"https:\/\/www.visit-ulcinj.com\/blog\/?s={search_term_string}\"},\"query-input\":\"required name=search_term_string\"}],\"inLanguage\":\"en-US\"},{\"@type\":\"ImageObject\",\"inLanguage\":\"en-US\",\"@id\":\"https:\/\/www.visit-ulcinj.com\/blog\/2015\/12\/24\/nika-kultura-ne-kohe-1985-2005-2015\/#primaryimage\",\"url\":\"https:\/\/www.visit-ulcinj.com\/blog\/wp-content\/uploads\/2015\/12\/Shtepia-kultures-Ulqin-.jpg\",\"contentUrl\":\"https:\/\/www.visit-ulcinj.com\/blog\/wp-content\/uploads\/2015\/12\/Shtepia-kultures-Ulqin-.jpg\",\"width\":443,\"height\":204},{\"@type\":\"WebPage\",\"@id\":\"https:\/\/www.visit-ulcinj.com\/blog\/2015\/12\/24\/nika-kultura-ne-kohe-1985-2005-2015\/#webpage\",\"url\":\"https:\/\/www.visit-ulcinj.com\/blog\/2015\/12\/24\/nika-kultura-ne-kohe-1985-2005-2015\/\",\"name\":\"Nika: Kultura n\u00eb koh\u00eb ( 1985- 2005 \u2013 2015 )?! - Lajme nga Ulqini\",\"isPartOf\":{\"@id\":\"https:\/\/www.visit-ulcinj.com\/blog\/#website\"},\"primaryImageOfPage\":{\"@id\":\"https:\/\/www.visit-ulcinj.com\/blog\/2015\/12\/24\/nika-kultura-ne-kohe-1985-2005-2015\/#primaryimage\"},\"datePublished\":\"2015-12-24T18:53:14+00:00\",\"dateModified\":\"2016-01-04T17:19:51+00:00\",\"author\":{\"@id\":\"https:\/\/www.visit-ulcinj.com\/blog\/#\/schema\/person\/dcab619c614d3038751c63bc2aadc06d\"},\"description\":\"( Fotografi me pak koment...) Nj\u00eb foto-montim: Duk\u00eb folur mbr\u00ebm\u00eb n\u00eb p\u00ebrurimin e promovimit t\u00eb librit t\u00eb Fadil Krom\u00ebs- sh\u00ebnimet e nj\u00eb bibliotekisti ,\",\"breadcrumb\":{\"@id\":\"https:\/\/www.visit-ulcinj.com\/blog\/2015\/12\/24\/nika-kultura-ne-kohe-1985-2005-2015\/#breadcrumb\"},\"inLanguage\":\"en-US\",\"potentialAction\":[{\"@type\":\"ReadAction\",\"target\":[\"https:\/\/www.visit-ulcinj.com\/blog\/2015\/12\/24\/nika-kultura-ne-kohe-1985-2005-2015\/\"]}]},{\"@type\":\"BreadcrumbList\",\"@id\":\"https:\/\/www.visit-ulcinj.com\/blog\/2015\/12\/24\/nika-kultura-ne-kohe-1985-2005-2015\/#breadcrumb\",\"itemListElement\":[{\"@type\":\"ListItem\",\"position\":1,\"name\":\"Nika: Kultura n\u00eb koh\u00eb ( 1985- 2005 \u2013 2015 )?!\"}]},{\"@type\":\"Person\",\"@id\":\"https:\/\/www.visit-ulcinj.com\/blog\/#\/schema\/person\/dcab619c614d3038751c63bc2aadc06d\",\"name\":\"ulqini\",\"sameAs\":[\"http:\/\/www.visit-ulcinj.com\"],\"url\":\"https:\/\/www.visit-ulcinj.com\/blog\/author\/admin\/\"}]}<\/script>\n<!-- \/ Yoast SEO plugin. -->","yoast_head_json":{"title":"Nika: Kultura n\u00eb koh\u00eb ( 1985- 2005 \u2013 2015 )?! - Lajme nga Ulqini","description":"( Fotografi me pak koment...) Nj\u00eb foto-montim: Duk\u00eb folur mbr\u00ebm\u00eb n\u00eb p\u00ebrurimin e promovimit t\u00eb librit t\u00eb Fadil Krom\u00ebs- sh\u00ebnimet e nj\u00eb bibliotekisti ,","robots":{"index":"index","follow":"follow","max-snippet":"max-snippet:-1","max-image-preview":"max-image-preview:large","max-video-preview":"max-video-preview:-1"},"canonical":"https:\/\/www.visit-ulcinj.com\/blog\/2015\/12\/24\/nika-kultura-ne-kohe-1985-2005-2015\/","og_locale":"en_US","og_type":"article","og_title":"Nika: Kultura n\u00eb koh\u00eb ( 1985- 2005 \u2013 2015 )?! - Lajme nga Ulqini","og_description":"( Fotografi me pak koment...) Nj\u00eb foto-montim: Duk\u00eb folur mbr\u00ebm\u00eb n\u00eb p\u00ebrurimin e promovimit t\u00eb librit t\u00eb Fadil Krom\u00ebs- sh\u00ebnimet e nj\u00eb bibliotekisti ,","og_url":"https:\/\/www.visit-ulcinj.com\/blog\/2015\/12\/24\/nika-kultura-ne-kohe-1985-2005-2015\/","og_site_name":"Lajme nga Ulqini","article_published_time":"2015-12-24T18:53:14+00:00","article_modified_time":"2016-01-04T17:19:51+00:00","og_image":[{"url":"http:\/\/www.visit-ulcinj.com\/blog\/wp-content\/uploads\/2015\/12\/Shtepia-kultures-Ulqin-.jpg"}],"twitter_misc":{"Written by":"ulqini","Est. reading time":"2 minutes"},"schema":{"@context":"https:\/\/schema.org","@graph":[{"@type":"WebSite","@id":"https:\/\/www.visit-ulcinj.com\/blog\/#website","url":"https:\/\/www.visit-ulcinj.com\/blog\/","name":"Lajme nga Ulqini","description":"Lajme,Vijesti,Ulqini,Ulqin,Crna Gora,Mali i Zi","potentialAction":[{"@type":"SearchAction","target":{"@type":"EntryPoint","urlTemplate":"https:\/\/www.visit-ulcinj.com\/blog\/?s={search_term_string}"},"query-input":"required name=search_term_string"}],"inLanguage":"en-US"},{"@type":"ImageObject","inLanguage":"en-US","@id":"https:\/\/www.visit-ulcinj.com\/blog\/2015\/12\/24\/nika-kultura-ne-kohe-1985-2005-2015\/#primaryimage","url":"https:\/\/www.visit-ulcinj.com\/blog\/wp-content\/uploads\/2015\/12\/Shtepia-kultures-Ulqin-.jpg","contentUrl":"https:\/\/www.visit-ulcinj.com\/blog\/wp-content\/uploads\/2015\/12\/Shtepia-kultures-Ulqin-.jpg","width":443,"height":204},{"@type":"WebPage","@id":"https:\/\/www.visit-ulcinj.com\/blog\/2015\/12\/24\/nika-kultura-ne-kohe-1985-2005-2015\/#webpage","url":"https:\/\/www.visit-ulcinj.com\/blog\/2015\/12\/24\/nika-kultura-ne-kohe-1985-2005-2015\/","name":"Nika: Kultura n\u00eb koh\u00eb ( 1985- 2005 \u2013 2015 )?! - Lajme nga Ulqini","isPartOf":{"@id":"https:\/\/www.visit-ulcinj.com\/blog\/#website"},"primaryImageOfPage":{"@id":"https:\/\/www.visit-ulcinj.com\/blog\/2015\/12\/24\/nika-kultura-ne-kohe-1985-2005-2015\/#primaryimage"},"datePublished":"2015-12-24T18:53:14+00:00","dateModified":"2016-01-04T17:19:51+00:00","author":{"@id":"https:\/\/www.visit-ulcinj.com\/blog\/#\/schema\/person\/dcab619c614d3038751c63bc2aadc06d"},"description":"( Fotografi me pak koment...) Nj\u00eb foto-montim: Duk\u00eb folur mbr\u00ebm\u00eb n\u00eb p\u00ebrurimin e promovimit t\u00eb librit t\u00eb Fadil Krom\u00ebs- sh\u00ebnimet e nj\u00eb bibliotekisti ,","breadcrumb":{"@id":"https:\/\/www.visit-ulcinj.com\/blog\/2015\/12\/24\/nika-kultura-ne-kohe-1985-2005-2015\/#breadcrumb"},"inLanguage":"en-US","potentialAction":[{"@type":"ReadAction","target":["https:\/\/www.visit-ulcinj.com\/blog\/2015\/12\/24\/nika-kultura-ne-kohe-1985-2005-2015\/"]}]},{"@type":"BreadcrumbList","@id":"https:\/\/www.visit-ulcinj.com\/blog\/2015\/12\/24\/nika-kultura-ne-kohe-1985-2005-2015\/#breadcrumb","itemListElement":[{"@type":"ListItem","position":1,"name":"Nika: Kultura n\u00eb koh\u00eb ( 1985- 2005 \u2013 2015 )?!"}]},{"@type":"Person","@id":"https:\/\/www.visit-ulcinj.com\/blog\/#\/schema\/person\/dcab619c614d3038751c63bc2aadc06d","name":"ulqini","sameAs":["http:\/\/www.visit-ulcinj.com"],"url":"https:\/\/www.visit-ulcinj.com\/blog\/author\/admin\/"}]}},"jetpack_featured_media_url":"","jetpack_sharing_enabled":true,"jetpack_shortlink":"https:\/\/wp.me\/pe6lTn-ooX","_links":{"self":[{"href":"https:\/\/www.visit-ulcinj.com\/blog\/wp-json\/wp\/v2\/posts\/93803"}],"collection":[{"href":"https:\/\/www.visit-ulcinj.com\/blog\/wp-json\/wp\/v2\/posts"}],"about":[{"href":"https:\/\/www.visit-ulcinj.com\/blog\/wp-json\/wp\/v2\/types\/post"}],"author":[{"embeddable":true,"href":"https:\/\/www.visit-ulcinj.com\/blog\/wp-json\/wp\/v2\/users\/1"}],"replies":[{"embeddable":true,"href":"https:\/\/www.visit-ulcinj.com\/blog\/wp-json\/wp\/v2\/comments?post=93803"}],"version-history":[{"count":1,"href":"https:\/\/www.visit-ulcinj.com\/blog\/wp-json\/wp\/v2\/posts\/93803\/revisions"}],"predecessor-version":[{"id":93808,"href":"https:\/\/www.visit-ulcinj.com\/blog\/wp-json\/wp\/v2\/posts\/93803\/revisions\/93808"}],"wp:attachment":[{"href":"https:\/\/www.visit-ulcinj.com\/blog\/wp-json\/wp\/v2\/media?parent=93803"}],"wp:term":[{"taxonomy":"category","embeddable":true,"href":"https:\/\/www.visit-ulcinj.com\/blog\/wp-json\/wp\/v2\/categories?post=93803"},{"taxonomy":"post_tag","embeddable":true,"href":"https:\/\/www.visit-ulcinj.com\/blog\/wp-json\/wp\/v2\/tags?post=93803"}],"curies":[{"name":"wp","href":"https:\/\/api.w.org\/{rel}","templated":true}]}}