{"id":93812,"date":"2015-12-24T20:15:29","date_gmt":"2015-12-24T19:15:29","guid":{"rendered":"http:\/\/www.visit-ulcinj.com\/blog\/?p=93812"},"modified":"2015-12-26T15:04:42","modified_gmt":"2015-12-26T14:04:42","slug":"porosia-e-partise-demokratike-askush-nuk-ka-dobi-nga-cungu","status":"publish","type":"post","link":"https:\/\/www.visit-ulcinj.com\/blog\/2015\/12\/24\/porosia-e-partise-demokratike-askush-nuk-ka-dobi-nga-cungu\/","title":{"rendered":"Porosia e Partis\u00eb Demokratike: Askush nuk ka dobi nga Cungu"},"content":{"rendered":"<p><a href=\"http:\/\/www.visit-ulcinj.com\/blog\/wp-content\/uploads\/2015\/12\/Partia-demokratike-ulqin.jpg\"><img loading=\"lazy\" class=\"alignleft wp-image-93813\" src=\"http:\/\/www.visit-ulcinj.com\/blog\/wp-content\/uploads\/2015\/12\/Partia-demokratike-ulqin.jpg\" alt=\"Partia-demokratike-ulqin\" width=\"508\" height=\"338\" srcset=\"https:\/\/www.visit-ulcinj.com\/blog\/wp-content\/uploads\/2015\/12\/Partia-demokratike-ulqin.jpg 800w, https:\/\/www.visit-ulcinj.com\/blog\/wp-content\/uploads\/2015\/12\/Partia-demokratike-ulqin-300x200.jpg 300w\" sizes=\"(max-width: 508px) 100vw, 508px\" \/><\/a>Kurrfar\u00eb m\u00ebsimi politik Forca nuk ka treguar gjat\u00eb verprimeve t\u00eb saja politike. Vet\u00ebm bredhje nga Medojeviqi deri tek debakli i plot\u00eb. Sepse vet\u00ebm atyre i ka shkuar p\u00ebr dore t\u00eb defaktorizojn\u00eb shqiptar\u00ebt n\u00eb Mal t\u00eb Zi, ti grindin dhe ti ndajn\u00eb e n\u00eb t\u00eb nj\u00ebjt\u00ebn koh\u00eb me vot\u00ebn e tyre t\u00eb forcojn\u00eb komunitet tjera nacionale, raporton portali Ul.Info.<\/p>\n<p>Ky subjekt politik menjiher\u00eb pas zgjedhjeve ka harruar q\u00eb shqiptar\u00ebt jan\u00eb komunitet i ve\u00e7ant\u00eb i cili dallohet p\u00ebr kultur\u00ebn dhe gjuh\u00ebn dhe ka k\u00ebrkesa dhe interesa t\u00eb ve\u00e7anta, por zyrtar\u00ebt e Forc\u00ebs t\u00eb gjitha k\u00ebto i injorojn\u00eb p\u00ebr interesat e tyre personale.<\/p>\n<p>Edhe k\u00ebto dit\u00eb vazhdohet me t\u00eb njejt\u00ebn praktik, edhe pasi me zi na shkoi p\u00ebr dore q\u00eb ti ulim n\u00eb tryez\u00eb t\u00eb p\u00ebrbashk\u00ebt p\u00ebr hartimin e platform\u00ebs p\u00ebr shqiptar\u00ebt. E dime q\u00eb n\u00eb t\u00eb njejt\u00ebn tryez\u00eb jan\u00eb kund\u00ebr vullnetit tyre, gj\u00eb q\u00eb shihet dhe nga fytyra e liderit t\u00eb Forc\u00ebs i cili provon q\u00eb me ndihm\u00ebn e pakicave t\u00eb tjera t\u00eb b\u00ebj p\u00ebr vehte DPS-in q\u00eb ta instalojn\u00eb n\u00eb funkcionin e kryetarit t\u00eb komun\u00ebs s\u00eb Ulqinit.<br \/>\nKjo ka qen\u00eb e pritur nga nj\u00eb pseudopolitikan i d\u00ebshtuar n\u00eb karrier\u00eb, nga nj\u00eb individ q\u00eb mjell far\u00ebn e p\u00ebr\u00e7arjes, q\u00eb p\u00ebrhap mjegull\u00ebn e dezinformat\u00ebs dhe g\u00ebnjeshtr\u00ebs.<br \/>\nAi harron se froni merret vet\u00ebm me vepra konkrete, me pun\u00eb, ndershm\u00ebri e me p\u00ebrkrahje masovike, e prej k\u00ebtyre virtyteve atij si ka mbetur asnj\u00ebra. Njer\u00ebz t\u00eb till\u00eb q\u00eb luftojne vet\u00ebm p\u00ebr vehten gjithandej jan\u00eb t\u00eb urryer dhe t\u00eb refuzuar. K\u00ebt\u00eb mesiguri q\u00eb do ta kuptojn\u00eb edhe ata q\u00eb po tentojn\u00eb p\u00ebr ti dh\u00ebn\u00eb p\u00ebrkrahje.<br \/>\nKarriera e tij tregon se prej tij nuk ka dobi askush!<\/p>\n","protected":false},"excerpt":{"rendered":"<p>Kurrfar\u00eb m\u00ebsimi politik Forca nuk ka treguar gjat\u00eb verprimeve t\u00eb saja politike. Vet\u00ebm bredhje nga Medojeviqi deri tek debakli i plot\u00eb. Sepse vet\u00ebm atyre i ka shkuar p\u00ebr dore t\u00eb defaktorizojn\u00eb shqiptar\u00ebt n\u00eb Mal t\u00eb Zi, ti grindin dhe ti ndajn\u00eb e n\u00eb t\u00eb nj\u00ebjt\u00ebn koh\u00eb me vot\u00ebn e tyre t\u00eb forcojn\u00eb komunitet tjera nacionale, [&hellip;]<\/p>\n","protected":false},"author":1,"featured_media":0,"comment_status":"closed","ping_status":"closed","sticky":false,"template":"","format":"standard","meta":{"spay_email":"","jetpack_publicize_message":"","jetpack_is_tweetstorm":false,"jetpack_publicize_feature_enabled":true},"categories":[13],"tags":[],"jetpack_publicize_connections":[],"yoast_head":"<!-- This site is optimized with the Yoast SEO plugin v19.1 - https:\/\/yoast.com\/wordpress\/plugins\/seo\/ -->\n<title>Porosia e Partis\u00eb Demokratike: Askush nuk ka dobi nga Cungu - Lajme nga Ulqini<\/title>\n<meta name=\"description\" content=\"Kurrfar\u00eb m\u00ebsimi politik Forca nuk ka treguar gjat\u00eb verprimeve t\u00eb saja politike. Vet\u00ebm bredhje nga Medojeviqi deri tek debakli i plot\u00eb. Sepse vet\u00ebm atyre i\" \/>\n<meta name=\"robots\" content=\"index, follow, max-snippet:-1, max-image-preview:large, max-video-preview:-1\" \/>\n<link rel=\"canonical\" href=\"https:\/\/www.visit-ulcinj.com\/blog\/2015\/12\/24\/porosia-e-partise-demokratike-askush-nuk-ka-dobi-nga-cungu\/\" \/>\n<meta property=\"og:locale\" content=\"en_US\" \/>\n<meta property=\"og:type\" content=\"article\" \/>\n<meta property=\"og:title\" content=\"Porosia e Partis\u00eb Demokratike: Askush nuk ka dobi nga Cungu - Lajme nga Ulqini\" \/>\n<meta property=\"og:description\" content=\"Kurrfar\u00eb m\u00ebsimi politik Forca nuk ka treguar gjat\u00eb verprimeve t\u00eb saja politike. Vet\u00ebm bredhje nga Medojeviqi deri tek debakli i plot\u00eb. Sepse vet\u00ebm atyre i\" \/>\n<meta property=\"og:url\" content=\"https:\/\/www.visit-ulcinj.com\/blog\/2015\/12\/24\/porosia-e-partise-demokratike-askush-nuk-ka-dobi-nga-cungu\/\" \/>\n<meta property=\"og:site_name\" content=\"Lajme nga Ulqini\" \/>\n<meta property=\"article:published_time\" content=\"2015-12-24T19:15:29+00:00\" \/>\n<meta property=\"article:modified_time\" content=\"2015-12-26T14:04:42+00:00\" \/>\n<meta property=\"og:image\" content=\"http:\/\/www.visit-ulcinj.com\/blog\/wp-content\/uploads\/2015\/12\/Partia-demokratike-ulqin.jpg\" \/>\n<meta name=\"twitter:label1\" content=\"Written by\" \/>\n\t<meta name=\"twitter:data1\" content=\"ulqini\" \/>\n\t<meta name=\"twitter:label2\" content=\"Est. reading time\" \/>\n\t<meta name=\"twitter:data2\" content=\"2 minutes\" \/>\n<script type=\"application\/ld+json\" class=\"yoast-schema-graph\">{\"@context\":\"https:\/\/schema.org\",\"@graph\":[{\"@type\":\"WebSite\",\"@id\":\"https:\/\/www.visit-ulcinj.com\/blog\/#website\",\"url\":\"https:\/\/www.visit-ulcinj.com\/blog\/\",\"name\":\"Lajme nga Ulqini\",\"description\":\"Lajme,Vijesti,Ulqini,Ulqin,Crna Gora,Mali i Zi\",\"potentialAction\":[{\"@type\":\"SearchAction\",\"target\":{\"@type\":\"EntryPoint\",\"urlTemplate\":\"https:\/\/www.visit-ulcinj.com\/blog\/?s={search_term_string}\"},\"query-input\":\"required name=search_term_string\"}],\"inLanguage\":\"en-US\"},{\"@type\":\"ImageObject\",\"inLanguage\":\"en-US\",\"@id\":\"https:\/\/www.visit-ulcinj.com\/blog\/2015\/12\/24\/porosia-e-partise-demokratike-askush-nuk-ka-dobi-nga-cungu\/#primaryimage\",\"url\":\"https:\/\/www.visit-ulcinj.com\/blog\/wp-content\/uploads\/2015\/12\/Partia-demokratike-ulqin.jpg\",\"contentUrl\":\"https:\/\/www.visit-ulcinj.com\/blog\/wp-content\/uploads\/2015\/12\/Partia-demokratike-ulqin.jpg\",\"width\":800,\"height\":533},{\"@type\":\"WebPage\",\"@id\":\"https:\/\/www.visit-ulcinj.com\/blog\/2015\/12\/24\/porosia-e-partise-demokratike-askush-nuk-ka-dobi-nga-cungu\/#webpage\",\"url\":\"https:\/\/www.visit-ulcinj.com\/blog\/2015\/12\/24\/porosia-e-partise-demokratike-askush-nuk-ka-dobi-nga-cungu\/\",\"name\":\"Porosia e Partis\u00eb Demokratike: Askush nuk ka dobi nga Cungu - Lajme nga Ulqini\",\"isPartOf\":{\"@id\":\"https:\/\/www.visit-ulcinj.com\/blog\/#website\"},\"primaryImageOfPage\":{\"@id\":\"https:\/\/www.visit-ulcinj.com\/blog\/2015\/12\/24\/porosia-e-partise-demokratike-askush-nuk-ka-dobi-nga-cungu\/#primaryimage\"},\"datePublished\":\"2015-12-24T19:15:29+00:00\",\"dateModified\":\"2015-12-26T14:04:42+00:00\",\"author\":{\"@id\":\"https:\/\/www.visit-ulcinj.com\/blog\/#\/schema\/person\/dcab619c614d3038751c63bc2aadc06d\"},\"description\":\"Kurrfar\u00eb m\u00ebsimi politik Forca nuk ka treguar gjat\u00eb verprimeve t\u00eb saja politike. Vet\u00ebm bredhje nga Medojeviqi deri tek debakli i plot\u00eb. Sepse vet\u00ebm atyre i\",\"breadcrumb\":{\"@id\":\"https:\/\/www.visit-ulcinj.com\/blog\/2015\/12\/24\/porosia-e-partise-demokratike-askush-nuk-ka-dobi-nga-cungu\/#breadcrumb\"},\"inLanguage\":\"en-US\",\"potentialAction\":[{\"@type\":\"ReadAction\",\"target\":[\"https:\/\/www.visit-ulcinj.com\/blog\/2015\/12\/24\/porosia-e-partise-demokratike-askush-nuk-ka-dobi-nga-cungu\/\"]}]},{\"@type\":\"BreadcrumbList\",\"@id\":\"https:\/\/www.visit-ulcinj.com\/blog\/2015\/12\/24\/porosia-e-partise-demokratike-askush-nuk-ka-dobi-nga-cungu\/#breadcrumb\",\"itemListElement\":[{\"@type\":\"ListItem\",\"position\":1,\"name\":\"Porosia e Partis\u00eb Demokratike: Askush nuk ka dobi nga Cungu\"}]},{\"@type\":\"Person\",\"@id\":\"https:\/\/www.visit-ulcinj.com\/blog\/#\/schema\/person\/dcab619c614d3038751c63bc2aadc06d\",\"name\":\"ulqini\",\"sameAs\":[\"http:\/\/www.visit-ulcinj.com\"],\"url\":\"https:\/\/www.visit-ulcinj.com\/blog\/author\/admin\/\"}]}<\/script>\n<!-- \/ Yoast SEO plugin. -->","yoast_head_json":{"title":"Porosia e Partis\u00eb Demokratike: Askush nuk ka dobi nga Cungu - Lajme nga Ulqini","description":"Kurrfar\u00eb m\u00ebsimi politik Forca nuk ka treguar gjat\u00eb verprimeve t\u00eb saja politike. Vet\u00ebm bredhje nga Medojeviqi deri tek debakli i plot\u00eb. Sepse vet\u00ebm atyre i","robots":{"index":"index","follow":"follow","max-snippet":"max-snippet:-1","max-image-preview":"max-image-preview:large","max-video-preview":"max-video-preview:-1"},"canonical":"https:\/\/www.visit-ulcinj.com\/blog\/2015\/12\/24\/porosia-e-partise-demokratike-askush-nuk-ka-dobi-nga-cungu\/","og_locale":"en_US","og_type":"article","og_title":"Porosia e Partis\u00eb Demokratike: Askush nuk ka dobi nga Cungu - Lajme nga Ulqini","og_description":"Kurrfar\u00eb m\u00ebsimi politik Forca nuk ka treguar gjat\u00eb verprimeve t\u00eb saja politike. Vet\u00ebm bredhje nga Medojeviqi deri tek debakli i plot\u00eb. Sepse vet\u00ebm atyre i","og_url":"https:\/\/www.visit-ulcinj.com\/blog\/2015\/12\/24\/porosia-e-partise-demokratike-askush-nuk-ka-dobi-nga-cungu\/","og_site_name":"Lajme nga Ulqini","article_published_time":"2015-12-24T19:15:29+00:00","article_modified_time":"2015-12-26T14:04:42+00:00","og_image":[{"url":"http:\/\/www.visit-ulcinj.com\/blog\/wp-content\/uploads\/2015\/12\/Partia-demokratike-ulqin.jpg"}],"twitter_misc":{"Written by":"ulqini","Est. reading time":"2 minutes"},"schema":{"@context":"https:\/\/schema.org","@graph":[{"@type":"WebSite","@id":"https:\/\/www.visit-ulcinj.com\/blog\/#website","url":"https:\/\/www.visit-ulcinj.com\/blog\/","name":"Lajme nga Ulqini","description":"Lajme,Vijesti,Ulqini,Ulqin,Crna Gora,Mali i Zi","potentialAction":[{"@type":"SearchAction","target":{"@type":"EntryPoint","urlTemplate":"https:\/\/www.visit-ulcinj.com\/blog\/?s={search_term_string}"},"query-input":"required name=search_term_string"}],"inLanguage":"en-US"},{"@type":"ImageObject","inLanguage":"en-US","@id":"https:\/\/www.visit-ulcinj.com\/blog\/2015\/12\/24\/porosia-e-partise-demokratike-askush-nuk-ka-dobi-nga-cungu\/#primaryimage","url":"https:\/\/www.visit-ulcinj.com\/blog\/wp-content\/uploads\/2015\/12\/Partia-demokratike-ulqin.jpg","contentUrl":"https:\/\/www.visit-ulcinj.com\/blog\/wp-content\/uploads\/2015\/12\/Partia-demokratike-ulqin.jpg","width":800,"height":533},{"@type":"WebPage","@id":"https:\/\/www.visit-ulcinj.com\/blog\/2015\/12\/24\/porosia-e-partise-demokratike-askush-nuk-ka-dobi-nga-cungu\/#webpage","url":"https:\/\/www.visit-ulcinj.com\/blog\/2015\/12\/24\/porosia-e-partise-demokratike-askush-nuk-ka-dobi-nga-cungu\/","name":"Porosia e Partis\u00eb Demokratike: Askush nuk ka dobi nga Cungu - Lajme nga Ulqini","isPartOf":{"@id":"https:\/\/www.visit-ulcinj.com\/blog\/#website"},"primaryImageOfPage":{"@id":"https:\/\/www.visit-ulcinj.com\/blog\/2015\/12\/24\/porosia-e-partise-demokratike-askush-nuk-ka-dobi-nga-cungu\/#primaryimage"},"datePublished":"2015-12-24T19:15:29+00:00","dateModified":"2015-12-26T14:04:42+00:00","author":{"@id":"https:\/\/www.visit-ulcinj.com\/blog\/#\/schema\/person\/dcab619c614d3038751c63bc2aadc06d"},"description":"Kurrfar\u00eb m\u00ebsimi politik Forca nuk ka treguar gjat\u00eb verprimeve t\u00eb saja politike. Vet\u00ebm bredhje nga Medojeviqi deri tek debakli i plot\u00eb. Sepse vet\u00ebm atyre i","breadcrumb":{"@id":"https:\/\/www.visit-ulcinj.com\/blog\/2015\/12\/24\/porosia-e-partise-demokratike-askush-nuk-ka-dobi-nga-cungu\/#breadcrumb"},"inLanguage":"en-US","potentialAction":[{"@type":"ReadAction","target":["https:\/\/www.visit-ulcinj.com\/blog\/2015\/12\/24\/porosia-e-partise-demokratike-askush-nuk-ka-dobi-nga-cungu\/"]}]},{"@type":"BreadcrumbList","@id":"https:\/\/www.visit-ulcinj.com\/blog\/2015\/12\/24\/porosia-e-partise-demokratike-askush-nuk-ka-dobi-nga-cungu\/#breadcrumb","itemListElement":[{"@type":"ListItem","position":1,"name":"Porosia e Partis\u00eb Demokratike: Askush nuk ka dobi nga Cungu"}]},{"@type":"Person","@id":"https:\/\/www.visit-ulcinj.com\/blog\/#\/schema\/person\/dcab619c614d3038751c63bc2aadc06d","name":"ulqini","sameAs":["http:\/\/www.visit-ulcinj.com"],"url":"https:\/\/www.visit-ulcinj.com\/blog\/author\/admin\/"}]}},"jetpack_featured_media_url":"","jetpack_sharing_enabled":true,"jetpack_shortlink":"https:\/\/wp.me\/pe6lTn-op6","_links":{"self":[{"href":"https:\/\/www.visit-ulcinj.com\/blog\/wp-json\/wp\/v2\/posts\/93812"}],"collection":[{"href":"https:\/\/www.visit-ulcinj.com\/blog\/wp-json\/wp\/v2\/posts"}],"about":[{"href":"https:\/\/www.visit-ulcinj.com\/blog\/wp-json\/wp\/v2\/types\/post"}],"author":[{"embeddable":true,"href":"https:\/\/www.visit-ulcinj.com\/blog\/wp-json\/wp\/v2\/users\/1"}],"replies":[{"embeddable":true,"href":"https:\/\/www.visit-ulcinj.com\/blog\/wp-json\/wp\/v2\/comments?post=93812"}],"version-history":[{"count":1,"href":"https:\/\/www.visit-ulcinj.com\/blog\/wp-json\/wp\/v2\/posts\/93812\/revisions"}],"predecessor-version":[{"id":93814,"href":"https:\/\/www.visit-ulcinj.com\/blog\/wp-json\/wp\/v2\/posts\/93812\/revisions\/93814"}],"wp:attachment":[{"href":"https:\/\/www.visit-ulcinj.com\/blog\/wp-json\/wp\/v2\/media?parent=93812"}],"wp:term":[{"taxonomy":"category","embeddable":true,"href":"https:\/\/www.visit-ulcinj.com\/blog\/wp-json\/wp\/v2\/categories?post=93812"},{"taxonomy":"post_tag","embeddable":true,"href":"https:\/\/www.visit-ulcinj.com\/blog\/wp-json\/wp\/v2\/tags?post=93812"}],"curies":[{"name":"wp","href":"https:\/\/api.w.org\/{rel}","templated":true}]}}