{"id":93815,"date":"2015-12-25T07:17:03","date_gmt":"2015-12-25T06:17:03","guid":{"rendered":"http:\/\/www.visit-ulcinj.com\/blog\/?p=93815"},"modified":"2015-12-25T07:17:03","modified_gmt":"2015-12-25T06:17:03","slug":"nika-perse-duhet-te-shperndahet-kuvendi-ulqinit","status":"publish","type":"post","link":"https:\/\/www.visit-ulcinj.com\/blog\/2015\/12\/25\/nika-perse-duhet-te-shperndahet-kuvendi-ulqinit\/","title":{"rendered":"Nika: P\u00ebrse duhet t\u00eb shp\u00ebrndahet kuvendi i Ulqinit?!"},"content":{"rendered":"<p><strong><a href=\"http:\/\/www.visit-ulcinj.com\/blog\/wp-content\/uploads\/2014\/03\/muhamet-nika.jpg\"><img loading=\"lazy\" class=\"alignleft wp-image-81041 size-medium\" src=\"http:\/\/www.visit-ulcinj.com\/blog\/wp-content\/uploads\/2014\/03\/muhamet-nika-300x190.jpg\" alt=\"muhamet-nika\" width=\"300\" height=\"190\" srcset=\"https:\/\/www.visit-ulcinj.com\/blog\/wp-content\/uploads\/2014\/03\/muhamet-nika-300x190.jpg 300w, https:\/\/www.visit-ulcinj.com\/blog\/wp-content\/uploads\/2014\/03\/muhamet-nika.jpg 389w\" sizes=\"(max-width: 300px) 100vw, 300px\" \/><\/a>Muhamet Nika<\/strong><\/p>\n<p>Ka shum\u00eb arsye p\u00ebrse duhet t\u00eb ndodh\u00eb kjo, por arsyeja fillestare \u00ebsht\u00eb se kuvendi me tempon dhe dinamizmit e pun\u00ebs s\u00eb vet nuk \u00ebsht\u00eb duke punuar fare dhe nuk \u00ebsht\u00eb duke realizuar pikat t\u00eb cilat ia propozon kryetari i kuvendit me k\u00ebrkes\u00eb t\u00eb ekzekutivit. Pastaj ndodh\u00eb edhe kjo q\u00eb , edhe n\u00ebse ia kandidon pikat , at\u00ebher\u00eb pasi i v\u00eb n\u00eb rend t\u00eb dit\u00ebs, nuk hap\u00eb debat\u00eb p\u00ebr t\u00eb tillat dhe i qet n\u00eb harres\u00eb .<\/p>\n<p>Kuptohet n\u00ebse nuk u p\u00ebrshtaten bosave politik\u00eb t\u00eb Forc\u00ebs&#8230;?! Kjo \u00ebsht\u00eb nj\u00eb dhunim i ligjit \u2013 p\u00ebr t\u00eb cil\u00ebn gj\u00eb disa koleg\u00eb nga udh\u00ebheqjet tjera komunale, moti jan\u00eb &#8211; \u201c KU PJERDHIN KOLT\u00cb\u201d&#8230;, e nuk do t\u00eb ishte keq si kur t\u00eb shoq\u00ebroheshin atje nga tan\u00eb , sepse do t\u2019i kishin- pa dyshim cimera t\u00eb mir\u00eb?!<\/p>\n<p>Si njoh\u00ebs i mir\u00eb i k\u00ebtij problemi , kategoria ligjore statutare dhe me rregullore t\u00eb kuvendit- Kuvendi nuk mund t\u00eb heq nga rendi i dit\u00ebs \u2013 pa debat\u00eb nj\u00eb pik\u00eb p\u00ebr t\u00eb cil\u00ebn \u00ebsht\u00eb votuar nj\u00ebher\u00eb q\u00eb t\u00eb hyj\u00eb n\u00eb rend t\u00eb dit\u00ebs. Dhe k\u00ebshtu kemi rastin q\u00eb nga 20 e sa pikat e kandiduara nga kryetari Gjeka, ata edhe pse kandidohen , nuk arrijn\u00eb kurr\u00eb n\u00eb rend t\u00eb dit\u00ebs dhe kuptohet se me k\u00ebt\u00eb cenohen t\u00eb drejtat kushtetuese t\u00eb qytetar\u00ebve t\u00eb cil\u00ebt presin realizimin e tyre.<\/p>\n<p>Tjet\u00ebr n\u00eb mbledhjen e nisur e t\u00eb nd\u00ebrprer\u00eb&#8230;, gjith\u00eb ashtu u konstatua nga kryetari Gjeka , q\u00eb ai n\u00eb pun\u00ebn e tij \u00ebsht\u00eb kah sabotohet edhe me zvarritjen e kandidimit t\u00eb buxhetit t\u00eb vitit 20016, \u00e7ka me t\u00eb drejt\u00eb k\u00ebshilltari i SNP-s\u00eb \u2013 Andrija Qetkoviq, ceku q\u00eb n\u00ebse q\u00ebndron konstatim, at\u00ebher\u00eb duhet t\u00eb k\u00ebrkohet vot\u00ebbesimi i kryetarit t\u00eb kuvendit , p\u00ebr t\u00eb zhbllokuar pun\u00ebn.<\/p>\n<p>Pohojm\u00eb q\u00eb p\u00ebrve\u00e7 minimit t\u00eb planit t\u00eb sanimit t\u00eb gjendjes financiare , nga \u201d opstruksionet \u201c- Kuvendi , do ta p\u00ebsoj\u00eb nga k\u00ebrkesat radikaliste t\u00eb sindikatit q\u00eb jan\u00eb paralajm\u00ebruar sepse me filozofin\u00eb dhe mos pun\u00ebn e vet ka ther\u00eb \u00a0edhe nj\u00eb plag\u00eb tjet\u00ebr t\u00eb pun\u00ebtor\u00ebve , e q\u00eb \u00ebsht\u00eb mos hapja e debat\u00ebs , rreth vendimit p\u00ebr nd\u00ebrtimin e 250 banesave t\u00eb solidaritetit p\u00ebr t\u00eb pun\u00ebsuarit e pushtetit lokal.<\/p>\n<p><strong><em>Kryetari Cungu \u2013 p\u00ebr k\u00ebt\u00eb gati sa nuk fitoi padi penale<\/em><\/strong><\/p>\n<p><strong><em>Po dhe Gjeka po tregohet shum\u00eb i plog\u00ebsht me sekretarin q\u00eb kryeson nga partia e tij , p\u00ebr \u00e7\u00ebshtje banesore?!<\/em><\/strong><\/p>\n<p>V\u00ebrtetohet se Inspektor\u00ebt republikan\u00eb , p\u00ebr k\u00ebt\u00eb \u00e7\u00ebshtje i k\u00ebrkuan llogari Cungut p\u00ebr shkelje ligjore ndaj pun\u00ebtor\u00ebve, por ishte vullneti \u201ci mir\u00eb i tyre \u201d, kur arsyetuan , se nuk d\u00ebshironin t\u00eb ngritej akuz\u00eb e till\u00eb sepse nuk \u00ebsht\u00eb momenti, pasi ishte fushat\u00eb zgjedhore..<\/p>\n<p>Thuhet se kryetari Cungu, e shmangte nxjerrjen e vendimit p\u00ebr nd\u00ebrtim t\u00eb banesave , sepse d\u00ebshironte t\u00eb shmang\u00eb konkurrenc\u00ebn n\u00eb treg , p\u00ebr partner\u00ebt e grupimit t\u00eb vet\u00eb politik , nga se nd\u00ebrtimi i 250 banesave sindikaliste , do t\u00eb\u00a0\u00a0 tej ngopte tregun e Ulqinit dhe shum\u00eb tregtar\u00eb t\u00eb Forc\u00ebs do t\u2019i \u00e7onte n\u00eb falimentim kreditor??!!<\/p>\n<p>Po dhe Gjeka i cili kryeson tash sa vite me sekretariatin p\u00ebrkat\u00ebs t\u00eb banesave , nuk u tregua i vendosur dhe po p\u00ebrligj inercionin e skajsh\u00ebm ?!<\/p>\n<p><a href=\"http:\/\/www.visit-ulcinj.com\/blog\/wp-content\/uploads\/2015\/12\/ceshtjet-banesore-ne-ulqin.jpg\"><img loading=\"lazy\" class=\"alignleft wp-image-93816\" src=\"http:\/\/www.visit-ulcinj.com\/blog\/wp-content\/uploads\/2015\/12\/ceshtjet-banesore-ne-ulqin.jpg\" alt=\"ceshtjet banesore ne ulqin\" width=\"508\" height=\"566\" srcset=\"https:\/\/www.visit-ulcinj.com\/blog\/wp-content\/uploads\/2015\/12\/ceshtjet-banesore-ne-ulqin.jpg 624w, https:\/\/www.visit-ulcinj.com\/blog\/wp-content\/uploads\/2015\/12\/ceshtjet-banesore-ne-ulqin-269x300.jpg 269w\" sizes=\"(max-width: 508px) 100vw, 508px\" \/><\/a><\/p>\n<p><strong>Pik\u00ebpamjet e shprehura n\u00eb faqen \u201cOPINIONE\u201d nuk p\u00ebrfaq\u00ebsojn\u00eb domosdoshm\u00ebrisht politik\u00ebn redaksionale t\u00eb \u201eLajmeve nga Ulqini\u201e<\/strong><\/p>\n","protected":false},"excerpt":{"rendered":"<p>Muhamet Nika Ka shum\u00eb arsye p\u00ebrse duhet t\u00eb ndodh\u00eb kjo, por arsyeja fillestare \u00ebsht\u00eb se kuvendi me tempon dhe dinamizmit e pun\u00ebs s\u00eb vet nuk \u00ebsht\u00eb duke punuar fare dhe nuk \u00ebsht\u00eb duke realizuar pikat t\u00eb cilat ia propozon kryetari i kuvendit me k\u00ebrkes\u00eb t\u00eb ekzekutivit. Pastaj ndodh\u00eb edhe kjo q\u00eb , edhe n\u00ebse ia [&hellip;]<\/p>\n","protected":false},"author":1,"featured_media":0,"comment_status":"closed","ping_status":"closed","sticky":false,"template":"","format":"standard","meta":{"spay_email":"","jetpack_publicize_message":"","jetpack_is_tweetstorm":false,"jetpack_publicize_feature_enabled":true},"categories":[14249],"tags":[],"jetpack_publicize_connections":[],"yoast_head":"<!-- This site is optimized with the Yoast SEO plugin v19.1 - https:\/\/yoast.com\/wordpress\/plugins\/seo\/ -->\n<title>Nika: P\u00ebrse duhet t\u00eb shp\u00ebrndahet kuvendi i Ulqinit?! - Lajme nga Ulqini<\/title>\n<meta name=\"description\" content=\"Muhamet Nika Ka shum\u00eb arsye p\u00ebrse duhet t\u00eb ndodh\u00eb kjo, por arsyeja fillestare \u00ebsht\u00eb se kuvendi me tempon dhe dinamizmit e pun\u00ebs s\u00eb vet nuk \u00ebsht\u00eb duke\" \/>\n<meta name=\"robots\" content=\"index, follow, max-snippet:-1, max-image-preview:large, max-video-preview:-1\" \/>\n<link rel=\"canonical\" href=\"https:\/\/www.visit-ulcinj.com\/blog\/2015\/12\/25\/nika-perse-duhet-te-shperndahet-kuvendi-ulqinit\/\" \/>\n<meta property=\"og:locale\" content=\"en_US\" \/>\n<meta property=\"og:type\" content=\"article\" \/>\n<meta property=\"og:title\" content=\"Nika: P\u00ebrse duhet t\u00eb shp\u00ebrndahet kuvendi i Ulqinit?! - Lajme nga Ulqini\" \/>\n<meta property=\"og:description\" content=\"Muhamet Nika Ka shum\u00eb arsye p\u00ebrse duhet t\u00eb ndodh\u00eb kjo, por arsyeja fillestare \u00ebsht\u00eb se kuvendi me tempon dhe dinamizmit e pun\u00ebs s\u00eb vet nuk \u00ebsht\u00eb duke\" \/>\n<meta property=\"og:url\" content=\"https:\/\/www.visit-ulcinj.com\/blog\/2015\/12\/25\/nika-perse-duhet-te-shperndahet-kuvendi-ulqinit\/\" \/>\n<meta property=\"og:site_name\" content=\"Lajme nga Ulqini\" \/>\n<meta property=\"article:published_time\" content=\"2015-12-25T06:17:03+00:00\" \/>\n<meta property=\"og:image\" content=\"http:\/\/www.visit-ulcinj.com\/blog\/wp-content\/uploads\/2014\/03\/muhamet-nika-300x190.jpg\" \/>\n<meta name=\"twitter:label1\" content=\"Written by\" \/>\n\t<meta name=\"twitter:data1\" content=\"ulqini\" \/>\n\t<meta name=\"twitter:label2\" content=\"Est. reading time\" \/>\n\t<meta name=\"twitter:data2\" content=\"3 minutes\" \/>\n<script type=\"application\/ld+json\" class=\"yoast-schema-graph\">{\"@context\":\"https:\/\/schema.org\",\"@graph\":[{\"@type\":\"WebSite\",\"@id\":\"https:\/\/www.visit-ulcinj.com\/blog\/#website\",\"url\":\"https:\/\/www.visit-ulcinj.com\/blog\/\",\"name\":\"Lajme nga Ulqini\",\"description\":\"Lajme,Vijesti,Ulqini,Ulqin,Crna Gora,Mali i Zi\",\"potentialAction\":[{\"@type\":\"SearchAction\",\"target\":{\"@type\":\"EntryPoint\",\"urlTemplate\":\"https:\/\/www.visit-ulcinj.com\/blog\/?s={search_term_string}\"},\"query-input\":\"required name=search_term_string\"}],\"inLanguage\":\"en-US\"},{\"@type\":\"ImageObject\",\"inLanguage\":\"en-US\",\"@id\":\"https:\/\/www.visit-ulcinj.com\/blog\/2015\/12\/25\/nika-perse-duhet-te-shperndahet-kuvendi-ulqinit\/#primaryimage\",\"url\":\"https:\/\/www.visit-ulcinj.com\/blog\/wp-content\/uploads\/2014\/03\/muhamet-nika.jpg\",\"contentUrl\":\"https:\/\/www.visit-ulcinj.com\/blog\/wp-content\/uploads\/2014\/03\/muhamet-nika.jpg\",\"width\":389,\"height\":247},{\"@type\":\"WebPage\",\"@id\":\"https:\/\/www.visit-ulcinj.com\/blog\/2015\/12\/25\/nika-perse-duhet-te-shperndahet-kuvendi-ulqinit\/#webpage\",\"url\":\"https:\/\/www.visit-ulcinj.com\/blog\/2015\/12\/25\/nika-perse-duhet-te-shperndahet-kuvendi-ulqinit\/\",\"name\":\"Nika: P\u00ebrse duhet t\u00eb shp\u00ebrndahet kuvendi i Ulqinit?! - Lajme nga Ulqini\",\"isPartOf\":{\"@id\":\"https:\/\/www.visit-ulcinj.com\/blog\/#website\"},\"primaryImageOfPage\":{\"@id\":\"https:\/\/www.visit-ulcinj.com\/blog\/2015\/12\/25\/nika-perse-duhet-te-shperndahet-kuvendi-ulqinit\/#primaryimage\"},\"datePublished\":\"2015-12-25T06:17:03+00:00\",\"dateModified\":\"2015-12-25T06:17:03+00:00\",\"author\":{\"@id\":\"https:\/\/www.visit-ulcinj.com\/blog\/#\/schema\/person\/dcab619c614d3038751c63bc2aadc06d\"},\"description\":\"Muhamet Nika Ka shum\u00eb arsye p\u00ebrse duhet t\u00eb ndodh\u00eb kjo, por arsyeja fillestare \u00ebsht\u00eb se kuvendi me tempon dhe dinamizmit e pun\u00ebs s\u00eb vet nuk \u00ebsht\u00eb duke\",\"breadcrumb\":{\"@id\":\"https:\/\/www.visit-ulcinj.com\/blog\/2015\/12\/25\/nika-perse-duhet-te-shperndahet-kuvendi-ulqinit\/#breadcrumb\"},\"inLanguage\":\"en-US\",\"potentialAction\":[{\"@type\":\"ReadAction\",\"target\":[\"https:\/\/www.visit-ulcinj.com\/blog\/2015\/12\/25\/nika-perse-duhet-te-shperndahet-kuvendi-ulqinit\/\"]}]},{\"@type\":\"BreadcrumbList\",\"@id\":\"https:\/\/www.visit-ulcinj.com\/blog\/2015\/12\/25\/nika-perse-duhet-te-shperndahet-kuvendi-ulqinit\/#breadcrumb\",\"itemListElement\":[{\"@type\":\"ListItem\",\"position\":1,\"name\":\"Nika: P\u00ebrse duhet t\u00eb shp\u00ebrndahet kuvendi i Ulqinit?!\"}]},{\"@type\":\"Person\",\"@id\":\"https:\/\/www.visit-ulcinj.com\/blog\/#\/schema\/person\/dcab619c614d3038751c63bc2aadc06d\",\"name\":\"ulqini\",\"sameAs\":[\"http:\/\/www.visit-ulcinj.com\"],\"url\":\"https:\/\/www.visit-ulcinj.com\/blog\/author\/admin\/\"}]}<\/script>\n<!-- \/ Yoast SEO plugin. -->","yoast_head_json":{"title":"Nika: P\u00ebrse duhet t\u00eb shp\u00ebrndahet kuvendi i Ulqinit?! - Lajme nga Ulqini","description":"Muhamet Nika Ka shum\u00eb arsye p\u00ebrse duhet t\u00eb ndodh\u00eb kjo, por arsyeja fillestare \u00ebsht\u00eb se kuvendi me tempon dhe dinamizmit e pun\u00ebs s\u00eb vet nuk \u00ebsht\u00eb duke","robots":{"index":"index","follow":"follow","max-snippet":"max-snippet:-1","max-image-preview":"max-image-preview:large","max-video-preview":"max-video-preview:-1"},"canonical":"https:\/\/www.visit-ulcinj.com\/blog\/2015\/12\/25\/nika-perse-duhet-te-shperndahet-kuvendi-ulqinit\/","og_locale":"en_US","og_type":"article","og_title":"Nika: P\u00ebrse duhet t\u00eb shp\u00ebrndahet kuvendi i Ulqinit?! - Lajme nga Ulqini","og_description":"Muhamet Nika Ka shum\u00eb arsye p\u00ebrse duhet t\u00eb ndodh\u00eb kjo, por arsyeja fillestare \u00ebsht\u00eb se kuvendi me tempon dhe dinamizmit e pun\u00ebs s\u00eb vet nuk \u00ebsht\u00eb duke","og_url":"https:\/\/www.visit-ulcinj.com\/blog\/2015\/12\/25\/nika-perse-duhet-te-shperndahet-kuvendi-ulqinit\/","og_site_name":"Lajme nga Ulqini","article_published_time":"2015-12-25T06:17:03+00:00","og_image":[{"url":"http:\/\/www.visit-ulcinj.com\/blog\/wp-content\/uploads\/2014\/03\/muhamet-nika-300x190.jpg"}],"twitter_misc":{"Written by":"ulqini","Est. reading time":"3 minutes"},"schema":{"@context":"https:\/\/schema.org","@graph":[{"@type":"WebSite","@id":"https:\/\/www.visit-ulcinj.com\/blog\/#website","url":"https:\/\/www.visit-ulcinj.com\/blog\/","name":"Lajme nga Ulqini","description":"Lajme,Vijesti,Ulqini,Ulqin,Crna Gora,Mali i Zi","potentialAction":[{"@type":"SearchAction","target":{"@type":"EntryPoint","urlTemplate":"https:\/\/www.visit-ulcinj.com\/blog\/?s={search_term_string}"},"query-input":"required name=search_term_string"}],"inLanguage":"en-US"},{"@type":"ImageObject","inLanguage":"en-US","@id":"https:\/\/www.visit-ulcinj.com\/blog\/2015\/12\/25\/nika-perse-duhet-te-shperndahet-kuvendi-ulqinit\/#primaryimage","url":"https:\/\/www.visit-ulcinj.com\/blog\/wp-content\/uploads\/2014\/03\/muhamet-nika.jpg","contentUrl":"https:\/\/www.visit-ulcinj.com\/blog\/wp-content\/uploads\/2014\/03\/muhamet-nika.jpg","width":389,"height":247},{"@type":"WebPage","@id":"https:\/\/www.visit-ulcinj.com\/blog\/2015\/12\/25\/nika-perse-duhet-te-shperndahet-kuvendi-ulqinit\/#webpage","url":"https:\/\/www.visit-ulcinj.com\/blog\/2015\/12\/25\/nika-perse-duhet-te-shperndahet-kuvendi-ulqinit\/","name":"Nika: P\u00ebrse duhet t\u00eb shp\u00ebrndahet kuvendi i Ulqinit?! - Lajme nga Ulqini","isPartOf":{"@id":"https:\/\/www.visit-ulcinj.com\/blog\/#website"},"primaryImageOfPage":{"@id":"https:\/\/www.visit-ulcinj.com\/blog\/2015\/12\/25\/nika-perse-duhet-te-shperndahet-kuvendi-ulqinit\/#primaryimage"},"datePublished":"2015-12-25T06:17:03+00:00","dateModified":"2015-12-25T06:17:03+00:00","author":{"@id":"https:\/\/www.visit-ulcinj.com\/blog\/#\/schema\/person\/dcab619c614d3038751c63bc2aadc06d"},"description":"Muhamet Nika Ka shum\u00eb arsye p\u00ebrse duhet t\u00eb ndodh\u00eb kjo, por arsyeja fillestare \u00ebsht\u00eb se kuvendi me tempon dhe dinamizmit e pun\u00ebs s\u00eb vet nuk \u00ebsht\u00eb duke","breadcrumb":{"@id":"https:\/\/www.visit-ulcinj.com\/blog\/2015\/12\/25\/nika-perse-duhet-te-shperndahet-kuvendi-ulqinit\/#breadcrumb"},"inLanguage":"en-US","potentialAction":[{"@type":"ReadAction","target":["https:\/\/www.visit-ulcinj.com\/blog\/2015\/12\/25\/nika-perse-duhet-te-shperndahet-kuvendi-ulqinit\/"]}]},{"@type":"BreadcrumbList","@id":"https:\/\/www.visit-ulcinj.com\/blog\/2015\/12\/25\/nika-perse-duhet-te-shperndahet-kuvendi-ulqinit\/#breadcrumb","itemListElement":[{"@type":"ListItem","position":1,"name":"Nika: P\u00ebrse duhet t\u00eb shp\u00ebrndahet kuvendi i Ulqinit?!"}]},{"@type":"Person","@id":"https:\/\/www.visit-ulcinj.com\/blog\/#\/schema\/person\/dcab619c614d3038751c63bc2aadc06d","name":"ulqini","sameAs":["http:\/\/www.visit-ulcinj.com"],"url":"https:\/\/www.visit-ulcinj.com\/blog\/author\/admin\/"}]}},"jetpack_featured_media_url":"","jetpack_sharing_enabled":true,"jetpack_shortlink":"https:\/\/wp.me\/pe6lTn-op9","_links":{"self":[{"href":"https:\/\/www.visit-ulcinj.com\/blog\/wp-json\/wp\/v2\/posts\/93815"}],"collection":[{"href":"https:\/\/www.visit-ulcinj.com\/blog\/wp-json\/wp\/v2\/posts"}],"about":[{"href":"https:\/\/www.visit-ulcinj.com\/blog\/wp-json\/wp\/v2\/types\/post"}],"author":[{"embeddable":true,"href":"https:\/\/www.visit-ulcinj.com\/blog\/wp-json\/wp\/v2\/users\/1"}],"replies":[{"embeddable":true,"href":"https:\/\/www.visit-ulcinj.com\/blog\/wp-json\/wp\/v2\/comments?post=93815"}],"version-history":[{"count":1,"href":"https:\/\/www.visit-ulcinj.com\/blog\/wp-json\/wp\/v2\/posts\/93815\/revisions"}],"predecessor-version":[{"id":93817,"href":"https:\/\/www.visit-ulcinj.com\/blog\/wp-json\/wp\/v2\/posts\/93815\/revisions\/93817"}],"wp:attachment":[{"href":"https:\/\/www.visit-ulcinj.com\/blog\/wp-json\/wp\/v2\/media?parent=93815"}],"wp:term":[{"taxonomy":"category","embeddable":true,"href":"https:\/\/www.visit-ulcinj.com\/blog\/wp-json\/wp\/v2\/categories?post=93815"},{"taxonomy":"post_tag","embeddable":true,"href":"https:\/\/www.visit-ulcinj.com\/blog\/wp-json\/wp\/v2\/tags?post=93815"}],"curies":[{"name":"wp","href":"https:\/\/api.w.org\/{rel}","templated":true}]}}