{"id":93818,"date":"2015-12-25T07:28:16","date_gmt":"2015-12-25T06:28:16","guid":{"rendered":"http:\/\/www.visit-ulcinj.com\/blog\/?p=93818"},"modified":"2015-12-25T07:28:16","modified_gmt":"2015-12-25T06:28:16","slug":"fatmir-deka-za-raspad-koalicije-u-ulcinju-krivac-cungu","status":"publish","type":"post","link":"https:\/\/www.visit-ulcinj.com\/blog\/2015\/12\/25\/fatmir-deka-za-raspad-koalicije-u-ulcinju-krivac-cungu\/","title":{"rendered":"Fatmir \u0110eka: Za raspad koalicije u Ulcinju krivac Cungu"},"content":{"rendered":"<p><strong><a href=\"http:\/\/www.visit-ulcinj.com\/blog\/wp-content\/uploads\/2014\/02\/Negociatat-vazhdojn\u00eb-Cungu-Gjeka-.jpg\"><img loading=\"lazy\" class=\"alignleft wp-image-79481\" src=\"http:\/\/www.visit-ulcinj.com\/blog\/wp-content\/uploads\/2014\/02\/Negociatat-vazhdojn\u00eb-Cungu-Gjeka-.jpg\" alt=\"Negociatat vazhdojn\u00eb, Cungu- Gjeka\" width=\"508\" height=\"375\" srcset=\"https:\/\/www.visit-ulcinj.com\/blog\/wp-content\/uploads\/2014\/02\/Negociatat-vazhdojn\u00eb-Cungu-Gjeka-.jpg 525w, https:\/\/www.visit-ulcinj.com\/blog\/wp-content\/uploads\/2014\/02\/Negociatat-vazhdojn\u00eb-Cungu-Gjeka--300x221.jpg 300w\" sizes=\"(max-width: 508px) 100vw, 508px\" \/><\/a>Glavni krivac za raspad koalicije u Ulcinju je sam predsjednik Force Nazif Cungu i nekolicina njegovih saradnika, koji su privatizovali partiju. Inicijativa za smjenu predsjednika op\u0161tine je potekla od njih bez ikakve najave i upozorenja.<\/strong><\/p>\n<p>Umjesto da nakon poku\u0161ane izdaje, u kojoj su uhva\u0107eni i sprije\u010deni, spuste glave i zatra\u017ee oprost od gra\u0111ana Ulcinja i svojih bira\u010da, oni nedostojno nastavljaju da se poni\u017eavaju, kazao je u intervjuu <em>Pobjedi<\/em> Fatmir \u0110eka, predsjednik op\u0161tine Ulcinj i\u00a0lider Demokratske partije odgovaraju\u0107i na pitanje za\u0161to se raspala koalicija albanskih nacionalnih stranaka u najju\u017enijoj crnogorskoj op\u0161tini.<\/p>\n<p>Na pitanje da prokomentari\u0161e to \u0161to ga je lider Nove demokratske snage &#8211; Forca, Nazif Cungu, direktno ozna\u010dio odgovornim za raspad koalicije u Ulcinju, \u0110eka je kazao:<\/p>\n<p>&#8211; Uzaludno je demantovati izjave Nazifa Cungua. On je najve\u0107a opozicija samom sebi. \u010covjek koji je ru\u0161io vlast u kojoj je on bio predsjednik, logi\u010dno je da tako ne- \u0161to nastavlja da \u010dini kada vi\u0161e nije gradona\u010delnik Ulcinja. Od kada je formirao partiju do danas, ni\u0161ta dobro nije u\u010dinio gradu Ulcinju i Albancima u Crnoj Gori. Upadao je iz gre\u0161ke u gre\u0161ku. Po\u010dev od 2006. godine kada je podr\u017eao kandidaturu Neboj\u0161e Medojevi\u0107a za predsjednika dr\u017eave. Imao je 11 odbornika kad je postao gradona\u010delnik, ali za dvije i po godine mandata njegova partija je pala za 35 procenata &#8211; jedva je osvojila osam mandata. Svjestan je da je trend pada popularnosti Force nastavljen i zbog toga \u010dini sve ovo.<\/p>\n<p>&nbsp;<\/p>\n<p>&nbsp;<\/p>\n<p>Forca, me\u0111utim, treba da se oslobodi ovakvog rukovodstva, jer me\u0111u njima ima i onih koji su osu\u0111eni na po godinu dana zatvora, a protiv nekih tu\u017eila\u0161tvo je pokrenulo postupak zbog utaje poreza. U\u010de\u0161\u0107e Nazifa Cungua u vlasti svelo se na finansije i urbanisti\u010dke planove. Svojim rabotama oko \u0160asa za milione eura je o\u0161tetio op\u0161tinsku i dr\u017eavnu kasu, a sebi obezbijedio 32.000 metara kvadratnih dr\u017eavne imovine na samoj obali jezera. Time se ve\u0107 du\u017ee vrijeme bave nadle\u017eni organi. O njegovim \u0161teto\u010dinstvu mo\u017eda najbolje svjedo\u010di \u010dinjenica da preko 80 odluka, koje je pripremila izvr\u0161na vlast, stoji zarobljeno u fiokama predsjednika op\u0161tinskog parlamenta, koji je \u010dlan njegove stranke. Sve u svemu, on nema problem s nama, nego sa sobom. Mi imamo dobru saradnju sa svim albanskim partijama u Ulcinju, dok je Forca ostala usamljena &#8211; kazao je \u0110eka.<\/p>\n<p>Govore\u0107i o polo\u017eaju Albanaca u Crnoj Gori, on je rekao:<\/p>\n<p>&#8211; Polo\u017eaj Albanaca u Crnoj Gori\u00a0 tokom svih ovih godina vi\u0161estrana\u010dkog sistema je pobolj\u0161an, ali ima jo\u0161 puno posla. Mislimo da integracijom Crne Gore u NATO i Evropsku uniju, polo\u017eaj Albanaca bi\u0107e jo\u0161 vi\u0161e unaprije\u0111en. Ne treba stalno podsje\u0107ati da je albanska manjina u Crnoj Gori odigrala klju\u010dnu ulogu u osamostaljenju i ukupnoj demokratizaciji Crne Gore. Ove godine, zahvaljuju\u0107i ministru prosvjete i direktoru Policijske akademije u Danilovgradu uspjeli smo da troje mladih Albanaca iz Ulcinja upi\u0161emo na Akademiju. Me\u0111u njima je i prva Albanka, \u0161to je posebno zna\u010dajno. Nadam se da \u0107e se nastaviti ova praksa i da \u0107e zastupljenost Albanaca u javnoj upravi i drugim dr\u017eavnim institucijama biti mnogo ve\u0107a &#8211; zaklju\u010dio je <strong>\u0110eka<\/strong>.<\/p>\n<p><strong><em>Op\u0161irnije \u010ditajte u dana\u0161njoj Pobjedi\u2026<\/em><\/strong><\/p>\n<p><strong>Izvor: PortalAnalitika<\/strong><\/p>\n","protected":false},"excerpt":{"rendered":"<p>Glavni krivac za raspad koalicije u Ulcinju je sam predsjednik Force Nazif Cungu i nekolicina njegovih saradnika, koji su privatizovali partiju. Inicijativa za smjenu predsjednika op\u0161tine je potekla od njih bez ikakve najave i upozorenja. Umjesto da nakon poku\u0161ane izdaje, u kojoj su uhva\u0107eni i sprije\u010deni, spuste glave i zatra\u017ee oprost od gra\u0111ana Ulcinja i [&hellip;]<\/p>\n","protected":false},"author":1,"featured_media":0,"comment_status":"closed","ping_status":"closed","sticky":false,"template":"","format":"standard","meta":{"spay_email":"","jetpack_publicize_message":"","jetpack_is_tweetstorm":false,"jetpack_publicize_feature_enabled":true},"categories":[8337],"tags":[],"jetpack_publicize_connections":[],"yoast_head":"<!-- This site is optimized with the Yoast SEO plugin v19.1 - https:\/\/yoast.com\/wordpress\/plugins\/seo\/ -->\n<title>Fatmir \u0110eka: Za raspad koalicije u Ulcinju krivac Cungu - Lajme nga Ulqini<\/title>\n<meta name=\"description\" content=\"Glavni krivac za raspad koalicije u Ulcinju je sam predsjednik Force Nazif Cungu i nekolicina njegovih saradnika, koji su privatizovali partiju.\" \/>\n<meta name=\"robots\" content=\"index, follow, max-snippet:-1, max-image-preview:large, max-video-preview:-1\" \/>\n<link rel=\"canonical\" href=\"https:\/\/www.visit-ulcinj.com\/blog\/2015\/12\/25\/fatmir-deka-za-raspad-koalicije-u-ulcinju-krivac-cungu\/\" \/>\n<meta property=\"og:locale\" content=\"en_US\" \/>\n<meta property=\"og:type\" content=\"article\" \/>\n<meta property=\"og:title\" content=\"Fatmir \u0110eka: Za raspad koalicije u Ulcinju krivac Cungu - Lajme nga Ulqini\" \/>\n<meta property=\"og:description\" content=\"Glavni krivac za raspad koalicije u Ulcinju je sam predsjednik Force Nazif Cungu i nekolicina njegovih saradnika, koji su privatizovali partiju.\" \/>\n<meta property=\"og:url\" content=\"https:\/\/www.visit-ulcinj.com\/blog\/2015\/12\/25\/fatmir-deka-za-raspad-koalicije-u-ulcinju-krivac-cungu\/\" \/>\n<meta property=\"og:site_name\" content=\"Lajme nga Ulqini\" \/>\n<meta property=\"article:published_time\" content=\"2015-12-25T06:28:16+00:00\" \/>\n<meta name=\"twitter:label1\" content=\"Written by\" \/>\n\t<meta name=\"twitter:data1\" content=\"ulqini\" \/>\n\t<meta name=\"twitter:label2\" content=\"Est. reading time\" \/>\n\t<meta name=\"twitter:data2\" content=\"3 minutes\" \/>\n<script type=\"application\/ld+json\" class=\"yoast-schema-graph\">{\"@context\":\"https:\/\/schema.org\",\"@graph\":[{\"@type\":\"WebSite\",\"@id\":\"https:\/\/www.visit-ulcinj.com\/blog\/#website\",\"url\":\"https:\/\/www.visit-ulcinj.com\/blog\/\",\"name\":\"Lajme nga Ulqini\",\"description\":\"Lajme,Vijesti,Ulqini,Ulqin,Crna Gora,Mali i Zi\",\"potentialAction\":[{\"@type\":\"SearchAction\",\"target\":{\"@type\":\"EntryPoint\",\"urlTemplate\":\"https:\/\/www.visit-ulcinj.com\/blog\/?s={search_term_string}\"},\"query-input\":\"required name=search_term_string\"}],\"inLanguage\":\"en-US\"},{\"@type\":\"WebPage\",\"@id\":\"https:\/\/www.visit-ulcinj.com\/blog\/2015\/12\/25\/fatmir-deka-za-raspad-koalicije-u-ulcinju-krivac-cungu\/#webpage\",\"url\":\"https:\/\/www.visit-ulcinj.com\/blog\/2015\/12\/25\/fatmir-deka-za-raspad-koalicije-u-ulcinju-krivac-cungu\/\",\"name\":\"Fatmir \u0110eka: Za raspad koalicije u Ulcinju krivac Cungu - Lajme nga Ulqini\",\"isPartOf\":{\"@id\":\"https:\/\/www.visit-ulcinj.com\/blog\/#website\"},\"datePublished\":\"2015-12-25T06:28:16+00:00\",\"dateModified\":\"2015-12-25T06:28:16+00:00\",\"author\":{\"@id\":\"https:\/\/www.visit-ulcinj.com\/blog\/#\/schema\/person\/dcab619c614d3038751c63bc2aadc06d\"},\"description\":\"Glavni krivac za raspad koalicije u Ulcinju je sam predsjednik Force Nazif Cungu i nekolicina njegovih saradnika, koji su privatizovali partiju.\",\"breadcrumb\":{\"@id\":\"https:\/\/www.visit-ulcinj.com\/blog\/2015\/12\/25\/fatmir-deka-za-raspad-koalicije-u-ulcinju-krivac-cungu\/#breadcrumb\"},\"inLanguage\":\"en-US\",\"potentialAction\":[{\"@type\":\"ReadAction\",\"target\":[\"https:\/\/www.visit-ulcinj.com\/blog\/2015\/12\/25\/fatmir-deka-za-raspad-koalicije-u-ulcinju-krivac-cungu\/\"]}]},{\"@type\":\"BreadcrumbList\",\"@id\":\"https:\/\/www.visit-ulcinj.com\/blog\/2015\/12\/25\/fatmir-deka-za-raspad-koalicije-u-ulcinju-krivac-cungu\/#breadcrumb\",\"itemListElement\":[{\"@type\":\"ListItem\",\"position\":1,\"name\":\"Fatmir \u0110eka: Za raspad koalicije u Ulcinju krivac Cungu\"}]},{\"@type\":\"Person\",\"@id\":\"https:\/\/www.visit-ulcinj.com\/blog\/#\/schema\/person\/dcab619c614d3038751c63bc2aadc06d\",\"name\":\"ulqini\",\"sameAs\":[\"http:\/\/www.visit-ulcinj.com\"],\"url\":\"https:\/\/www.visit-ulcinj.com\/blog\/author\/admin\/\"}]}<\/script>\n<!-- \/ Yoast SEO plugin. -->","yoast_head_json":{"title":"Fatmir \u0110eka: Za raspad koalicije u Ulcinju krivac Cungu - Lajme nga Ulqini","description":"Glavni krivac za raspad koalicije u Ulcinju je sam predsjednik Force Nazif Cungu i nekolicina njegovih saradnika, koji su privatizovali partiju.","robots":{"index":"index","follow":"follow","max-snippet":"max-snippet:-1","max-image-preview":"max-image-preview:large","max-video-preview":"max-video-preview:-1"},"canonical":"https:\/\/www.visit-ulcinj.com\/blog\/2015\/12\/25\/fatmir-deka-za-raspad-koalicije-u-ulcinju-krivac-cungu\/","og_locale":"en_US","og_type":"article","og_title":"Fatmir \u0110eka: Za raspad koalicije u Ulcinju krivac Cungu - Lajme nga Ulqini","og_description":"Glavni krivac za raspad koalicije u Ulcinju je sam predsjednik Force Nazif Cungu i nekolicina njegovih saradnika, koji su privatizovali partiju.","og_url":"https:\/\/www.visit-ulcinj.com\/blog\/2015\/12\/25\/fatmir-deka-za-raspad-koalicije-u-ulcinju-krivac-cungu\/","og_site_name":"Lajme nga Ulqini","article_published_time":"2015-12-25T06:28:16+00:00","twitter_misc":{"Written by":"ulqini","Est. reading time":"3 minutes"},"schema":{"@context":"https:\/\/schema.org","@graph":[{"@type":"WebSite","@id":"https:\/\/www.visit-ulcinj.com\/blog\/#website","url":"https:\/\/www.visit-ulcinj.com\/blog\/","name":"Lajme nga Ulqini","description":"Lajme,Vijesti,Ulqini,Ulqin,Crna Gora,Mali i Zi","potentialAction":[{"@type":"SearchAction","target":{"@type":"EntryPoint","urlTemplate":"https:\/\/www.visit-ulcinj.com\/blog\/?s={search_term_string}"},"query-input":"required name=search_term_string"}],"inLanguage":"en-US"},{"@type":"WebPage","@id":"https:\/\/www.visit-ulcinj.com\/blog\/2015\/12\/25\/fatmir-deka-za-raspad-koalicije-u-ulcinju-krivac-cungu\/#webpage","url":"https:\/\/www.visit-ulcinj.com\/blog\/2015\/12\/25\/fatmir-deka-za-raspad-koalicije-u-ulcinju-krivac-cungu\/","name":"Fatmir \u0110eka: Za raspad koalicije u Ulcinju krivac Cungu - Lajme nga Ulqini","isPartOf":{"@id":"https:\/\/www.visit-ulcinj.com\/blog\/#website"},"datePublished":"2015-12-25T06:28:16+00:00","dateModified":"2015-12-25T06:28:16+00:00","author":{"@id":"https:\/\/www.visit-ulcinj.com\/blog\/#\/schema\/person\/dcab619c614d3038751c63bc2aadc06d"},"description":"Glavni krivac za raspad koalicije u Ulcinju je sam predsjednik Force Nazif Cungu i nekolicina njegovih saradnika, koji su privatizovali partiju.","breadcrumb":{"@id":"https:\/\/www.visit-ulcinj.com\/blog\/2015\/12\/25\/fatmir-deka-za-raspad-koalicije-u-ulcinju-krivac-cungu\/#breadcrumb"},"inLanguage":"en-US","potentialAction":[{"@type":"ReadAction","target":["https:\/\/www.visit-ulcinj.com\/blog\/2015\/12\/25\/fatmir-deka-za-raspad-koalicije-u-ulcinju-krivac-cungu\/"]}]},{"@type":"BreadcrumbList","@id":"https:\/\/www.visit-ulcinj.com\/blog\/2015\/12\/25\/fatmir-deka-za-raspad-koalicije-u-ulcinju-krivac-cungu\/#breadcrumb","itemListElement":[{"@type":"ListItem","position":1,"name":"Fatmir \u0110eka: Za raspad koalicije u Ulcinju krivac Cungu"}]},{"@type":"Person","@id":"https:\/\/www.visit-ulcinj.com\/blog\/#\/schema\/person\/dcab619c614d3038751c63bc2aadc06d","name":"ulqini","sameAs":["http:\/\/www.visit-ulcinj.com"],"url":"https:\/\/www.visit-ulcinj.com\/blog\/author\/admin\/"}]}},"jetpack_featured_media_url":"","jetpack_sharing_enabled":true,"jetpack_shortlink":"https:\/\/wp.me\/pe6lTn-opc","_links":{"self":[{"href":"https:\/\/www.visit-ulcinj.com\/blog\/wp-json\/wp\/v2\/posts\/93818"}],"collection":[{"href":"https:\/\/www.visit-ulcinj.com\/blog\/wp-json\/wp\/v2\/posts"}],"about":[{"href":"https:\/\/www.visit-ulcinj.com\/blog\/wp-json\/wp\/v2\/types\/post"}],"author":[{"embeddable":true,"href":"https:\/\/www.visit-ulcinj.com\/blog\/wp-json\/wp\/v2\/users\/1"}],"replies":[{"embeddable":true,"href":"https:\/\/www.visit-ulcinj.com\/blog\/wp-json\/wp\/v2\/comments?post=93818"}],"version-history":[{"count":1,"href":"https:\/\/www.visit-ulcinj.com\/blog\/wp-json\/wp\/v2\/posts\/93818\/revisions"}],"predecessor-version":[{"id":93819,"href":"https:\/\/www.visit-ulcinj.com\/blog\/wp-json\/wp\/v2\/posts\/93818\/revisions\/93819"}],"wp:attachment":[{"href":"https:\/\/www.visit-ulcinj.com\/blog\/wp-json\/wp\/v2\/media?parent=93818"}],"wp:term":[{"taxonomy":"category","embeddable":true,"href":"https:\/\/www.visit-ulcinj.com\/blog\/wp-json\/wp\/v2\/categories?post=93818"},{"taxonomy":"post_tag","embeddable":true,"href":"https:\/\/www.visit-ulcinj.com\/blog\/wp-json\/wp\/v2\/tags?post=93818"}],"curies":[{"name":"wp","href":"https:\/\/api.w.org\/{rel}","templated":true}]}}