{"id":93834,"date":"2016-01-04T18:27:02","date_gmt":"2016-01-04T17:27:02","guid":{"rendered":"http:\/\/www.visit-ulcinj.com\/blog\/?p=93834"},"modified":"2016-01-04T18:27:02","modified_gmt":"2016-01-04T17:27:02","slug":"nika-ne-ulqin-gjendje-kaotike-dps-nuk-guxon-te-marre-pushtetin","status":"publish","type":"post","link":"https:\/\/www.visit-ulcinj.com\/blog\/2016\/01\/04\/nika-ne-ulqin-gjendje-kaotike-dps-nuk-guxon-te-marre-pushtetin\/","title":{"rendered":"Nika: N\u00eb Ulqin gjendje kaotike: DPS nuk guxon t\u00eb marr\u00eb pushtetin&#8230;"},"content":{"rendered":"<p><strong><a href=\"http:\/\/www.visit-ulcinj.com\/blog\/wp-content\/uploads\/2014\/03\/muhamet-nika1.jpg\"><img loading=\"lazy\" class=\"alignleft wp-image-81255 size-full\" src=\"http:\/\/www.visit-ulcinj.com\/blog\/wp-content\/uploads\/2014\/03\/muhamet-nika1.jpg\" alt=\"muhamet-nika\" width=\"189\" height=\"189\" srcset=\"https:\/\/www.visit-ulcinj.com\/blog\/wp-content\/uploads\/2014\/03\/muhamet-nika1.jpg 189w, https:\/\/www.visit-ulcinj.com\/blog\/wp-content\/uploads\/2014\/03\/muhamet-nika1-150x150.jpg 150w\" sizes=\"(max-width: 189px) 100vw, 189px\" \/><\/a>Nga Muhamet Nika<\/strong><\/p>\n<p>Kujtojm\u00eb q\u00eb Dps, t\u00eb shtun\u00ebn pat paralajm\u00ebruar zgjedhjen e ng\u00ebr\u00e7it politik n\u00ebse shqiptar\u00ebt nuk merren vesh dhe se ai do t\u00eb zgjidhte partnerin n\u00eb pushtetin e ri lokal nga partit\u00eb shqiptare . Por ja q\u00eb nuk ndodhi?!!Nj\u00eb gj\u00eb SOT \u00ebsht\u00eb m\u00eb se e sigurt : Q\u00eb DPS, n\u00eb k\u00ebto rrethana, t\u00eb krijuara pas k\u00ebrkes\u00ebs p\u00ebr vot\u00ebbesim t\u00eb qeveris\u00eb n\u00eb parlament nga Gjukanoviq, &#8230;, e n\u00eb munges\u00eb t\u00eb dy gishtave shqiptar\u00eb, ai tashm\u00eb nuk guxon m\u00eb t\u00eb marr\u00eb pushtetin n\u00eb Ulqin dhe \u201c t\u00eb hidh\u00ebroj\u00eb Forc\u00ebn dhe Gjek\u00ebn- deputet\u00ebt e tyre..\u201d?!<br \/>\nBile ka shum\u00eb t\u00eb ngjar\u00eb q\u00eb k\u00ebto t\u00eb dy, t\u2019i pajtoj\u00eb duke p\u00ebrfunduar me em\u00ebrimin si an\u00ebtar\u00eb qeverie.. . ?! Kurse deri at\u00ebher\u00eb n\u00eb komun\u00eb do t\u00eb vazhdoj\u00eb t\u00eb kryesoj\u00eb Gjeka( n\u00ebse nuk ofron me d\u00ebshir\u00eb dor\u00ebheqje&#8230;)?!<br \/>\nOse edhe m\u00eb qart\u00eb, kuvendi i filluar do t\u00eb p\u00ebrfundoj n\u00eb frym\u00ebn e vot\u00ebbesimit t\u00eb qeveris\u00eb qendrore.<br \/>\nDje u pa se duke k\u00ebrkuar t\u00eb zhb\u00ebj\u00eb at\u00eb q\u00eb tha nj\u00eb dit\u00eb m\u00eb her\u00ebt, Loro Ndrekiq n\u00eb vend se t\u00eb , lypi nj\u00eb pauz\u00eb e t\u00eb proklamoj\u00eb formimin e koalicionit t\u00eb ri, ai k\u00ebrkoi pauz\u00eb p\u00ebr drek\u00eb..?!.<br \/>\nN\u00eb nd\u00ebrkoh\u00eb, m\u00ebsohet se kuvendit, nga ana e Forc\u00ebs, do t\u00eb k\u00ebrkoj\u00eb edhe nj\u00eb her\u00eb t\u2019i jepet mund\u00ebsia q\u00eb nes\u00ebr t\u00eb zhbllokoj\u00eb pun\u00ebn e funksionimit t\u00eb pushtetit lokal ,duke e kuptuar p\u00ebrfundimisht, q\u00eb asaj i d\u00ebshtoi tentativa, p\u00ebr t\u00eb shkarkuar GJEK\u00cbN- pa vullnetin e tij&#8230;?! Por q\u00eb , gjithashtu, as q\u00eb pati sukses t\u00eb votoj\u00eb rebalancin &#8211; buxhetin p\u00ebr vitin 2016 dhe as q\u00eb nxori vendimin p\u00ebr financim t\u00eb p\u00ebrkohsh\u00ebm. ?!<br \/>\nNd\u00ebrsa shprehur me gjuh\u00ebn e ligjeve juridike dhe ekonomike, kjo do t\u00eb thot\u00eb , q\u00eb n\u00ebse kjo v\u00ebrtet\u00eb ndodh q\u00eb kuvendi t\u00eb mos mblidhet&#8230;,?! At\u00ebher\u00eb i bie q\u00eb parlamenti t\u00eb vet\u00eb bllokoj\u00eb pun\u00ebn e ekzekutivit t\u00eb Gjek\u00ebs , duke filluar nga 4 janari i vitit n\u00eb vazhdim?! SEPSE Gjeka , ligj\u00ebrisht nuk do t\u00eb mund t\u00eb realizonte as nj\u00eb cent , nga mjetet buxhetore e vitit n\u00eb vazhdim &#8230;, pa u mbuluar me vendimet e cekura.<\/p>\n<p>Po edhe si kur t\u00eb ndodhte e gjith\u00eb kjo , situata e till\u00eb nuk do t\u00eb shkonte fare n\u00eb favor t\u00eb Forc\u00ebs.<br \/>\nN\u00eb k\u00ebt\u00eb situat\u00eb , vet\u00eb kryetari i komun\u00ebs, i shtyr\u00eb edhe nga sindikata do t\u00eb k\u00ebrkonin llogari dhe ndihm\u00eb nga qeveria, p\u00ebr t\u00eb zhbllokuar gjendjen duke k\u00ebrkuar mendimin e qeveris\u00eb rreth shp\u00ebrndarjes s\u00eb parlamentit.<br \/>\nLligji nuk e parasheh mund\u00ebsin\u00eb e v\u00ebnies s\u00eb \u00e7\u00ebshtjeve n\u00eb rend t\u00eb dit\u00ebs dhe t\u00eb mos votohen \u2013 pro kundra, ose t\u00eb p\u00ebrmbajtur?!!<\/p>\n<p><strong>SITUATA DO T\u00cb \u00c7\u2019TENSIONOHET SOT N\u00cb PRITJEN Q\u00cb B\u00cbN\u00cb KRYEMINISTRI N\u00cb VILL\u00cbN GORICA ?!<\/strong><\/p>\n<p>Shpresojm\u00eb q\u00eb situata t\u00eb jet\u00eb \u00e7\u2019tensionuar , sot pas pritjes q\u00eb b\u00ebri kryeministri n\u00eb Villen Gorica e ku qen\u00eb t\u00eb ftuar edhe 2 shefat shqiptar\u00eb. Mbase ata , atje edhe \u201c P\u00cbR 5 MINUTA..\u201d, e n\u00eb k\u00ebmb\u00eb do t\u00eb ujdis\u00ebn p\u00ebr formimin e pushtetit lokal n\u00eb Ulqin, kur t\u00eb m\u00ebsojn\u00eb q\u00eb DPS , nuk rrezikon t\u00eb humb\u00eb Podgoric\u00ebn- qeverin\u00eb, p\u00ebr shkak t\u00eb Ulqinit&#8230;?! Kuptohet po t\u00eb humbiste dy gishta e shqiptar\u00ebve dhe t\u00eb SNP-s\u00eb, rreth qeveris\u00eb s\u00eb re ?!<\/p>\n","protected":false},"excerpt":{"rendered":"<p>Nga Muhamet Nika Kujtojm\u00eb q\u00eb Dps, t\u00eb shtun\u00ebn pat paralajm\u00ebruar zgjedhjen e ng\u00ebr\u00e7it politik n\u00ebse shqiptar\u00ebt nuk merren vesh dhe se ai do t\u00eb zgjidhte partnerin n\u00eb pushtetin e ri lokal nga partit\u00eb shqiptare . Por ja q\u00eb nuk ndodhi?!!Nj\u00eb gj\u00eb SOT \u00ebsht\u00eb m\u00eb se e sigurt : Q\u00eb DPS, n\u00eb k\u00ebto rrethana, t\u00eb krijuara [&hellip;]<\/p>\n","protected":false},"author":1,"featured_media":0,"comment_status":"closed","ping_status":"closed","sticky":false,"template":"","format":"standard","meta":{"spay_email":"","jetpack_publicize_message":"","jetpack_is_tweetstorm":false,"jetpack_publicize_feature_enabled":true},"categories":[14249],"tags":[],"jetpack_publicize_connections":[],"yoast_head":"<!-- This site is optimized with the Yoast SEO plugin v19.1 - https:\/\/yoast.com\/wordpress\/plugins\/seo\/ -->\n<title>Nika: N\u00eb Ulqin gjendje kaotike: DPS nuk guxon t\u00eb marr\u00eb pushtetin... - Lajme nga Ulqini<\/title>\n<meta name=\"description\" content=\"Nga Muhamet Nika Kujtojm\u00eb q\u00eb Dps, t\u00eb shtun\u00ebn pat paralajm\u00ebruar zgjedhjen e ng\u00ebr\u00e7it politik n\u00ebse shqiptar\u00ebt nuk merren vesh dhe se ai do t\u00eb zgjidhte\" \/>\n<meta name=\"robots\" content=\"index, follow, max-snippet:-1, max-image-preview:large, max-video-preview:-1\" \/>\n<link rel=\"canonical\" href=\"https:\/\/www.visit-ulcinj.com\/blog\/2016\/01\/04\/nika-ne-ulqin-gjendje-kaotike-dps-nuk-guxon-te-marre-pushtetin\/\" \/>\n<meta property=\"og:locale\" content=\"en_US\" \/>\n<meta property=\"og:type\" content=\"article\" \/>\n<meta property=\"og:title\" content=\"Nika: N\u00eb Ulqin gjendje kaotike: DPS nuk guxon t\u00eb marr\u00eb pushtetin... - Lajme nga Ulqini\" \/>\n<meta property=\"og:description\" content=\"Nga Muhamet Nika Kujtojm\u00eb q\u00eb Dps, t\u00eb shtun\u00ebn pat paralajm\u00ebruar zgjedhjen e ng\u00ebr\u00e7it politik n\u00ebse shqiptar\u00ebt nuk merren vesh dhe se ai do t\u00eb zgjidhte\" \/>\n<meta property=\"og:url\" content=\"https:\/\/www.visit-ulcinj.com\/blog\/2016\/01\/04\/nika-ne-ulqin-gjendje-kaotike-dps-nuk-guxon-te-marre-pushtetin\/\" \/>\n<meta property=\"og:site_name\" content=\"Lajme nga Ulqini\" \/>\n<meta property=\"article:published_time\" content=\"2016-01-04T17:27:02+00:00\" \/>\n<meta property=\"og:image\" content=\"http:\/\/www.visit-ulcinj.com\/blog\/wp-content\/uploads\/2014\/03\/muhamet-nika1.jpg\" \/>\n<meta name=\"twitter:label1\" content=\"Written by\" \/>\n\t<meta name=\"twitter:data1\" content=\"ulqini\" \/>\n\t<meta name=\"twitter:label2\" content=\"Est. reading time\" \/>\n\t<meta name=\"twitter:data2\" content=\"3 minutes\" \/>\n<script type=\"application\/ld+json\" class=\"yoast-schema-graph\">{\"@context\":\"https:\/\/schema.org\",\"@graph\":[{\"@type\":\"WebSite\",\"@id\":\"https:\/\/www.visit-ulcinj.com\/blog\/#website\",\"url\":\"https:\/\/www.visit-ulcinj.com\/blog\/\",\"name\":\"Lajme nga Ulqini\",\"description\":\"Lajme,Vijesti,Ulqini,Ulqin,Crna Gora,Mali i Zi\",\"potentialAction\":[{\"@type\":\"SearchAction\",\"target\":{\"@type\":\"EntryPoint\",\"urlTemplate\":\"https:\/\/www.visit-ulcinj.com\/blog\/?s={search_term_string}\"},\"query-input\":\"required name=search_term_string\"}],\"inLanguage\":\"en-US\"},{\"@type\":\"ImageObject\",\"inLanguage\":\"en-US\",\"@id\":\"https:\/\/www.visit-ulcinj.com\/blog\/2016\/01\/04\/nika-ne-ulqin-gjendje-kaotike-dps-nuk-guxon-te-marre-pushtetin\/#primaryimage\",\"url\":\"https:\/\/www.visit-ulcinj.com\/blog\/wp-content\/uploads\/2014\/03\/muhamet-nika1.jpg\",\"contentUrl\":\"https:\/\/www.visit-ulcinj.com\/blog\/wp-content\/uploads\/2014\/03\/muhamet-nika1.jpg\",\"width\":189,\"height\":189},{\"@type\":\"WebPage\",\"@id\":\"https:\/\/www.visit-ulcinj.com\/blog\/2016\/01\/04\/nika-ne-ulqin-gjendje-kaotike-dps-nuk-guxon-te-marre-pushtetin\/#webpage\",\"url\":\"https:\/\/www.visit-ulcinj.com\/blog\/2016\/01\/04\/nika-ne-ulqin-gjendje-kaotike-dps-nuk-guxon-te-marre-pushtetin\/\",\"name\":\"Nika: N\u00eb Ulqin gjendje kaotike: DPS nuk guxon t\u00eb marr\u00eb pushtetin... - Lajme nga Ulqini\",\"isPartOf\":{\"@id\":\"https:\/\/www.visit-ulcinj.com\/blog\/#website\"},\"primaryImageOfPage\":{\"@id\":\"https:\/\/www.visit-ulcinj.com\/blog\/2016\/01\/04\/nika-ne-ulqin-gjendje-kaotike-dps-nuk-guxon-te-marre-pushtetin\/#primaryimage\"},\"datePublished\":\"2016-01-04T17:27:02+00:00\",\"dateModified\":\"2016-01-04T17:27:02+00:00\",\"author\":{\"@id\":\"https:\/\/www.visit-ulcinj.com\/blog\/#\/schema\/person\/dcab619c614d3038751c63bc2aadc06d\"},\"description\":\"Nga Muhamet Nika Kujtojm\u00eb q\u00eb Dps, t\u00eb shtun\u00ebn pat paralajm\u00ebruar zgjedhjen e ng\u00ebr\u00e7it politik n\u00ebse shqiptar\u00ebt nuk merren vesh dhe se ai do t\u00eb zgjidhte\",\"breadcrumb\":{\"@id\":\"https:\/\/www.visit-ulcinj.com\/blog\/2016\/01\/04\/nika-ne-ulqin-gjendje-kaotike-dps-nuk-guxon-te-marre-pushtetin\/#breadcrumb\"},\"inLanguage\":\"en-US\",\"potentialAction\":[{\"@type\":\"ReadAction\",\"target\":[\"https:\/\/www.visit-ulcinj.com\/blog\/2016\/01\/04\/nika-ne-ulqin-gjendje-kaotike-dps-nuk-guxon-te-marre-pushtetin\/\"]}]},{\"@type\":\"BreadcrumbList\",\"@id\":\"https:\/\/www.visit-ulcinj.com\/blog\/2016\/01\/04\/nika-ne-ulqin-gjendje-kaotike-dps-nuk-guxon-te-marre-pushtetin\/#breadcrumb\",\"itemListElement\":[{\"@type\":\"ListItem\",\"position\":1,\"name\":\"Nika: N\u00eb Ulqin gjendje kaotike: DPS nuk guxon t\u00eb marr\u00eb pushtetin&#8230;\"}]},{\"@type\":\"Person\",\"@id\":\"https:\/\/www.visit-ulcinj.com\/blog\/#\/schema\/person\/dcab619c614d3038751c63bc2aadc06d\",\"name\":\"ulqini\",\"sameAs\":[\"http:\/\/www.visit-ulcinj.com\"],\"url\":\"https:\/\/www.visit-ulcinj.com\/blog\/author\/admin\/\"}]}<\/script>\n<!-- \/ Yoast SEO plugin. -->","yoast_head_json":{"title":"Nika: N\u00eb Ulqin gjendje kaotike: DPS nuk guxon t\u00eb marr\u00eb pushtetin... - Lajme nga Ulqini","description":"Nga Muhamet Nika Kujtojm\u00eb q\u00eb Dps, t\u00eb shtun\u00ebn pat paralajm\u00ebruar zgjedhjen e ng\u00ebr\u00e7it politik n\u00ebse shqiptar\u00ebt nuk merren vesh dhe se ai do t\u00eb zgjidhte","robots":{"index":"index","follow":"follow","max-snippet":"max-snippet:-1","max-image-preview":"max-image-preview:large","max-video-preview":"max-video-preview:-1"},"canonical":"https:\/\/www.visit-ulcinj.com\/blog\/2016\/01\/04\/nika-ne-ulqin-gjendje-kaotike-dps-nuk-guxon-te-marre-pushtetin\/","og_locale":"en_US","og_type":"article","og_title":"Nika: N\u00eb Ulqin gjendje kaotike: DPS nuk guxon t\u00eb marr\u00eb pushtetin... - Lajme nga Ulqini","og_description":"Nga Muhamet Nika Kujtojm\u00eb q\u00eb Dps, t\u00eb shtun\u00ebn pat paralajm\u00ebruar zgjedhjen e ng\u00ebr\u00e7it politik n\u00ebse shqiptar\u00ebt nuk merren vesh dhe se ai do t\u00eb zgjidhte","og_url":"https:\/\/www.visit-ulcinj.com\/blog\/2016\/01\/04\/nika-ne-ulqin-gjendje-kaotike-dps-nuk-guxon-te-marre-pushtetin\/","og_site_name":"Lajme nga Ulqini","article_published_time":"2016-01-04T17:27:02+00:00","og_image":[{"url":"http:\/\/www.visit-ulcinj.com\/blog\/wp-content\/uploads\/2014\/03\/muhamet-nika1.jpg"}],"twitter_misc":{"Written by":"ulqini","Est. reading time":"3 minutes"},"schema":{"@context":"https:\/\/schema.org","@graph":[{"@type":"WebSite","@id":"https:\/\/www.visit-ulcinj.com\/blog\/#website","url":"https:\/\/www.visit-ulcinj.com\/blog\/","name":"Lajme nga Ulqini","description":"Lajme,Vijesti,Ulqini,Ulqin,Crna Gora,Mali i Zi","potentialAction":[{"@type":"SearchAction","target":{"@type":"EntryPoint","urlTemplate":"https:\/\/www.visit-ulcinj.com\/blog\/?s={search_term_string}"},"query-input":"required name=search_term_string"}],"inLanguage":"en-US"},{"@type":"ImageObject","inLanguage":"en-US","@id":"https:\/\/www.visit-ulcinj.com\/blog\/2016\/01\/04\/nika-ne-ulqin-gjendje-kaotike-dps-nuk-guxon-te-marre-pushtetin\/#primaryimage","url":"https:\/\/www.visit-ulcinj.com\/blog\/wp-content\/uploads\/2014\/03\/muhamet-nika1.jpg","contentUrl":"https:\/\/www.visit-ulcinj.com\/blog\/wp-content\/uploads\/2014\/03\/muhamet-nika1.jpg","width":189,"height":189},{"@type":"WebPage","@id":"https:\/\/www.visit-ulcinj.com\/blog\/2016\/01\/04\/nika-ne-ulqin-gjendje-kaotike-dps-nuk-guxon-te-marre-pushtetin\/#webpage","url":"https:\/\/www.visit-ulcinj.com\/blog\/2016\/01\/04\/nika-ne-ulqin-gjendje-kaotike-dps-nuk-guxon-te-marre-pushtetin\/","name":"Nika: N\u00eb Ulqin gjendje kaotike: DPS nuk guxon t\u00eb marr\u00eb pushtetin... - Lajme nga Ulqini","isPartOf":{"@id":"https:\/\/www.visit-ulcinj.com\/blog\/#website"},"primaryImageOfPage":{"@id":"https:\/\/www.visit-ulcinj.com\/blog\/2016\/01\/04\/nika-ne-ulqin-gjendje-kaotike-dps-nuk-guxon-te-marre-pushtetin\/#primaryimage"},"datePublished":"2016-01-04T17:27:02+00:00","dateModified":"2016-01-04T17:27:02+00:00","author":{"@id":"https:\/\/www.visit-ulcinj.com\/blog\/#\/schema\/person\/dcab619c614d3038751c63bc2aadc06d"},"description":"Nga Muhamet Nika Kujtojm\u00eb q\u00eb Dps, t\u00eb shtun\u00ebn pat paralajm\u00ebruar zgjedhjen e ng\u00ebr\u00e7it politik n\u00ebse shqiptar\u00ebt nuk merren vesh dhe se ai do t\u00eb zgjidhte","breadcrumb":{"@id":"https:\/\/www.visit-ulcinj.com\/blog\/2016\/01\/04\/nika-ne-ulqin-gjendje-kaotike-dps-nuk-guxon-te-marre-pushtetin\/#breadcrumb"},"inLanguage":"en-US","potentialAction":[{"@type":"ReadAction","target":["https:\/\/www.visit-ulcinj.com\/blog\/2016\/01\/04\/nika-ne-ulqin-gjendje-kaotike-dps-nuk-guxon-te-marre-pushtetin\/"]}]},{"@type":"BreadcrumbList","@id":"https:\/\/www.visit-ulcinj.com\/blog\/2016\/01\/04\/nika-ne-ulqin-gjendje-kaotike-dps-nuk-guxon-te-marre-pushtetin\/#breadcrumb","itemListElement":[{"@type":"ListItem","position":1,"name":"Nika: N\u00eb Ulqin gjendje kaotike: DPS nuk guxon t\u00eb marr\u00eb pushtetin&#8230;"}]},{"@type":"Person","@id":"https:\/\/www.visit-ulcinj.com\/blog\/#\/schema\/person\/dcab619c614d3038751c63bc2aadc06d","name":"ulqini","sameAs":["http:\/\/www.visit-ulcinj.com"],"url":"https:\/\/www.visit-ulcinj.com\/blog\/author\/admin\/"}]}},"jetpack_featured_media_url":"","jetpack_sharing_enabled":true,"jetpack_shortlink":"https:\/\/wp.me\/pe6lTn-ops","_links":{"self":[{"href":"https:\/\/www.visit-ulcinj.com\/blog\/wp-json\/wp\/v2\/posts\/93834"}],"collection":[{"href":"https:\/\/www.visit-ulcinj.com\/blog\/wp-json\/wp\/v2\/posts"}],"about":[{"href":"https:\/\/www.visit-ulcinj.com\/blog\/wp-json\/wp\/v2\/types\/post"}],"author":[{"embeddable":true,"href":"https:\/\/www.visit-ulcinj.com\/blog\/wp-json\/wp\/v2\/users\/1"}],"replies":[{"embeddable":true,"href":"https:\/\/www.visit-ulcinj.com\/blog\/wp-json\/wp\/v2\/comments?post=93834"}],"version-history":[{"count":1,"href":"https:\/\/www.visit-ulcinj.com\/blog\/wp-json\/wp\/v2\/posts\/93834\/revisions"}],"predecessor-version":[{"id":93835,"href":"https:\/\/www.visit-ulcinj.com\/blog\/wp-json\/wp\/v2\/posts\/93834\/revisions\/93835"}],"wp:attachment":[{"href":"https:\/\/www.visit-ulcinj.com\/blog\/wp-json\/wp\/v2\/media?parent=93834"}],"wp:term":[{"taxonomy":"category","embeddable":true,"href":"https:\/\/www.visit-ulcinj.com\/blog\/wp-json\/wp\/v2\/categories?post=93834"},{"taxonomy":"post_tag","embeddable":true,"href":"https:\/\/www.visit-ulcinj.com\/blog\/wp-json\/wp\/v2\/tags?post=93834"}],"curies":[{"name":"wp","href":"https:\/\/api.w.org\/{rel}","templated":true}]}}