{"id":93836,"date":"2016-01-04T18:29:51","date_gmt":"2016-01-04T17:29:51","guid":{"rendered":"http:\/\/www.visit-ulcinj.com\/blog\/?p=93836"},"modified":"2016-01-04T18:29:51","modified_gmt":"2016-01-04T17:29:51","slug":"ulqin-krize-politike-e-partive-shqiptare-video","status":"publish","type":"post","link":"https:\/\/www.visit-ulcinj.com\/blog\/2016\/01\/04\/ulqin-krize-politike-e-partive-shqiptare-video\/","title":{"rendered":"Ulqin, kriz\u00eb politike e partive shqiptare &#8211; Video"},"content":{"rendered":"<p><a href=\"http:\/\/www.visit-ulcinj.com\/blog\/wp-content\/uploads\/2014\/02\/partit-shqiptare-ulqin.jpg\"><img loading=\"lazy\" class=\"alignleft wp-image-79548\" src=\"http:\/\/www.visit-ulcinj.com\/blog\/wp-content\/uploads\/2014\/02\/partit-shqiptare-ulqin.jpg\" alt=\"partit-shqiptare-ulqin\" width=\"508\" height=\"323\" srcset=\"https:\/\/www.visit-ulcinj.com\/blog\/wp-content\/uploads\/2014\/02\/partit-shqiptare-ulqin.jpg 400w, https:\/\/www.visit-ulcinj.com\/blog\/wp-content\/uploads\/2014\/02\/partit-shqiptare-ulqin-300x190.jpg 300w\" sizes=\"(max-width: 508px) 100vw, 508px\" \/><\/a>Si pasoj\u00eb e p\u00ebr\u00e7arjes n\u00eb koalicionit e spektrit politik shqiptar \u201cBashk\u00eb p\u00ebr t\u00eb ardhmen e Ulqinit\u201d prej disa muajsh, n\u00eb k\u00ebt\u00eb komun\u00eb mbret\u00ebron kriza politike. F\u00ebrkimet e ashpra mes partive shqiptare i kan\u00eb shtyr\u00eb ata q\u00eb t&#8217;i b\u00ebjn\u00eb thirrje Partis\u00eb Demokratike Socialiste t\u00eb kryeministrit Gjukanovi\u00e7 p\u00ebr t&#8217;i ofruar postet udh\u00ebheq\u00ebse n\u00eb Komun\u00ebn e Ulqinit. N\u00ebse ndodh nj\u00eb veprim i till\u00eb, p\u00ebr her\u00eb t\u00eb par\u00eb pas 25 vjet zgjedhjesh shum\u00ebpartiake, U<span class=\"text_exposed_show\">lqini me shumic\u00eb shqiptare do t\u00eb bie n\u00ebn pushtetin e nj\u00eb partie t\u00eb spektrit politik malazez.<\/span><\/p>\n<div class=\"text_exposed_show\">\n<p>Korrespondenti i Z\u00ebrit t\u00eb Amerik\u00ebs Ali Salaj sjell holl\u00ebsi nga Ulqini.<\/p>\n<p>VAO<br \/>\n<!--YouTube Error: bad URL entered--><\/p>\n<\/div>\n","protected":false},"excerpt":{"rendered":"<p>Si pasoj\u00eb e p\u00ebr\u00e7arjes n\u00eb koalicionit e spektrit politik shqiptar \u201cBashk\u00eb p\u00ebr t\u00eb ardhmen e Ulqinit\u201d prej disa muajsh, n\u00eb k\u00ebt\u00eb komun\u00eb mbret\u00ebron kriza politike. F\u00ebrkimet e ashpra mes partive shqiptare i kan\u00eb shtyr\u00eb ata q\u00eb t&#8217;i b\u00ebjn\u00eb thirrje Partis\u00eb Demokratike Socialiste t\u00eb kryeministrit Gjukanovi\u00e7 p\u00ebr t&#8217;i ofruar postet udh\u00ebheq\u00ebse n\u00eb Komun\u00ebn e Ulqinit. N\u00ebse [&hellip;]<\/p>\n","protected":false},"author":1,"featured_media":0,"comment_status":"closed","ping_status":"closed","sticky":false,"template":"","format":"standard","meta":{"spay_email":"","jetpack_publicize_message":"","jetpack_is_tweetstorm":false,"jetpack_publicize_feature_enabled":true},"categories":[11],"tags":[],"jetpack_publicize_connections":[],"yoast_head":"<!-- This site is optimized with the Yoast SEO plugin v19.1 - https:\/\/yoast.com\/wordpress\/plugins\/seo\/ -->\n<title>Ulqin, kriz\u00eb politike e partive shqiptare - Video - Lajme nga Ulqini<\/title>\n<meta name=\"description\" content=\"Si pasoj\u00eb e p\u00ebr\u00e7arjes n\u00eb koalicionit e spektrit politik shqiptar \u201cBashk\u00eb p\u00ebr t\u00eb ardhmen e Ulqinit\u201d prej disa muajsh, n\u00eb k\u00ebt\u00eb komun\u00eb mbret\u00ebron kriza\" \/>\n<meta name=\"robots\" content=\"index, follow, max-snippet:-1, max-image-preview:large, max-video-preview:-1\" \/>\n<link rel=\"canonical\" href=\"https:\/\/www.visit-ulcinj.com\/blog\/2016\/01\/04\/ulqin-krize-politike-e-partive-shqiptare-video\/\" \/>\n<meta property=\"og:locale\" content=\"en_US\" \/>\n<meta property=\"og:type\" content=\"article\" \/>\n<meta property=\"og:title\" content=\"Ulqin, kriz\u00eb politike e partive shqiptare - Video - Lajme nga Ulqini\" \/>\n<meta property=\"og:description\" content=\"Si pasoj\u00eb e p\u00ebr\u00e7arjes n\u00eb koalicionit e spektrit politik shqiptar \u201cBashk\u00eb p\u00ebr t\u00eb ardhmen e Ulqinit\u201d prej disa muajsh, n\u00eb k\u00ebt\u00eb komun\u00eb mbret\u00ebron kriza\" \/>\n<meta property=\"og:url\" content=\"https:\/\/www.visit-ulcinj.com\/blog\/2016\/01\/04\/ulqin-krize-politike-e-partive-shqiptare-video\/\" \/>\n<meta property=\"og:site_name\" content=\"Lajme nga Ulqini\" \/>\n<meta property=\"article:published_time\" content=\"2016-01-04T17:29:51+00:00\" \/>\n<meta property=\"og:image\" content=\"http:\/\/www.visit-ulcinj.com\/blog\/wp-content\/uploads\/2014\/02\/partit-shqiptare-ulqin.jpg\" \/>\n<meta name=\"twitter:label1\" content=\"Written by\" \/>\n\t<meta name=\"twitter:data1\" content=\"ulqini\" \/>\n\t<meta name=\"twitter:label2\" content=\"Est. reading time\" \/>\n\t<meta name=\"twitter:data2\" content=\"1 minute\" \/>\n<script type=\"application\/ld+json\" class=\"yoast-schema-graph\">{\"@context\":\"https:\/\/schema.org\",\"@graph\":[{\"@type\":\"WebSite\",\"@id\":\"https:\/\/www.visit-ulcinj.com\/blog\/#website\",\"url\":\"https:\/\/www.visit-ulcinj.com\/blog\/\",\"name\":\"Lajme nga Ulqini\",\"description\":\"Lajme,Vijesti,Ulqini,Ulqin,Crna Gora,Mali i Zi\",\"potentialAction\":[{\"@type\":\"SearchAction\",\"target\":{\"@type\":\"EntryPoint\",\"urlTemplate\":\"https:\/\/www.visit-ulcinj.com\/blog\/?s={search_term_string}\"},\"query-input\":\"required name=search_term_string\"}],\"inLanguage\":\"en-US\"},{\"@type\":\"ImageObject\",\"inLanguage\":\"en-US\",\"@id\":\"https:\/\/www.visit-ulcinj.com\/blog\/2016\/01\/04\/ulqin-krize-politike-e-partive-shqiptare-video\/#primaryimage\",\"url\":\"https:\/\/www.visit-ulcinj.com\/blog\/wp-content\/uploads\/2014\/02\/partit-shqiptare-ulqin.jpg\",\"contentUrl\":\"https:\/\/www.visit-ulcinj.com\/blog\/wp-content\/uploads\/2014\/02\/partit-shqiptare-ulqin.jpg\",\"width\":400,\"height\":254},{\"@type\":\"WebPage\",\"@id\":\"https:\/\/www.visit-ulcinj.com\/blog\/2016\/01\/04\/ulqin-krize-politike-e-partive-shqiptare-video\/#webpage\",\"url\":\"https:\/\/www.visit-ulcinj.com\/blog\/2016\/01\/04\/ulqin-krize-politike-e-partive-shqiptare-video\/\",\"name\":\"Ulqin, kriz\u00eb politike e partive shqiptare - Video - Lajme nga Ulqini\",\"isPartOf\":{\"@id\":\"https:\/\/www.visit-ulcinj.com\/blog\/#website\"},\"primaryImageOfPage\":{\"@id\":\"https:\/\/www.visit-ulcinj.com\/blog\/2016\/01\/04\/ulqin-krize-politike-e-partive-shqiptare-video\/#primaryimage\"},\"datePublished\":\"2016-01-04T17:29:51+00:00\",\"dateModified\":\"2016-01-04T17:29:51+00:00\",\"author\":{\"@id\":\"https:\/\/www.visit-ulcinj.com\/blog\/#\/schema\/person\/dcab619c614d3038751c63bc2aadc06d\"},\"description\":\"Si pasoj\u00eb e p\u00ebr\u00e7arjes n\u00eb koalicionit e spektrit politik shqiptar \u201cBashk\u00eb p\u00ebr t\u00eb ardhmen e Ulqinit\u201d prej disa muajsh, n\u00eb k\u00ebt\u00eb komun\u00eb mbret\u00ebron kriza\",\"breadcrumb\":{\"@id\":\"https:\/\/www.visit-ulcinj.com\/blog\/2016\/01\/04\/ulqin-krize-politike-e-partive-shqiptare-video\/#breadcrumb\"},\"inLanguage\":\"en-US\",\"potentialAction\":[{\"@type\":\"ReadAction\",\"target\":[\"https:\/\/www.visit-ulcinj.com\/blog\/2016\/01\/04\/ulqin-krize-politike-e-partive-shqiptare-video\/\"]}]},{\"@type\":\"BreadcrumbList\",\"@id\":\"https:\/\/www.visit-ulcinj.com\/blog\/2016\/01\/04\/ulqin-krize-politike-e-partive-shqiptare-video\/#breadcrumb\",\"itemListElement\":[{\"@type\":\"ListItem\",\"position\":1,\"name\":\"Ulqin, kriz\u00eb politike e partive shqiptare &#8211; Video\"}]},{\"@type\":\"Person\",\"@id\":\"https:\/\/www.visit-ulcinj.com\/blog\/#\/schema\/person\/dcab619c614d3038751c63bc2aadc06d\",\"name\":\"ulqini\",\"sameAs\":[\"http:\/\/www.visit-ulcinj.com\"],\"url\":\"https:\/\/www.visit-ulcinj.com\/blog\/author\/admin\/\"}]}<\/script>\n<!-- \/ Yoast SEO plugin. -->","yoast_head_json":{"title":"Ulqin, kriz\u00eb politike e partive shqiptare - Video - Lajme nga Ulqini","description":"Si pasoj\u00eb e p\u00ebr\u00e7arjes n\u00eb koalicionit e spektrit politik shqiptar \u201cBashk\u00eb p\u00ebr t\u00eb ardhmen e Ulqinit\u201d prej disa muajsh, n\u00eb k\u00ebt\u00eb komun\u00eb mbret\u00ebron kriza","robots":{"index":"index","follow":"follow","max-snippet":"max-snippet:-1","max-image-preview":"max-image-preview:large","max-video-preview":"max-video-preview:-1"},"canonical":"https:\/\/www.visit-ulcinj.com\/blog\/2016\/01\/04\/ulqin-krize-politike-e-partive-shqiptare-video\/","og_locale":"en_US","og_type":"article","og_title":"Ulqin, kriz\u00eb politike e partive shqiptare - Video - Lajme nga Ulqini","og_description":"Si pasoj\u00eb e p\u00ebr\u00e7arjes n\u00eb koalicionit e spektrit politik shqiptar \u201cBashk\u00eb p\u00ebr t\u00eb ardhmen e Ulqinit\u201d prej disa muajsh, n\u00eb k\u00ebt\u00eb komun\u00eb mbret\u00ebron kriza","og_url":"https:\/\/www.visit-ulcinj.com\/blog\/2016\/01\/04\/ulqin-krize-politike-e-partive-shqiptare-video\/","og_site_name":"Lajme nga Ulqini","article_published_time":"2016-01-04T17:29:51+00:00","og_image":[{"url":"http:\/\/www.visit-ulcinj.com\/blog\/wp-content\/uploads\/2014\/02\/partit-shqiptare-ulqin.jpg"}],"twitter_misc":{"Written by":"ulqini","Est. reading time":"1 minute"},"schema":{"@context":"https:\/\/schema.org","@graph":[{"@type":"WebSite","@id":"https:\/\/www.visit-ulcinj.com\/blog\/#website","url":"https:\/\/www.visit-ulcinj.com\/blog\/","name":"Lajme nga Ulqini","description":"Lajme,Vijesti,Ulqini,Ulqin,Crna Gora,Mali i Zi","potentialAction":[{"@type":"SearchAction","target":{"@type":"EntryPoint","urlTemplate":"https:\/\/www.visit-ulcinj.com\/blog\/?s={search_term_string}"},"query-input":"required name=search_term_string"}],"inLanguage":"en-US"},{"@type":"ImageObject","inLanguage":"en-US","@id":"https:\/\/www.visit-ulcinj.com\/blog\/2016\/01\/04\/ulqin-krize-politike-e-partive-shqiptare-video\/#primaryimage","url":"https:\/\/www.visit-ulcinj.com\/blog\/wp-content\/uploads\/2014\/02\/partit-shqiptare-ulqin.jpg","contentUrl":"https:\/\/www.visit-ulcinj.com\/blog\/wp-content\/uploads\/2014\/02\/partit-shqiptare-ulqin.jpg","width":400,"height":254},{"@type":"WebPage","@id":"https:\/\/www.visit-ulcinj.com\/blog\/2016\/01\/04\/ulqin-krize-politike-e-partive-shqiptare-video\/#webpage","url":"https:\/\/www.visit-ulcinj.com\/blog\/2016\/01\/04\/ulqin-krize-politike-e-partive-shqiptare-video\/","name":"Ulqin, kriz\u00eb politike e partive shqiptare - Video - Lajme nga Ulqini","isPartOf":{"@id":"https:\/\/www.visit-ulcinj.com\/blog\/#website"},"primaryImageOfPage":{"@id":"https:\/\/www.visit-ulcinj.com\/blog\/2016\/01\/04\/ulqin-krize-politike-e-partive-shqiptare-video\/#primaryimage"},"datePublished":"2016-01-04T17:29:51+00:00","dateModified":"2016-01-04T17:29:51+00:00","author":{"@id":"https:\/\/www.visit-ulcinj.com\/blog\/#\/schema\/person\/dcab619c614d3038751c63bc2aadc06d"},"description":"Si pasoj\u00eb e p\u00ebr\u00e7arjes n\u00eb koalicionit e spektrit politik shqiptar \u201cBashk\u00eb p\u00ebr t\u00eb ardhmen e Ulqinit\u201d prej disa muajsh, n\u00eb k\u00ebt\u00eb komun\u00eb mbret\u00ebron kriza","breadcrumb":{"@id":"https:\/\/www.visit-ulcinj.com\/blog\/2016\/01\/04\/ulqin-krize-politike-e-partive-shqiptare-video\/#breadcrumb"},"inLanguage":"en-US","potentialAction":[{"@type":"ReadAction","target":["https:\/\/www.visit-ulcinj.com\/blog\/2016\/01\/04\/ulqin-krize-politike-e-partive-shqiptare-video\/"]}]},{"@type":"BreadcrumbList","@id":"https:\/\/www.visit-ulcinj.com\/blog\/2016\/01\/04\/ulqin-krize-politike-e-partive-shqiptare-video\/#breadcrumb","itemListElement":[{"@type":"ListItem","position":1,"name":"Ulqin, kriz\u00eb politike e partive shqiptare &#8211; Video"}]},{"@type":"Person","@id":"https:\/\/www.visit-ulcinj.com\/blog\/#\/schema\/person\/dcab619c614d3038751c63bc2aadc06d","name":"ulqini","sameAs":["http:\/\/www.visit-ulcinj.com"],"url":"https:\/\/www.visit-ulcinj.com\/blog\/author\/admin\/"}]}},"jetpack_featured_media_url":"","jetpack_sharing_enabled":true,"jetpack_shortlink":"https:\/\/wp.me\/pe6lTn-opu","_links":{"self":[{"href":"https:\/\/www.visit-ulcinj.com\/blog\/wp-json\/wp\/v2\/posts\/93836"}],"collection":[{"href":"https:\/\/www.visit-ulcinj.com\/blog\/wp-json\/wp\/v2\/posts"}],"about":[{"href":"https:\/\/www.visit-ulcinj.com\/blog\/wp-json\/wp\/v2\/types\/post"}],"author":[{"embeddable":true,"href":"https:\/\/www.visit-ulcinj.com\/blog\/wp-json\/wp\/v2\/users\/1"}],"replies":[{"embeddable":true,"href":"https:\/\/www.visit-ulcinj.com\/blog\/wp-json\/wp\/v2\/comments?post=93836"}],"version-history":[{"count":1,"href":"https:\/\/www.visit-ulcinj.com\/blog\/wp-json\/wp\/v2\/posts\/93836\/revisions"}],"predecessor-version":[{"id":93837,"href":"https:\/\/www.visit-ulcinj.com\/blog\/wp-json\/wp\/v2\/posts\/93836\/revisions\/93837"}],"wp:attachment":[{"href":"https:\/\/www.visit-ulcinj.com\/blog\/wp-json\/wp\/v2\/media?parent=93836"}],"wp:term":[{"taxonomy":"category","embeddable":true,"href":"https:\/\/www.visit-ulcinj.com\/blog\/wp-json\/wp\/v2\/categories?post=93836"},{"taxonomy":"post_tag","embeddable":true,"href":"https:\/\/www.visit-ulcinj.com\/blog\/wp-json\/wp\/v2\/tags?post=93836"}],"curies":[{"name":"wp","href":"https:\/\/api.w.org\/{rel}","templated":true}]}}