{"id":93851,"date":"2016-01-04T19:33:52","date_gmt":"2016-01-04T18:33:52","guid":{"rendered":"http:\/\/www.visit-ulcinj.com\/blog\/?p=93851"},"modified":"2016-01-09T08:07:38","modified_gmt":"2016-01-09T07:07:38","slug":"prof-dr-hajrullah-koliqi-cv-e-shkurter","status":"publish","type":"post","link":"https:\/\/www.visit-ulcinj.com\/blog\/2016\/01\/04\/prof-dr-hajrullah-koliqi-cv-e-shkurter\/","title":{"rendered":"Prof. Dr. Hajrullah Koliqi &#8211; CV e shkurt\u00ebr &#8211; Video"},"content":{"rendered":"<p><a href=\"http:\/\/www.visit-ulcinj.com\/blog\/wp-content\/uploads\/2016\/01\/Hajrullah-Koliqi.jpg\"><img loading=\"lazy\" class=\"alignleft wp-image-93853 size-medium\" src=\"http:\/\/www.visit-ulcinj.com\/blog\/wp-content\/uploads\/2016\/01\/Hajrullah-Koliqi-205x300.jpg\" alt=\"Hajrullah Koliqi\" width=\"205\" height=\"300\" srcset=\"https:\/\/www.visit-ulcinj.com\/blog\/wp-content\/uploads\/2016\/01\/Hajrullah-Koliqi-205x300.jpg 205w, https:\/\/www.visit-ulcinj.com\/blog\/wp-content\/uploads\/2016\/01\/Hajrullah-Koliqi-699x1024.jpg 699w, https:\/\/www.visit-ulcinj.com\/blog\/wp-content\/uploads\/2016\/01\/Hajrullah-Koliqi.jpg 700w\" sizes=\"(max-width: 205px) 100vw, 205px\" \/><\/a>Hajrullah Koliqi \u2013 u lind n\u00eb Kraj\u00eb n\u00eb vitin 1946. Shkoll\u00ebn fillore e ka kryer n\u00eb vendlindje, shkoll\u00ebn normale n\u00eb Prishtin\u00eb dhe studimet p\u00ebr pedagogji n\u00eb Fakultetin Filozofik t\u00eb Prishtin\u00ebs.<\/p>\n<p>\u00cbsht\u00eb doktor i shkencave pedagogjike dhe mban titullin profesor universitar.<\/p>\n<p>N\u00eb karrier\u00ebn e tij profesionale ka punuar si m\u00ebsimdh\u00ebn\u00ebs (n\u00eb fillim si asistent e m\u00eb pas profesor ordinar) n\u00eb Departamentin e Pedagogjis\u00eb t\u00eb Fakultetit Filozofik t\u00eb Universitetit t\u00eb Prishtin\u00ebs (1973-2011) dhe ka qen\u00eb bashk\u00ebpun\u00ebtor i jasht\u00ebm n\u00eb Departamentin e Pedagogjis\u00eb t\u00eb Fakultetit Filozofik t\u00eb Tetov\u00ebs, nga viti 1995.<\/p>\n<p>T\u00ebr\u00eb jeta e tij lidhet me arsimin dhe pedagogjin\u00eb, fusha ku ka dh\u00ebn\u00eb nj\u00eb kontribut t\u00eb \u00e7muar, qoft\u00eb si pedagog universitar n\u00eb edukimin e brezave t\u00eb m\u00ebsuesve t\u00eb rinj, por edhe n\u00eb hartimin e teksteve universitare dhe monografive kushtuar personaliteteve t\u00eb arsimit komb\u00ebtar, pa harruar p\u00ebr asnj\u00eb moment vendlindjen e tij, s\u00eb cil\u00ebs i ka kushtuar nj\u00eb pjes\u00eb t\u00eb studimeve.<\/p>\n<p>\u00cbsht\u00eb autor i k\u00ebtyre veprave dhe teksteve universitare:<\/p>\n<ol>\n<li>Aleksand\u00ebr Xhuvani &#8211; puna edukativo-arsimore dhe pik\u00ebpamjet pedagogjike (1987);<\/li>\n<li>Andragogjia (1987, plot\u00ebsuar dhe ribotuar m\u00eb 1990);<\/li>\n<li>Kraja nd\u00ebr mote (1993);<\/li>\n<li>Mbijetesa e Universitetit t\u00eb Prishtin\u00ebs 1991-1994 (1995);<\/li>\n<li>Gjendja dhe pozita e arsimit shqip n\u00eb Kosov\u00eb n\u00eb periudh\u00ebn 1990-1995 dhe mund\u00ebsit\u00eb e zhvillimit t\u00eb m\u00ebtejm\u00eb (bashkautor, 1996);<\/li>\n<li>Das Uberleben der Universitat Prishtina 1991-1996 (1997);<\/li>\n<li>The Survival of the University of Prishtina 1991-1996 (1997);<\/li>\n<li>Historia e pedagogjis\u00eb bot\u00ebrore I (1997, plot\u00ebsuar dhe ribotuar m\u00eb 2013);<\/li>\n<li>Historia e pedagogjis\u00eb bot\u00ebrore II (1998, plot\u00ebsuar dhe ribotuar m\u00eb 2013);<\/li>\n<li>Historiku i arsimit n\u00eb Kraj\u00eb (1999);<\/li>\n<li>Kraja e Shkodr\u00ebs (2001);<\/li>\n<li>Historia e arsimit dhe e mendimit pedagogjik shqiptar (2002, plot\u00ebsuar dhe ribotuar m\u00eb 2012);<\/li>\n<li>Sistemi i arsimit n\u00eb Kosov\u00eb (2004);<\/li>\n<li>Jashar Rexhepagiqi (Portret) (2004);<\/li>\n<li>N\u00eb k\u00ebrkim t\u00eb dijes dhe t\u00eb liris\u00eb (Searching for Knowledge and Freedom), (bashkautor dhe redaktor, 2004);<\/li>\n<li>Universiteti i Prishtin\u00ebs 1970-2005 (University of Prishtina 1970-2005), (bashkautor, 2005);<\/li>\n<li>Thesar filoedukimi (Thesaurus of Philoeducation) (2007);<\/li>\n<li>N\u00eb nj\u00eb cep t\u00eb Iliris\u00eb (bashkautor, 2007);<\/li>\n<li>Jashar Rexhepagiqi, figur\u00eb e shquar e arsimit dhe e shkenc\u00ebs (2009);<\/li>\n<li>Gruaja nd\u00ebr shekuj \/ Arsimimi dhe emancipimi i saj (2009);<\/li>\n<li>40 vjet t\u00eb tempullit ton\u00eb t\u00eb dituris\u00eb (2010);<\/li>\n<li>Ata q\u00eb jet\u00ebn na e falen (2010);<\/li>\n<li>Kosova &#8211; V\u00ebshtrim monografik (bashkautor, 2011, edhe anglisht);<\/li>\n<li>Kur Per\u00ebndia identifikohej me diturin\u00eb (2011);<\/li>\n<li>Kraja jon\u00eb (2014).<\/li>\n<\/ol>\n<p>P\u00ebrpos k\u00ebtyre veprave dhe teksteve, \u00ebsht\u00eb autor edhe i rreth 250 punimeve, p\u00ebrfshir\u00eb artikuj, studime, fejtone, v\u00ebshtrime etj., t\u00eb botuar n\u00eb gazeta dhe revista t\u00eb ndryshme.<\/p>\n<p>Q\u00eb nga viti 2011 \u00ebsht\u00eb n\u00eb pension. Jeton n\u00eb Prishtin\u00eb.<\/p>\n<!--YouTube Error: bad URL entered-->\n<p>&nbsp;<\/p>\n","protected":false},"excerpt":{"rendered":"<p>Hajrullah Koliqi \u2013 u lind n\u00eb Kraj\u00eb n\u00eb vitin 1946. Shkoll\u00ebn fillore e ka kryer n\u00eb vendlindje, shkoll\u00ebn normale n\u00eb Prishtin\u00eb dhe studimet p\u00ebr pedagogji n\u00eb Fakultetin Filozofik t\u00eb Prishtin\u00ebs. \u00cbsht\u00eb doktor i shkencave pedagogjike dhe mban titullin profesor universitar. N\u00eb karrier\u00ebn e tij profesionale ka punuar si m\u00ebsimdh\u00ebn\u00ebs (n\u00eb fillim si asistent e m\u00eb [&hellip;]<\/p>\n","protected":false},"author":1,"featured_media":0,"comment_status":"closed","ping_status":"closed","sticky":false,"template":"","format":"standard","meta":{"spay_email":"","jetpack_publicize_message":"","jetpack_is_tweetstorm":false,"jetpack_publicize_feature_enabled":true},"categories":[1],"tags":[],"jetpack_publicize_connections":[],"yoast_head":"<!-- This site is optimized with the Yoast SEO plugin v19.1 - https:\/\/yoast.com\/wordpress\/plugins\/seo\/ -->\n<title>Prof. Dr. Hajrullah Koliqi - CV e shkurt\u00ebr - Video - Lajme nga Ulqini<\/title>\n<meta name=\"description\" content=\"Hajrullah Koliqi \u2013 u lind n\u00eb Kraj\u00eb n\u00eb vitin 1946. Shkoll\u00ebn fillore e ka kryer n\u00eb vendlindje, shkoll\u00ebn normale n\u00eb Prishtin\u00eb dhe studimet p\u00ebr pedagogji n\u00eb\" \/>\n<meta name=\"robots\" content=\"index, follow, max-snippet:-1, max-image-preview:large, max-video-preview:-1\" \/>\n<link rel=\"canonical\" href=\"https:\/\/www.visit-ulcinj.com\/blog\/2016\/01\/04\/prof-dr-hajrullah-koliqi-cv-e-shkurter\/\" \/>\n<meta property=\"og:locale\" content=\"en_US\" \/>\n<meta property=\"og:type\" content=\"article\" \/>\n<meta property=\"og:title\" content=\"Prof. Dr. Hajrullah Koliqi - CV e shkurt\u00ebr - Video - Lajme nga Ulqini\" \/>\n<meta property=\"og:description\" content=\"Hajrullah Koliqi \u2013 u lind n\u00eb Kraj\u00eb n\u00eb vitin 1946. Shkoll\u00ebn fillore e ka kryer n\u00eb vendlindje, shkoll\u00ebn normale n\u00eb Prishtin\u00eb dhe studimet p\u00ebr pedagogji n\u00eb\" \/>\n<meta property=\"og:url\" content=\"https:\/\/www.visit-ulcinj.com\/blog\/2016\/01\/04\/prof-dr-hajrullah-koliqi-cv-e-shkurter\/\" \/>\n<meta property=\"og:site_name\" content=\"Lajme nga Ulqini\" \/>\n<meta property=\"article:published_time\" content=\"2016-01-04T18:33:52+00:00\" \/>\n<meta property=\"article:modified_time\" content=\"2016-01-09T07:07:38+00:00\" \/>\n<meta property=\"og:image\" content=\"http:\/\/www.visit-ulcinj.com\/blog\/wp-content\/uploads\/2016\/01\/Hajrullah-Koliqi-205x300.jpg\" \/>\n<meta name=\"twitter:label1\" content=\"Written by\" \/>\n\t<meta name=\"twitter:data1\" content=\"ulqini\" \/>\n\t<meta name=\"twitter:label2\" content=\"Est. reading time\" \/>\n\t<meta name=\"twitter:data2\" content=\"2 minutes\" \/>\n<script type=\"application\/ld+json\" class=\"yoast-schema-graph\">{\"@context\":\"https:\/\/schema.org\",\"@graph\":[{\"@type\":\"WebSite\",\"@id\":\"https:\/\/www.visit-ulcinj.com\/blog\/#website\",\"url\":\"https:\/\/www.visit-ulcinj.com\/blog\/\",\"name\":\"Lajme nga Ulqini\",\"description\":\"Lajme,Vijesti,Ulqini,Ulqin,Crna Gora,Mali i Zi\",\"potentialAction\":[{\"@type\":\"SearchAction\",\"target\":{\"@type\":\"EntryPoint\",\"urlTemplate\":\"https:\/\/www.visit-ulcinj.com\/blog\/?s={search_term_string}\"},\"query-input\":\"required name=search_term_string\"}],\"inLanguage\":\"en-US\"},{\"@type\":\"ImageObject\",\"inLanguage\":\"en-US\",\"@id\":\"https:\/\/www.visit-ulcinj.com\/blog\/2016\/01\/04\/prof-dr-hajrullah-koliqi-cv-e-shkurter\/#primaryimage\",\"url\":\"https:\/\/www.visit-ulcinj.com\/blog\/wp-content\/uploads\/2016\/01\/Hajrullah-Koliqi.jpg\",\"contentUrl\":\"https:\/\/www.visit-ulcinj.com\/blog\/wp-content\/uploads\/2016\/01\/Hajrullah-Koliqi.jpg\",\"width\":700,\"height\":1025},{\"@type\":\"WebPage\",\"@id\":\"https:\/\/www.visit-ulcinj.com\/blog\/2016\/01\/04\/prof-dr-hajrullah-koliqi-cv-e-shkurter\/#webpage\",\"url\":\"https:\/\/www.visit-ulcinj.com\/blog\/2016\/01\/04\/prof-dr-hajrullah-koliqi-cv-e-shkurter\/\",\"name\":\"Prof. Dr. Hajrullah Koliqi - CV e shkurt\u00ebr - Video - Lajme nga Ulqini\",\"isPartOf\":{\"@id\":\"https:\/\/www.visit-ulcinj.com\/blog\/#website\"},\"primaryImageOfPage\":{\"@id\":\"https:\/\/www.visit-ulcinj.com\/blog\/2016\/01\/04\/prof-dr-hajrullah-koliqi-cv-e-shkurter\/#primaryimage\"},\"datePublished\":\"2016-01-04T18:33:52+00:00\",\"dateModified\":\"2016-01-09T07:07:38+00:00\",\"author\":{\"@id\":\"https:\/\/www.visit-ulcinj.com\/blog\/#\/schema\/person\/dcab619c614d3038751c63bc2aadc06d\"},\"description\":\"Hajrullah Koliqi \u2013 u lind n\u00eb Kraj\u00eb n\u00eb vitin 1946. Shkoll\u00ebn fillore e ka kryer n\u00eb vendlindje, shkoll\u00ebn normale n\u00eb Prishtin\u00eb dhe studimet p\u00ebr pedagogji n\u00eb\",\"breadcrumb\":{\"@id\":\"https:\/\/www.visit-ulcinj.com\/blog\/2016\/01\/04\/prof-dr-hajrullah-koliqi-cv-e-shkurter\/#breadcrumb\"},\"inLanguage\":\"en-US\",\"potentialAction\":[{\"@type\":\"ReadAction\",\"target\":[\"https:\/\/www.visit-ulcinj.com\/blog\/2016\/01\/04\/prof-dr-hajrullah-koliqi-cv-e-shkurter\/\"]}]},{\"@type\":\"BreadcrumbList\",\"@id\":\"https:\/\/www.visit-ulcinj.com\/blog\/2016\/01\/04\/prof-dr-hajrullah-koliqi-cv-e-shkurter\/#breadcrumb\",\"itemListElement\":[{\"@type\":\"ListItem\",\"position\":1,\"name\":\"Prof. Dr. Hajrullah Koliqi &#8211; CV e shkurt\u00ebr &#8211; Video\"}]},{\"@type\":\"Person\",\"@id\":\"https:\/\/www.visit-ulcinj.com\/blog\/#\/schema\/person\/dcab619c614d3038751c63bc2aadc06d\",\"name\":\"ulqini\",\"sameAs\":[\"http:\/\/www.visit-ulcinj.com\"],\"url\":\"https:\/\/www.visit-ulcinj.com\/blog\/author\/admin\/\"}]}<\/script>\n<!-- \/ Yoast SEO plugin. -->","yoast_head_json":{"title":"Prof. Dr. Hajrullah Koliqi - CV e shkurt\u00ebr - Video - Lajme nga Ulqini","description":"Hajrullah Koliqi \u2013 u lind n\u00eb Kraj\u00eb n\u00eb vitin 1946. Shkoll\u00ebn fillore e ka kryer n\u00eb vendlindje, shkoll\u00ebn normale n\u00eb Prishtin\u00eb dhe studimet p\u00ebr pedagogji n\u00eb","robots":{"index":"index","follow":"follow","max-snippet":"max-snippet:-1","max-image-preview":"max-image-preview:large","max-video-preview":"max-video-preview:-1"},"canonical":"https:\/\/www.visit-ulcinj.com\/blog\/2016\/01\/04\/prof-dr-hajrullah-koliqi-cv-e-shkurter\/","og_locale":"en_US","og_type":"article","og_title":"Prof. Dr. Hajrullah Koliqi - CV e shkurt\u00ebr - Video - Lajme nga Ulqini","og_description":"Hajrullah Koliqi \u2013 u lind n\u00eb Kraj\u00eb n\u00eb vitin 1946. Shkoll\u00ebn fillore e ka kryer n\u00eb vendlindje, shkoll\u00ebn normale n\u00eb Prishtin\u00eb dhe studimet p\u00ebr pedagogji n\u00eb","og_url":"https:\/\/www.visit-ulcinj.com\/blog\/2016\/01\/04\/prof-dr-hajrullah-koliqi-cv-e-shkurter\/","og_site_name":"Lajme nga Ulqini","article_published_time":"2016-01-04T18:33:52+00:00","article_modified_time":"2016-01-09T07:07:38+00:00","og_image":[{"url":"http:\/\/www.visit-ulcinj.com\/blog\/wp-content\/uploads\/2016\/01\/Hajrullah-Koliqi-205x300.jpg"}],"twitter_misc":{"Written by":"ulqini","Est. reading time":"2 minutes"},"schema":{"@context":"https:\/\/schema.org","@graph":[{"@type":"WebSite","@id":"https:\/\/www.visit-ulcinj.com\/blog\/#website","url":"https:\/\/www.visit-ulcinj.com\/blog\/","name":"Lajme nga Ulqini","description":"Lajme,Vijesti,Ulqini,Ulqin,Crna Gora,Mali i Zi","potentialAction":[{"@type":"SearchAction","target":{"@type":"EntryPoint","urlTemplate":"https:\/\/www.visit-ulcinj.com\/blog\/?s={search_term_string}"},"query-input":"required name=search_term_string"}],"inLanguage":"en-US"},{"@type":"ImageObject","inLanguage":"en-US","@id":"https:\/\/www.visit-ulcinj.com\/blog\/2016\/01\/04\/prof-dr-hajrullah-koliqi-cv-e-shkurter\/#primaryimage","url":"https:\/\/www.visit-ulcinj.com\/blog\/wp-content\/uploads\/2016\/01\/Hajrullah-Koliqi.jpg","contentUrl":"https:\/\/www.visit-ulcinj.com\/blog\/wp-content\/uploads\/2016\/01\/Hajrullah-Koliqi.jpg","width":700,"height":1025},{"@type":"WebPage","@id":"https:\/\/www.visit-ulcinj.com\/blog\/2016\/01\/04\/prof-dr-hajrullah-koliqi-cv-e-shkurter\/#webpage","url":"https:\/\/www.visit-ulcinj.com\/blog\/2016\/01\/04\/prof-dr-hajrullah-koliqi-cv-e-shkurter\/","name":"Prof. Dr. Hajrullah Koliqi - CV e shkurt\u00ebr - Video - Lajme nga Ulqini","isPartOf":{"@id":"https:\/\/www.visit-ulcinj.com\/blog\/#website"},"primaryImageOfPage":{"@id":"https:\/\/www.visit-ulcinj.com\/blog\/2016\/01\/04\/prof-dr-hajrullah-koliqi-cv-e-shkurter\/#primaryimage"},"datePublished":"2016-01-04T18:33:52+00:00","dateModified":"2016-01-09T07:07:38+00:00","author":{"@id":"https:\/\/www.visit-ulcinj.com\/blog\/#\/schema\/person\/dcab619c614d3038751c63bc2aadc06d"},"description":"Hajrullah Koliqi \u2013 u lind n\u00eb Kraj\u00eb n\u00eb vitin 1946. Shkoll\u00ebn fillore e ka kryer n\u00eb vendlindje, shkoll\u00ebn normale n\u00eb Prishtin\u00eb dhe studimet p\u00ebr pedagogji n\u00eb","breadcrumb":{"@id":"https:\/\/www.visit-ulcinj.com\/blog\/2016\/01\/04\/prof-dr-hajrullah-koliqi-cv-e-shkurter\/#breadcrumb"},"inLanguage":"en-US","potentialAction":[{"@type":"ReadAction","target":["https:\/\/www.visit-ulcinj.com\/blog\/2016\/01\/04\/prof-dr-hajrullah-koliqi-cv-e-shkurter\/"]}]},{"@type":"BreadcrumbList","@id":"https:\/\/www.visit-ulcinj.com\/blog\/2016\/01\/04\/prof-dr-hajrullah-koliqi-cv-e-shkurter\/#breadcrumb","itemListElement":[{"@type":"ListItem","position":1,"name":"Prof. Dr. Hajrullah Koliqi &#8211; CV e shkurt\u00ebr &#8211; Video"}]},{"@type":"Person","@id":"https:\/\/www.visit-ulcinj.com\/blog\/#\/schema\/person\/dcab619c614d3038751c63bc2aadc06d","name":"ulqini","sameAs":["http:\/\/www.visit-ulcinj.com"],"url":"https:\/\/www.visit-ulcinj.com\/blog\/author\/admin\/"}]}},"jetpack_featured_media_url":"","jetpack_sharing_enabled":true,"jetpack_shortlink":"https:\/\/wp.me\/pe6lTn-opJ","_links":{"self":[{"href":"https:\/\/www.visit-ulcinj.com\/blog\/wp-json\/wp\/v2\/posts\/93851"}],"collection":[{"href":"https:\/\/www.visit-ulcinj.com\/blog\/wp-json\/wp\/v2\/posts"}],"about":[{"href":"https:\/\/www.visit-ulcinj.com\/blog\/wp-json\/wp\/v2\/types\/post"}],"author":[{"embeddable":true,"href":"https:\/\/www.visit-ulcinj.com\/blog\/wp-json\/wp\/v2\/users\/1"}],"replies":[{"embeddable":true,"href":"https:\/\/www.visit-ulcinj.com\/blog\/wp-json\/wp\/v2\/comments?post=93851"}],"version-history":[{"count":2,"href":"https:\/\/www.visit-ulcinj.com\/blog\/wp-json\/wp\/v2\/posts\/93851\/revisions"}],"predecessor-version":[{"id":93905,"href":"https:\/\/www.visit-ulcinj.com\/blog\/wp-json\/wp\/v2\/posts\/93851\/revisions\/93905"}],"wp:attachment":[{"href":"https:\/\/www.visit-ulcinj.com\/blog\/wp-json\/wp\/v2\/media?parent=93851"}],"wp:term":[{"taxonomy":"category","embeddable":true,"href":"https:\/\/www.visit-ulcinj.com\/blog\/wp-json\/wp\/v2\/categories?post=93851"},{"taxonomy":"post_tag","embeddable":true,"href":"https:\/\/www.visit-ulcinj.com\/blog\/wp-json\/wp\/v2\/tags?post=93851"}],"curies":[{"name":"wp","href":"https:\/\/api.w.org\/{rel}","templated":true}]}}