{"id":93861,"date":"2016-01-05T08:54:43","date_gmt":"2016-01-05T07:54:43","guid":{"rendered":"http:\/\/www.visit-ulcinj.com\/blog\/?p=93861"},"modified":"2016-01-06T18:45:00","modified_gmt":"2016-01-06T17:45:00","slug":"deklarate-per-opinion-nga-kryetari-klubit-te-karatese-ulqini","status":"publish","type":"post","link":"https:\/\/www.visit-ulcinj.com\/blog\/2016\/01\/05\/deklarate-per-opinion-nga-kryetari-klubit-te-karatese-ulqini\/","title":{"rendered":"Deklarat\u00eb p\u00ebr opinion nga Kryetari i Klubit t\u00eb karates\u00eb &#8220;Ulqini&#8221;"},"content":{"rendered":"<p style=\"text-align: center;\"><strong>DEKLARAT\u00cb P\u00cbR OPINION<\/strong><\/p>\n<p>&nbsp;<\/p>\n<p><a href=\"http:\/\/www.visit-ulcinj.com\/blog\/wp-content\/uploads\/2016\/01\/Gjergj-Daboviq.jpg\"><img loading=\"lazy\" class=\"alignleft wp-image-93862\" src=\"http:\/\/www.visit-ulcinj.com\/blog\/wp-content\/uploads\/2016\/01\/Gjergj-Daboviq.jpg\" alt=\"Gjergj-Daboviq\" width=\"508\" height=\"774\" srcset=\"https:\/\/www.visit-ulcinj.com\/blog\/wp-content\/uploads\/2016\/01\/Gjergj-Daboviq.jpg 463w, https:\/\/www.visit-ulcinj.com\/blog\/wp-content\/uploads\/2016\/01\/Gjergj-Daboviq-197x300.jpg 197w\" sizes=\"(max-width: 508px) 100vw, 508px\" \/><\/a>M\u00eb 26 dhjetor 2015 n\u00eb sall\u00ebn e Komun\u00ebs s\u00eb Ulqinit u b\u00eb zgjedhja e sportist\u00ebve m\u00eb t\u00eb mir\u00eb, t\u00eb cil\u00ebve n\u00eb fund t\u00eb \u00e7do viti kalendarik \u00e7mimet iu ndan\u00eb Kryetari i Komun\u00ebs. N\u00eb k\u00ebt\u00eb takim ishin prezent\u00eb p\u00ebrfaq\u00ebsuesit e t\u00eb gjitha klubeve sportive q\u00eb veprojn\u00eb n\u00eb komun\u00ebn e Ulqinit, t\u00eb cil\u00ebt ishin ftuar nga k\u00ebshilltari p\u00ebr sport, e i cili ishte edhe organizator i k\u00ebtij takimi pune.<\/p>\n<p>Shfryt\u00ebzoj rastin q\u00eb t\u00eb uroj te gjith\u00eb sportist\u00ebt e zgjedhur, t\u00eb gjith\u00eb ata q\u00eb me dinjitet na p\u00ebrfaq\u00ebsuan me sukses n\u00eb \u00e7do vend e \u00e7do gar\u00eb dhe u uroj suksese t\u00eb m\u00ebtejshme.<\/p>\n<p>Me k\u00ebt\u00eb rast, p\u00ebr arsye t\u00eb s\u00eb v\u00ebrtet\u00ebs, p\u00ebr shkak t\u00eb an\u00ebtar\u00ebve t\u00eb klubit ton\u00eb sportiv, po sidomos t\u00eb opinionit t\u00eb gjer\u00eb, jam i detyruar t\u00eb reagoj ndaj nj\u00eb sjelljeje t\u00eb pahijshme, josportive, nj\u00eb t\u00eb pav\u00ebrtete dhe shpifjeje p\u00ebr mua dhe klubin ton\u00eb t\u00eb karates\u00eb \u201cULQINI\u201d q\u00eb paraqiti Lek Markiqi, trajner i KK \u201cChampion\u201d, duke m\u00eb akuzuar mua, me em\u00ebr dhe mbiem\u00ebr, se n\u00eb vitin e kaluar gjoja paskam manipuluar me rezultatet e klubit tim dhe t\u00eb gjith\u00eb buletinet q\u00eb i kam paraqitur para komisionit p\u00ebrkat\u00ebs kan\u00eb qen\u00eb jo valide!!!<\/p>\n<p>Q\u00eb n\u00eb fillim me indinjat\u00eb t\u00eb thell\u00eb e hedh posht\u00eb k\u00ebt\u00eb t\u00eb pav\u00ebrtet\u00eb dhe shpifje, p\u00ebr t\u00eb cilat zot\u00ebri Markiqi mban p\u00ebrgjegj\u00ebsi t\u00eb plot\u00eb, p\u00ebr \u00e7ka m\u00eb s\u00eb paku \u00e7ka presim \u00ebsht\u00eb q\u00eb t\u00eb k\u00ebrkoj\u00eb falje.<\/p>\n<p>I drejtohem nx\u00ebn\u00ebsit tim, Lek Markiqit, me gjith\u00eb orvatjen time q\u00eb t\u00eb kam parasysh disa veprime t\u00eb pap\u00ebrgjegjshme dhe problematike t\u00eb tijat t\u00eb m\u00ebhershme, mund t\u00eb prisja prej tij ndonj\u00eb gj\u00eb jo korekte, por nj\u00eb k\u00ebso t\u00eb pav\u00ebrtet\u00eb e shpifje nuk e prisja kurr\u00eb. Njeriu \u00ebsht\u00eb n\u00eb mosh\u00eb, trajner i nj\u00eb klubi t\u00eb karates\u00eb n\u00eb qytetin ton\u00eb, nga un\u00eb e n\u00eb klubin ton\u00eb m\u00ebsoi hapat e para t\u00eb karates\u00eb. Pra, k\u00ebt\u00eb nuk mund ta prisja. Por, fatkeq\u00ebsisht ky nuk paska m\u00ebsuar at\u00eb q\u00eb \u00ebsht\u00eb kryesore, sidomos n\u00eb sport: sjelljen sportive, t\u00eb v\u00ebrtet\u00ebn e rezultatet sportive e sidomos respektimin e m\u00ebsuesit t\u00eb tij. Mir\u00ebpo, si\u00e7 u pa, ai qenka larg t\u00eb gjitha k\u00ebtyre virtyteve sportive.<\/p>\n<p>Kam menduar gjat\u00eb a t\u00eb reagoj dhe kund\u00ebr kujt t\u00eb reagoj, a ja vlen t\u00eb merrem me t\u00eb?! Megjithat\u00eb duke respektuar t\u00eb v\u00ebrtet\u00ebn, p\u00ebrfaq\u00ebsuesit sportiv\u00eb q\u00eb ishin n\u00eb at\u00eb mledhje prezent\u00eb, vendosa t\u00eb reagoj.<\/p>\n<p>S\u00eb pari, le t\u2019i kujtoj disa t\u00eb v\u00ebrteta Lek Markiqit: n\u00eb sport jam tash 46 vjet pa nd\u00ebrprerje, posa\u00e7\u00ebrisht n\u00eb sportin e karates\u00eb dhe n\u00eb shum\u00eb vende t\u00eb tjera n\u00eb profesion. Askush n\u00eb asnj\u00eb rast e as n\u00eb asnj\u00eb moment nuk m\u00eb njohu p\u00ebr manipulues, sepse asnj\u00ebher\u00eb nuk u sh\u00ebrbeva me t\u00eb pav\u00ebrteta e as me manipulime, e aq m\u00eb pak me rezultatet sportive, q\u00eb me mund e djers\u00eb i fituam dhe i merituam. Kat\u00ebrdhjet\u00eb (40) vjet jan\u00eb b\u00ebr\u00eb prej se themeluam klubin e karates\u00eb \u201cUlqini\u201d, po at\u00eb klub ku edhe ti pak a shum\u00eb m\u00ebsove karaten\u00eb. Jam munduar e kujdesur per ty dhe p\u00ebr t\u00eb gjith\u00eb t\u00eb tjer\u00ebt si p\u00ebr f\u00ebmij\u00ebt e mi, pa asnj\u00ebfar\u00eb dallimi, por si po shihet nga sjellja jote, p\u00ebr ty paska qen\u00eb e kot\u00eb!<\/p>\n<p>S\u00eb dyti, p\u00ebr sqarim, p\u00ebr hir t\u00eb opinionit dhe sportist\u00ebve e pun\u00ebtor\u00ebve sportiv\u00eb q\u00eb ishin prezent n\u00eb at\u00eb takim vler\u00ebsues p\u00ebr arritjet vjetore n\u00eb sport dhe vler\u00ebsimeve t\u00eb sportist\u00ebve, q\u00eb ti n\u00eb k\u00ebt\u00eb rast ke dal\u00eb shume i paditur e q\u00ebllimkeq, po shtoj disa fakte t\u00eb pakontestueshme. T\u00eb gjith\u00eb buletinet q\u00eb i d\u00ebrgon Zyra e Federat\u00ebs s\u00eb Karates\u00eb t\u00eb Malit t\u00eb Zi, jan\u00eb valide dhe zyrtare dhe n\u00eb to shihen qart\u00eb rezultatet e t\u00eb gjith\u00eb klubeve pjes\u00ebmarr\u00ebse n\u00eb gara, medaljet dhe pik\u00ebt e fituara p\u00ebr \u00e7do klub dhe renditja e p\u00ebrgjithshme. Po ashtu, edhe t\u00eb gjitha garat t\u00eb cilat jan\u00eb t\u00eb parapara n\u00eb kalendarin e garave t\u00eb Federat\u00ebs s\u00eb Karates\u00eb t\u00eb Malit t\u00eb Zi, jan\u00eb zyrtare.<\/p>\n<p>Edhe t\u00eb gjitha turnet\u00eb e tjer\u00eb q\u00eb mbahen jasht\u00eb Malit t\u00eb Zi, t\u00eb organizuara nga federatat e atyre shteteve, jan\u00eb zyrtare dhe valide. Pra, un\u00eb nuk shpika as nuk trillova gj\u00eb, pra as rezultatet. T\u00eb gjitha q\u00eb i kam prezentuar jan\u00eb t\u00eb v\u00ebrteta. Paraqitja e fakteve e rezultateve valide, nuk jan\u00eb manipulime, por p\u00ebrkundrazi, ai q\u00eb thot\u00eb t\u00eb pav\u00ebrtet\u00ebn si rasti yt, \u00ebsht\u00eb tentim manipulimi e tentim p\u00ebrhapje t\u00eb pav\u00ebrtetave.<\/p>\n<p>Tjet\u00ebr, n\u00eb klubin ton\u00eb t\u00eb karates\u00eb \u201cULQINI\u201d funksionon \u00e7do gj\u00eb me nj\u00eb ekip profesionist\u00ebsh, trajner\u00ebsh, udh\u00ebheq\u00ebsish, me nj\u00eb zyr\u00eb t\u00eb kompletuar p\u00ebr udh\u00ebheq\u00ebje, madje profesioniste p\u00ebr nga kryerja e pun\u00ebve, detyrave dhe obligimeve q\u00eb na dalin n\u00eb pun\u00ebn ton\u00eb, gjat\u00eb t\u00ebr\u00eb vitit, megjith\u00ebse t\u00eb gjitha k\u00ebto pun\u00eb e detyra i b\u00ebjm\u00eb e kryejm\u00eb n\u00eb m\u00ebnyr\u00eb vullnetare.<\/p>\n<p>Dhe n\u00eb fund, Lek Markiqi, t\u00eb kisha sygjeruar q\u00eb t\u2019i l\u00ebsh trillimet e tentativat q\u00eb t\u00eb njollos\u00ebsh t\u00eb tjer\u00ebt, \u00ebsht\u00eb e ul\u00ebt, \u00ebsht\u00eb jo morale e n\u00eb sport \u00ebsht\u00eb rrept\u00ebsisht e palejueshme. Merru me pun\u00ebt e tua n\u00eb klub! Hiq dor\u00eb se je b\u00ebr\u00eb, si thot\u00eb nj\u00eb fjal\u00eb popullore, \u201cmoll\u00eb sherri\u201d n\u00eb sportin e karates\u00eb, pasi q\u00eb dita dit\u00ebs po i humb t\u00eb gjith\u00eb shok\u00ebt koleg\u00ebt, edhe ata pak q\u00eb t\u00eb kan\u00eb mbetur, n\u00eb k\u00ebt\u00eb sport n\u00eb komun\u00ebn ton\u00eb.<\/p>\n<p>&nbsp;<\/p>\n<p>Ulqin, m\u00eb 30 dhjetor 2015<\/p>\n<p><a href=\"http:\/\/www.visit-ulcinj.com\/blog\/wp-content\/uploads\/2016\/01\/Gjergj-Daboviq-1.jpg\"><img loading=\"lazy\" class=\"alignleft wp-image-93863\" src=\"http:\/\/www.visit-ulcinj.com\/blog\/wp-content\/uploads\/2016\/01\/Gjergj-Daboviq-1.jpg\" alt=\"Gjergj-Daboviq-1\" width=\"508\" height=\"177\" srcset=\"https:\/\/www.visit-ulcinj.com\/blog\/wp-content\/uploads\/2016\/01\/Gjergj-Daboviq-1.jpg 745w, https:\/\/www.visit-ulcinj.com\/blog\/wp-content\/uploads\/2016\/01\/Gjergj-Daboviq-1-300x104.jpg 300w\" sizes=\"(max-width: 508px) 100vw, 508px\" \/><\/a><\/p>\n","protected":false},"excerpt":{"rendered":"<p>DEKLARAT\u00cb P\u00cbR OPINION &nbsp; M\u00eb 26 dhjetor 2015 n\u00eb sall\u00ebn e Komun\u00ebs s\u00eb Ulqinit u b\u00eb zgjedhja e sportist\u00ebve m\u00eb t\u00eb mir\u00eb, t\u00eb cil\u00ebve n\u00eb fund t\u00eb \u00e7do viti kalendarik \u00e7mimet iu ndan\u00eb Kryetari i Komun\u00ebs. N\u00eb k\u00ebt\u00eb takim ishin prezent\u00eb p\u00ebrfaq\u00ebsuesit e t\u00eb gjitha klubeve sportive q\u00eb veprojn\u00eb n\u00eb komun\u00ebn e Ulqinit, t\u00eb cil\u00ebt [&hellip;]<\/p>\n","protected":false},"author":1,"featured_media":0,"comment_status":"closed","ping_status":"closed","sticky":false,"template":"","format":"standard","meta":{"spay_email":"","jetpack_publicize_message":"","jetpack_is_tweetstorm":false,"jetpack_publicize_feature_enabled":true},"categories":[1],"tags":[],"jetpack_publicize_connections":[],"yoast_head":"<!-- This site is optimized with the Yoast SEO plugin v19.1 - https:\/\/yoast.com\/wordpress\/plugins\/seo\/ -->\n<title>Deklarat\u00eb p\u00ebr opinion nga Kryetari i Klubit t\u00eb karates\u00eb &quot;Ulqini&quot; - Lajme nga Ulqini<\/title>\n<meta name=\"description\" content=\"DEKLARAT\u00cb P\u00cbR OPINION &nbsp; M\u00eb 26 dhjetor 2015 n\u00eb sall\u00ebn e Komun\u00ebs s\u00eb Ulqinit u b\u00eb zgjedhja e sportist\u00ebve m\u00eb t\u00eb mir\u00eb, t\u00eb cil\u00ebve n\u00eb fund t\u00eb \u00e7do viti\" \/>\n<meta name=\"robots\" content=\"index, follow, max-snippet:-1, max-image-preview:large, max-video-preview:-1\" \/>\n<link rel=\"canonical\" href=\"https:\/\/www.visit-ulcinj.com\/blog\/2016\/01\/05\/deklarate-per-opinion-nga-kryetari-klubit-te-karatese-ulqini\/\" \/>\n<meta property=\"og:locale\" content=\"en_US\" \/>\n<meta property=\"og:type\" content=\"article\" \/>\n<meta property=\"og:title\" content=\"Deklarat\u00eb p\u00ebr opinion nga Kryetari i Klubit t\u00eb karates\u00eb &quot;Ulqini&quot; - Lajme nga Ulqini\" \/>\n<meta property=\"og:description\" content=\"DEKLARAT\u00cb P\u00cbR OPINION &nbsp; M\u00eb 26 dhjetor 2015 n\u00eb sall\u00ebn e Komun\u00ebs s\u00eb Ulqinit u b\u00eb zgjedhja e sportist\u00ebve m\u00eb t\u00eb mir\u00eb, t\u00eb cil\u00ebve n\u00eb fund t\u00eb \u00e7do viti\" \/>\n<meta property=\"og:url\" content=\"https:\/\/www.visit-ulcinj.com\/blog\/2016\/01\/05\/deklarate-per-opinion-nga-kryetari-klubit-te-karatese-ulqini\/\" \/>\n<meta property=\"og:site_name\" content=\"Lajme nga Ulqini\" \/>\n<meta property=\"article:published_time\" content=\"2016-01-05T07:54:43+00:00\" \/>\n<meta property=\"article:modified_time\" content=\"2016-01-06T17:45:00+00:00\" \/>\n<meta property=\"og:image\" content=\"http:\/\/www.visit-ulcinj.com\/blog\/wp-content\/uploads\/2016\/01\/Gjergj-Daboviq.jpg\" \/>\n<meta name=\"twitter:label1\" content=\"Written by\" \/>\n\t<meta name=\"twitter:data1\" content=\"ulqini\" \/>\n\t<meta name=\"twitter:label2\" content=\"Est. reading time\" \/>\n\t<meta name=\"twitter:data2\" content=\"5 minutes\" \/>\n<script type=\"application\/ld+json\" class=\"yoast-schema-graph\">{\"@context\":\"https:\/\/schema.org\",\"@graph\":[{\"@type\":\"WebSite\",\"@id\":\"https:\/\/www.visit-ulcinj.com\/blog\/#website\",\"url\":\"https:\/\/www.visit-ulcinj.com\/blog\/\",\"name\":\"Lajme nga Ulqini\",\"description\":\"Lajme,Vijesti,Ulqini,Ulqin,Crna Gora,Mali i Zi\",\"potentialAction\":[{\"@type\":\"SearchAction\",\"target\":{\"@type\":\"EntryPoint\",\"urlTemplate\":\"https:\/\/www.visit-ulcinj.com\/blog\/?s={search_term_string}\"},\"query-input\":\"required name=search_term_string\"}],\"inLanguage\":\"en-US\"},{\"@type\":\"ImageObject\",\"inLanguage\":\"en-US\",\"@id\":\"https:\/\/www.visit-ulcinj.com\/blog\/2016\/01\/05\/deklarate-per-opinion-nga-kryetari-klubit-te-karatese-ulqini\/#primaryimage\",\"url\":\"https:\/\/www.visit-ulcinj.com\/blog\/wp-content\/uploads\/2016\/01\/Gjergj-Daboviq.jpg\",\"contentUrl\":\"https:\/\/www.visit-ulcinj.com\/blog\/wp-content\/uploads\/2016\/01\/Gjergj-Daboviq.jpg\",\"width\":463,\"height\":705},{\"@type\":\"WebPage\",\"@id\":\"https:\/\/www.visit-ulcinj.com\/blog\/2016\/01\/05\/deklarate-per-opinion-nga-kryetari-klubit-te-karatese-ulqini\/#webpage\",\"url\":\"https:\/\/www.visit-ulcinj.com\/blog\/2016\/01\/05\/deklarate-per-opinion-nga-kryetari-klubit-te-karatese-ulqini\/\",\"name\":\"Deklarat\u00eb p\u00ebr opinion nga Kryetari i Klubit t\u00eb karates\u00eb \\\"Ulqini\\\" - Lajme nga Ulqini\",\"isPartOf\":{\"@id\":\"https:\/\/www.visit-ulcinj.com\/blog\/#website\"},\"primaryImageOfPage\":{\"@id\":\"https:\/\/www.visit-ulcinj.com\/blog\/2016\/01\/05\/deklarate-per-opinion-nga-kryetari-klubit-te-karatese-ulqini\/#primaryimage\"},\"datePublished\":\"2016-01-05T07:54:43+00:00\",\"dateModified\":\"2016-01-06T17:45:00+00:00\",\"author\":{\"@id\":\"https:\/\/www.visit-ulcinj.com\/blog\/#\/schema\/person\/dcab619c614d3038751c63bc2aadc06d\"},\"description\":\"DEKLARAT\u00cb P\u00cbR OPINION &nbsp; M\u00eb 26 dhjetor 2015 n\u00eb sall\u00ebn e Komun\u00ebs s\u00eb Ulqinit u b\u00eb zgjedhja e sportist\u00ebve m\u00eb t\u00eb mir\u00eb, t\u00eb cil\u00ebve n\u00eb fund t\u00eb \u00e7do viti\",\"breadcrumb\":{\"@id\":\"https:\/\/www.visit-ulcinj.com\/blog\/2016\/01\/05\/deklarate-per-opinion-nga-kryetari-klubit-te-karatese-ulqini\/#breadcrumb\"},\"inLanguage\":\"en-US\",\"potentialAction\":[{\"@type\":\"ReadAction\",\"target\":[\"https:\/\/www.visit-ulcinj.com\/blog\/2016\/01\/05\/deklarate-per-opinion-nga-kryetari-klubit-te-karatese-ulqini\/\"]}]},{\"@type\":\"BreadcrumbList\",\"@id\":\"https:\/\/www.visit-ulcinj.com\/blog\/2016\/01\/05\/deklarate-per-opinion-nga-kryetari-klubit-te-karatese-ulqini\/#breadcrumb\",\"itemListElement\":[{\"@type\":\"ListItem\",\"position\":1,\"name\":\"Deklarat\u00eb p\u00ebr opinion nga Kryetari i Klubit t\u00eb karates\u00eb &#8220;Ulqini&#8221;\"}]},{\"@type\":\"Person\",\"@id\":\"https:\/\/www.visit-ulcinj.com\/blog\/#\/schema\/person\/dcab619c614d3038751c63bc2aadc06d\",\"name\":\"ulqini\",\"sameAs\":[\"http:\/\/www.visit-ulcinj.com\"],\"url\":\"https:\/\/www.visit-ulcinj.com\/blog\/author\/admin\/\"}]}<\/script>\n<!-- \/ Yoast SEO plugin. -->","yoast_head_json":{"title":"Deklarat\u00eb p\u00ebr opinion nga Kryetari i Klubit t\u00eb karates\u00eb \"Ulqini\" - Lajme nga Ulqini","description":"DEKLARAT\u00cb P\u00cbR OPINION &nbsp; M\u00eb 26 dhjetor 2015 n\u00eb sall\u00ebn e Komun\u00ebs s\u00eb Ulqinit u b\u00eb zgjedhja e sportist\u00ebve m\u00eb t\u00eb mir\u00eb, t\u00eb cil\u00ebve n\u00eb fund t\u00eb \u00e7do viti","robots":{"index":"index","follow":"follow","max-snippet":"max-snippet:-1","max-image-preview":"max-image-preview:large","max-video-preview":"max-video-preview:-1"},"canonical":"https:\/\/www.visit-ulcinj.com\/blog\/2016\/01\/05\/deklarate-per-opinion-nga-kryetari-klubit-te-karatese-ulqini\/","og_locale":"en_US","og_type":"article","og_title":"Deklarat\u00eb p\u00ebr opinion nga Kryetari i Klubit t\u00eb karates\u00eb \"Ulqini\" - Lajme nga Ulqini","og_description":"DEKLARAT\u00cb P\u00cbR OPINION &nbsp; M\u00eb 26 dhjetor 2015 n\u00eb sall\u00ebn e Komun\u00ebs s\u00eb Ulqinit u b\u00eb zgjedhja e sportist\u00ebve m\u00eb t\u00eb mir\u00eb, t\u00eb cil\u00ebve n\u00eb fund t\u00eb \u00e7do viti","og_url":"https:\/\/www.visit-ulcinj.com\/blog\/2016\/01\/05\/deklarate-per-opinion-nga-kryetari-klubit-te-karatese-ulqini\/","og_site_name":"Lajme nga Ulqini","article_published_time":"2016-01-05T07:54:43+00:00","article_modified_time":"2016-01-06T17:45:00+00:00","og_image":[{"url":"http:\/\/www.visit-ulcinj.com\/blog\/wp-content\/uploads\/2016\/01\/Gjergj-Daboviq.jpg"}],"twitter_misc":{"Written by":"ulqini","Est. reading time":"5 minutes"},"schema":{"@context":"https:\/\/schema.org","@graph":[{"@type":"WebSite","@id":"https:\/\/www.visit-ulcinj.com\/blog\/#website","url":"https:\/\/www.visit-ulcinj.com\/blog\/","name":"Lajme nga Ulqini","description":"Lajme,Vijesti,Ulqini,Ulqin,Crna Gora,Mali i Zi","potentialAction":[{"@type":"SearchAction","target":{"@type":"EntryPoint","urlTemplate":"https:\/\/www.visit-ulcinj.com\/blog\/?s={search_term_string}"},"query-input":"required name=search_term_string"}],"inLanguage":"en-US"},{"@type":"ImageObject","inLanguage":"en-US","@id":"https:\/\/www.visit-ulcinj.com\/blog\/2016\/01\/05\/deklarate-per-opinion-nga-kryetari-klubit-te-karatese-ulqini\/#primaryimage","url":"https:\/\/www.visit-ulcinj.com\/blog\/wp-content\/uploads\/2016\/01\/Gjergj-Daboviq.jpg","contentUrl":"https:\/\/www.visit-ulcinj.com\/blog\/wp-content\/uploads\/2016\/01\/Gjergj-Daboviq.jpg","width":463,"height":705},{"@type":"WebPage","@id":"https:\/\/www.visit-ulcinj.com\/blog\/2016\/01\/05\/deklarate-per-opinion-nga-kryetari-klubit-te-karatese-ulqini\/#webpage","url":"https:\/\/www.visit-ulcinj.com\/blog\/2016\/01\/05\/deklarate-per-opinion-nga-kryetari-klubit-te-karatese-ulqini\/","name":"Deklarat\u00eb p\u00ebr opinion nga Kryetari i Klubit t\u00eb karates\u00eb \"Ulqini\" - Lajme nga Ulqini","isPartOf":{"@id":"https:\/\/www.visit-ulcinj.com\/blog\/#website"},"primaryImageOfPage":{"@id":"https:\/\/www.visit-ulcinj.com\/blog\/2016\/01\/05\/deklarate-per-opinion-nga-kryetari-klubit-te-karatese-ulqini\/#primaryimage"},"datePublished":"2016-01-05T07:54:43+00:00","dateModified":"2016-01-06T17:45:00+00:00","author":{"@id":"https:\/\/www.visit-ulcinj.com\/blog\/#\/schema\/person\/dcab619c614d3038751c63bc2aadc06d"},"description":"DEKLARAT\u00cb P\u00cbR OPINION &nbsp; M\u00eb 26 dhjetor 2015 n\u00eb sall\u00ebn e Komun\u00ebs s\u00eb Ulqinit u b\u00eb zgjedhja e sportist\u00ebve m\u00eb t\u00eb mir\u00eb, t\u00eb cil\u00ebve n\u00eb fund t\u00eb \u00e7do viti","breadcrumb":{"@id":"https:\/\/www.visit-ulcinj.com\/blog\/2016\/01\/05\/deklarate-per-opinion-nga-kryetari-klubit-te-karatese-ulqini\/#breadcrumb"},"inLanguage":"en-US","potentialAction":[{"@type":"ReadAction","target":["https:\/\/www.visit-ulcinj.com\/blog\/2016\/01\/05\/deklarate-per-opinion-nga-kryetari-klubit-te-karatese-ulqini\/"]}]},{"@type":"BreadcrumbList","@id":"https:\/\/www.visit-ulcinj.com\/blog\/2016\/01\/05\/deklarate-per-opinion-nga-kryetari-klubit-te-karatese-ulqini\/#breadcrumb","itemListElement":[{"@type":"ListItem","position":1,"name":"Deklarat\u00eb p\u00ebr opinion nga Kryetari i Klubit t\u00eb karates\u00eb &#8220;Ulqini&#8221;"}]},{"@type":"Person","@id":"https:\/\/www.visit-ulcinj.com\/blog\/#\/schema\/person\/dcab619c614d3038751c63bc2aadc06d","name":"ulqini","sameAs":["http:\/\/www.visit-ulcinj.com"],"url":"https:\/\/www.visit-ulcinj.com\/blog\/author\/admin\/"}]}},"jetpack_featured_media_url":"","jetpack_sharing_enabled":true,"jetpack_shortlink":"https:\/\/wp.me\/pe6lTn-opT","_links":{"self":[{"href":"https:\/\/www.visit-ulcinj.com\/blog\/wp-json\/wp\/v2\/posts\/93861"}],"collection":[{"href":"https:\/\/www.visit-ulcinj.com\/blog\/wp-json\/wp\/v2\/posts"}],"about":[{"href":"https:\/\/www.visit-ulcinj.com\/blog\/wp-json\/wp\/v2\/types\/post"}],"author":[{"embeddable":true,"href":"https:\/\/www.visit-ulcinj.com\/blog\/wp-json\/wp\/v2\/users\/1"}],"replies":[{"embeddable":true,"href":"https:\/\/www.visit-ulcinj.com\/blog\/wp-json\/wp\/v2\/comments?post=93861"}],"version-history":[{"count":1,"href":"https:\/\/www.visit-ulcinj.com\/blog\/wp-json\/wp\/v2\/posts\/93861\/revisions"}],"predecessor-version":[{"id":93864,"href":"https:\/\/www.visit-ulcinj.com\/blog\/wp-json\/wp\/v2\/posts\/93861\/revisions\/93864"}],"wp:attachment":[{"href":"https:\/\/www.visit-ulcinj.com\/blog\/wp-json\/wp\/v2\/media?parent=93861"}],"wp:term":[{"taxonomy":"category","embeddable":true,"href":"https:\/\/www.visit-ulcinj.com\/blog\/wp-json\/wp\/v2\/categories?post=93861"},{"taxonomy":"post_tag","embeddable":true,"href":"https:\/\/www.visit-ulcinj.com\/blog\/wp-json\/wp\/v2\/tags?post=93861"}],"curies":[{"name":"wp","href":"https:\/\/api.w.org\/{rel}","templated":true}]}}