{"id":93869,"date":"2016-01-05T19:12:40","date_gmt":"2016-01-05T18:12:40","guid":{"rendered":"http:\/\/www.visit-ulcinj.com\/blog\/?p=93869"},"modified":"2016-01-05T19:12:40","modified_gmt":"2016-01-05T18:12:40","slug":"llukshiq-per-sekretar-te-pergjithshem-te-organizates-se-kombeve-te-bashkuara","status":"publish","type":"post","link":"https:\/\/www.visit-ulcinj.com\/blog\/2016\/01\/05\/llukshiq-per-sekretar-te-pergjithshem-te-organizates-se-kombeve-te-bashkuara\/","title":{"rendered":"Llukshiq p\u00ebr Sekretar t\u00eb P\u00ebrgjithsh\u00ebm t\u00eb Organizat\u00ebs s\u00eb Kombeve t\u00eb Bashkuara"},"content":{"rendered":"<p class=\"entry-title\"><strong><a href=\"http:\/\/www.visit-ulcinj.com\/blog\/wp-content\/uploads\/2012\/11\/Igor-Luksic-Facebook.5.jpg\"><img loading=\"lazy\" class=\"alignleft wp-image-66163\" src=\"http:\/\/www.visit-ulcinj.com\/blog\/wp-content\/uploads\/2012\/11\/Igor-Luksic-Facebook.5.jpg\" alt=\"Igor-Luksic-Facebook.5\" width=\"508\" height=\"338\" srcset=\"https:\/\/www.visit-ulcinj.com\/blog\/wp-content\/uploads\/2012\/11\/Igor-Luksic-Facebook.5.jpg 720w, https:\/\/www.visit-ulcinj.com\/blog\/wp-content\/uploads\/2012\/11\/Igor-Luksic-Facebook.5-300x199.jpg 300w\" sizes=\"(max-width: 508px) 100vw, 508px\" \/><\/a>Kandidatura, nder dhe mund\u00ebsi p\u00ebr promovimin e Malit t\u00eb Zi<\/strong><\/p>\n<p>Ministri i Jasht\u00ebm dhe z\u00ebvend\u00ebskryeministri i Malit t\u00eb Zi, Igor Llukshiq, ka vler\u00ebsuar se me kandidimin e tij p\u00ebr funksionin e Sekretarit t\u00eb P\u00ebrgjithsh\u00ebm t\u00eb OKB-s\u00eb hapet shtegun p\u00ebr promovimin e Malit t\u00eb Zi.<br \/>\nAi tha se \u00ebsht\u00eb nder dhe privilegj i madh t\u00eb p\u00ebrfaq\u00ebsosh shtetin n\u00eb nj\u00eb proces si\u00e7 \u00ebsht\u00eb zgjedhja e Sekretarit t\u00eb P\u00ebrgjithsh\u00ebm.<br \/>\nLlukshiq tha se n\u00eb fund nuk dihet se cilin kandidat do t\u2019ia propozoj\u00eb K\u00ebshilli i Sigurimit Asambles\u00eb s\u00eb P\u00ebrgjithshme p\u00ebr pasardh\u00ebs t\u00eb Ban Ki Munit, por shtoi se procesi i obligon t\u00eb gjith\u00eb q\u00eb ti qas\u00ebn atij n\u00eb m\u00ebnyr\u00eb serioze, me t\u00eb gjitha burimet q\u00eb ka n\u00eb dispozicion Podgorica zyrtare.<br \/>\nNd\u00ebrkoh\u00eb, n\u00eb Beograd z\u00ebvend\u00ebskryeministri i Serbis\u00eb, Ivica Da\u00e7iq, ka b\u00ebr\u00eb t\u00eb qart\u00eb se vendi i tij nuk do t\u00eb mb\u00ebshtet\u00eb kandidatur\u00ebn e Llukshiqit p\u00ebr Sekretar t\u00eb P\u00ebrgjithsh\u00ebm t\u00eb Organizat\u00ebs s\u00eb Kombeve t\u00eb Bashkuara.<strong>\/21Media<\/strong><\/p>\n","protected":false},"excerpt":{"rendered":"<p>Kandidatura, nder dhe mund\u00ebsi p\u00ebr promovimin e Malit t\u00eb Zi Ministri i Jasht\u00ebm dhe z\u00ebvend\u00ebskryeministri i Malit t\u00eb Zi, Igor Llukshiq, ka vler\u00ebsuar se me kandidimin e tij p\u00ebr funksionin e Sekretarit t\u00eb P\u00ebrgjithsh\u00ebm t\u00eb OKB-s\u00eb hapet shtegun p\u00ebr promovimin e Malit t\u00eb Zi. Ai tha se \u00ebsht\u00eb nder dhe privilegj i madh t\u00eb p\u00ebrfaq\u00ebsosh [&hellip;]<\/p>\n","protected":false},"author":1,"featured_media":0,"comment_status":"closed","ping_status":"closed","sticky":false,"template":"","format":"standard","meta":{"spay_email":"","jetpack_publicize_message":"","jetpack_is_tweetstorm":false,"jetpack_publicize_feature_enabled":true},"categories":[6950],"tags":[],"jetpack_publicize_connections":[],"yoast_head":"<!-- This site is optimized with the Yoast SEO plugin v19.1 - https:\/\/yoast.com\/wordpress\/plugins\/seo\/ -->\n<title>Llukshiq p\u00ebr Sekretar t\u00eb P\u00ebrgjithsh\u00ebm t\u00eb Organizat\u00ebs s\u00eb Kombeve t\u00eb Bashkuara - Lajme nga Ulqini<\/title>\n<meta name=\"description\" content=\"Kandidatura, nder dhe mund\u00ebsi p\u00ebr promovimin e Malit t\u00eb Zi Ministri i Jasht\u00ebm dhe z\u00ebvend\u00ebskryeministri i Malit t\u00eb Zi, Igor Llukshiq, ka vler\u00ebsuar se me\" \/>\n<meta name=\"robots\" content=\"index, follow, max-snippet:-1, max-image-preview:large, max-video-preview:-1\" \/>\n<link rel=\"canonical\" href=\"https:\/\/www.visit-ulcinj.com\/blog\/2016\/01\/05\/llukshiq-per-sekretar-te-pergjithshem-te-organizates-se-kombeve-te-bashkuara\/\" \/>\n<meta property=\"og:locale\" content=\"en_US\" \/>\n<meta property=\"og:type\" content=\"article\" \/>\n<meta property=\"og:title\" content=\"Llukshiq p\u00ebr Sekretar t\u00eb P\u00ebrgjithsh\u00ebm t\u00eb Organizat\u00ebs s\u00eb Kombeve t\u00eb Bashkuara - Lajme nga Ulqini\" \/>\n<meta property=\"og:description\" content=\"Kandidatura, nder dhe mund\u00ebsi p\u00ebr promovimin e Malit t\u00eb Zi Ministri i Jasht\u00ebm dhe z\u00ebvend\u00ebskryeministri i Malit t\u00eb Zi, Igor Llukshiq, ka vler\u00ebsuar se me\" \/>\n<meta property=\"og:url\" content=\"https:\/\/www.visit-ulcinj.com\/blog\/2016\/01\/05\/llukshiq-per-sekretar-te-pergjithshem-te-organizates-se-kombeve-te-bashkuara\/\" \/>\n<meta property=\"og:site_name\" content=\"Lajme nga Ulqini\" \/>\n<meta property=\"article:published_time\" content=\"2016-01-05T18:12:40+00:00\" \/>\n<meta property=\"og:image\" content=\"http:\/\/www.visit-ulcinj.com\/blog\/wp-content\/uploads\/2012\/11\/Igor-Luksic-Facebook.5.jpg\" \/>\n<meta name=\"twitter:label1\" content=\"Written by\" \/>\n\t<meta name=\"twitter:data1\" content=\"ulqini\" \/>\n\t<meta name=\"twitter:label2\" content=\"Est. reading time\" \/>\n\t<meta name=\"twitter:data2\" content=\"1 minute\" \/>\n<script type=\"application\/ld+json\" class=\"yoast-schema-graph\">{\"@context\":\"https:\/\/schema.org\",\"@graph\":[{\"@type\":\"WebSite\",\"@id\":\"https:\/\/www.visit-ulcinj.com\/blog\/#website\",\"url\":\"https:\/\/www.visit-ulcinj.com\/blog\/\",\"name\":\"Lajme nga Ulqini\",\"description\":\"Lajme,Vijesti,Ulqini,Ulqin,Crna Gora,Mali i Zi\",\"potentialAction\":[{\"@type\":\"SearchAction\",\"target\":{\"@type\":\"EntryPoint\",\"urlTemplate\":\"https:\/\/www.visit-ulcinj.com\/blog\/?s={search_term_string}\"},\"query-input\":\"required name=search_term_string\"}],\"inLanguage\":\"en-US\"},{\"@type\":\"ImageObject\",\"inLanguage\":\"en-US\",\"@id\":\"https:\/\/www.visit-ulcinj.com\/blog\/2016\/01\/05\/llukshiq-per-sekretar-te-pergjithshem-te-organizates-se-kombeve-te-bashkuara\/#primaryimage\",\"url\":\"https:\/\/www.visit-ulcinj.com\/blog\/wp-content\/uploads\/2012\/11\/Igor-Luksic-Facebook.5.jpg\",\"contentUrl\":\"https:\/\/www.visit-ulcinj.com\/blog\/wp-content\/uploads\/2012\/11\/Igor-Luksic-Facebook.5.jpg\",\"width\":\"720\",\"height\":\"479\"},{\"@type\":\"WebPage\",\"@id\":\"https:\/\/www.visit-ulcinj.com\/blog\/2016\/01\/05\/llukshiq-per-sekretar-te-pergjithshem-te-organizates-se-kombeve-te-bashkuara\/#webpage\",\"url\":\"https:\/\/www.visit-ulcinj.com\/blog\/2016\/01\/05\/llukshiq-per-sekretar-te-pergjithshem-te-organizates-se-kombeve-te-bashkuara\/\",\"name\":\"Llukshiq p\u00ebr Sekretar t\u00eb P\u00ebrgjithsh\u00ebm t\u00eb Organizat\u00ebs s\u00eb Kombeve t\u00eb Bashkuara - Lajme nga Ulqini\",\"isPartOf\":{\"@id\":\"https:\/\/www.visit-ulcinj.com\/blog\/#website\"},\"primaryImageOfPage\":{\"@id\":\"https:\/\/www.visit-ulcinj.com\/blog\/2016\/01\/05\/llukshiq-per-sekretar-te-pergjithshem-te-organizates-se-kombeve-te-bashkuara\/#primaryimage\"},\"datePublished\":\"2016-01-05T18:12:40+00:00\",\"dateModified\":\"2016-01-05T18:12:40+00:00\",\"author\":{\"@id\":\"https:\/\/www.visit-ulcinj.com\/blog\/#\/schema\/person\/dcab619c614d3038751c63bc2aadc06d\"},\"description\":\"Kandidatura, nder dhe mund\u00ebsi p\u00ebr promovimin e Malit t\u00eb Zi Ministri i Jasht\u00ebm dhe z\u00ebvend\u00ebskryeministri i Malit t\u00eb Zi, Igor Llukshiq, ka vler\u00ebsuar se me\",\"breadcrumb\":{\"@id\":\"https:\/\/www.visit-ulcinj.com\/blog\/2016\/01\/05\/llukshiq-per-sekretar-te-pergjithshem-te-organizates-se-kombeve-te-bashkuara\/#breadcrumb\"},\"inLanguage\":\"en-US\",\"potentialAction\":[{\"@type\":\"ReadAction\",\"target\":[\"https:\/\/www.visit-ulcinj.com\/blog\/2016\/01\/05\/llukshiq-per-sekretar-te-pergjithshem-te-organizates-se-kombeve-te-bashkuara\/\"]}]},{\"@type\":\"BreadcrumbList\",\"@id\":\"https:\/\/www.visit-ulcinj.com\/blog\/2016\/01\/05\/llukshiq-per-sekretar-te-pergjithshem-te-organizates-se-kombeve-te-bashkuara\/#breadcrumb\",\"itemListElement\":[{\"@type\":\"ListItem\",\"position\":1,\"name\":\"Llukshiq p\u00ebr Sekretar t\u00eb P\u00ebrgjithsh\u00ebm t\u00eb Organizat\u00ebs s\u00eb Kombeve t\u00eb Bashkuara\"}]},{\"@type\":\"Person\",\"@id\":\"https:\/\/www.visit-ulcinj.com\/blog\/#\/schema\/person\/dcab619c614d3038751c63bc2aadc06d\",\"name\":\"ulqini\",\"sameAs\":[\"http:\/\/www.visit-ulcinj.com\"],\"url\":\"https:\/\/www.visit-ulcinj.com\/blog\/author\/admin\/\"}]}<\/script>\n<!-- \/ Yoast SEO plugin. -->","yoast_head_json":{"title":"Llukshiq p\u00ebr Sekretar t\u00eb P\u00ebrgjithsh\u00ebm t\u00eb Organizat\u00ebs s\u00eb Kombeve t\u00eb Bashkuara - Lajme nga Ulqini","description":"Kandidatura, nder dhe mund\u00ebsi p\u00ebr promovimin e Malit t\u00eb Zi Ministri i Jasht\u00ebm dhe z\u00ebvend\u00ebskryeministri i Malit t\u00eb Zi, Igor Llukshiq, ka vler\u00ebsuar se me","robots":{"index":"index","follow":"follow","max-snippet":"max-snippet:-1","max-image-preview":"max-image-preview:large","max-video-preview":"max-video-preview:-1"},"canonical":"https:\/\/www.visit-ulcinj.com\/blog\/2016\/01\/05\/llukshiq-per-sekretar-te-pergjithshem-te-organizates-se-kombeve-te-bashkuara\/","og_locale":"en_US","og_type":"article","og_title":"Llukshiq p\u00ebr Sekretar t\u00eb P\u00ebrgjithsh\u00ebm t\u00eb Organizat\u00ebs s\u00eb Kombeve t\u00eb Bashkuara - Lajme nga Ulqini","og_description":"Kandidatura, nder dhe mund\u00ebsi p\u00ebr promovimin e Malit t\u00eb Zi Ministri i Jasht\u00ebm dhe z\u00ebvend\u00ebskryeministri i Malit t\u00eb Zi, Igor Llukshiq, ka vler\u00ebsuar se me","og_url":"https:\/\/www.visit-ulcinj.com\/blog\/2016\/01\/05\/llukshiq-per-sekretar-te-pergjithshem-te-organizates-se-kombeve-te-bashkuara\/","og_site_name":"Lajme nga Ulqini","article_published_time":"2016-01-05T18:12:40+00:00","og_image":[{"url":"http:\/\/www.visit-ulcinj.com\/blog\/wp-content\/uploads\/2012\/11\/Igor-Luksic-Facebook.5.jpg"}],"twitter_misc":{"Written by":"ulqini","Est. reading time":"1 minute"},"schema":{"@context":"https:\/\/schema.org","@graph":[{"@type":"WebSite","@id":"https:\/\/www.visit-ulcinj.com\/blog\/#website","url":"https:\/\/www.visit-ulcinj.com\/blog\/","name":"Lajme nga Ulqini","description":"Lajme,Vijesti,Ulqini,Ulqin,Crna Gora,Mali i Zi","potentialAction":[{"@type":"SearchAction","target":{"@type":"EntryPoint","urlTemplate":"https:\/\/www.visit-ulcinj.com\/blog\/?s={search_term_string}"},"query-input":"required name=search_term_string"}],"inLanguage":"en-US"},{"@type":"ImageObject","inLanguage":"en-US","@id":"https:\/\/www.visit-ulcinj.com\/blog\/2016\/01\/05\/llukshiq-per-sekretar-te-pergjithshem-te-organizates-se-kombeve-te-bashkuara\/#primaryimage","url":"https:\/\/www.visit-ulcinj.com\/blog\/wp-content\/uploads\/2012\/11\/Igor-Luksic-Facebook.5.jpg","contentUrl":"https:\/\/www.visit-ulcinj.com\/blog\/wp-content\/uploads\/2012\/11\/Igor-Luksic-Facebook.5.jpg","width":"720","height":"479"},{"@type":"WebPage","@id":"https:\/\/www.visit-ulcinj.com\/blog\/2016\/01\/05\/llukshiq-per-sekretar-te-pergjithshem-te-organizates-se-kombeve-te-bashkuara\/#webpage","url":"https:\/\/www.visit-ulcinj.com\/blog\/2016\/01\/05\/llukshiq-per-sekretar-te-pergjithshem-te-organizates-se-kombeve-te-bashkuara\/","name":"Llukshiq p\u00ebr Sekretar t\u00eb P\u00ebrgjithsh\u00ebm t\u00eb Organizat\u00ebs s\u00eb Kombeve t\u00eb Bashkuara - Lajme nga Ulqini","isPartOf":{"@id":"https:\/\/www.visit-ulcinj.com\/blog\/#website"},"primaryImageOfPage":{"@id":"https:\/\/www.visit-ulcinj.com\/blog\/2016\/01\/05\/llukshiq-per-sekretar-te-pergjithshem-te-organizates-se-kombeve-te-bashkuara\/#primaryimage"},"datePublished":"2016-01-05T18:12:40+00:00","dateModified":"2016-01-05T18:12:40+00:00","author":{"@id":"https:\/\/www.visit-ulcinj.com\/blog\/#\/schema\/person\/dcab619c614d3038751c63bc2aadc06d"},"description":"Kandidatura, nder dhe mund\u00ebsi p\u00ebr promovimin e Malit t\u00eb Zi Ministri i Jasht\u00ebm dhe z\u00ebvend\u00ebskryeministri i Malit t\u00eb Zi, Igor Llukshiq, ka vler\u00ebsuar se me","breadcrumb":{"@id":"https:\/\/www.visit-ulcinj.com\/blog\/2016\/01\/05\/llukshiq-per-sekretar-te-pergjithshem-te-organizates-se-kombeve-te-bashkuara\/#breadcrumb"},"inLanguage":"en-US","potentialAction":[{"@type":"ReadAction","target":["https:\/\/www.visit-ulcinj.com\/blog\/2016\/01\/05\/llukshiq-per-sekretar-te-pergjithshem-te-organizates-se-kombeve-te-bashkuara\/"]}]},{"@type":"BreadcrumbList","@id":"https:\/\/www.visit-ulcinj.com\/blog\/2016\/01\/05\/llukshiq-per-sekretar-te-pergjithshem-te-organizates-se-kombeve-te-bashkuara\/#breadcrumb","itemListElement":[{"@type":"ListItem","position":1,"name":"Llukshiq p\u00ebr Sekretar t\u00eb P\u00ebrgjithsh\u00ebm t\u00eb Organizat\u00ebs s\u00eb Kombeve t\u00eb Bashkuara"}]},{"@type":"Person","@id":"https:\/\/www.visit-ulcinj.com\/blog\/#\/schema\/person\/dcab619c614d3038751c63bc2aadc06d","name":"ulqini","sameAs":["http:\/\/www.visit-ulcinj.com"],"url":"https:\/\/www.visit-ulcinj.com\/blog\/author\/admin\/"}]}},"jetpack_featured_media_url":"","jetpack_sharing_enabled":true,"jetpack_shortlink":"https:\/\/wp.me\/pe6lTn-oq1","_links":{"self":[{"href":"https:\/\/www.visit-ulcinj.com\/blog\/wp-json\/wp\/v2\/posts\/93869"}],"collection":[{"href":"https:\/\/www.visit-ulcinj.com\/blog\/wp-json\/wp\/v2\/posts"}],"about":[{"href":"https:\/\/www.visit-ulcinj.com\/blog\/wp-json\/wp\/v2\/types\/post"}],"author":[{"embeddable":true,"href":"https:\/\/www.visit-ulcinj.com\/blog\/wp-json\/wp\/v2\/users\/1"}],"replies":[{"embeddable":true,"href":"https:\/\/www.visit-ulcinj.com\/blog\/wp-json\/wp\/v2\/comments?post=93869"}],"version-history":[{"count":1,"href":"https:\/\/www.visit-ulcinj.com\/blog\/wp-json\/wp\/v2\/posts\/93869\/revisions"}],"predecessor-version":[{"id":93870,"href":"https:\/\/www.visit-ulcinj.com\/blog\/wp-json\/wp\/v2\/posts\/93869\/revisions\/93870"}],"wp:attachment":[{"href":"https:\/\/www.visit-ulcinj.com\/blog\/wp-json\/wp\/v2\/media?parent=93869"}],"wp:term":[{"taxonomy":"category","embeddable":true,"href":"https:\/\/www.visit-ulcinj.com\/blog\/wp-json\/wp\/v2\/categories?post=93869"},{"taxonomy":"post_tag","embeddable":true,"href":"https:\/\/www.visit-ulcinj.com\/blog\/wp-json\/wp\/v2\/tags?post=93869"}],"curies":[{"name":"wp","href":"https:\/\/api.w.org\/{rel}","templated":true}]}}