{"id":93876,"date":"2016-01-05T19:34:05","date_gmt":"2016-01-05T18:34:05","guid":{"rendered":"http:\/\/www.visit-ulcinj.com\/blog\/?p=93876"},"modified":"2016-01-05T19:35:44","modified_gmt":"2016-01-05T18:35:44","slug":"teniseret-e-kosoves-te-garoje-ne-fed-cup-ne-ulqin","status":"publish","type":"post","link":"https:\/\/www.visit-ulcinj.com\/blog\/2016\/01\/05\/teniseret-e-kosoves-te-garoje-ne-fed-cup-ne-ulqin\/","title":{"rendered":"Teniser\u00ebt e Kosov\u00ebs do t\u00eb garojn\u00eb n\u00eb Fed Cup n\u00eb Ulqin"},"content":{"rendered":"<p><strong><a href=\"http:\/\/www.visit-ulcinj.com\/blog\/wp-content\/uploads\/2016\/01\/Ulcinj-domacin-turnira-FED-kupa.jpg\"><img loading=\"lazy\" class=\"alignleft wp-image-93873\" src=\"http:\/\/www.visit-ulcinj.com\/blog\/wp-content\/uploads\/2016\/01\/Ulcinj-domacin-turnira-FED-kupa.jpg\" alt=\"Ulcinj-domacin-turnira-FED-kupa\" width=\"508\" height=\"309\" srcset=\"https:\/\/www.visit-ulcinj.com\/blog\/wp-content\/uploads\/2016\/01\/Ulcinj-domacin-turnira-FED-kupa.jpg 519w, https:\/\/www.visit-ulcinj.com\/blog\/wp-content\/uploads\/2016\/01\/Ulcinj-domacin-turnira-FED-kupa-300x183.jpg 300w\" sizes=\"(max-width: 508px) 100vw, 508px\" \/><\/a>Federata e Tenisit t\u00eb Kosov\u00ebs ka njoftuar zyrtarisht se ekipet e femrave dhe meshkujve nga edicioni i ardhsh\u00ebm do t\u00eb ken\u00eb t\u00eb drejt\u00eb t\u00eb pjes\u00ebmarrjes n\u00eb Davis dhe Fed Cup.<\/strong><\/p>\n<p>Serbia \u00ebsht\u00eb e shokuar me lajmin e radh\u00ebs, pozitiv p\u00ebr Kosov\u00ebn.<br \/>\nFederata e Tenisit t\u00eb Kosov\u00ebs ka njoftuar zyrtarisht se ekipet e femrave dhe meshkujve nga edicioni i ardhsh\u00ebm do t\u00eb ken\u00eb t\u00eb drejt\u00eb t\u00eb pjes\u00ebmarrjes n\u00eb Davis dhe Fed Cup.<\/p>\n<p>Presidenti i Federat\u00ebs, Shk\u00eblzen Domi ka th\u00ebn\u00eb p\u00ebr \u201cRTK2\u201d se: \u201cKy \u00ebsht\u00eb nj\u00eb lajm i bukur p\u00ebr zhvillimin e tenisit n\u00eb Kosov\u00eb\u201d, p\u00ebrcjell \u201cLajmi.net\u201d.\u201cP\u00ebr ne \u00ebsht\u00eb nj\u00eb lajm i g\u00ebzuesh\u00ebm e q\u00eb tani \u00ebsht\u00eb konfirmuar\u201d, u shpreh ai.<\/p>\n<p>Domi theksoi se ekipi i meshkujve nga 2 deri m\u00eb 5 mars t\u00eb vitit 2016 do t\u00eb marr\u00eb pjes\u00eb n\u00eb nj\u00eb gar\u00eb n\u00eb Talin, ku p\u00ebr kund\u00ebrshtar\u00eb t\u00eb mundsh\u00ebm do t\u00eb ket\u00eb Shqip\u00ebrin\u00eb, Azerbajxhanin dhe San Marinon.<\/p>\n<p>Kurse, ekipi i femrave t\u00eb Kosov\u00ebs n\u00eb fillim t\u00eb shkurtit do t\u00eb garoj\u00eb n\u00eb Fed Cup, q\u00eb do t\u00eb mbahet n\u00eb Ulqin.<\/p>\n<p>Mediat serbe kan\u00eb reaguar pas lajmit ku portali \u201cKurir\u201d e konsideron si nj\u00eb \u201cshuplak\u00eb\u201d p\u00ebr Serbin\u00eb.<\/p>\n<p><strong>Telegrafi<\/strong><\/p>\n","protected":false},"excerpt":{"rendered":"<p>Federata e Tenisit t\u00eb Kosov\u00ebs ka njoftuar zyrtarisht se ekipet e femrave dhe meshkujve nga edicioni i ardhsh\u00ebm do t\u00eb ken\u00eb t\u00eb drejt\u00eb t\u00eb pjes\u00ebmarrjes n\u00eb Davis dhe Fed Cup. Serbia \u00ebsht\u00eb e shokuar me lajmin e radh\u00ebs, pozitiv p\u00ebr Kosov\u00ebn. Federata e Tenisit t\u00eb Kosov\u00ebs ka njoftuar zyrtarisht se ekipet e femrave dhe meshkujve [&hellip;]<\/p>\n","protected":false},"author":1,"featured_media":0,"comment_status":"closed","ping_status":"closed","sticky":false,"template":"","format":"standard","meta":{"spay_email":"","jetpack_publicize_message":"","jetpack_is_tweetstorm":false,"jetpack_publicize_feature_enabled":true},"categories":[1],"tags":[],"jetpack_publicize_connections":[],"yoast_head":"<!-- This site is optimized with the Yoast SEO plugin v19.1 - https:\/\/yoast.com\/wordpress\/plugins\/seo\/ -->\n<title>Teniser\u00ebt e Kosov\u00ebs do t\u00eb garojn\u00eb n\u00eb Fed Cup n\u00eb Ulqin - Lajme nga Ulqini<\/title>\n<meta name=\"description\" content=\"Federata e Tenisit t\u00eb Kosov\u00ebs ka njoftuar zyrtarisht se ekipet e femrave dhe meshkujve nga edicioni i ardhsh\u00ebm do t\u00eb ken\u00eb t\u00eb drejt\u00eb t\u00eb pjes\u00ebmarrjes n\u00eb\" \/>\n<meta name=\"robots\" content=\"index, follow, max-snippet:-1, max-image-preview:large, max-video-preview:-1\" \/>\n<link rel=\"canonical\" href=\"https:\/\/www.visit-ulcinj.com\/blog\/2016\/01\/05\/teniseret-e-kosoves-te-garoje-ne-fed-cup-ne-ulqin\/\" \/>\n<meta property=\"og:locale\" content=\"en_US\" \/>\n<meta property=\"og:type\" content=\"article\" \/>\n<meta property=\"og:title\" content=\"Teniser\u00ebt e Kosov\u00ebs do t\u00eb garojn\u00eb n\u00eb Fed Cup n\u00eb Ulqin - Lajme nga Ulqini\" \/>\n<meta property=\"og:description\" content=\"Federata e Tenisit t\u00eb Kosov\u00ebs ka njoftuar zyrtarisht se ekipet e femrave dhe meshkujve nga edicioni i ardhsh\u00ebm do t\u00eb ken\u00eb t\u00eb drejt\u00eb t\u00eb pjes\u00ebmarrjes n\u00eb\" \/>\n<meta property=\"og:url\" content=\"https:\/\/www.visit-ulcinj.com\/blog\/2016\/01\/05\/teniseret-e-kosoves-te-garoje-ne-fed-cup-ne-ulqin\/\" \/>\n<meta property=\"og:site_name\" content=\"Lajme nga Ulqini\" \/>\n<meta property=\"article:published_time\" content=\"2016-01-05T18:34:05+00:00\" \/>\n<meta property=\"article:modified_time\" content=\"2016-01-05T18:35:44+00:00\" \/>\n<meta property=\"og:image\" content=\"http:\/\/www.visit-ulcinj.com\/blog\/wp-content\/uploads\/2016\/01\/Ulcinj-domacin-turnira-FED-kupa.jpg\" \/>\n<meta name=\"twitter:label1\" content=\"Written by\" \/>\n\t<meta name=\"twitter:data1\" content=\"ulqini\" \/>\n\t<meta name=\"twitter:label2\" content=\"Est. reading time\" \/>\n\t<meta name=\"twitter:data2\" content=\"1 minute\" \/>\n<script type=\"application\/ld+json\" class=\"yoast-schema-graph\">{\"@context\":\"https:\/\/schema.org\",\"@graph\":[{\"@type\":\"WebSite\",\"@id\":\"https:\/\/www.visit-ulcinj.com\/blog\/#website\",\"url\":\"https:\/\/www.visit-ulcinj.com\/blog\/\",\"name\":\"Lajme nga Ulqini\",\"description\":\"Lajme,Vijesti,Ulqini,Ulqin,Crna Gora,Mali i Zi\",\"potentialAction\":[{\"@type\":\"SearchAction\",\"target\":{\"@type\":\"EntryPoint\",\"urlTemplate\":\"https:\/\/www.visit-ulcinj.com\/blog\/?s={search_term_string}\"},\"query-input\":\"required name=search_term_string\"}],\"inLanguage\":\"en-US\"},{\"@type\":\"ImageObject\",\"inLanguage\":\"en-US\",\"@id\":\"https:\/\/www.visit-ulcinj.com\/blog\/2016\/01\/05\/teniseret-e-kosoves-te-garoje-ne-fed-cup-ne-ulqin\/#primaryimage\",\"url\":\"https:\/\/www.visit-ulcinj.com\/blog\/wp-content\/uploads\/2016\/01\/Ulcinj-domacin-turnira-FED-kupa.jpg\",\"contentUrl\":\"https:\/\/www.visit-ulcinj.com\/blog\/wp-content\/uploads\/2016\/01\/Ulcinj-domacin-turnira-FED-kupa.jpg\",\"width\":519,\"height\":316},{\"@type\":\"WebPage\",\"@id\":\"https:\/\/www.visit-ulcinj.com\/blog\/2016\/01\/05\/teniseret-e-kosoves-te-garoje-ne-fed-cup-ne-ulqin\/#webpage\",\"url\":\"https:\/\/www.visit-ulcinj.com\/blog\/2016\/01\/05\/teniseret-e-kosoves-te-garoje-ne-fed-cup-ne-ulqin\/\",\"name\":\"Teniser\u00ebt e Kosov\u00ebs do t\u00eb garojn\u00eb n\u00eb Fed Cup n\u00eb Ulqin - Lajme nga Ulqini\",\"isPartOf\":{\"@id\":\"https:\/\/www.visit-ulcinj.com\/blog\/#website\"},\"primaryImageOfPage\":{\"@id\":\"https:\/\/www.visit-ulcinj.com\/blog\/2016\/01\/05\/teniseret-e-kosoves-te-garoje-ne-fed-cup-ne-ulqin\/#primaryimage\"},\"datePublished\":\"2016-01-05T18:34:05+00:00\",\"dateModified\":\"2016-01-05T18:35:44+00:00\",\"author\":{\"@id\":\"https:\/\/www.visit-ulcinj.com\/blog\/#\/schema\/person\/dcab619c614d3038751c63bc2aadc06d\"},\"description\":\"Federata e Tenisit t\u00eb Kosov\u00ebs ka njoftuar zyrtarisht se ekipet e femrave dhe meshkujve nga edicioni i ardhsh\u00ebm do t\u00eb ken\u00eb t\u00eb drejt\u00eb t\u00eb pjes\u00ebmarrjes n\u00eb\",\"breadcrumb\":{\"@id\":\"https:\/\/www.visit-ulcinj.com\/blog\/2016\/01\/05\/teniseret-e-kosoves-te-garoje-ne-fed-cup-ne-ulqin\/#breadcrumb\"},\"inLanguage\":\"en-US\",\"potentialAction\":[{\"@type\":\"ReadAction\",\"target\":[\"https:\/\/www.visit-ulcinj.com\/blog\/2016\/01\/05\/teniseret-e-kosoves-te-garoje-ne-fed-cup-ne-ulqin\/\"]}]},{\"@type\":\"BreadcrumbList\",\"@id\":\"https:\/\/www.visit-ulcinj.com\/blog\/2016\/01\/05\/teniseret-e-kosoves-te-garoje-ne-fed-cup-ne-ulqin\/#breadcrumb\",\"itemListElement\":[{\"@type\":\"ListItem\",\"position\":1,\"name\":\"Teniser\u00ebt e Kosov\u00ebs do t\u00eb garojn\u00eb n\u00eb Fed Cup n\u00eb Ulqin\"}]},{\"@type\":\"Person\",\"@id\":\"https:\/\/www.visit-ulcinj.com\/blog\/#\/schema\/person\/dcab619c614d3038751c63bc2aadc06d\",\"name\":\"ulqini\",\"sameAs\":[\"http:\/\/www.visit-ulcinj.com\"],\"url\":\"https:\/\/www.visit-ulcinj.com\/blog\/author\/admin\/\"}]}<\/script>\n<!-- \/ Yoast SEO plugin. -->","yoast_head_json":{"title":"Teniser\u00ebt e Kosov\u00ebs do t\u00eb garojn\u00eb n\u00eb Fed Cup n\u00eb Ulqin - Lajme nga Ulqini","description":"Federata e Tenisit t\u00eb Kosov\u00ebs ka njoftuar zyrtarisht se ekipet e femrave dhe meshkujve nga edicioni i ardhsh\u00ebm do t\u00eb ken\u00eb t\u00eb drejt\u00eb t\u00eb pjes\u00ebmarrjes n\u00eb","robots":{"index":"index","follow":"follow","max-snippet":"max-snippet:-1","max-image-preview":"max-image-preview:large","max-video-preview":"max-video-preview:-1"},"canonical":"https:\/\/www.visit-ulcinj.com\/blog\/2016\/01\/05\/teniseret-e-kosoves-te-garoje-ne-fed-cup-ne-ulqin\/","og_locale":"en_US","og_type":"article","og_title":"Teniser\u00ebt e Kosov\u00ebs do t\u00eb garojn\u00eb n\u00eb Fed Cup n\u00eb Ulqin - Lajme nga Ulqini","og_description":"Federata e Tenisit t\u00eb Kosov\u00ebs ka njoftuar zyrtarisht se ekipet e femrave dhe meshkujve nga edicioni i ardhsh\u00ebm do t\u00eb ken\u00eb t\u00eb drejt\u00eb t\u00eb pjes\u00ebmarrjes n\u00eb","og_url":"https:\/\/www.visit-ulcinj.com\/blog\/2016\/01\/05\/teniseret-e-kosoves-te-garoje-ne-fed-cup-ne-ulqin\/","og_site_name":"Lajme nga Ulqini","article_published_time":"2016-01-05T18:34:05+00:00","article_modified_time":"2016-01-05T18:35:44+00:00","og_image":[{"url":"http:\/\/www.visit-ulcinj.com\/blog\/wp-content\/uploads\/2016\/01\/Ulcinj-domacin-turnira-FED-kupa.jpg"}],"twitter_misc":{"Written by":"ulqini","Est. reading time":"1 minute"},"schema":{"@context":"https:\/\/schema.org","@graph":[{"@type":"WebSite","@id":"https:\/\/www.visit-ulcinj.com\/blog\/#website","url":"https:\/\/www.visit-ulcinj.com\/blog\/","name":"Lajme nga Ulqini","description":"Lajme,Vijesti,Ulqini,Ulqin,Crna Gora,Mali i Zi","potentialAction":[{"@type":"SearchAction","target":{"@type":"EntryPoint","urlTemplate":"https:\/\/www.visit-ulcinj.com\/blog\/?s={search_term_string}"},"query-input":"required name=search_term_string"}],"inLanguage":"en-US"},{"@type":"ImageObject","inLanguage":"en-US","@id":"https:\/\/www.visit-ulcinj.com\/blog\/2016\/01\/05\/teniseret-e-kosoves-te-garoje-ne-fed-cup-ne-ulqin\/#primaryimage","url":"https:\/\/www.visit-ulcinj.com\/blog\/wp-content\/uploads\/2016\/01\/Ulcinj-domacin-turnira-FED-kupa.jpg","contentUrl":"https:\/\/www.visit-ulcinj.com\/blog\/wp-content\/uploads\/2016\/01\/Ulcinj-domacin-turnira-FED-kupa.jpg","width":519,"height":316},{"@type":"WebPage","@id":"https:\/\/www.visit-ulcinj.com\/blog\/2016\/01\/05\/teniseret-e-kosoves-te-garoje-ne-fed-cup-ne-ulqin\/#webpage","url":"https:\/\/www.visit-ulcinj.com\/blog\/2016\/01\/05\/teniseret-e-kosoves-te-garoje-ne-fed-cup-ne-ulqin\/","name":"Teniser\u00ebt e Kosov\u00ebs do t\u00eb garojn\u00eb n\u00eb Fed Cup n\u00eb Ulqin - Lajme nga Ulqini","isPartOf":{"@id":"https:\/\/www.visit-ulcinj.com\/blog\/#website"},"primaryImageOfPage":{"@id":"https:\/\/www.visit-ulcinj.com\/blog\/2016\/01\/05\/teniseret-e-kosoves-te-garoje-ne-fed-cup-ne-ulqin\/#primaryimage"},"datePublished":"2016-01-05T18:34:05+00:00","dateModified":"2016-01-05T18:35:44+00:00","author":{"@id":"https:\/\/www.visit-ulcinj.com\/blog\/#\/schema\/person\/dcab619c614d3038751c63bc2aadc06d"},"description":"Federata e Tenisit t\u00eb Kosov\u00ebs ka njoftuar zyrtarisht se ekipet e femrave dhe meshkujve nga edicioni i ardhsh\u00ebm do t\u00eb ken\u00eb t\u00eb drejt\u00eb t\u00eb pjes\u00ebmarrjes n\u00eb","breadcrumb":{"@id":"https:\/\/www.visit-ulcinj.com\/blog\/2016\/01\/05\/teniseret-e-kosoves-te-garoje-ne-fed-cup-ne-ulqin\/#breadcrumb"},"inLanguage":"en-US","potentialAction":[{"@type":"ReadAction","target":["https:\/\/www.visit-ulcinj.com\/blog\/2016\/01\/05\/teniseret-e-kosoves-te-garoje-ne-fed-cup-ne-ulqin\/"]}]},{"@type":"BreadcrumbList","@id":"https:\/\/www.visit-ulcinj.com\/blog\/2016\/01\/05\/teniseret-e-kosoves-te-garoje-ne-fed-cup-ne-ulqin\/#breadcrumb","itemListElement":[{"@type":"ListItem","position":1,"name":"Teniser\u00ebt e Kosov\u00ebs do t\u00eb garojn\u00eb n\u00eb Fed Cup n\u00eb Ulqin"}]},{"@type":"Person","@id":"https:\/\/www.visit-ulcinj.com\/blog\/#\/schema\/person\/dcab619c614d3038751c63bc2aadc06d","name":"ulqini","sameAs":["http:\/\/www.visit-ulcinj.com"],"url":"https:\/\/www.visit-ulcinj.com\/blog\/author\/admin\/"}]}},"jetpack_featured_media_url":"","jetpack_sharing_enabled":true,"jetpack_shortlink":"https:\/\/wp.me\/pe6lTn-oq8","_links":{"self":[{"href":"https:\/\/www.visit-ulcinj.com\/blog\/wp-json\/wp\/v2\/posts\/93876"}],"collection":[{"href":"https:\/\/www.visit-ulcinj.com\/blog\/wp-json\/wp\/v2\/posts"}],"about":[{"href":"https:\/\/www.visit-ulcinj.com\/blog\/wp-json\/wp\/v2\/types\/post"}],"author":[{"embeddable":true,"href":"https:\/\/www.visit-ulcinj.com\/blog\/wp-json\/wp\/v2\/users\/1"}],"replies":[{"embeddable":true,"href":"https:\/\/www.visit-ulcinj.com\/blog\/wp-json\/wp\/v2\/comments?post=93876"}],"version-history":[{"count":2,"href":"https:\/\/www.visit-ulcinj.com\/blog\/wp-json\/wp\/v2\/posts\/93876\/revisions"}],"predecessor-version":[{"id":93878,"href":"https:\/\/www.visit-ulcinj.com\/blog\/wp-json\/wp\/v2\/posts\/93876\/revisions\/93878"}],"wp:attachment":[{"href":"https:\/\/www.visit-ulcinj.com\/blog\/wp-json\/wp\/v2\/media?parent=93876"}],"wp:term":[{"taxonomy":"category","embeddable":true,"href":"https:\/\/www.visit-ulcinj.com\/blog\/wp-json\/wp\/v2\/categories?post=93876"},{"taxonomy":"post_tag","embeddable":true,"href":"https:\/\/www.visit-ulcinj.com\/blog\/wp-json\/wp\/v2\/tags?post=93876"}],"curies":[{"name":"wp","href":"https:\/\/api.w.org\/{rel}","templated":true}]}}