{"id":93879,"date":"2016-01-06T17:15:34","date_gmt":"2016-01-06T16:15:34","guid":{"rendered":"http:\/\/www.visit-ulcinj.com\/blog\/?p=93879"},"modified":"2016-01-06T17:15:34","modified_gmt":"2016-01-06T16:15:34","slug":"gazeta-pobjeda-gjermanine-duhet-ta-braktisin-2-400-shtetas-te-malit-te-zi","status":"publish","type":"post","link":"https:\/\/www.visit-ulcinj.com\/blog\/2016\/01\/06\/gazeta-pobjeda-gjermanine-duhet-ta-braktisin-2-400-shtetas-te-malit-te-zi\/","title":{"rendered":"Gazeta \u201cPobjeda\u201d: Gjermanin\u00eb duhet ta braktisin 2.400 shtetas t\u00eb Malit t\u00eb Zi"},"content":{"rendered":"<p><strong><a href=\"http:\/\/www.visit-ulcinj.com\/blog\/wp-content\/uploads\/2016\/01\/auslaender_aus_Montenegro.png\"><img loading=\"lazy\" class=\"alignleft wp-image-93880\" src=\"http:\/\/www.visit-ulcinj.com\/blog\/wp-content\/uploads\/2016\/01\/auslaender_aus_Montenegro.png\" alt=\"auslaender_aus_Montenegro\" width=\"508\" height=\"203\" srcset=\"https:\/\/www.visit-ulcinj.com\/blog\/wp-content\/uploads\/2016\/01\/auslaender_aus_Montenegro.png 1000w, https:\/\/www.visit-ulcinj.com\/blog\/wp-content\/uploads\/2016\/01\/auslaender_aus_Montenegro-300x120.png 300w\" sizes=\"(max-width: 508px) 100vw, 508px\" \/><\/a>Sipas t\u00eb dh\u00ebnave t\u00eb Zyr\u00ebs federale p\u00ebr migrime dhe refugjat\u00eb n\u00eb Gjermani gjenden 22.868 shtetas t\u00eb Malit t\u00eb Zi, nga t\u00eb cil\u00ebt 2.400 duhet ta braktisin k\u00ebt\u00eb shtet, kumtoi ambasada gjermane n\u00eb Mal t\u00eb Zi, nd\u00ebrsa transmetoi gazeta e Podgoric\u00ebs &#8220;Pobjeda&#8221;.<\/strong><\/p>\n<p>Sipas pretendimeve t\u00eb Ambasad\u00ebs, nga 2.400 shtetas\u00a0malazez t\u00eb cil\u00ebt duhet ta braktisin Gjermanin\u00eb, 420 nuk kan\u00eb pasaporta.<\/p>\n<p>Nga Ambasada shtojn\u00eb se k\u00ebt\u00eb vit me siguri do t\u00eb zvog\u00eblohet numri i parashtruesve malazez t\u00eb k\u00ebrkesave p\u00ebr azil, sepse Mali i Zi \u00ebsht\u00eb shpallur si vend i sigurt\u00eb t\u00eb origjin\u00ebs.<\/p>\n<p>Sekretarja e p\u00ebrgjithshme e Unionit t\u00eb asociacioneve malazeze n\u00eb Gjermani, Ermira M. Li\u00e7ina p\u00ebr gazet\u00ebn &#8220;Pobjeda&#8221; thot\u00eb se &#8220;numri enorm i refugjat\u00ebve&#8221;, t\u00eb cil\u00ebt n\u00eb vitin 2015 kan\u00eb arritur n\u00eb Gjermani, i ka p\u00ebrforcuar autoritetet n\u00eb k\u00ebt\u00eb shtet evropian n\u00eb sjelljen e masave t\u00eb ndryshme q\u00eb t\u00eb zvog\u00eblohet numri i k\u00ebrkueseve t\u00eb azilit.<\/p>\n<p>Sipas saj, &#8220;shpallja e Malit t\u00eb Zi, Shqip\u00ebris\u00eb dhe Kosov\u00ebs p\u00ebr vendet me origjin\u00eb t\u00eb sigurt me siguri \u00ebsht\u00eb inovacioni m\u00eb i sigurt juridik n\u00eb vitin 2015 i cili ka t\u00eb b\u00ebj\u00eb me qytetar\u00ebt e k\u00ebtyre vendeve, sepse autoriteteve gjermane iu mund\u00ebson deportim t\u00eb shpejt\u00eb t\u00eb aplikuesve t\u00eb azilit nga k\u00ebto shtete&#8221;.<\/p>\n<p>Kjo do t\u00eb thot\u00eb se personat nga k\u00ebto shtete, nga aspekti juridik, iu \u00ebsht\u00eb kufizuar e drejta e azilit n\u00eb Gjermani.<\/p>\n<p><strong>KURIR<\/strong><\/p>\n","protected":false},"excerpt":{"rendered":"<p>Sipas t\u00eb dh\u00ebnave t\u00eb Zyr\u00ebs federale p\u00ebr migrime dhe refugjat\u00eb n\u00eb Gjermani gjenden 22.868 shtetas t\u00eb Malit t\u00eb Zi, nga t\u00eb cil\u00ebt 2.400 duhet ta braktisin k\u00ebt\u00eb shtet, kumtoi ambasada gjermane n\u00eb Mal t\u00eb Zi, nd\u00ebrsa transmetoi gazeta e Podgoric\u00ebs &#8220;Pobjeda&#8221;. Sipas pretendimeve t\u00eb Ambasad\u00ebs, nga 2.400 shtetas\u00a0malazez t\u00eb cil\u00ebt duhet ta braktisin Gjermanin\u00eb, 420 [&hellip;]<\/p>\n","protected":false},"author":1,"featured_media":0,"comment_status":"closed","ping_status":"closed","sticky":false,"template":"","format":"standard","meta":{"spay_email":"","jetpack_publicize_message":"","jetpack_is_tweetstorm":false,"jetpack_publicize_feature_enabled":true},"categories":[14],"tags":[],"jetpack_publicize_connections":[],"yoast_head":"<!-- This site is optimized with the Yoast SEO plugin v19.1 - https:\/\/yoast.com\/wordpress\/plugins\/seo\/ -->\n<title>Gazeta \u201cPobjeda\u201d: Gjermanin\u00eb duhet ta braktisin 2.400 shtetas t\u00eb Malit t\u00eb Zi - Lajme nga Ulqini<\/title>\n<meta name=\"description\" content=\"Sipas t\u00eb dh\u00ebnave t\u00eb Zyr\u00ebs federale p\u00ebr migrime dhe refugjat\u00eb n\u00eb Gjermani gjenden 22.868 shtetas t\u00eb Malit t\u00eb Zi, nga t\u00eb cil\u00ebt 2.400 duhet ta braktisin k\u00ebt\u00eb\" \/>\n<meta name=\"robots\" content=\"index, follow, max-snippet:-1, max-image-preview:large, max-video-preview:-1\" \/>\n<link rel=\"canonical\" href=\"https:\/\/www.visit-ulcinj.com\/blog\/2016\/01\/06\/gazeta-pobjeda-gjermanine-duhet-ta-braktisin-2-400-shtetas-te-malit-te-zi\/\" \/>\n<meta property=\"og:locale\" content=\"en_US\" \/>\n<meta property=\"og:type\" content=\"article\" \/>\n<meta property=\"og:title\" content=\"Gazeta \u201cPobjeda\u201d: Gjermanin\u00eb duhet ta braktisin 2.400 shtetas t\u00eb Malit t\u00eb Zi - Lajme nga Ulqini\" \/>\n<meta property=\"og:description\" content=\"Sipas t\u00eb dh\u00ebnave t\u00eb Zyr\u00ebs federale p\u00ebr migrime dhe refugjat\u00eb n\u00eb Gjermani gjenden 22.868 shtetas t\u00eb Malit t\u00eb Zi, nga t\u00eb cil\u00ebt 2.400 duhet ta braktisin k\u00ebt\u00eb\" \/>\n<meta property=\"og:url\" content=\"https:\/\/www.visit-ulcinj.com\/blog\/2016\/01\/06\/gazeta-pobjeda-gjermanine-duhet-ta-braktisin-2-400-shtetas-te-malit-te-zi\/\" \/>\n<meta property=\"og:site_name\" content=\"Lajme nga Ulqini\" \/>\n<meta property=\"article:published_time\" content=\"2016-01-06T16:15:34+00:00\" \/>\n<meta property=\"og:image\" content=\"http:\/\/www.visit-ulcinj.com\/blog\/wp-content\/uploads\/2016\/01\/auslaender_aus_Montenegro.png\" \/>\n<meta name=\"twitter:label1\" content=\"Written by\" \/>\n\t<meta name=\"twitter:data1\" content=\"ulqini\" \/>\n\t<meta name=\"twitter:label2\" content=\"Est. reading time\" \/>\n\t<meta name=\"twitter:data2\" content=\"1 minute\" \/>\n<script type=\"application\/ld+json\" class=\"yoast-schema-graph\">{\"@context\":\"https:\/\/schema.org\",\"@graph\":[{\"@type\":\"WebSite\",\"@id\":\"https:\/\/www.visit-ulcinj.com\/blog\/#website\",\"url\":\"https:\/\/www.visit-ulcinj.com\/blog\/\",\"name\":\"Lajme nga Ulqini\",\"description\":\"Lajme,Vijesti,Ulqini,Ulqin,Crna Gora,Mali i Zi\",\"potentialAction\":[{\"@type\":\"SearchAction\",\"target\":{\"@type\":\"EntryPoint\",\"urlTemplate\":\"https:\/\/www.visit-ulcinj.com\/blog\/?s={search_term_string}\"},\"query-input\":\"required name=search_term_string\"}],\"inLanguage\":\"en-US\"},{\"@type\":\"ImageObject\",\"inLanguage\":\"en-US\",\"@id\":\"https:\/\/www.visit-ulcinj.com\/blog\/2016\/01\/06\/gazeta-pobjeda-gjermanine-duhet-ta-braktisin-2-400-shtetas-te-malit-te-zi\/#primaryimage\",\"url\":\"https:\/\/www.visit-ulcinj.com\/blog\/wp-content\/uploads\/2016\/01\/auslaender_aus_Montenegro.png\",\"contentUrl\":\"https:\/\/www.visit-ulcinj.com\/blog\/wp-content\/uploads\/2016\/01\/auslaender_aus_Montenegro.png\",\"width\":1000,\"height\":400},{\"@type\":\"WebPage\",\"@id\":\"https:\/\/www.visit-ulcinj.com\/blog\/2016\/01\/06\/gazeta-pobjeda-gjermanine-duhet-ta-braktisin-2-400-shtetas-te-malit-te-zi\/#webpage\",\"url\":\"https:\/\/www.visit-ulcinj.com\/blog\/2016\/01\/06\/gazeta-pobjeda-gjermanine-duhet-ta-braktisin-2-400-shtetas-te-malit-te-zi\/\",\"name\":\"Gazeta \u201cPobjeda\u201d: Gjermanin\u00eb duhet ta braktisin 2.400 shtetas t\u00eb Malit t\u00eb Zi - Lajme nga Ulqini\",\"isPartOf\":{\"@id\":\"https:\/\/www.visit-ulcinj.com\/blog\/#website\"},\"primaryImageOfPage\":{\"@id\":\"https:\/\/www.visit-ulcinj.com\/blog\/2016\/01\/06\/gazeta-pobjeda-gjermanine-duhet-ta-braktisin-2-400-shtetas-te-malit-te-zi\/#primaryimage\"},\"datePublished\":\"2016-01-06T16:15:34+00:00\",\"dateModified\":\"2016-01-06T16:15:34+00:00\",\"author\":{\"@id\":\"https:\/\/www.visit-ulcinj.com\/blog\/#\/schema\/person\/dcab619c614d3038751c63bc2aadc06d\"},\"description\":\"Sipas t\u00eb dh\u00ebnave t\u00eb Zyr\u00ebs federale p\u00ebr migrime dhe refugjat\u00eb n\u00eb Gjermani gjenden 22.868 shtetas t\u00eb Malit t\u00eb Zi, nga t\u00eb cil\u00ebt 2.400 duhet ta braktisin k\u00ebt\u00eb\",\"breadcrumb\":{\"@id\":\"https:\/\/www.visit-ulcinj.com\/blog\/2016\/01\/06\/gazeta-pobjeda-gjermanine-duhet-ta-braktisin-2-400-shtetas-te-malit-te-zi\/#breadcrumb\"},\"inLanguage\":\"en-US\",\"potentialAction\":[{\"@type\":\"ReadAction\",\"target\":[\"https:\/\/www.visit-ulcinj.com\/blog\/2016\/01\/06\/gazeta-pobjeda-gjermanine-duhet-ta-braktisin-2-400-shtetas-te-malit-te-zi\/\"]}]},{\"@type\":\"BreadcrumbList\",\"@id\":\"https:\/\/www.visit-ulcinj.com\/blog\/2016\/01\/06\/gazeta-pobjeda-gjermanine-duhet-ta-braktisin-2-400-shtetas-te-malit-te-zi\/#breadcrumb\",\"itemListElement\":[{\"@type\":\"ListItem\",\"position\":1,\"name\":\"Gazeta \u201cPobjeda\u201d: Gjermanin\u00eb duhet ta braktisin 2.400 shtetas t\u00eb Malit t\u00eb Zi\"}]},{\"@type\":\"Person\",\"@id\":\"https:\/\/www.visit-ulcinj.com\/blog\/#\/schema\/person\/dcab619c614d3038751c63bc2aadc06d\",\"name\":\"ulqini\",\"sameAs\":[\"http:\/\/www.visit-ulcinj.com\"],\"url\":\"https:\/\/www.visit-ulcinj.com\/blog\/author\/admin\/\"}]}<\/script>\n<!-- \/ Yoast SEO plugin. -->","yoast_head_json":{"title":"Gazeta \u201cPobjeda\u201d: Gjermanin\u00eb duhet ta braktisin 2.400 shtetas t\u00eb Malit t\u00eb Zi - Lajme nga Ulqini","description":"Sipas t\u00eb dh\u00ebnave t\u00eb Zyr\u00ebs federale p\u00ebr migrime dhe refugjat\u00eb n\u00eb Gjermani gjenden 22.868 shtetas t\u00eb Malit t\u00eb Zi, nga t\u00eb cil\u00ebt 2.400 duhet ta braktisin k\u00ebt\u00eb","robots":{"index":"index","follow":"follow","max-snippet":"max-snippet:-1","max-image-preview":"max-image-preview:large","max-video-preview":"max-video-preview:-1"},"canonical":"https:\/\/www.visit-ulcinj.com\/blog\/2016\/01\/06\/gazeta-pobjeda-gjermanine-duhet-ta-braktisin-2-400-shtetas-te-malit-te-zi\/","og_locale":"en_US","og_type":"article","og_title":"Gazeta \u201cPobjeda\u201d: Gjermanin\u00eb duhet ta braktisin 2.400 shtetas t\u00eb Malit t\u00eb Zi - Lajme nga Ulqini","og_description":"Sipas t\u00eb dh\u00ebnave t\u00eb Zyr\u00ebs federale p\u00ebr migrime dhe refugjat\u00eb n\u00eb Gjermani gjenden 22.868 shtetas t\u00eb Malit t\u00eb Zi, nga t\u00eb cil\u00ebt 2.400 duhet ta braktisin k\u00ebt\u00eb","og_url":"https:\/\/www.visit-ulcinj.com\/blog\/2016\/01\/06\/gazeta-pobjeda-gjermanine-duhet-ta-braktisin-2-400-shtetas-te-malit-te-zi\/","og_site_name":"Lajme nga Ulqini","article_published_time":"2016-01-06T16:15:34+00:00","og_image":[{"url":"http:\/\/www.visit-ulcinj.com\/blog\/wp-content\/uploads\/2016\/01\/auslaender_aus_Montenegro.png"}],"twitter_misc":{"Written by":"ulqini","Est. reading time":"1 minute"},"schema":{"@context":"https:\/\/schema.org","@graph":[{"@type":"WebSite","@id":"https:\/\/www.visit-ulcinj.com\/blog\/#website","url":"https:\/\/www.visit-ulcinj.com\/blog\/","name":"Lajme nga Ulqini","description":"Lajme,Vijesti,Ulqini,Ulqin,Crna Gora,Mali i Zi","potentialAction":[{"@type":"SearchAction","target":{"@type":"EntryPoint","urlTemplate":"https:\/\/www.visit-ulcinj.com\/blog\/?s={search_term_string}"},"query-input":"required name=search_term_string"}],"inLanguage":"en-US"},{"@type":"ImageObject","inLanguage":"en-US","@id":"https:\/\/www.visit-ulcinj.com\/blog\/2016\/01\/06\/gazeta-pobjeda-gjermanine-duhet-ta-braktisin-2-400-shtetas-te-malit-te-zi\/#primaryimage","url":"https:\/\/www.visit-ulcinj.com\/blog\/wp-content\/uploads\/2016\/01\/auslaender_aus_Montenegro.png","contentUrl":"https:\/\/www.visit-ulcinj.com\/blog\/wp-content\/uploads\/2016\/01\/auslaender_aus_Montenegro.png","width":1000,"height":400},{"@type":"WebPage","@id":"https:\/\/www.visit-ulcinj.com\/blog\/2016\/01\/06\/gazeta-pobjeda-gjermanine-duhet-ta-braktisin-2-400-shtetas-te-malit-te-zi\/#webpage","url":"https:\/\/www.visit-ulcinj.com\/blog\/2016\/01\/06\/gazeta-pobjeda-gjermanine-duhet-ta-braktisin-2-400-shtetas-te-malit-te-zi\/","name":"Gazeta \u201cPobjeda\u201d: Gjermanin\u00eb duhet ta braktisin 2.400 shtetas t\u00eb Malit t\u00eb Zi - Lajme nga Ulqini","isPartOf":{"@id":"https:\/\/www.visit-ulcinj.com\/blog\/#website"},"primaryImageOfPage":{"@id":"https:\/\/www.visit-ulcinj.com\/blog\/2016\/01\/06\/gazeta-pobjeda-gjermanine-duhet-ta-braktisin-2-400-shtetas-te-malit-te-zi\/#primaryimage"},"datePublished":"2016-01-06T16:15:34+00:00","dateModified":"2016-01-06T16:15:34+00:00","author":{"@id":"https:\/\/www.visit-ulcinj.com\/blog\/#\/schema\/person\/dcab619c614d3038751c63bc2aadc06d"},"description":"Sipas t\u00eb dh\u00ebnave t\u00eb Zyr\u00ebs federale p\u00ebr migrime dhe refugjat\u00eb n\u00eb Gjermani gjenden 22.868 shtetas t\u00eb Malit t\u00eb Zi, nga t\u00eb cil\u00ebt 2.400 duhet ta braktisin k\u00ebt\u00eb","breadcrumb":{"@id":"https:\/\/www.visit-ulcinj.com\/blog\/2016\/01\/06\/gazeta-pobjeda-gjermanine-duhet-ta-braktisin-2-400-shtetas-te-malit-te-zi\/#breadcrumb"},"inLanguage":"en-US","potentialAction":[{"@type":"ReadAction","target":["https:\/\/www.visit-ulcinj.com\/blog\/2016\/01\/06\/gazeta-pobjeda-gjermanine-duhet-ta-braktisin-2-400-shtetas-te-malit-te-zi\/"]}]},{"@type":"BreadcrumbList","@id":"https:\/\/www.visit-ulcinj.com\/blog\/2016\/01\/06\/gazeta-pobjeda-gjermanine-duhet-ta-braktisin-2-400-shtetas-te-malit-te-zi\/#breadcrumb","itemListElement":[{"@type":"ListItem","position":1,"name":"Gazeta \u201cPobjeda\u201d: Gjermanin\u00eb duhet ta braktisin 2.400 shtetas t\u00eb Malit t\u00eb Zi"}]},{"@type":"Person","@id":"https:\/\/www.visit-ulcinj.com\/blog\/#\/schema\/person\/dcab619c614d3038751c63bc2aadc06d","name":"ulqini","sameAs":["http:\/\/www.visit-ulcinj.com"],"url":"https:\/\/www.visit-ulcinj.com\/blog\/author\/admin\/"}]}},"jetpack_featured_media_url":"","jetpack_sharing_enabled":true,"jetpack_shortlink":"https:\/\/wp.me\/pe6lTn-oqb","_links":{"self":[{"href":"https:\/\/www.visit-ulcinj.com\/blog\/wp-json\/wp\/v2\/posts\/93879"}],"collection":[{"href":"https:\/\/www.visit-ulcinj.com\/blog\/wp-json\/wp\/v2\/posts"}],"about":[{"href":"https:\/\/www.visit-ulcinj.com\/blog\/wp-json\/wp\/v2\/types\/post"}],"author":[{"embeddable":true,"href":"https:\/\/www.visit-ulcinj.com\/blog\/wp-json\/wp\/v2\/users\/1"}],"replies":[{"embeddable":true,"href":"https:\/\/www.visit-ulcinj.com\/blog\/wp-json\/wp\/v2\/comments?post=93879"}],"version-history":[{"count":1,"href":"https:\/\/www.visit-ulcinj.com\/blog\/wp-json\/wp\/v2\/posts\/93879\/revisions"}],"predecessor-version":[{"id":93881,"href":"https:\/\/www.visit-ulcinj.com\/blog\/wp-json\/wp\/v2\/posts\/93879\/revisions\/93881"}],"wp:attachment":[{"href":"https:\/\/www.visit-ulcinj.com\/blog\/wp-json\/wp\/v2\/media?parent=93879"}],"wp:term":[{"taxonomy":"category","embeddable":true,"href":"https:\/\/www.visit-ulcinj.com\/blog\/wp-json\/wp\/v2\/categories?post=93879"},{"taxonomy":"post_tag","embeddable":true,"href":"https:\/\/www.visit-ulcinj.com\/blog\/wp-json\/wp\/v2\/tags?post=93879"}],"curies":[{"name":"wp","href":"https:\/\/api.w.org\/{rel}","templated":true}]}}