{"id":93901,"date":"2016-01-09T07:58:02","date_gmt":"2016-01-09T06:58:02","guid":{"rendered":"http:\/\/www.visit-ulcinj.com\/blog\/?p=93901"},"modified":"2016-01-09T07:58:39","modified_gmt":"2016-01-09T06:58:39","slug":"nimanbegu-qeveria-e-malit-te-zi-merr-perkrahjen-e-forces","status":"publish","type":"post","link":"https:\/\/www.visit-ulcinj.com\/blog\/2016\/01\/09\/nimanbegu-qeveria-e-malit-te-zi-merr-perkrahjen-e-forces\/","title":{"rendered":"Nimanbegu: Qeveria e Malit t\u00eb Zi merr p\u00ebrkrahjen e Forc\u00ebs"},"content":{"rendered":"<p><strong><a href=\"http:\/\/www.visit-ulcinj.com\/blog\/wp-content\/uploads\/2015\/07\/Aneks-sporazuma-Forca-DPS-2.jpg\"><img loading=\"lazy\" class=\"alignleft wp-image-91487\" src=\"http:\/\/www.visit-ulcinj.com\/blog\/wp-content\/uploads\/2015\/07\/Aneks-sporazuma-Forca-DPS-2.jpg\" alt=\"Aneks sporazuma Forca-DPS-2\" width=\"508\" height=\"339\" srcset=\"https:\/\/www.visit-ulcinj.com\/blog\/wp-content\/uploads\/2015\/07\/Aneks-sporazuma-Forca-DPS-2.jpg 900w, https:\/\/www.visit-ulcinj.com\/blog\/wp-content\/uploads\/2015\/07\/Aneks-sporazuma-Forca-DPS-2-300x200.jpg 300w\" sizes=\"(max-width: 508px) 100vw, 508px\" \/><\/a>FORCA dhe Partia Boshnjake do t\u00eb p\u00ebrkrahin qeverin\u00eb<\/strong><\/p>\n<p>Forca e re Demokratike dhe Partia Boshnjake do ta p\u00ebrkrahin Qeverin\u00eb, kur n\u00eb Parlament t\u00eb jet\u00eb n\u00eb rend dite vot\u00ebbesimi i saj. Forca e re demokratike, sipas fjal\u00ebve t\u00eb deputetit t\u00eb saj, Genci Nimanbegu, n\u00eb Kuvend do t\u00eb votojn\u00eb p\u00ebr besimin Qeveris\u00eb.<\/p>\n<p>Konsideroj se grupi i pun\u00ebs duhet ta vazhdoj\u00eb pun\u00ebn e vet, pa marr\u00eb parasysh q\u00ebndrimet e personave ose subjekteve politike t\u00eb ve\u00e7uara se ky \u00ebsht\u00eb performans\u00a0 \u00a0i kryetarit t\u00eb parlamentit, Ranko Krivokapiq, ka th\u00ebn\u00eb Nimanbegu.<\/p>\n<p>Shefi i klubit t\u00eb deputet\u00ebve i Partis\u00eb Boshnjake, Almer Kalla\u00e7 ka th\u00ebn\u00eb se kjo parti nuk do ta p\u00ebrkrahte Qeverin\u00eb n\u00ebse nuk do t\u00eb ishte pjes\u00ebtar i saj. Duke pasur parasysh k\u00ebt\u00eb, \u00ebsht\u00eb e logjikshme q\u00eb ta p\u00ebrkrahim pun\u00ebn e Qeveris\u00eb, ka th\u00ebn\u00eb Kalla\u00e7, p\u00ebr gazet\u00ebn DAN, duke rekomanduar se nuk jan\u00eb t\u00eb pranueshme p\u00ebrpjekjet q\u00eb Qeveria t\u00eb shkarkohet pa zgjedhje.<\/p>\n<p>RTCG<\/p>\n","protected":false},"excerpt":{"rendered":"<p>FORCA dhe Partia Boshnjake do t\u00eb p\u00ebrkrahin qeverin\u00eb Forca e re Demokratike dhe Partia Boshnjake do ta p\u00ebrkrahin Qeverin\u00eb, kur n\u00eb Parlament t\u00eb jet\u00eb n\u00eb rend dite vot\u00ebbesimi i saj. Forca e re demokratike, sipas fjal\u00ebve t\u00eb deputetit t\u00eb saj, Genci Nimanbegu, n\u00eb Kuvend do t\u00eb votojn\u00eb p\u00ebr besimin Qeveris\u00eb. Konsideroj se grupi i pun\u00ebs [&hellip;]<\/p>\n","protected":false},"author":1,"featured_media":0,"comment_status":"closed","ping_status":"closed","sticky":false,"template":"","format":"standard","meta":{"spay_email":"","jetpack_publicize_message":"","jetpack_is_tweetstorm":false,"jetpack_publicize_feature_enabled":true},"categories":[6],"tags":[],"jetpack_publicize_connections":[],"yoast_head":"<!-- This site is optimized with the Yoast SEO plugin v19.1 - https:\/\/yoast.com\/wordpress\/plugins\/seo\/ -->\n<title>Nimanbegu: Qeveria e Malit t\u00eb Zi merr p\u00ebrkrahjen e Forc\u00ebs - Lajme nga Ulqini<\/title>\n<meta name=\"description\" content=\"FORCA dhe Partia Boshnjake do t\u00eb p\u00ebrkrahin qeverin\u00eb Forca e re Demokratike dhe Partia Boshnjake do ta p\u00ebrkrahin Qeverin\u00eb, kur n\u00eb Parlament t\u00eb jet\u00eb n\u00eb rend\" \/>\n<meta name=\"robots\" content=\"index, follow, max-snippet:-1, max-image-preview:large, max-video-preview:-1\" \/>\n<link rel=\"canonical\" href=\"https:\/\/www.visit-ulcinj.com\/blog\/2016\/01\/09\/nimanbegu-qeveria-e-malit-te-zi-merr-perkrahjen-e-forces\/\" \/>\n<meta property=\"og:locale\" content=\"en_US\" \/>\n<meta property=\"og:type\" content=\"article\" \/>\n<meta property=\"og:title\" content=\"Nimanbegu: Qeveria e Malit t\u00eb Zi merr p\u00ebrkrahjen e Forc\u00ebs - Lajme nga Ulqini\" \/>\n<meta property=\"og:description\" content=\"FORCA dhe Partia Boshnjake do t\u00eb p\u00ebrkrahin qeverin\u00eb Forca e re Demokratike dhe Partia Boshnjake do ta p\u00ebrkrahin Qeverin\u00eb, kur n\u00eb Parlament t\u00eb jet\u00eb n\u00eb rend\" \/>\n<meta property=\"og:url\" content=\"https:\/\/www.visit-ulcinj.com\/blog\/2016\/01\/09\/nimanbegu-qeveria-e-malit-te-zi-merr-perkrahjen-e-forces\/\" \/>\n<meta property=\"og:site_name\" content=\"Lajme nga Ulqini\" \/>\n<meta property=\"article:published_time\" content=\"2016-01-09T06:58:02+00:00\" \/>\n<meta property=\"article:modified_time\" content=\"2016-01-09T06:58:39+00:00\" \/>\n<meta property=\"og:image\" content=\"http:\/\/www.visit-ulcinj.com\/blog\/wp-content\/uploads\/2015\/07\/Aneks-sporazuma-Forca-DPS-2.jpg\" \/>\n<meta name=\"twitter:label1\" content=\"Written by\" \/>\n\t<meta name=\"twitter:data1\" content=\"ulqini\" \/>\n\t<meta name=\"twitter:label2\" content=\"Est. reading time\" \/>\n\t<meta name=\"twitter:data2\" content=\"1 minute\" \/>\n<script type=\"application\/ld+json\" class=\"yoast-schema-graph\">{\"@context\":\"https:\/\/schema.org\",\"@graph\":[{\"@type\":\"WebSite\",\"@id\":\"https:\/\/www.visit-ulcinj.com\/blog\/#website\",\"url\":\"https:\/\/www.visit-ulcinj.com\/blog\/\",\"name\":\"Lajme nga Ulqini\",\"description\":\"Lajme,Vijesti,Ulqini,Ulqin,Crna Gora,Mali i Zi\",\"potentialAction\":[{\"@type\":\"SearchAction\",\"target\":{\"@type\":\"EntryPoint\",\"urlTemplate\":\"https:\/\/www.visit-ulcinj.com\/blog\/?s={search_term_string}\"},\"query-input\":\"required name=search_term_string\"}],\"inLanguage\":\"en-US\"},{\"@type\":\"ImageObject\",\"inLanguage\":\"en-US\",\"@id\":\"https:\/\/www.visit-ulcinj.com\/blog\/2016\/01\/09\/nimanbegu-qeveria-e-malit-te-zi-merr-perkrahjen-e-forces\/#primaryimage\",\"url\":\"https:\/\/www.visit-ulcinj.com\/blog\/wp-content\/uploads\/2015\/07\/Aneks-sporazuma-Forca-DPS-2.jpg\",\"contentUrl\":\"https:\/\/www.visit-ulcinj.com\/blog\/wp-content\/uploads\/2015\/07\/Aneks-sporazuma-Forca-DPS-2.jpg\",\"width\":900,\"height\":600},{\"@type\":\"WebPage\",\"@id\":\"https:\/\/www.visit-ulcinj.com\/blog\/2016\/01\/09\/nimanbegu-qeveria-e-malit-te-zi-merr-perkrahjen-e-forces\/#webpage\",\"url\":\"https:\/\/www.visit-ulcinj.com\/blog\/2016\/01\/09\/nimanbegu-qeveria-e-malit-te-zi-merr-perkrahjen-e-forces\/\",\"name\":\"Nimanbegu: Qeveria e Malit t\u00eb Zi merr p\u00ebrkrahjen e Forc\u00ebs - Lajme nga Ulqini\",\"isPartOf\":{\"@id\":\"https:\/\/www.visit-ulcinj.com\/blog\/#website\"},\"primaryImageOfPage\":{\"@id\":\"https:\/\/www.visit-ulcinj.com\/blog\/2016\/01\/09\/nimanbegu-qeveria-e-malit-te-zi-merr-perkrahjen-e-forces\/#primaryimage\"},\"datePublished\":\"2016-01-09T06:58:02+00:00\",\"dateModified\":\"2016-01-09T06:58:39+00:00\",\"author\":{\"@id\":\"https:\/\/www.visit-ulcinj.com\/blog\/#\/schema\/person\/dcab619c614d3038751c63bc2aadc06d\"},\"description\":\"FORCA dhe Partia Boshnjake do t\u00eb p\u00ebrkrahin qeverin\u00eb Forca e re Demokratike dhe Partia Boshnjake do ta p\u00ebrkrahin Qeverin\u00eb, kur n\u00eb Parlament t\u00eb jet\u00eb n\u00eb rend\",\"breadcrumb\":{\"@id\":\"https:\/\/www.visit-ulcinj.com\/blog\/2016\/01\/09\/nimanbegu-qeveria-e-malit-te-zi-merr-perkrahjen-e-forces\/#breadcrumb\"},\"inLanguage\":\"en-US\",\"potentialAction\":[{\"@type\":\"ReadAction\",\"target\":[\"https:\/\/www.visit-ulcinj.com\/blog\/2016\/01\/09\/nimanbegu-qeveria-e-malit-te-zi-merr-perkrahjen-e-forces\/\"]}]},{\"@type\":\"BreadcrumbList\",\"@id\":\"https:\/\/www.visit-ulcinj.com\/blog\/2016\/01\/09\/nimanbegu-qeveria-e-malit-te-zi-merr-perkrahjen-e-forces\/#breadcrumb\",\"itemListElement\":[{\"@type\":\"ListItem\",\"position\":1,\"name\":\"Nimanbegu: Qeveria e Malit t\u00eb Zi merr p\u00ebrkrahjen e Forc\u00ebs\"}]},{\"@type\":\"Person\",\"@id\":\"https:\/\/www.visit-ulcinj.com\/blog\/#\/schema\/person\/dcab619c614d3038751c63bc2aadc06d\",\"name\":\"ulqini\",\"sameAs\":[\"http:\/\/www.visit-ulcinj.com\"],\"url\":\"https:\/\/www.visit-ulcinj.com\/blog\/author\/admin\/\"}]}<\/script>\n<!-- \/ Yoast SEO plugin. -->","yoast_head_json":{"title":"Nimanbegu: Qeveria e Malit t\u00eb Zi merr p\u00ebrkrahjen e Forc\u00ebs - Lajme nga Ulqini","description":"FORCA dhe Partia Boshnjake do t\u00eb p\u00ebrkrahin qeverin\u00eb Forca e re Demokratike dhe Partia Boshnjake do ta p\u00ebrkrahin Qeverin\u00eb, kur n\u00eb Parlament t\u00eb jet\u00eb n\u00eb rend","robots":{"index":"index","follow":"follow","max-snippet":"max-snippet:-1","max-image-preview":"max-image-preview:large","max-video-preview":"max-video-preview:-1"},"canonical":"https:\/\/www.visit-ulcinj.com\/blog\/2016\/01\/09\/nimanbegu-qeveria-e-malit-te-zi-merr-perkrahjen-e-forces\/","og_locale":"en_US","og_type":"article","og_title":"Nimanbegu: Qeveria e Malit t\u00eb Zi merr p\u00ebrkrahjen e Forc\u00ebs - Lajme nga Ulqini","og_description":"FORCA dhe Partia Boshnjake do t\u00eb p\u00ebrkrahin qeverin\u00eb Forca e re Demokratike dhe Partia Boshnjake do ta p\u00ebrkrahin Qeverin\u00eb, kur n\u00eb Parlament t\u00eb jet\u00eb n\u00eb rend","og_url":"https:\/\/www.visit-ulcinj.com\/blog\/2016\/01\/09\/nimanbegu-qeveria-e-malit-te-zi-merr-perkrahjen-e-forces\/","og_site_name":"Lajme nga Ulqini","article_published_time":"2016-01-09T06:58:02+00:00","article_modified_time":"2016-01-09T06:58:39+00:00","og_image":[{"url":"http:\/\/www.visit-ulcinj.com\/blog\/wp-content\/uploads\/2015\/07\/Aneks-sporazuma-Forca-DPS-2.jpg"}],"twitter_misc":{"Written by":"ulqini","Est. reading time":"1 minute"},"schema":{"@context":"https:\/\/schema.org","@graph":[{"@type":"WebSite","@id":"https:\/\/www.visit-ulcinj.com\/blog\/#website","url":"https:\/\/www.visit-ulcinj.com\/blog\/","name":"Lajme nga Ulqini","description":"Lajme,Vijesti,Ulqini,Ulqin,Crna Gora,Mali i Zi","potentialAction":[{"@type":"SearchAction","target":{"@type":"EntryPoint","urlTemplate":"https:\/\/www.visit-ulcinj.com\/blog\/?s={search_term_string}"},"query-input":"required name=search_term_string"}],"inLanguage":"en-US"},{"@type":"ImageObject","inLanguage":"en-US","@id":"https:\/\/www.visit-ulcinj.com\/blog\/2016\/01\/09\/nimanbegu-qeveria-e-malit-te-zi-merr-perkrahjen-e-forces\/#primaryimage","url":"https:\/\/www.visit-ulcinj.com\/blog\/wp-content\/uploads\/2015\/07\/Aneks-sporazuma-Forca-DPS-2.jpg","contentUrl":"https:\/\/www.visit-ulcinj.com\/blog\/wp-content\/uploads\/2015\/07\/Aneks-sporazuma-Forca-DPS-2.jpg","width":900,"height":600},{"@type":"WebPage","@id":"https:\/\/www.visit-ulcinj.com\/blog\/2016\/01\/09\/nimanbegu-qeveria-e-malit-te-zi-merr-perkrahjen-e-forces\/#webpage","url":"https:\/\/www.visit-ulcinj.com\/blog\/2016\/01\/09\/nimanbegu-qeveria-e-malit-te-zi-merr-perkrahjen-e-forces\/","name":"Nimanbegu: Qeveria e Malit t\u00eb Zi merr p\u00ebrkrahjen e Forc\u00ebs - Lajme nga Ulqini","isPartOf":{"@id":"https:\/\/www.visit-ulcinj.com\/blog\/#website"},"primaryImageOfPage":{"@id":"https:\/\/www.visit-ulcinj.com\/blog\/2016\/01\/09\/nimanbegu-qeveria-e-malit-te-zi-merr-perkrahjen-e-forces\/#primaryimage"},"datePublished":"2016-01-09T06:58:02+00:00","dateModified":"2016-01-09T06:58:39+00:00","author":{"@id":"https:\/\/www.visit-ulcinj.com\/blog\/#\/schema\/person\/dcab619c614d3038751c63bc2aadc06d"},"description":"FORCA dhe Partia Boshnjake do t\u00eb p\u00ebrkrahin qeverin\u00eb Forca e re Demokratike dhe Partia Boshnjake do ta p\u00ebrkrahin Qeverin\u00eb, kur n\u00eb Parlament t\u00eb jet\u00eb n\u00eb rend","breadcrumb":{"@id":"https:\/\/www.visit-ulcinj.com\/blog\/2016\/01\/09\/nimanbegu-qeveria-e-malit-te-zi-merr-perkrahjen-e-forces\/#breadcrumb"},"inLanguage":"en-US","potentialAction":[{"@type":"ReadAction","target":["https:\/\/www.visit-ulcinj.com\/blog\/2016\/01\/09\/nimanbegu-qeveria-e-malit-te-zi-merr-perkrahjen-e-forces\/"]}]},{"@type":"BreadcrumbList","@id":"https:\/\/www.visit-ulcinj.com\/blog\/2016\/01\/09\/nimanbegu-qeveria-e-malit-te-zi-merr-perkrahjen-e-forces\/#breadcrumb","itemListElement":[{"@type":"ListItem","position":1,"name":"Nimanbegu: Qeveria e Malit t\u00eb Zi merr p\u00ebrkrahjen e Forc\u00ebs"}]},{"@type":"Person","@id":"https:\/\/www.visit-ulcinj.com\/blog\/#\/schema\/person\/dcab619c614d3038751c63bc2aadc06d","name":"ulqini","sameAs":["http:\/\/www.visit-ulcinj.com"],"url":"https:\/\/www.visit-ulcinj.com\/blog\/author\/admin\/"}]}},"jetpack_featured_media_url":"","jetpack_sharing_enabled":true,"jetpack_shortlink":"https:\/\/wp.me\/pe6lTn-oqx","_links":{"self":[{"href":"https:\/\/www.visit-ulcinj.com\/blog\/wp-json\/wp\/v2\/posts\/93901"}],"collection":[{"href":"https:\/\/www.visit-ulcinj.com\/blog\/wp-json\/wp\/v2\/posts"}],"about":[{"href":"https:\/\/www.visit-ulcinj.com\/blog\/wp-json\/wp\/v2\/types\/post"}],"author":[{"embeddable":true,"href":"https:\/\/www.visit-ulcinj.com\/blog\/wp-json\/wp\/v2\/users\/1"}],"replies":[{"embeddable":true,"href":"https:\/\/www.visit-ulcinj.com\/blog\/wp-json\/wp\/v2\/comments?post=93901"}],"version-history":[{"count":2,"href":"https:\/\/www.visit-ulcinj.com\/blog\/wp-json\/wp\/v2\/posts\/93901\/revisions"}],"predecessor-version":[{"id":93903,"href":"https:\/\/www.visit-ulcinj.com\/blog\/wp-json\/wp\/v2\/posts\/93901\/revisions\/93903"}],"wp:attachment":[{"href":"https:\/\/www.visit-ulcinj.com\/blog\/wp-json\/wp\/v2\/media?parent=93901"}],"wp:term":[{"taxonomy":"category","embeddable":true,"href":"https:\/\/www.visit-ulcinj.com\/blog\/wp-json\/wp\/v2\/categories?post=93901"},{"taxonomy":"post_tag","embeddable":true,"href":"https:\/\/www.visit-ulcinj.com\/blog\/wp-json\/wp\/v2\/tags?post=93901"}],"curies":[{"name":"wp","href":"https:\/\/api.w.org\/{rel}","templated":true}]}}