{"id":93906,"date":"2016-01-09T08:36:05","date_gmt":"2016-01-09T07:36:05","guid":{"rendered":"http:\/\/www.visit-ulcinj.com\/blog\/?p=93906"},"modified":"2016-01-09T08:38:56","modified_gmt":"2016-01-09T07:38:56","slug":"emisioni-portreti-prim-dr-gani-karamanaga-video","status":"publish","type":"post","link":"https:\/\/www.visit-ulcinj.com\/blog\/2016\/01\/09\/emisioni-portreti-prim-dr-gani-karamanaga-video\/","title":{"rendered":"Emisioni &#8220;Portreti&#8221; Prim.dr.Gani Karamanaga &#8211; Video"},"content":{"rendered":"<p class=\"post-title\"><strong><a href=\"http:\/\/www.visit-ulcinj.com\/blog\/wp-content\/uploads\/2016\/01\/Portreti-Gani-Karamanaga-Hatixhe-Nelaj-Tv-Teuta.jpg\"><img loading=\"lazy\" class=\"alignleft wp-image-93907\" src=\"http:\/\/www.visit-ulcinj.com\/blog\/wp-content\/uploads\/2016\/01\/Portreti-Gani-Karamanaga-Hatixhe-Nelaj-Tv-Teuta.jpg\" alt=\"Portreti-Gani-Karamanaga-Hatixhe-Nelaj-Tv-Teuta\" width=\"508\" height=\"266\" srcset=\"https:\/\/www.visit-ulcinj.com\/blog\/wp-content\/uploads\/2016\/01\/Portreti-Gani-Karamanaga-Hatixhe-Nelaj-Tv-Teuta.jpg 830w, https:\/\/www.visit-ulcinj.com\/blog\/wp-content\/uploads\/2016\/01\/Portreti-Gani-Karamanaga-Hatixhe-Nelaj-Tv-Teuta-300x157.jpg 300w\" sizes=\"(max-width: 508px) 100vw, 508px\" \/><\/a>Emisioni \u201cPortreti\u201d: Protagonist mjeku i njohur prim.dr.Gani Karamanaga<br \/>\n<\/strong><\/p>\n<p>\u201cPortreti\u201d eshte emision i\u00a0 cili emitohet cdo te hene ne oren 21.00 n\u00eb Televizionin Teuta.<\/p>\n<p>Gazetarja Hatixhe Nelaj na mundson t\u00eb ndjekim emisionin \u201cPortreti\u201d\u00a0 q\u00eb\u00a0 transmetohet n\u00eb TV Teuta.<\/p>\n<p>K\u00ebsaj rradhe protagonist do t\u00eb jet\u00eb mjeku u njohur i qytetit prim.dr. Gani Karamanaga.<\/p>\n<p><strong>Ja nj\u00eb pershkrim t\u00eb shkurt\u00ebr p\u00ebr personalitetin e prim.dr. Gani Karamanag\u00ebs.<\/strong><\/p>\n<p><b>Prim. Dr. Gani Karamanaga<\/b> \u00ebsht\u00eb mjek shqiptar nga Mali i Zi.<\/p>\n<p>Ka lindur n\u00eb vitin 1946 n\u00eb Ulqin. Shkoll\u00ebn e mesme t\u00eb mjek\u00ebsis\u00eb e ka p\u00ebrfunduar n\u00eb Cetin\u00eb n\u00eb vitin 1964 kur \u00ebsht\u00eb regjistruar n\u00eb Fakultetin e mjek\u00ebsis\u00eb n\u00eb Beograd. Ka diplomuar m\u00eb 14 korrik 1969. Ka specializuar n\u00eb vitin 1977 p\u00ebr pneumoftiziologji n\u00eb Beograd, nd\u00ebrsa n\u00eb vitin 1998 ka fituar titullin <i>Primarius<\/i>.<\/p>\n<p>N\u00eb tre mandate ka ushtruar funksionin e drejtorit t\u00eb Sht\u00ebpis\u00eb s\u00eb sh\u00ebndetit t\u00eb Ulqinit, her\u00ebn e par\u00eb nga viti 1978 deri 1982, duke u b\u00ebre k\u00ebshtu drejtori i par\u00eb shqiptar i nj\u00eb institucioni sh\u00ebndet\u00ebsor n\u00eb Mal t\u00eb Zi, nd\u00ebrsa her\u00ebn e dyt\u00eb n\u00eb dy mandate nga viti 2003 deri 2011. N\u00eb koh\u00ebn e k\u00ebtyre mandateve u nd\u00ebrtua nd\u00ebrtesa e re e Sht\u00ebpis\u00eb s\u00eb sh\u00ebndetit dhe u hap Materniteti.<\/p>\n<p>\u00cbsht\u00eb nj\u00eb nd\u00ebr themeluesit dhe kryetari aktual i Bashkimit t\u00eb\u00a0krijuesve shqiptar n\u00eb Mal t\u00eb Zi.<\/p>\n<p><strong>Ja pra edhe veprat e prim.dr. Gani Karamanag\u00ebs<\/strong><\/p>\n<p>Ka botuar m\u00eb shum\u00eb se 100 punime shkencore dhe profesionale n\u00eb gazeta dhe revista n\u00eb gjuh\u00ebn shqipe dhe malazeze. Punimet i ka botuar n\u00eb revistat: <i>Medicinski zapisi<\/i> (Podgoric\u00eb), <i>Medical<\/i> (Podgoric\u00eb), <i>Caffe Montenegro<\/i> (Podgoric\u00eb), <i>Saop\u0161tenja<\/i> (Novi Sad), <i>Pneumon<\/i> (Novi Sad), <i>Lje\u010dni\u010dki Vjesnik<\/i> (Zagreb), <i>Buletini Shkencor<\/i> (Tiran\u00eb), <i>Medicus<\/i> (Shkup), <i>Kronika<\/i> (Ulqin), <i>Koha javore<\/i> (Podgoric\u00eb), <i>Buzuku<\/i> (Ulqin), <i>Nora<\/i> (Ulqin), <i>Unioni<\/i> (Ulqin) dhe <i>Dija<\/i> (Ulqin).<\/p>\n<p>Ka botuar kat\u00ebr libra:<\/p>\n<ul>\n<li><i>Mjekimi me faktor\u00eb natyror\u00eb n\u00eb regjionin e Ulqinit<\/i> (2008) \u2013 n\u00eb gjuhen shqipe dhe malazeze<\/li>\n<li><i>Historiku i sh\u00ebrbimit sh\u00ebndet\u00ebsor n\u00eb Ulqin<\/i> (2011) \u2013 n\u00eb gjuhen shqipe dhe malazeze<\/li>\n<li><i>Dielli, deti, sh\u00ebndeti<\/i> (2013) \u2013 n\u00eb gjuhen shqipe dhe malazeze<\/li>\n<li><i>Udh\u00ebtimi i nj\u00eb mjeku<\/i> (2015) \u2013 n\u00eb gjuhen shqipe dhe malazeze<\/li>\n<\/ul>\n<p><strong>Burimi: Wikipedia<\/strong><\/p>\n<p><iframe loading=\"lazy\" src=\"\/\/www.dailymotion.com\/embed\/video\/x3kxb8o?autoPlay=1\" width=\"508\" height=\"315\" frameborder=\"0\" allowfullscreen=\"allowfullscreen\"><\/iframe><\/p>\n","protected":false},"excerpt":{"rendered":"<p>Emisioni \u201cPortreti\u201d: Protagonist mjeku i njohur prim.dr.Gani Karamanaga \u201cPortreti\u201d eshte emision i\u00a0 cili emitohet cdo te hene ne oren 21.00 n\u00eb Televizionin Teuta. Gazetarja Hatixhe Nelaj na mundson t\u00eb ndjekim emisionin \u201cPortreti\u201d\u00a0 q\u00eb\u00a0 transmetohet n\u00eb TV Teuta. K\u00ebsaj rradhe protagonist do t\u00eb jet\u00eb mjeku u njohur i qytetit prim.dr. Gani Karamanaga. Ja nj\u00eb pershkrim t\u00eb [&hellip;]<\/p>\n","protected":false},"author":1,"featured_media":0,"comment_status":"closed","ping_status":"closed","sticky":false,"template":"","format":"standard","meta":{"spay_email":"","jetpack_publicize_message":"","jetpack_is_tweetstorm":false,"jetpack_publicize_feature_enabled":true},"categories":[5],"tags":[],"jetpack_publicize_connections":[],"yoast_head":"<!-- This site is optimized with the Yoast SEO plugin v19.1 - https:\/\/yoast.com\/wordpress\/plugins\/seo\/ -->\n<title>Emisioni &quot;Portreti&quot; Prim.dr.Gani Karamanaga - Video - Lajme nga Ulqini<\/title>\n<meta name=\"description\" content=\"Emisioni \u201cPortreti\u201d: Protagonist mjeku i njohur prim.dr.Gani Karamanaga \u201cPortreti\u201d eshte emision i\u00a0 cili emitohet cdo te hene ne oren 21.00 n\u00eb\" \/>\n<meta name=\"robots\" content=\"index, follow, max-snippet:-1, max-image-preview:large, max-video-preview:-1\" \/>\n<link rel=\"canonical\" href=\"https:\/\/www.visit-ulcinj.com\/blog\/2016\/01\/09\/emisioni-portreti-prim-dr-gani-karamanaga-video\/\" \/>\n<meta property=\"og:locale\" content=\"en_US\" \/>\n<meta property=\"og:type\" content=\"article\" \/>\n<meta property=\"og:title\" content=\"Emisioni &quot;Portreti&quot; Prim.dr.Gani Karamanaga - Video - Lajme nga Ulqini\" \/>\n<meta property=\"og:description\" content=\"Emisioni \u201cPortreti\u201d: Protagonist mjeku i njohur prim.dr.Gani Karamanaga \u201cPortreti\u201d eshte emision i\u00a0 cili emitohet cdo te hene ne oren 21.00 n\u00eb\" \/>\n<meta property=\"og:url\" content=\"https:\/\/www.visit-ulcinj.com\/blog\/2016\/01\/09\/emisioni-portreti-prim-dr-gani-karamanaga-video\/\" \/>\n<meta property=\"og:site_name\" content=\"Lajme nga Ulqini\" \/>\n<meta property=\"article:published_time\" content=\"2016-01-09T07:36:05+00:00\" \/>\n<meta property=\"article:modified_time\" content=\"2016-01-09T07:38:56+00:00\" \/>\n<meta property=\"og:image\" content=\"http:\/\/www.visit-ulcinj.com\/blog\/wp-content\/uploads\/2016\/01\/Portreti-Gani-Karamanaga-Hatixhe-Nelaj-Tv-Teuta.jpg\" \/>\n<meta name=\"twitter:label1\" content=\"Written by\" \/>\n\t<meta name=\"twitter:data1\" content=\"ulqini\" \/>\n\t<meta name=\"twitter:label2\" content=\"Est. reading time\" \/>\n\t<meta name=\"twitter:data2\" content=\"2 minutes\" \/>\n<script type=\"application\/ld+json\" class=\"yoast-schema-graph\">{\"@context\":\"https:\/\/schema.org\",\"@graph\":[{\"@type\":\"WebSite\",\"@id\":\"https:\/\/www.visit-ulcinj.com\/blog\/#website\",\"url\":\"https:\/\/www.visit-ulcinj.com\/blog\/\",\"name\":\"Lajme nga Ulqini\",\"description\":\"Lajme,Vijesti,Ulqini,Ulqin,Crna Gora,Mali i Zi\",\"potentialAction\":[{\"@type\":\"SearchAction\",\"target\":{\"@type\":\"EntryPoint\",\"urlTemplate\":\"https:\/\/www.visit-ulcinj.com\/blog\/?s={search_term_string}\"},\"query-input\":\"required name=search_term_string\"}],\"inLanguage\":\"en-US\"},{\"@type\":\"ImageObject\",\"inLanguage\":\"en-US\",\"@id\":\"https:\/\/www.visit-ulcinj.com\/blog\/2016\/01\/09\/emisioni-portreti-prim-dr-gani-karamanaga-video\/#primaryimage\",\"url\":\"https:\/\/www.visit-ulcinj.com\/blog\/wp-content\/uploads\/2016\/01\/Portreti-Gani-Karamanaga-Hatixhe-Nelaj-Tv-Teuta.jpg\",\"contentUrl\":\"https:\/\/www.visit-ulcinj.com\/blog\/wp-content\/uploads\/2016\/01\/Portreti-Gani-Karamanaga-Hatixhe-Nelaj-Tv-Teuta.jpg\",\"width\":830,\"height\":434},{\"@type\":\"WebPage\",\"@id\":\"https:\/\/www.visit-ulcinj.com\/blog\/2016\/01\/09\/emisioni-portreti-prim-dr-gani-karamanaga-video\/#webpage\",\"url\":\"https:\/\/www.visit-ulcinj.com\/blog\/2016\/01\/09\/emisioni-portreti-prim-dr-gani-karamanaga-video\/\",\"name\":\"Emisioni \\\"Portreti\\\" Prim.dr.Gani Karamanaga - Video - Lajme nga Ulqini\",\"isPartOf\":{\"@id\":\"https:\/\/www.visit-ulcinj.com\/blog\/#website\"},\"primaryImageOfPage\":{\"@id\":\"https:\/\/www.visit-ulcinj.com\/blog\/2016\/01\/09\/emisioni-portreti-prim-dr-gani-karamanaga-video\/#primaryimage\"},\"datePublished\":\"2016-01-09T07:36:05+00:00\",\"dateModified\":\"2016-01-09T07:38:56+00:00\",\"author\":{\"@id\":\"https:\/\/www.visit-ulcinj.com\/blog\/#\/schema\/person\/dcab619c614d3038751c63bc2aadc06d\"},\"description\":\"Emisioni \u201cPortreti\u201d: Protagonist mjeku i njohur prim.dr.Gani Karamanaga \u201cPortreti\u201d eshte emision i\u00a0 cili emitohet cdo te hene ne oren 21.00 n\u00eb\",\"breadcrumb\":{\"@id\":\"https:\/\/www.visit-ulcinj.com\/blog\/2016\/01\/09\/emisioni-portreti-prim-dr-gani-karamanaga-video\/#breadcrumb\"},\"inLanguage\":\"en-US\",\"potentialAction\":[{\"@type\":\"ReadAction\",\"target\":[\"https:\/\/www.visit-ulcinj.com\/blog\/2016\/01\/09\/emisioni-portreti-prim-dr-gani-karamanaga-video\/\"]}]},{\"@type\":\"BreadcrumbList\",\"@id\":\"https:\/\/www.visit-ulcinj.com\/blog\/2016\/01\/09\/emisioni-portreti-prim-dr-gani-karamanaga-video\/#breadcrumb\",\"itemListElement\":[{\"@type\":\"ListItem\",\"position\":1,\"name\":\"Emisioni &#8220;Portreti&#8221; Prim.dr.Gani Karamanaga &#8211; Video\"}]},{\"@type\":\"Person\",\"@id\":\"https:\/\/www.visit-ulcinj.com\/blog\/#\/schema\/person\/dcab619c614d3038751c63bc2aadc06d\",\"name\":\"ulqini\",\"sameAs\":[\"http:\/\/www.visit-ulcinj.com\"],\"url\":\"https:\/\/www.visit-ulcinj.com\/blog\/author\/admin\/\"}]}<\/script>\n<!-- \/ Yoast SEO plugin. -->","yoast_head_json":{"title":"Emisioni \"Portreti\" Prim.dr.Gani Karamanaga - Video - Lajme nga Ulqini","description":"Emisioni \u201cPortreti\u201d: Protagonist mjeku i njohur prim.dr.Gani Karamanaga \u201cPortreti\u201d eshte emision i\u00a0 cili emitohet cdo te hene ne oren 21.00 n\u00eb","robots":{"index":"index","follow":"follow","max-snippet":"max-snippet:-1","max-image-preview":"max-image-preview:large","max-video-preview":"max-video-preview:-1"},"canonical":"https:\/\/www.visit-ulcinj.com\/blog\/2016\/01\/09\/emisioni-portreti-prim-dr-gani-karamanaga-video\/","og_locale":"en_US","og_type":"article","og_title":"Emisioni \"Portreti\" Prim.dr.Gani Karamanaga - Video - Lajme nga Ulqini","og_description":"Emisioni \u201cPortreti\u201d: Protagonist mjeku i njohur prim.dr.Gani Karamanaga \u201cPortreti\u201d eshte emision i\u00a0 cili emitohet cdo te hene ne oren 21.00 n\u00eb","og_url":"https:\/\/www.visit-ulcinj.com\/blog\/2016\/01\/09\/emisioni-portreti-prim-dr-gani-karamanaga-video\/","og_site_name":"Lajme nga Ulqini","article_published_time":"2016-01-09T07:36:05+00:00","article_modified_time":"2016-01-09T07:38:56+00:00","og_image":[{"url":"http:\/\/www.visit-ulcinj.com\/blog\/wp-content\/uploads\/2016\/01\/Portreti-Gani-Karamanaga-Hatixhe-Nelaj-Tv-Teuta.jpg"}],"twitter_misc":{"Written by":"ulqini","Est. reading time":"2 minutes"},"schema":{"@context":"https:\/\/schema.org","@graph":[{"@type":"WebSite","@id":"https:\/\/www.visit-ulcinj.com\/blog\/#website","url":"https:\/\/www.visit-ulcinj.com\/blog\/","name":"Lajme nga Ulqini","description":"Lajme,Vijesti,Ulqini,Ulqin,Crna Gora,Mali i Zi","potentialAction":[{"@type":"SearchAction","target":{"@type":"EntryPoint","urlTemplate":"https:\/\/www.visit-ulcinj.com\/blog\/?s={search_term_string}"},"query-input":"required name=search_term_string"}],"inLanguage":"en-US"},{"@type":"ImageObject","inLanguage":"en-US","@id":"https:\/\/www.visit-ulcinj.com\/blog\/2016\/01\/09\/emisioni-portreti-prim-dr-gani-karamanaga-video\/#primaryimage","url":"https:\/\/www.visit-ulcinj.com\/blog\/wp-content\/uploads\/2016\/01\/Portreti-Gani-Karamanaga-Hatixhe-Nelaj-Tv-Teuta.jpg","contentUrl":"https:\/\/www.visit-ulcinj.com\/blog\/wp-content\/uploads\/2016\/01\/Portreti-Gani-Karamanaga-Hatixhe-Nelaj-Tv-Teuta.jpg","width":830,"height":434},{"@type":"WebPage","@id":"https:\/\/www.visit-ulcinj.com\/blog\/2016\/01\/09\/emisioni-portreti-prim-dr-gani-karamanaga-video\/#webpage","url":"https:\/\/www.visit-ulcinj.com\/blog\/2016\/01\/09\/emisioni-portreti-prim-dr-gani-karamanaga-video\/","name":"Emisioni \"Portreti\" Prim.dr.Gani Karamanaga - Video - Lajme nga Ulqini","isPartOf":{"@id":"https:\/\/www.visit-ulcinj.com\/blog\/#website"},"primaryImageOfPage":{"@id":"https:\/\/www.visit-ulcinj.com\/blog\/2016\/01\/09\/emisioni-portreti-prim-dr-gani-karamanaga-video\/#primaryimage"},"datePublished":"2016-01-09T07:36:05+00:00","dateModified":"2016-01-09T07:38:56+00:00","author":{"@id":"https:\/\/www.visit-ulcinj.com\/blog\/#\/schema\/person\/dcab619c614d3038751c63bc2aadc06d"},"description":"Emisioni \u201cPortreti\u201d: Protagonist mjeku i njohur prim.dr.Gani Karamanaga \u201cPortreti\u201d eshte emision i\u00a0 cili emitohet cdo te hene ne oren 21.00 n\u00eb","breadcrumb":{"@id":"https:\/\/www.visit-ulcinj.com\/blog\/2016\/01\/09\/emisioni-portreti-prim-dr-gani-karamanaga-video\/#breadcrumb"},"inLanguage":"en-US","potentialAction":[{"@type":"ReadAction","target":["https:\/\/www.visit-ulcinj.com\/blog\/2016\/01\/09\/emisioni-portreti-prim-dr-gani-karamanaga-video\/"]}]},{"@type":"BreadcrumbList","@id":"https:\/\/www.visit-ulcinj.com\/blog\/2016\/01\/09\/emisioni-portreti-prim-dr-gani-karamanaga-video\/#breadcrumb","itemListElement":[{"@type":"ListItem","position":1,"name":"Emisioni &#8220;Portreti&#8221; Prim.dr.Gani Karamanaga &#8211; Video"}]},{"@type":"Person","@id":"https:\/\/www.visit-ulcinj.com\/blog\/#\/schema\/person\/dcab619c614d3038751c63bc2aadc06d","name":"ulqini","sameAs":["http:\/\/www.visit-ulcinj.com"],"url":"https:\/\/www.visit-ulcinj.com\/blog\/author\/admin\/"}]}},"jetpack_featured_media_url":"","jetpack_sharing_enabled":true,"jetpack_shortlink":"https:\/\/wp.me\/pe6lTn-oqC","_links":{"self":[{"href":"https:\/\/www.visit-ulcinj.com\/blog\/wp-json\/wp\/v2\/posts\/93906"}],"collection":[{"href":"https:\/\/www.visit-ulcinj.com\/blog\/wp-json\/wp\/v2\/posts"}],"about":[{"href":"https:\/\/www.visit-ulcinj.com\/blog\/wp-json\/wp\/v2\/types\/post"}],"author":[{"embeddable":true,"href":"https:\/\/www.visit-ulcinj.com\/blog\/wp-json\/wp\/v2\/users\/1"}],"replies":[{"embeddable":true,"href":"https:\/\/www.visit-ulcinj.com\/blog\/wp-json\/wp\/v2\/comments?post=93906"}],"version-history":[{"count":2,"href":"https:\/\/www.visit-ulcinj.com\/blog\/wp-json\/wp\/v2\/posts\/93906\/revisions"}],"predecessor-version":[{"id":93909,"href":"https:\/\/www.visit-ulcinj.com\/blog\/wp-json\/wp\/v2\/posts\/93906\/revisions\/93909"}],"wp:attachment":[{"href":"https:\/\/www.visit-ulcinj.com\/blog\/wp-json\/wp\/v2\/media?parent=93906"}],"wp:term":[{"taxonomy":"category","embeddable":true,"href":"https:\/\/www.visit-ulcinj.com\/blog\/wp-json\/wp\/v2\/categories?post=93906"},{"taxonomy":"post_tag","embeddable":true,"href":"https:\/\/www.visit-ulcinj.com\/blog\/wp-json\/wp\/v2\/tags?post=93906"}],"curies":[{"name":"wp","href":"https:\/\/api.w.org\/{rel}","templated":true}]}}