{"id":93910,"date":"2015-11-16T08:41:18","date_gmt":"2015-11-16T07:41:18","guid":{"rendered":"http:\/\/www.visit-ulcinj.com\/blog\/?p=93910"},"modified":"2016-01-09T08:51:58","modified_gmt":"2016-01-09T07:51:58","slug":"emisioni-portreti-protagoniste-syme-kokaj-veterane-e-arsimit-ne-ane-te-malit","status":"publish","type":"post","link":"https:\/\/www.visit-ulcinj.com\/blog\/2015\/11\/16\/emisioni-portreti-protagoniste-syme-kokaj-veterane-e-arsimit-ne-ane-te-malit\/","title":{"rendered":"Emisioni \u201cPortreti\u201d : Protagoniste Syme Kokaj, veterane e arsimit n\u00eb An\u00eb t\u00eb Malit"},"content":{"rendered":"<p class=\"post-title\"><strong><a href=\"http:\/\/www.visit-ulcinj.com\/blog\/wp-content\/uploads\/2016\/01\/Hatixhe-Nela-Syme-Kokaj-emisioni-Portreti.jpg\"><img loading=\"lazy\" class=\"alignleft wp-image-93911\" src=\"http:\/\/www.visit-ulcinj.com\/blog\/wp-content\/uploads\/2016\/01\/Hatixhe-Nela-Syme-Kokaj-emisioni-Portreti.jpg\" alt=\"Hatixhe Nela-Syme Kokaj-emisioni-Portreti\" width=\"508\" height=\"251\" srcset=\"https:\/\/www.visit-ulcinj.com\/blog\/wp-content\/uploads\/2016\/01\/Hatixhe-Nela-Syme-Kokaj-emisioni-Portreti.jpg 680w, https:\/\/www.visit-ulcinj.com\/blog\/wp-content\/uploads\/2016\/01\/Hatixhe-Nela-Syme-Kokaj-emisioni-Portreti-300x148.jpg 300w\" sizes=\"(max-width: 508px) 100vw, 508px\" \/><\/a>\u201cPortreti\u201d me Hatixhe Nelaj<\/strong><\/p>\n<p class=\"post-title\"><strong>Emisioni \u201cPortreti\u201d: Protagoniste veterane e njohur e arsimit n\u00eb An\u00eb t\u00eb Malit zonja Syme Kokaj<br \/>\n<\/strong><\/p>\n<p>\u201cPortreti\u201d eshte emision i\u00a0 cili emitohet cdo te hene ne oren 21.00 n\u00eb Televizionin Teuta.<\/p>\n<p>Gazetarja Hatixhe Nelaj na mundson t\u00eb ndjekim emisionin \u201cPortreti\u201d\u00a0 q\u00eb\u00a0 transmetohet n\u00eb TV Teuta.<\/p>\n<p>K\u00ebsaj rradhe protagoniste eshte veteraneja e njohur e arsimit n\u00eb An\u00eb t\u00eb Malit zonja Syme Kokaj.<\/p>\n<p><iframe loading=\"lazy\" frameborder=\"0\" width=\"560\" height=\"315\" src=\"\/\/www.dailymotion.com\/embed\/video\/x3h467j?autoPlay=1\" allowfullscreen><\/iframe><\/p>\n","protected":false},"excerpt":{"rendered":"<p>\u201cPortreti\u201d me Hatixhe Nelaj Emisioni \u201cPortreti\u201d: Protagoniste veterane e njohur e arsimit n\u00eb An\u00eb t\u00eb Malit zonja Syme Kokaj \u201cPortreti\u201d eshte emision i\u00a0 cili emitohet cdo te hene ne oren 21.00 n\u00eb Televizionin Teuta. Gazetarja Hatixhe Nelaj na mundson t\u00eb ndjekim emisionin \u201cPortreti\u201d\u00a0 q\u00eb\u00a0 transmetohet n\u00eb TV Teuta. K\u00ebsaj rradhe protagoniste eshte veteraneja e njohur [&hellip;]<\/p>\n","protected":false},"author":1,"featured_media":0,"comment_status":"closed","ping_status":"closed","sticky":false,"template":"","format":"standard","meta":{"spay_email":"","jetpack_publicize_message":"","jetpack_is_tweetstorm":false,"jetpack_publicize_feature_enabled":true},"categories":[5],"tags":[],"jetpack_publicize_connections":[],"yoast_head":"<!-- This site is optimized with the Yoast SEO plugin v19.1 - https:\/\/yoast.com\/wordpress\/plugins\/seo\/ -->\n<title>Emisioni \u201cPortreti\u201d : Protagoniste Syme Kokaj, veterane e arsimit n\u00eb An\u00eb t\u00eb Malit - Lajme nga Ulqini<\/title>\n<meta name=\"description\" content=\"\u201cPortreti\u201d me Hatixhe Nelaj Emisioni \u201cPortreti\u201d: Protagoniste veterane e njohur e arsimit n\u00eb An\u00eb t\u00eb Malit zonja Syme Kokaj \u201cPortreti\u201d eshte emision i\u00a0\" \/>\n<meta name=\"robots\" content=\"index, follow, max-snippet:-1, max-image-preview:large, max-video-preview:-1\" \/>\n<link rel=\"canonical\" href=\"https:\/\/www.visit-ulcinj.com\/blog\/2015\/11\/16\/emisioni-portreti-protagoniste-syme-kokaj-veterane-e-arsimit-ne-ane-te-malit\/\" \/>\n<meta property=\"og:locale\" content=\"en_US\" \/>\n<meta property=\"og:type\" content=\"article\" \/>\n<meta property=\"og:title\" content=\"Emisioni \u201cPortreti\u201d : Protagoniste Syme Kokaj, veterane e arsimit n\u00eb An\u00eb t\u00eb Malit - Lajme nga Ulqini\" \/>\n<meta property=\"og:description\" content=\"\u201cPortreti\u201d me Hatixhe Nelaj Emisioni \u201cPortreti\u201d: Protagoniste veterane e njohur e arsimit n\u00eb An\u00eb t\u00eb Malit zonja Syme Kokaj \u201cPortreti\u201d eshte emision i\u00a0\" \/>\n<meta property=\"og:url\" content=\"https:\/\/www.visit-ulcinj.com\/blog\/2015\/11\/16\/emisioni-portreti-protagoniste-syme-kokaj-veterane-e-arsimit-ne-ane-te-malit\/\" \/>\n<meta property=\"og:site_name\" content=\"Lajme nga Ulqini\" \/>\n<meta property=\"article:published_time\" content=\"2015-11-16T07:41:18+00:00\" \/>\n<meta property=\"article:modified_time\" content=\"2016-01-09T07:51:58+00:00\" \/>\n<meta property=\"og:image\" content=\"http:\/\/www.visit-ulcinj.com\/blog\/wp-content\/uploads\/2016\/01\/Hatixhe-Nela-Syme-Kokaj-emisioni-Portreti.jpg\" \/>\n<meta name=\"twitter:label1\" content=\"Written by\" \/>\n\t<meta name=\"twitter:data1\" content=\"ulqini\" \/>\n<script type=\"application\/ld+json\" class=\"yoast-schema-graph\">{\"@context\":\"https:\/\/schema.org\",\"@graph\":[{\"@type\":\"WebSite\",\"@id\":\"https:\/\/www.visit-ulcinj.com\/blog\/#website\",\"url\":\"https:\/\/www.visit-ulcinj.com\/blog\/\",\"name\":\"Lajme nga Ulqini\",\"description\":\"Lajme,Vijesti,Ulqini,Ulqin,Crna Gora,Mali i Zi\",\"potentialAction\":[{\"@type\":\"SearchAction\",\"target\":{\"@type\":\"EntryPoint\",\"urlTemplate\":\"https:\/\/www.visit-ulcinj.com\/blog\/?s={search_term_string}\"},\"query-input\":\"required name=search_term_string\"}],\"inLanguage\":\"en-US\"},{\"@type\":\"ImageObject\",\"inLanguage\":\"en-US\",\"@id\":\"https:\/\/www.visit-ulcinj.com\/blog\/2015\/11\/16\/emisioni-portreti-protagoniste-syme-kokaj-veterane-e-arsimit-ne-ane-te-malit\/#primaryimage\",\"url\":\"https:\/\/www.visit-ulcinj.com\/blog\/wp-content\/uploads\/2016\/01\/Hatixhe-Nela-Syme-Kokaj-emisioni-Portreti.jpg\",\"contentUrl\":\"https:\/\/www.visit-ulcinj.com\/blog\/wp-content\/uploads\/2016\/01\/Hatixhe-Nela-Syme-Kokaj-emisioni-Portreti.jpg\",\"width\":680,\"height\":336},{\"@type\":\"WebPage\",\"@id\":\"https:\/\/www.visit-ulcinj.com\/blog\/2015\/11\/16\/emisioni-portreti-protagoniste-syme-kokaj-veterane-e-arsimit-ne-ane-te-malit\/#webpage\",\"url\":\"https:\/\/www.visit-ulcinj.com\/blog\/2015\/11\/16\/emisioni-portreti-protagoniste-syme-kokaj-veterane-e-arsimit-ne-ane-te-malit\/\",\"name\":\"Emisioni \u201cPortreti\u201d : Protagoniste Syme Kokaj, veterane e arsimit n\u00eb An\u00eb t\u00eb Malit - Lajme nga Ulqini\",\"isPartOf\":{\"@id\":\"https:\/\/www.visit-ulcinj.com\/blog\/#website\"},\"primaryImageOfPage\":{\"@id\":\"https:\/\/www.visit-ulcinj.com\/blog\/2015\/11\/16\/emisioni-portreti-protagoniste-syme-kokaj-veterane-e-arsimit-ne-ane-te-malit\/#primaryimage\"},\"datePublished\":\"2015-11-16T07:41:18+00:00\",\"dateModified\":\"2016-01-09T07:51:58+00:00\",\"author\":{\"@id\":\"https:\/\/www.visit-ulcinj.com\/blog\/#\/schema\/person\/dcab619c614d3038751c63bc2aadc06d\"},\"description\":\"\u201cPortreti\u201d me Hatixhe Nelaj Emisioni \u201cPortreti\u201d: Protagoniste veterane e njohur e arsimit n\u00eb An\u00eb t\u00eb Malit zonja Syme Kokaj \u201cPortreti\u201d eshte emision i\u00a0\",\"breadcrumb\":{\"@id\":\"https:\/\/www.visit-ulcinj.com\/blog\/2015\/11\/16\/emisioni-portreti-protagoniste-syme-kokaj-veterane-e-arsimit-ne-ane-te-malit\/#breadcrumb\"},\"inLanguage\":\"en-US\",\"potentialAction\":[{\"@type\":\"ReadAction\",\"target\":[\"https:\/\/www.visit-ulcinj.com\/blog\/2015\/11\/16\/emisioni-portreti-protagoniste-syme-kokaj-veterane-e-arsimit-ne-ane-te-malit\/\"]}]},{\"@type\":\"BreadcrumbList\",\"@id\":\"https:\/\/www.visit-ulcinj.com\/blog\/2015\/11\/16\/emisioni-portreti-protagoniste-syme-kokaj-veterane-e-arsimit-ne-ane-te-malit\/#breadcrumb\",\"itemListElement\":[{\"@type\":\"ListItem\",\"position\":1,\"name\":\"Emisioni \u201cPortreti\u201d : Protagoniste Syme Kokaj, veterane e arsimit n\u00eb An\u00eb t\u00eb Malit\"}]},{\"@type\":\"Person\",\"@id\":\"https:\/\/www.visit-ulcinj.com\/blog\/#\/schema\/person\/dcab619c614d3038751c63bc2aadc06d\",\"name\":\"ulqini\",\"sameAs\":[\"http:\/\/www.visit-ulcinj.com\"],\"url\":\"https:\/\/www.visit-ulcinj.com\/blog\/author\/admin\/\"}]}<\/script>\n<!-- \/ Yoast SEO plugin. -->","yoast_head_json":{"title":"Emisioni \u201cPortreti\u201d : Protagoniste Syme Kokaj, veterane e arsimit n\u00eb An\u00eb t\u00eb Malit - Lajme nga Ulqini","description":"\u201cPortreti\u201d me Hatixhe Nelaj Emisioni \u201cPortreti\u201d: Protagoniste veterane e njohur e arsimit n\u00eb An\u00eb t\u00eb Malit zonja Syme Kokaj \u201cPortreti\u201d eshte emision i\u00a0","robots":{"index":"index","follow":"follow","max-snippet":"max-snippet:-1","max-image-preview":"max-image-preview:large","max-video-preview":"max-video-preview:-1"},"canonical":"https:\/\/www.visit-ulcinj.com\/blog\/2015\/11\/16\/emisioni-portreti-protagoniste-syme-kokaj-veterane-e-arsimit-ne-ane-te-malit\/","og_locale":"en_US","og_type":"article","og_title":"Emisioni \u201cPortreti\u201d : Protagoniste Syme Kokaj, veterane e arsimit n\u00eb An\u00eb t\u00eb Malit - Lajme nga Ulqini","og_description":"\u201cPortreti\u201d me Hatixhe Nelaj Emisioni \u201cPortreti\u201d: Protagoniste veterane e njohur e arsimit n\u00eb An\u00eb t\u00eb Malit zonja Syme Kokaj \u201cPortreti\u201d eshte emision i\u00a0","og_url":"https:\/\/www.visit-ulcinj.com\/blog\/2015\/11\/16\/emisioni-portreti-protagoniste-syme-kokaj-veterane-e-arsimit-ne-ane-te-malit\/","og_site_name":"Lajme nga Ulqini","article_published_time":"2015-11-16T07:41:18+00:00","article_modified_time":"2016-01-09T07:51:58+00:00","og_image":[{"url":"http:\/\/www.visit-ulcinj.com\/blog\/wp-content\/uploads\/2016\/01\/Hatixhe-Nela-Syme-Kokaj-emisioni-Portreti.jpg"}],"twitter_misc":{"Written by":"ulqini"},"schema":{"@context":"https:\/\/schema.org","@graph":[{"@type":"WebSite","@id":"https:\/\/www.visit-ulcinj.com\/blog\/#website","url":"https:\/\/www.visit-ulcinj.com\/blog\/","name":"Lajme nga Ulqini","description":"Lajme,Vijesti,Ulqini,Ulqin,Crna Gora,Mali i Zi","potentialAction":[{"@type":"SearchAction","target":{"@type":"EntryPoint","urlTemplate":"https:\/\/www.visit-ulcinj.com\/blog\/?s={search_term_string}"},"query-input":"required name=search_term_string"}],"inLanguage":"en-US"},{"@type":"ImageObject","inLanguage":"en-US","@id":"https:\/\/www.visit-ulcinj.com\/blog\/2015\/11\/16\/emisioni-portreti-protagoniste-syme-kokaj-veterane-e-arsimit-ne-ane-te-malit\/#primaryimage","url":"https:\/\/www.visit-ulcinj.com\/blog\/wp-content\/uploads\/2016\/01\/Hatixhe-Nela-Syme-Kokaj-emisioni-Portreti.jpg","contentUrl":"https:\/\/www.visit-ulcinj.com\/blog\/wp-content\/uploads\/2016\/01\/Hatixhe-Nela-Syme-Kokaj-emisioni-Portreti.jpg","width":680,"height":336},{"@type":"WebPage","@id":"https:\/\/www.visit-ulcinj.com\/blog\/2015\/11\/16\/emisioni-portreti-protagoniste-syme-kokaj-veterane-e-arsimit-ne-ane-te-malit\/#webpage","url":"https:\/\/www.visit-ulcinj.com\/blog\/2015\/11\/16\/emisioni-portreti-protagoniste-syme-kokaj-veterane-e-arsimit-ne-ane-te-malit\/","name":"Emisioni \u201cPortreti\u201d : Protagoniste Syme Kokaj, veterane e arsimit n\u00eb An\u00eb t\u00eb Malit - Lajme nga Ulqini","isPartOf":{"@id":"https:\/\/www.visit-ulcinj.com\/blog\/#website"},"primaryImageOfPage":{"@id":"https:\/\/www.visit-ulcinj.com\/blog\/2015\/11\/16\/emisioni-portreti-protagoniste-syme-kokaj-veterane-e-arsimit-ne-ane-te-malit\/#primaryimage"},"datePublished":"2015-11-16T07:41:18+00:00","dateModified":"2016-01-09T07:51:58+00:00","author":{"@id":"https:\/\/www.visit-ulcinj.com\/blog\/#\/schema\/person\/dcab619c614d3038751c63bc2aadc06d"},"description":"\u201cPortreti\u201d me Hatixhe Nelaj Emisioni \u201cPortreti\u201d: Protagoniste veterane e njohur e arsimit n\u00eb An\u00eb t\u00eb Malit zonja Syme Kokaj \u201cPortreti\u201d eshte emision i\u00a0","breadcrumb":{"@id":"https:\/\/www.visit-ulcinj.com\/blog\/2015\/11\/16\/emisioni-portreti-protagoniste-syme-kokaj-veterane-e-arsimit-ne-ane-te-malit\/#breadcrumb"},"inLanguage":"en-US","potentialAction":[{"@type":"ReadAction","target":["https:\/\/www.visit-ulcinj.com\/blog\/2015\/11\/16\/emisioni-portreti-protagoniste-syme-kokaj-veterane-e-arsimit-ne-ane-te-malit\/"]}]},{"@type":"BreadcrumbList","@id":"https:\/\/www.visit-ulcinj.com\/blog\/2015\/11\/16\/emisioni-portreti-protagoniste-syme-kokaj-veterane-e-arsimit-ne-ane-te-malit\/#breadcrumb","itemListElement":[{"@type":"ListItem","position":1,"name":"Emisioni \u201cPortreti\u201d : Protagoniste Syme Kokaj, veterane e arsimit n\u00eb An\u00eb t\u00eb Malit"}]},{"@type":"Person","@id":"https:\/\/www.visit-ulcinj.com\/blog\/#\/schema\/person\/dcab619c614d3038751c63bc2aadc06d","name":"ulqini","sameAs":["http:\/\/www.visit-ulcinj.com"],"url":"https:\/\/www.visit-ulcinj.com\/blog\/author\/admin\/"}]}},"jetpack_featured_media_url":"","jetpack_sharing_enabled":true,"jetpack_shortlink":"https:\/\/wp.me\/pe6lTn-oqG","_links":{"self":[{"href":"https:\/\/www.visit-ulcinj.com\/blog\/wp-json\/wp\/v2\/posts\/93910"}],"collection":[{"href":"https:\/\/www.visit-ulcinj.com\/blog\/wp-json\/wp\/v2\/posts"}],"about":[{"href":"https:\/\/www.visit-ulcinj.com\/blog\/wp-json\/wp\/v2\/types\/post"}],"author":[{"embeddable":true,"href":"https:\/\/www.visit-ulcinj.com\/blog\/wp-json\/wp\/v2\/users\/1"}],"replies":[{"embeddable":true,"href":"https:\/\/www.visit-ulcinj.com\/blog\/wp-json\/wp\/v2\/comments?post=93910"}],"version-history":[{"count":3,"href":"https:\/\/www.visit-ulcinj.com\/blog\/wp-json\/wp\/v2\/posts\/93910\/revisions"}],"predecessor-version":[{"id":93914,"href":"https:\/\/www.visit-ulcinj.com\/blog\/wp-json\/wp\/v2\/posts\/93910\/revisions\/93914"}],"wp:attachment":[{"href":"https:\/\/www.visit-ulcinj.com\/blog\/wp-json\/wp\/v2\/media?parent=93910"}],"wp:term":[{"taxonomy":"category","embeddable":true,"href":"https:\/\/www.visit-ulcinj.com\/blog\/wp-json\/wp\/v2\/categories?post=93910"},{"taxonomy":"post_tag","embeddable":true,"href":"https:\/\/www.visit-ulcinj.com\/blog\/wp-json\/wp\/v2\/tags?post=93910"}],"curies":[{"name":"wp","href":"https:\/\/api.w.org\/{rel}","templated":true}]}}