{"id":93915,"date":"2016-01-09T09:21:48","date_gmt":"2016-01-09T08:21:48","guid":{"rendered":"http:\/\/www.visit-ulcinj.com\/blog\/?p=93915"},"modified":"2016-01-11T18:05:34","modified_gmt":"2016-01-11T17:05:34","slug":"ruzhdo-dervishi-nga-kamarieri-ne-drejtor-video","status":"publish","type":"post","link":"https:\/\/www.visit-ulcinj.com\/blog\/2016\/01\/09\/ruzhdo-dervishi-nga-kamarieri-ne-drejtor-video\/","title":{"rendered":"Ruzhdo Dervishi nga kamarieri n\u00eb drejtor &#8211; Video"},"content":{"rendered":"<p><a href=\"http:\/\/www.visit-ulcinj.com\/blog\/wp-content\/uploads\/2016\/01\/Ruzhdi-Dervishi-Hatixhe-Nelaj-.jpg\"><img loading=\"lazy\" class=\"alignleft wp-image-93916\" src=\"http:\/\/www.visit-ulcinj.com\/blog\/wp-content\/uploads\/2016\/01\/Ruzhdi-Dervishi-Hatixhe-Nelaj-.jpg\" alt=\"Ruzhdi-Dervishi-Hatixhe-Nelaj-\" width=\"508\" height=\"271\" srcset=\"https:\/\/www.visit-ulcinj.com\/blog\/wp-content\/uploads\/2016\/01\/Ruzhdi-Dervishi-Hatixhe-Nelaj-.jpg 684w, https:\/\/www.visit-ulcinj.com\/blog\/wp-content\/uploads\/2016\/01\/Ruzhdi-Dervishi-Hatixhe-Nelaj--300x160.jpg 300w\" sizes=\"(max-width: 508px) 100vw, 508px\" \/><\/a>Emisioni \u00a0\u201cPortreti nga Hatixhe Nelaj\u201d sjell \u00e7do mbr\u00ebmje nga e h\u00ebna nj\u00eb emisionin t\u00eb nxeht\u00eb t\u00eb jav\u00ebs. \u00c7\u00ebshtjet m\u00eb t\u00eb forta,ngjarjet dhe \u00a0t\u00eb ftuar t\u00eb shumt\u00eb, intervista ekskluzive. N\u00eb nj\u00eb rr\u00ebfim t\u00eb jasht\u00ebzakonsh\u00ebm p\u00ebr emisionin \u201cPortreti\u201d n\u00eb Tv Teuta flet n\u00eb intervist\u00eb eskluzive me Ruzhdo Dervishi.<\/p>\n<p><strong>Ju ftojm ta ndiqni emisionin<\/strong><\/p>\n<p><iframe loading=\"lazy\" src=\"\/\/www.dailymotion.com\/embed\/video\/x3jb4cf?autoPlay=1\" width=\"560\" height=\"315\" frameborder=\"0\" allowfullscreen=\"allowfullscreen\"><\/iframe><\/p>\n","protected":false},"excerpt":{"rendered":"<p>Emisioni \u00a0\u201cPortreti nga Hatixhe Nelaj\u201d sjell \u00e7do mbr\u00ebmje nga e h\u00ebna nj\u00eb emisionin t\u00eb nxeht\u00eb t\u00eb jav\u00ebs. \u00c7\u00ebshtjet m\u00eb t\u00eb forta,ngjarjet dhe \u00a0t\u00eb ftuar t\u00eb shumt\u00eb, intervista ekskluzive. N\u00eb nj\u00eb rr\u00ebfim t\u00eb jasht\u00ebzakonsh\u00ebm p\u00ebr emisionin \u201cPortreti\u201d n\u00eb Tv Teuta flet n\u00eb intervist\u00eb eskluzive me Ruzhdo Dervishi. Ju ftojm ta ndiqni emisionin<\/p>\n","protected":false},"author":1,"featured_media":0,"comment_status":"closed","ping_status":"closed","sticky":false,"template":"","format":"standard","meta":{"spay_email":"","jetpack_publicize_message":"","jetpack_is_tweetstorm":false,"jetpack_publicize_feature_enabled":true},"categories":[2451,13],"tags":[],"jetpack_publicize_connections":[],"yoast_head":"<!-- This site is optimized with the Yoast SEO plugin v19.1 - https:\/\/yoast.com\/wordpress\/plugins\/seo\/ -->\n<title>Ruzhdo Dervishi nga kamarieri n\u00eb drejtor - Video - Lajme nga Ulqini<\/title>\n<meta name=\"description\" content=\"Emisioni \u00a0\u201cPortreti nga Hatixhe Nelaj\u201d sjell \u00e7do mbr\u00ebmje nga e h\u00ebna nj\u00eb emisionin t\u00eb nxeht\u00eb t\u00eb jav\u00ebs. \u00c7\u00ebshtjet m\u00eb t\u00eb forta,ngjarjet dhe \u00a0t\u00eb ftuar t\u00eb\" \/>\n<meta name=\"robots\" content=\"index, follow, max-snippet:-1, max-image-preview:large, max-video-preview:-1\" \/>\n<link rel=\"canonical\" href=\"https:\/\/www.visit-ulcinj.com\/blog\/2016\/01\/09\/ruzhdo-dervishi-nga-kamarieri-ne-drejtor-video\/\" \/>\n<meta property=\"og:locale\" content=\"en_US\" \/>\n<meta property=\"og:type\" content=\"article\" \/>\n<meta property=\"og:title\" content=\"Ruzhdo Dervishi nga kamarieri n\u00eb drejtor - Video - Lajme nga Ulqini\" \/>\n<meta property=\"og:description\" content=\"Emisioni \u00a0\u201cPortreti nga Hatixhe Nelaj\u201d sjell \u00e7do mbr\u00ebmje nga e h\u00ebna nj\u00eb emisionin t\u00eb nxeht\u00eb t\u00eb jav\u00ebs. \u00c7\u00ebshtjet m\u00eb t\u00eb forta,ngjarjet dhe \u00a0t\u00eb ftuar t\u00eb\" \/>\n<meta property=\"og:url\" content=\"https:\/\/www.visit-ulcinj.com\/blog\/2016\/01\/09\/ruzhdo-dervishi-nga-kamarieri-ne-drejtor-video\/\" \/>\n<meta property=\"og:site_name\" content=\"Lajme nga Ulqini\" \/>\n<meta property=\"article:published_time\" content=\"2016-01-09T08:21:48+00:00\" \/>\n<meta property=\"article:modified_time\" content=\"2016-01-11T17:05:34+00:00\" \/>\n<meta property=\"og:image\" content=\"http:\/\/www.visit-ulcinj.com\/blog\/wp-content\/uploads\/2016\/01\/Ruzhdi-Dervishi-Hatixhe-Nelaj-.jpg\" \/>\n<meta name=\"twitter:label1\" content=\"Written by\" \/>\n\t<meta name=\"twitter:data1\" content=\"ulqini\" \/>\n<script type=\"application\/ld+json\" class=\"yoast-schema-graph\">{\"@context\":\"https:\/\/schema.org\",\"@graph\":[{\"@type\":\"WebSite\",\"@id\":\"https:\/\/www.visit-ulcinj.com\/blog\/#website\",\"url\":\"https:\/\/www.visit-ulcinj.com\/blog\/\",\"name\":\"Lajme nga Ulqini\",\"description\":\"Lajme,Vijesti,Ulqini,Ulqin,Crna Gora,Mali i Zi\",\"potentialAction\":[{\"@type\":\"SearchAction\",\"target\":{\"@type\":\"EntryPoint\",\"urlTemplate\":\"https:\/\/www.visit-ulcinj.com\/blog\/?s={search_term_string}\"},\"query-input\":\"required name=search_term_string\"}],\"inLanguage\":\"en-US\"},{\"@type\":\"ImageObject\",\"inLanguage\":\"en-US\",\"@id\":\"https:\/\/www.visit-ulcinj.com\/blog\/2016\/01\/09\/ruzhdo-dervishi-nga-kamarieri-ne-drejtor-video\/#primaryimage\",\"url\":\"https:\/\/www.visit-ulcinj.com\/blog\/wp-content\/uploads\/2016\/01\/Ruzhdi-Dervishi-Hatixhe-Nelaj-.jpg\",\"contentUrl\":\"https:\/\/www.visit-ulcinj.com\/blog\/wp-content\/uploads\/2016\/01\/Ruzhdi-Dervishi-Hatixhe-Nelaj-.jpg\",\"width\":684,\"height\":365},{\"@type\":\"WebPage\",\"@id\":\"https:\/\/www.visit-ulcinj.com\/blog\/2016\/01\/09\/ruzhdo-dervishi-nga-kamarieri-ne-drejtor-video\/#webpage\",\"url\":\"https:\/\/www.visit-ulcinj.com\/blog\/2016\/01\/09\/ruzhdo-dervishi-nga-kamarieri-ne-drejtor-video\/\",\"name\":\"Ruzhdo Dervishi nga kamarieri n\u00eb drejtor - Video - Lajme nga Ulqini\",\"isPartOf\":{\"@id\":\"https:\/\/www.visit-ulcinj.com\/blog\/#website\"},\"primaryImageOfPage\":{\"@id\":\"https:\/\/www.visit-ulcinj.com\/blog\/2016\/01\/09\/ruzhdo-dervishi-nga-kamarieri-ne-drejtor-video\/#primaryimage\"},\"datePublished\":\"2016-01-09T08:21:48+00:00\",\"dateModified\":\"2016-01-11T17:05:34+00:00\",\"author\":{\"@id\":\"https:\/\/www.visit-ulcinj.com\/blog\/#\/schema\/person\/dcab619c614d3038751c63bc2aadc06d\"},\"description\":\"Emisioni \u00a0\u201cPortreti nga Hatixhe Nelaj\u201d sjell \u00e7do mbr\u00ebmje nga e h\u00ebna nj\u00eb emisionin t\u00eb nxeht\u00eb t\u00eb jav\u00ebs. \u00c7\u00ebshtjet m\u00eb t\u00eb forta,ngjarjet dhe \u00a0t\u00eb ftuar t\u00eb\",\"breadcrumb\":{\"@id\":\"https:\/\/www.visit-ulcinj.com\/blog\/2016\/01\/09\/ruzhdo-dervishi-nga-kamarieri-ne-drejtor-video\/#breadcrumb\"},\"inLanguage\":\"en-US\",\"potentialAction\":[{\"@type\":\"ReadAction\",\"target\":[\"https:\/\/www.visit-ulcinj.com\/blog\/2016\/01\/09\/ruzhdo-dervishi-nga-kamarieri-ne-drejtor-video\/\"]}]},{\"@type\":\"BreadcrumbList\",\"@id\":\"https:\/\/www.visit-ulcinj.com\/blog\/2016\/01\/09\/ruzhdo-dervishi-nga-kamarieri-ne-drejtor-video\/#breadcrumb\",\"itemListElement\":[{\"@type\":\"ListItem\",\"position\":1,\"name\":\"Ruzhdo Dervishi nga kamarieri n\u00eb drejtor &#8211; Video\"}]},{\"@type\":\"Person\",\"@id\":\"https:\/\/www.visit-ulcinj.com\/blog\/#\/schema\/person\/dcab619c614d3038751c63bc2aadc06d\",\"name\":\"ulqini\",\"sameAs\":[\"http:\/\/www.visit-ulcinj.com\"],\"url\":\"https:\/\/www.visit-ulcinj.com\/blog\/author\/admin\/\"}]}<\/script>\n<!-- \/ Yoast SEO plugin. -->","yoast_head_json":{"title":"Ruzhdo Dervishi nga kamarieri n\u00eb drejtor - Video - Lajme nga Ulqini","description":"Emisioni \u00a0\u201cPortreti nga Hatixhe Nelaj\u201d sjell \u00e7do mbr\u00ebmje nga e h\u00ebna nj\u00eb emisionin t\u00eb nxeht\u00eb t\u00eb jav\u00ebs. \u00c7\u00ebshtjet m\u00eb t\u00eb forta,ngjarjet dhe \u00a0t\u00eb ftuar t\u00eb","robots":{"index":"index","follow":"follow","max-snippet":"max-snippet:-1","max-image-preview":"max-image-preview:large","max-video-preview":"max-video-preview:-1"},"canonical":"https:\/\/www.visit-ulcinj.com\/blog\/2016\/01\/09\/ruzhdo-dervishi-nga-kamarieri-ne-drejtor-video\/","og_locale":"en_US","og_type":"article","og_title":"Ruzhdo Dervishi nga kamarieri n\u00eb drejtor - Video - Lajme nga Ulqini","og_description":"Emisioni \u00a0\u201cPortreti nga Hatixhe Nelaj\u201d sjell \u00e7do mbr\u00ebmje nga e h\u00ebna nj\u00eb emisionin t\u00eb nxeht\u00eb t\u00eb jav\u00ebs. \u00c7\u00ebshtjet m\u00eb t\u00eb forta,ngjarjet dhe \u00a0t\u00eb ftuar t\u00eb","og_url":"https:\/\/www.visit-ulcinj.com\/blog\/2016\/01\/09\/ruzhdo-dervishi-nga-kamarieri-ne-drejtor-video\/","og_site_name":"Lajme nga Ulqini","article_published_time":"2016-01-09T08:21:48+00:00","article_modified_time":"2016-01-11T17:05:34+00:00","og_image":[{"url":"http:\/\/www.visit-ulcinj.com\/blog\/wp-content\/uploads\/2016\/01\/Ruzhdi-Dervishi-Hatixhe-Nelaj-.jpg"}],"twitter_misc":{"Written by":"ulqini"},"schema":{"@context":"https:\/\/schema.org","@graph":[{"@type":"WebSite","@id":"https:\/\/www.visit-ulcinj.com\/blog\/#website","url":"https:\/\/www.visit-ulcinj.com\/blog\/","name":"Lajme nga Ulqini","description":"Lajme,Vijesti,Ulqini,Ulqin,Crna Gora,Mali i Zi","potentialAction":[{"@type":"SearchAction","target":{"@type":"EntryPoint","urlTemplate":"https:\/\/www.visit-ulcinj.com\/blog\/?s={search_term_string}"},"query-input":"required name=search_term_string"}],"inLanguage":"en-US"},{"@type":"ImageObject","inLanguage":"en-US","@id":"https:\/\/www.visit-ulcinj.com\/blog\/2016\/01\/09\/ruzhdo-dervishi-nga-kamarieri-ne-drejtor-video\/#primaryimage","url":"https:\/\/www.visit-ulcinj.com\/blog\/wp-content\/uploads\/2016\/01\/Ruzhdi-Dervishi-Hatixhe-Nelaj-.jpg","contentUrl":"https:\/\/www.visit-ulcinj.com\/blog\/wp-content\/uploads\/2016\/01\/Ruzhdi-Dervishi-Hatixhe-Nelaj-.jpg","width":684,"height":365},{"@type":"WebPage","@id":"https:\/\/www.visit-ulcinj.com\/blog\/2016\/01\/09\/ruzhdo-dervishi-nga-kamarieri-ne-drejtor-video\/#webpage","url":"https:\/\/www.visit-ulcinj.com\/blog\/2016\/01\/09\/ruzhdo-dervishi-nga-kamarieri-ne-drejtor-video\/","name":"Ruzhdo Dervishi nga kamarieri n\u00eb drejtor - Video - Lajme nga Ulqini","isPartOf":{"@id":"https:\/\/www.visit-ulcinj.com\/blog\/#website"},"primaryImageOfPage":{"@id":"https:\/\/www.visit-ulcinj.com\/blog\/2016\/01\/09\/ruzhdo-dervishi-nga-kamarieri-ne-drejtor-video\/#primaryimage"},"datePublished":"2016-01-09T08:21:48+00:00","dateModified":"2016-01-11T17:05:34+00:00","author":{"@id":"https:\/\/www.visit-ulcinj.com\/blog\/#\/schema\/person\/dcab619c614d3038751c63bc2aadc06d"},"description":"Emisioni \u00a0\u201cPortreti nga Hatixhe Nelaj\u201d sjell \u00e7do mbr\u00ebmje nga e h\u00ebna nj\u00eb emisionin t\u00eb nxeht\u00eb t\u00eb jav\u00ebs. \u00c7\u00ebshtjet m\u00eb t\u00eb forta,ngjarjet dhe \u00a0t\u00eb ftuar t\u00eb","breadcrumb":{"@id":"https:\/\/www.visit-ulcinj.com\/blog\/2016\/01\/09\/ruzhdo-dervishi-nga-kamarieri-ne-drejtor-video\/#breadcrumb"},"inLanguage":"en-US","potentialAction":[{"@type":"ReadAction","target":["https:\/\/www.visit-ulcinj.com\/blog\/2016\/01\/09\/ruzhdo-dervishi-nga-kamarieri-ne-drejtor-video\/"]}]},{"@type":"BreadcrumbList","@id":"https:\/\/www.visit-ulcinj.com\/blog\/2016\/01\/09\/ruzhdo-dervishi-nga-kamarieri-ne-drejtor-video\/#breadcrumb","itemListElement":[{"@type":"ListItem","position":1,"name":"Ruzhdo Dervishi nga kamarieri n\u00eb drejtor &#8211; Video"}]},{"@type":"Person","@id":"https:\/\/www.visit-ulcinj.com\/blog\/#\/schema\/person\/dcab619c614d3038751c63bc2aadc06d","name":"ulqini","sameAs":["http:\/\/www.visit-ulcinj.com"],"url":"https:\/\/www.visit-ulcinj.com\/blog\/author\/admin\/"}]}},"jetpack_featured_media_url":"","jetpack_sharing_enabled":true,"jetpack_shortlink":"https:\/\/wp.me\/pe6lTn-oqL","_links":{"self":[{"href":"https:\/\/www.visit-ulcinj.com\/blog\/wp-json\/wp\/v2\/posts\/93915"}],"collection":[{"href":"https:\/\/www.visit-ulcinj.com\/blog\/wp-json\/wp\/v2\/posts"}],"about":[{"href":"https:\/\/www.visit-ulcinj.com\/blog\/wp-json\/wp\/v2\/types\/post"}],"author":[{"embeddable":true,"href":"https:\/\/www.visit-ulcinj.com\/blog\/wp-json\/wp\/v2\/users\/1"}],"replies":[{"embeddable":true,"href":"https:\/\/www.visit-ulcinj.com\/blog\/wp-json\/wp\/v2\/comments?post=93915"}],"version-history":[{"count":2,"href":"https:\/\/www.visit-ulcinj.com\/blog\/wp-json\/wp\/v2\/posts\/93915\/revisions"}],"predecessor-version":[{"id":93966,"href":"https:\/\/www.visit-ulcinj.com\/blog\/wp-json\/wp\/v2\/posts\/93915\/revisions\/93966"}],"wp:attachment":[{"href":"https:\/\/www.visit-ulcinj.com\/blog\/wp-json\/wp\/v2\/media?parent=93915"}],"wp:term":[{"taxonomy":"category","embeddable":true,"href":"https:\/\/www.visit-ulcinj.com\/blog\/wp-json\/wp\/v2\/categories?post=93915"},{"taxonomy":"post_tag","embeddable":true,"href":"https:\/\/www.visit-ulcinj.com\/blog\/wp-json\/wp\/v2\/tags?post=93915"}],"curies":[{"name":"wp","href":"https:\/\/api.w.org\/{rel}","templated":true}]}}