{"id":93918,"date":"2016-01-04T09:29:46","date_gmt":"2016-01-04T08:29:46","guid":{"rendered":"http:\/\/www.visit-ulcinj.com\/blog\/?p=93918"},"modified":"2016-01-09T09:40:26","modified_gmt":"2016-01-09T08:40:26","slug":"interviste-famulltarin-e-kishes-se-shtojit-z-don-franin","status":"publish","type":"post","link":"https:\/\/www.visit-ulcinj.com\/blog\/2016\/01\/04\/interviste-famulltarin-e-kishes-se-shtojit-z-don-franin\/","title":{"rendered":"Interviste me famulltarin e kish\u00ebs se Shtojit z. Don Franin"},"content":{"rendered":"<p><a href=\"http:\/\/www.visit-ulcinj.com\/blog\/wp-content\/uploads\/2016\/01\/Famulltari-i-kish\u00ebs-se-Shtojit-z.-Don-Frani-Hatixhe-Nelaj.jpg\"><img loading=\"lazy\" class=\"alignleft wp-image-93919\" src=\"http:\/\/www.visit-ulcinj.com\/blog\/wp-content\/uploads\/2016\/01\/Famulltari-i-kish\u00ebs-se-Shtojit-z.-Don-Frani-Hatixhe-Nelaj.jpg\" alt=\"Famulltari-i-kish\u00ebs se Shtojit z. Don Frani-Hatixhe-Nelaj\" width=\"508\" height=\"295\" srcset=\"https:\/\/www.visit-ulcinj.com\/blog\/wp-content\/uploads\/2016\/01\/Famulltari-i-kish\u00ebs-se-Shtojit-z.-Don-Frani-Hatixhe-Nelaj.jpg 709w, https:\/\/www.visit-ulcinj.com\/blog\/wp-content\/uploads\/2016\/01\/Famulltari-i-kish\u00ebs-se-Shtojit-z.-Don-Frani-Hatixhe-Nelaj-300x174.jpg 300w\" sizes=\"(max-width: 508px) 100vw, 508px\" \/><\/a>Emisioni \u00a0\u201cPortreti nga Hatixhe Nelaj\u201d sjell \u00e7do mbr\u00ebmje nga e h\u00ebna nj\u00eb emisionin t\u00eb nxeht\u00eb t\u00eb jav\u00ebs. \u00c7\u00ebshtjet m\u00eb t\u00eb forta,ngjarjet dhe \u00a0t\u00eb ftuar t\u00eb shumt\u00eb, intervista ekskluzive. N\u00eb nj\u00eb rr\u00ebfim t\u00eb jasht\u00ebzakonsh\u00ebm p\u00ebr emisionin \u201cPortreti\u201d n\u00eb Tv Teuta flet n\u00eb intervist\u00eb\u00a0 me famulltarin e kish\u00ebs se Shtojit z. Don Franin.<\/p>\n<p>\u00c7do t\u00eb h\u00ebn\u00eb n\u00eb ora 21: 00 n\u00eb Televizionin Teuta mund t\u00eb ndiqni emisionin \u201cPortreti\u201d me Hatixhe Nelaj. Rr\u00ebfime interesante, protagonist t\u00eb shumt\u00eb, intervista ekskluzive.<\/p>\n<p>Emisioni \u201cPortreti\u201d me Hatixhe Nelaj. Jeta dje, dhe sot, mund ta ndiqni n\u00eb intervist\u00ebn ekskluzive me famulltarin e kish\u00ebs se Shtojit z. Don Franin nga fshati Kllez\u00ebn.<\/p>\n<p><iframe loading=\"lazy\" frameborder=\"0\" width=\"560\" height=\"315\" src=\"\/\/www.dailymotion.com\/embed\/video\/x3klvk4?autoPlay=1\" allowfullscreen><\/iframe><\/p>\n","protected":false},"excerpt":{"rendered":"<p>Emisioni \u00a0\u201cPortreti nga Hatixhe Nelaj\u201d sjell \u00e7do mbr\u00ebmje nga e h\u00ebna nj\u00eb emisionin t\u00eb nxeht\u00eb t\u00eb jav\u00ebs. \u00c7\u00ebshtjet m\u00eb t\u00eb forta,ngjarjet dhe \u00a0t\u00eb ftuar t\u00eb shumt\u00eb, intervista ekskluzive. N\u00eb nj\u00eb rr\u00ebfim t\u00eb jasht\u00ebzakonsh\u00ebm p\u00ebr emisionin \u201cPortreti\u201d n\u00eb Tv Teuta flet n\u00eb intervist\u00eb\u00a0 me famulltarin e kish\u00ebs se Shtojit z. Don Franin. \u00c7do t\u00eb h\u00ebn\u00eb n\u00eb [&hellip;]<\/p>\n","protected":false},"author":1,"featured_media":0,"comment_status":"closed","ping_status":"closed","sticky":false,"template":"","format":"standard","meta":{"spay_email":"","jetpack_publicize_message":"","jetpack_is_tweetstorm":false,"jetpack_publicize_feature_enabled":true},"categories":[5],"tags":[],"jetpack_publicize_connections":[],"yoast_head":"<!-- This site is optimized with the Yoast SEO plugin v19.1 - https:\/\/yoast.com\/wordpress\/plugins\/seo\/ -->\n<title>Interviste me famulltarin e kish\u00ebs se Shtojit z. Don Franin - Lajme nga Ulqini<\/title>\n<meta name=\"description\" content=\"Emisioni \u00a0\u201cPortreti nga Hatixhe Nelaj\u201d sjell \u00e7do mbr\u00ebmje nga e h\u00ebna nj\u00eb emisionin t\u00eb nxeht\u00eb t\u00eb jav\u00ebs. \u00c7\u00ebshtjet m\u00eb t\u00eb forta,ngjarjet dhe \u00a0t\u00eb ftuar t\u00eb\" \/>\n<meta name=\"robots\" content=\"index, follow, max-snippet:-1, max-image-preview:large, max-video-preview:-1\" \/>\n<link rel=\"canonical\" href=\"https:\/\/www.visit-ulcinj.com\/blog\/2016\/01\/04\/interviste-famulltarin-e-kishes-se-shtojit-z-don-franin\/\" \/>\n<meta property=\"og:locale\" content=\"en_US\" \/>\n<meta property=\"og:type\" content=\"article\" \/>\n<meta property=\"og:title\" content=\"Interviste me famulltarin e kish\u00ebs se Shtojit z. Don Franin - Lajme nga Ulqini\" \/>\n<meta property=\"og:description\" content=\"Emisioni \u00a0\u201cPortreti nga Hatixhe Nelaj\u201d sjell \u00e7do mbr\u00ebmje nga e h\u00ebna nj\u00eb emisionin t\u00eb nxeht\u00eb t\u00eb jav\u00ebs. \u00c7\u00ebshtjet m\u00eb t\u00eb forta,ngjarjet dhe \u00a0t\u00eb ftuar t\u00eb\" \/>\n<meta property=\"og:url\" content=\"https:\/\/www.visit-ulcinj.com\/blog\/2016\/01\/04\/interviste-famulltarin-e-kishes-se-shtojit-z-don-franin\/\" \/>\n<meta property=\"og:site_name\" content=\"Lajme nga Ulqini\" \/>\n<meta property=\"article:published_time\" content=\"2016-01-04T08:29:46+00:00\" \/>\n<meta property=\"article:modified_time\" content=\"2016-01-09T08:40:26+00:00\" \/>\n<meta name=\"twitter:label1\" content=\"Written by\" \/>\n\t<meta name=\"twitter:data1\" content=\"ulqini\" \/>\n\t<meta name=\"twitter:label2\" content=\"Est. reading time\" \/>\n\t<meta name=\"twitter:data2\" content=\"1 minute\" \/>\n<script type=\"application\/ld+json\" class=\"yoast-schema-graph\">{\"@context\":\"https:\/\/schema.org\",\"@graph\":[{\"@type\":\"WebSite\",\"@id\":\"https:\/\/www.visit-ulcinj.com\/blog\/#website\",\"url\":\"https:\/\/www.visit-ulcinj.com\/blog\/\",\"name\":\"Lajme nga Ulqini\",\"description\":\"Lajme,Vijesti,Ulqini,Ulqin,Crna Gora,Mali i Zi\",\"potentialAction\":[{\"@type\":\"SearchAction\",\"target\":{\"@type\":\"EntryPoint\",\"urlTemplate\":\"https:\/\/www.visit-ulcinj.com\/blog\/?s={search_term_string}\"},\"query-input\":\"required name=search_term_string\"}],\"inLanguage\":\"en-US\"},{\"@type\":\"WebPage\",\"@id\":\"https:\/\/www.visit-ulcinj.com\/blog\/2016\/01\/04\/interviste-famulltarin-e-kishes-se-shtojit-z-don-franin\/#webpage\",\"url\":\"https:\/\/www.visit-ulcinj.com\/blog\/2016\/01\/04\/interviste-famulltarin-e-kishes-se-shtojit-z-don-franin\/\",\"name\":\"Interviste me famulltarin e kish\u00ebs se Shtojit z. Don Franin - Lajme nga Ulqini\",\"isPartOf\":{\"@id\":\"https:\/\/www.visit-ulcinj.com\/blog\/#website\"},\"datePublished\":\"2016-01-04T08:29:46+00:00\",\"dateModified\":\"2016-01-09T08:40:26+00:00\",\"author\":{\"@id\":\"https:\/\/www.visit-ulcinj.com\/blog\/#\/schema\/person\/dcab619c614d3038751c63bc2aadc06d\"},\"description\":\"Emisioni \u00a0\u201cPortreti nga Hatixhe Nelaj\u201d sjell \u00e7do mbr\u00ebmje nga e h\u00ebna nj\u00eb emisionin t\u00eb nxeht\u00eb t\u00eb jav\u00ebs. \u00c7\u00ebshtjet m\u00eb t\u00eb forta,ngjarjet dhe \u00a0t\u00eb ftuar t\u00eb\",\"breadcrumb\":{\"@id\":\"https:\/\/www.visit-ulcinj.com\/blog\/2016\/01\/04\/interviste-famulltarin-e-kishes-se-shtojit-z-don-franin\/#breadcrumb\"},\"inLanguage\":\"en-US\",\"potentialAction\":[{\"@type\":\"ReadAction\",\"target\":[\"https:\/\/www.visit-ulcinj.com\/blog\/2016\/01\/04\/interviste-famulltarin-e-kishes-se-shtojit-z-don-franin\/\"]}]},{\"@type\":\"BreadcrumbList\",\"@id\":\"https:\/\/www.visit-ulcinj.com\/blog\/2016\/01\/04\/interviste-famulltarin-e-kishes-se-shtojit-z-don-franin\/#breadcrumb\",\"itemListElement\":[{\"@type\":\"ListItem\",\"position\":1,\"name\":\"Interviste me famulltarin e kish\u00ebs se Shtojit z. Don Franin\"}]},{\"@type\":\"Person\",\"@id\":\"https:\/\/www.visit-ulcinj.com\/blog\/#\/schema\/person\/dcab619c614d3038751c63bc2aadc06d\",\"name\":\"ulqini\",\"sameAs\":[\"http:\/\/www.visit-ulcinj.com\"],\"url\":\"https:\/\/www.visit-ulcinj.com\/blog\/author\/admin\/\"}]}<\/script>\n<!-- \/ Yoast SEO plugin. -->","yoast_head_json":{"title":"Interviste me famulltarin e kish\u00ebs se Shtojit z. Don Franin - Lajme nga Ulqini","description":"Emisioni \u00a0\u201cPortreti nga Hatixhe Nelaj\u201d sjell \u00e7do mbr\u00ebmje nga e h\u00ebna nj\u00eb emisionin t\u00eb nxeht\u00eb t\u00eb jav\u00ebs. \u00c7\u00ebshtjet m\u00eb t\u00eb forta,ngjarjet dhe \u00a0t\u00eb ftuar t\u00eb","robots":{"index":"index","follow":"follow","max-snippet":"max-snippet:-1","max-image-preview":"max-image-preview:large","max-video-preview":"max-video-preview:-1"},"canonical":"https:\/\/www.visit-ulcinj.com\/blog\/2016\/01\/04\/interviste-famulltarin-e-kishes-se-shtojit-z-don-franin\/","og_locale":"en_US","og_type":"article","og_title":"Interviste me famulltarin e kish\u00ebs se Shtojit z. Don Franin - Lajme nga Ulqini","og_description":"Emisioni \u00a0\u201cPortreti nga Hatixhe Nelaj\u201d sjell \u00e7do mbr\u00ebmje nga e h\u00ebna nj\u00eb emisionin t\u00eb nxeht\u00eb t\u00eb jav\u00ebs. \u00c7\u00ebshtjet m\u00eb t\u00eb forta,ngjarjet dhe \u00a0t\u00eb ftuar t\u00eb","og_url":"https:\/\/www.visit-ulcinj.com\/blog\/2016\/01\/04\/interviste-famulltarin-e-kishes-se-shtojit-z-don-franin\/","og_site_name":"Lajme nga Ulqini","article_published_time":"2016-01-04T08:29:46+00:00","article_modified_time":"2016-01-09T08:40:26+00:00","twitter_misc":{"Written by":"ulqini","Est. reading time":"1 minute"},"schema":{"@context":"https:\/\/schema.org","@graph":[{"@type":"WebSite","@id":"https:\/\/www.visit-ulcinj.com\/blog\/#website","url":"https:\/\/www.visit-ulcinj.com\/blog\/","name":"Lajme nga Ulqini","description":"Lajme,Vijesti,Ulqini,Ulqin,Crna Gora,Mali i Zi","potentialAction":[{"@type":"SearchAction","target":{"@type":"EntryPoint","urlTemplate":"https:\/\/www.visit-ulcinj.com\/blog\/?s={search_term_string}"},"query-input":"required name=search_term_string"}],"inLanguage":"en-US"},{"@type":"WebPage","@id":"https:\/\/www.visit-ulcinj.com\/blog\/2016\/01\/04\/interviste-famulltarin-e-kishes-se-shtojit-z-don-franin\/#webpage","url":"https:\/\/www.visit-ulcinj.com\/blog\/2016\/01\/04\/interviste-famulltarin-e-kishes-se-shtojit-z-don-franin\/","name":"Interviste me famulltarin e kish\u00ebs se Shtojit z. Don Franin - Lajme nga Ulqini","isPartOf":{"@id":"https:\/\/www.visit-ulcinj.com\/blog\/#website"},"datePublished":"2016-01-04T08:29:46+00:00","dateModified":"2016-01-09T08:40:26+00:00","author":{"@id":"https:\/\/www.visit-ulcinj.com\/blog\/#\/schema\/person\/dcab619c614d3038751c63bc2aadc06d"},"description":"Emisioni \u00a0\u201cPortreti nga Hatixhe Nelaj\u201d sjell \u00e7do mbr\u00ebmje nga e h\u00ebna nj\u00eb emisionin t\u00eb nxeht\u00eb t\u00eb jav\u00ebs. \u00c7\u00ebshtjet m\u00eb t\u00eb forta,ngjarjet dhe \u00a0t\u00eb ftuar t\u00eb","breadcrumb":{"@id":"https:\/\/www.visit-ulcinj.com\/blog\/2016\/01\/04\/interviste-famulltarin-e-kishes-se-shtojit-z-don-franin\/#breadcrumb"},"inLanguage":"en-US","potentialAction":[{"@type":"ReadAction","target":["https:\/\/www.visit-ulcinj.com\/blog\/2016\/01\/04\/interviste-famulltarin-e-kishes-se-shtojit-z-don-franin\/"]}]},{"@type":"BreadcrumbList","@id":"https:\/\/www.visit-ulcinj.com\/blog\/2016\/01\/04\/interviste-famulltarin-e-kishes-se-shtojit-z-don-franin\/#breadcrumb","itemListElement":[{"@type":"ListItem","position":1,"name":"Interviste me famulltarin e kish\u00ebs se Shtojit z. Don Franin"}]},{"@type":"Person","@id":"https:\/\/www.visit-ulcinj.com\/blog\/#\/schema\/person\/dcab619c614d3038751c63bc2aadc06d","name":"ulqini","sameAs":["http:\/\/www.visit-ulcinj.com"],"url":"https:\/\/www.visit-ulcinj.com\/blog\/author\/admin\/"}]}},"jetpack_featured_media_url":"","jetpack_sharing_enabled":true,"jetpack_shortlink":"https:\/\/wp.me\/pe6lTn-oqO","_links":{"self":[{"href":"https:\/\/www.visit-ulcinj.com\/blog\/wp-json\/wp\/v2\/posts\/93918"}],"collection":[{"href":"https:\/\/www.visit-ulcinj.com\/blog\/wp-json\/wp\/v2\/posts"}],"about":[{"href":"https:\/\/www.visit-ulcinj.com\/blog\/wp-json\/wp\/v2\/types\/post"}],"author":[{"embeddable":true,"href":"https:\/\/www.visit-ulcinj.com\/blog\/wp-json\/wp\/v2\/users\/1"}],"replies":[{"embeddable":true,"href":"https:\/\/www.visit-ulcinj.com\/blog\/wp-json\/wp\/v2\/comments?post=93918"}],"version-history":[{"count":1,"href":"https:\/\/www.visit-ulcinj.com\/blog\/wp-json\/wp\/v2\/posts\/93918\/revisions"}],"predecessor-version":[{"id":93920,"href":"https:\/\/www.visit-ulcinj.com\/blog\/wp-json\/wp\/v2\/posts\/93918\/revisions\/93920"}],"wp:attachment":[{"href":"https:\/\/www.visit-ulcinj.com\/blog\/wp-json\/wp\/v2\/media?parent=93918"}],"wp:term":[{"taxonomy":"category","embeddable":true,"href":"https:\/\/www.visit-ulcinj.com\/blog\/wp-json\/wp\/v2\/categories?post=93918"},{"taxonomy":"post_tag","embeddable":true,"href":"https:\/\/www.visit-ulcinj.com\/blog\/wp-json\/wp\/v2\/tags?post=93918"}],"curies":[{"name":"wp","href":"https:\/\/api.w.org\/{rel}","templated":true}]}}