{"id":93938,"date":"2016-01-09T12:31:06","date_gmt":"2016-01-09T11:31:06","guid":{"rendered":"http:\/\/www.visit-ulcinj.com\/blog\/?p=93938"},"modified":"2016-01-09T12:31:06","modified_gmt":"2016-01-09T11:31:06","slug":"silver-korda-kordiq-stamolla-digjet-kurva-krifet","status":"publish","type":"post","link":"https:\/\/www.visit-ulcinj.com\/blog\/2016\/01\/09\/silver-korda-kordiq-stamolla-digjet-kurva-krifet\/","title":{"rendered":"Silver Korda Kordiq: Stamolla digjet &#8211; Kurva krifet"},"content":{"rendered":"<p><a href=\"http:\/\/www.visit-ulcinj.com\/blog\/wp-content\/uploads\/2016\/01\/Silver-Korda-Kordic.jpg\"><img loading=\"lazy\" class=\"alignleft wp-image-93939\" src=\"http:\/\/www.visit-ulcinj.com\/blog\/wp-content\/uploads\/2016\/01\/Silver-Korda-Kordic.jpg\" alt=\"Silver Korda Kordic\" width=\"508\" height=\"348\" srcset=\"https:\/\/www.visit-ulcinj.com\/blog\/wp-content\/uploads\/2016\/01\/Silver-Korda-Kordic.jpg 949w, https:\/\/www.visit-ulcinj.com\/blog\/wp-content\/uploads\/2016\/01\/Silver-Korda-Kordic-300x205.jpg 300w\" sizes=\"(max-width: 508px) 100vw, 508px\" \/><\/a>Fati m\u00eb i madh\u00eb i politikan\u00ebve lokal t\u00eb Ulqinit (por kjo vlen\u00eb edhe p\u00ebr ato republikan), \u00ebsht\u00eb ai, q\u00eb viti ka disa festa fetare t\u00eb tre besimeve, data t\u00eb \u00abr\u00ebnd\u00ebsishme\u00bb shtet\u00ebrore dhe lokale, inaugurime, promovime, shp\u00ebrblime t\u00eb ndryeshme zyrtare, publike, me nam\u00eb dhe pa nam\u00eb&#8230; Duke fal\u00ebnderuar k\u00ebtyre, \u00ablider\u00ebt\u00bb dhe udh\u00ebheq\u00ebsit, themeluesit, kryetar\u00ebt e partive, k\u00ebshillave, \u00abbordave\u00bb, drejtorive, organeve, \u00absubjekteve politik\u00bb??? munden publikisht n\u00eb TV, radio, gazeta, Faqebuk\u00eb, forume, \u00ablajme\u00bb internetike t\u00eb shumta dhe media t\u00eb panum\u00ebrta, zyrtarisht me uruar, p\u00ebrg\u00ebzuar, d\u00ebshiruar, lavduar, p\u00ebrhajruar, me u sha dhe \u00abme u shilu\u00bb, me kritikuar (por jo vet\u00ebkritikuar-se kjo veti nuk eksiston n\u00eb mentalitetin, karakterin, kultur\u00ebn dhe mentalitetin e tyre), me ia \u00abnjeh\u00eb dilet e t\u00eb shtunet\u00bb personit, grupit, partis\u00eb, organit, sekcionit, subjektit politik dhe me u arsyetuar p\u00ebr \u00e7do gj\u00eb dhe \u00e7do send, edhe n\u00ebse ai ose ato vet\u00eb jan\u00eb fajtor dhe shkaktar t\u00eb nj\u00eb anomalie t\u00eb caktuar.<br \/>\nN\u00eb baz\u00eb t\u00eb k\u00ebtyre veprimeve dhe \u00abaktiviteteve\u00bb t\u00eb kryetarve, n\u00ebnkryetarve, k\u00ebshilltarve, liderve, aktivist\u00ebve politik, funkcionarve partiak, aparta\u00e7ikve komunal dhe regjional, subjekteve politik, na imponohet p\u00ebrsht\u00ebpja dhe bindja se t\u00eb gjith\u00eb k\u00ebto aktor publik-politik nuk kan\u00eb as pun\u00eb tjera, as detyra m\u00eb t\u00eb r\u00ebnd\u00ebsishme, as obligime m\u00eb primare, e mos t\u00eb p\u00ebrmendim synimet strategjike si parakusht i zgjidhjeve ose zbutjeve t\u00eb krizave, halleve t\u00eb popullit, d\u00ebshtimeve sociale, ekonomike, turistike, komunikacionit rrugor (varra kancerike e Ulqinit)&#8230;<br \/>\nDo t\u00eb ishte e padrejt\u00eb, nese k\u00ebtu nuk kishte me u theksuar aft\u00ebsia e t\u00eb gjith\u00eb kryetarve t\u00eb Ulqinit, t\u00eb 25 viteve t\u00eb fundit: organizimi i festimeve te Vitit t\u00eb Ri dhe vjetoreve partiake, me koncerte publike, sipas sistemit romak \u00abloj\u00ebra, buk\u00eb dhe kamxhik\u00bb, me \u00abartista\/e\u00bb t\u00eb estrad\u00ebs muzikore balkanike, me \u00e7mime astronomike, ku popullit bile p\u00ebr dy, tri or\u00eb ia \u00abpij\u00ebshin\u00bb menden dhe trurin me repertoare t\u00eb melodive \u00abtarllavarlla-turboflok-greko-sllavo-turke-rrumba-samba&#8230;<br \/>\n\u00abMbr\u00ebm\u00eb n\u00eb \u201cHotelin Mediteran\u201d u organizua nj\u00eb mbr\u00ebmje p\u00ebr t\u00eb sh\u00ebnuar kat\u00ebrvjetorin e Partis\u00eb Demokratike. T\u00eb ftuar ishin lider t\u00eb partive t\u00eb ndryshme si Forca e re Demokratike, Alternativa Shqipetare, Partisa Social Demokrate, Lidhja Demokratike, Partia Demokratike e Socialisteve dhe disa figura tjera politike&#8230;\u00bb<br \/>\n\u00abT\u00eb shtun\u00ebn me 26. dhjetor, Forca e Re Demokratike organizon nj\u00eb festim modest me rastin e 10 vjetorit t\u00eb themelimit. Festimi do t\u00eb b\u00ebhet n\u00eb hotel Mediteran n\u00eb ora 19.00, me \u00e7\u2019rast do ti bashkangjitet edhe kokteji tradicional i fundvitit.\u00bb<br \/>\nTipike, kronike dhe simpomatiko-ballkanike, \u00ebsht\u00eb vesi negativ i t\u00eb gjith\u00eb \u00absubjekteve politike\u00bb, t\u00eb partive shqiptare t\u00eb Ulqinit-Malit t\u00eb Zi, gjith\u00ebmon para zgjedhjeve, para ndryshimeve personale, \u00e7rregullimeve br\u00ebnda\/ dhe jasht\u00ebpartiake, humbjes\u00eb s\u00eb autoritetit dhe besimit te votues\u00ebve, i &#8220;bie nd\u00ebr mend&#8221; t\u00eb zgjohen nga gjumi. Pse, ve\u00e7 n\u00eb k\u00ebsi situatash politikan\u00ebt dhe &#8220;lider\u00ebt&#8221; takohen, bisedojn, jan\u00eb t\u00eb &#8220;shqet\u00ebsuar&#8221; lidhur me situat\u00eb n\u00eb Ulqin, b\u00ebrin konsultime &#8220;p\u00ebr mbar\u00ebvajtjen e Kuvendit t\u00eb komun\u00ebs s\u00eb Ulqinit&#8221;&#8230;?????<br \/>\nN\u00eb vend se t\u00eb diskutonin dhe analizonin mossukseset-d\u00ebshtimet e tyre, gjegj\u00ebsisht, t\u00eb gjith\u00eb politikan\u00ebve t\u00eb partive ashtuquajtura shqiptare, n\u00eb k\u00ebto 25 vite, ato luftojn p\u00ebr interesat e veta individuale, p\u00ebr ambiciet profiterike. Ulqini s`ka patur as nga ky &#8220;tandem&#8221; politik i fundit, as koalicioneve tjera n\u00eb sken\u00ebn politike t\u00eb Ulqinit, asnj\u00eb far \u00abhajrit\u00bb as dobie! Ve\u00e7 sherr!!! K\u00ebto 25 vite t\u00eb fundit &#8220;mifet n\u00eb Bun\u00eb&#8221;, organizohen trueza dhe manifestime politike, mbahen fjalime plot\u00eb fraza, pun\u00eb boshe&#8230; \u00abSubjektete politike\u00bb nuk munden t\u00eb ngopen me akuza reciproke, kritika dhe insinuacione t\u00eb pa num\u00ebrta nj\u00ebri ndaj tjetrit, duke mposhtur dhe ofenduar nj\u00ebri tjetrin, duke hedhur fajet e veta nj\u00ebri tjetrit, duke u arsyetuar para opiionit-elektoratit (gjith\u00ebmon para zgjedhjeve t\u00eb reja), me q\u00ebllim t\u00eb \u00abpastrimit\u00bb moral, k\u00ebshtu q\u00eb n\u00eb zgjedhjet e reja t\u00eb shk\u00eblqenin si t\u00eb shenj\u00ebt. Paradoxus Balkanicus!!!<br \/>\n365 dit\u00eb t\u00eb vitit, partit\u00eb, \u00absubjektet\u00bb, faktoret, \u00ablider\u00ebt\u00bb politik t\u00eb Ulqinit nuk realizonin, nuk zbatonin asgj\u00eb konkrete, evidente, pozitive, progresive, p\u00ebrs\u00ebmarit p\u00ebr qytet, popull, rini, ardh\u00ebmeri&#8230; Ve\u00e7 \u00abgrihen\u00bb e \u00abcaptohen si micat n\u00eb thes\u00bb, shpifin, \u00abqesin voj n\u00eb flak\u00eb\u00bb, shtyhen se kush do t\u00eb jet \u00abma i forti\u00bb si f\u00ebmij\u00ebt n\u00eb \u00c7erdhe. Okupimi i tyre gjat\u00eb 365 dit\u00ebve \u00ebsht\u00eb si me siguruar \u00abkarikat\/fotejat\u00bb, si me da ndonj\u00eb cop\u00eb \u00abtort\u00eb\u00bb p\u00ebr vet\u00ebn dhe m\u00eb t\u00eb af\u00ebrmit e tyre, si me p\u00ebrfituar piunat e partive kund\u00ebrshtare p\u00ebr koalicione t\u00eb ndryshme, vet\u00ebm e vet\u00ebm q\u00eb n\u00eb fund t\u00eb mandatit kat\u00ebr vje\u00e7ar me e grabitur edhe nji \u00ab4-vje\u00e7are\u00bb. Strategjia e tyre politike \u00ebsht\u00eb \u00abhere uj e her\u00eb ver\u00eb\u00bb, tash me \u00abshush\u00ebn\u00bb, nes\u00ebr me \u00abmarush\u00ebn\u00bb, pa u kuqur ndopak f\u00ebtyra e tyre. Politika \u00ebsht\u00eb sh\u00ebndruar n\u00eb Ulqin (dhe mbar\u00eb Malin e Zi, por edhe n\u00eb mbar\u00eb republikat ishjugosllave) n\u00eb biznesin m\u00eb profitprues, por edhe metoda dhe patenti m\u00eb i sigurt t\u00eb p\u00ebrfitimit t\u00eb \u00abautoritetit\u00bb. Sa ma tep\u00ebr ka vjedhur nj\u00eb politikan, aq \u00abautoritet\u00bb m\u00eb t\u00eb lart\u00eb g\u00ebzon te opinioni.<br \/>\nBuxheti, financat, pagesat, investimet, realizimet dhe aprovimet e projekteve t\u00eb parapar\u00eb kane d\u00ebshtuar n\u00eb m\u00ebnyr\u00eb kronike, bllokadat e buxhetit komunal jan\u00eb b\u00ebr\u00eb metoda m\u00eb efektive t\u00eb armiq\u00ebve t\u00eb Ulqinit p\u00ebr ta pla\u00e7kitur, p\u00ebr ta thyer boshtin eksistencial t\u00eb qytetit, Komun\u00ebs, popullit. Si kujt i bie nd\u00ebr mend\u00eb nga jasht\u00eb Ulqini dhe Mali i Zi, e padisin Komun\u00ebn, e bllokojn dhe ia zbrazin konton, e xhveshin si prostitut\u00ebn n\u00eb rrug\u00eb, e shqyejn \u00absi kurva kopilin\u00bb. Natyrisht, me Aminin e Njerk\u00ebs n\u00eb Podgoric\u00eb. Kur\u00ebse \u00absubjektet politike\u00bb n\u00eb Ulqin ve\u00e7 \u00abqanin dhe vajtonin\u00bb mbi padrejtat q\u00eb po i b\u00ebhen\u00eb Ulqinit, dhe..? Asgj\u00eb! \u00c7do prall\u00eb zgjat\u00eb tre dit\u00eb!!!<br \/>\nDeri sa lexojm k\u00ebsi lajmesh:<br \/>\nGjeka:\u00bbCungu \u00ebsht\u00eb opozita m\u00eb e madhe vet vetes\u00bb,<br \/>\npopulli ka halle tjera:<br \/>\n\u00abTubimi protestues: PARA KOMUN\u00cbS PUN\u00cbTOR\u00cbT E TRE ND\u00cbRMARRJEVE PUBLIKE; Drejtuesit e tyre kan\u00eb k\u00ebrkuar q\u00eb t\u00eb jen\u00eb t\u00eb pranish\u00ebm n\u00eb seanc\u00ebn e sotme t\u00eb Parlamentit lokal&#8230;\u201c<br \/>\nFilozofja jet\u00ebsore e Ulqinit Antik\u00eb-Bejaze KORDA, do ta p\u00ebrf\u00ebshinte kte situat t\u00eb mjerueshme, aktuale n\u00eb Ulqin shkurt, qart, shum\u00ebdometh\u00ebn\u00ebs, pa patur nevoj\u00eb p\u00ebr t\u00eb harxhuar kaq fjal\u00eb dhe \u201enefes\u201c, si une k\u00ebtu:<br \/>\n&#8220;STAMOLLA DIGJET-KURVA KRIFET!!!<\/p>\n<p><strong><a id=\"js_74\" class=\"taggee\" href=\"https:\/\/www.facebook.com\/profile.php?id=100002258040793\" data-tag=\"100002258040793\" data-hovercard=\"\/ajax\/hovercard\/hovercard.php?id=100002258040793&amp;media_info=6.909059799179280&amp;type=mediatag\">Silver Korda Kordic <\/a>Facebook<\/strong><\/p>\n","protected":false},"excerpt":{"rendered":"<p>Fati m\u00eb i madh\u00eb i politikan\u00ebve lokal t\u00eb Ulqinit (por kjo vlen\u00eb edhe p\u00ebr ato republikan), \u00ebsht\u00eb ai, q\u00eb viti ka disa festa fetare t\u00eb tre besimeve, data t\u00eb \u00abr\u00ebnd\u00ebsishme\u00bb shtet\u00ebrore dhe lokale, inaugurime, promovime, shp\u00ebrblime t\u00eb ndryeshme zyrtare, publike, me nam\u00eb dhe pa nam\u00eb&#8230; Duke fal\u00ebnderuar k\u00ebtyre, \u00ablider\u00ebt\u00bb dhe udh\u00ebheq\u00ebsit, themeluesit, kryetar\u00ebt e partive, [&hellip;]<\/p>\n","protected":false},"author":1,"featured_media":0,"comment_status":"closed","ping_status":"closed","sticky":false,"template":"","format":"standard","meta":{"spay_email":"","jetpack_publicize_message":"","jetpack_is_tweetstorm":false,"jetpack_publicize_feature_enabled":true},"categories":[14249],"tags":[],"jetpack_publicize_connections":[],"yoast_head":"<!-- This site is optimized with the Yoast SEO plugin v19.1 - https:\/\/yoast.com\/wordpress\/plugins\/seo\/ -->\n<title>Silver Korda Kordiq: Stamolla digjet - Kurva krifet - Lajme nga Ulqini<\/title>\n<meta name=\"description\" content=\"Fati m\u00eb i madh\u00eb i politikan\u00ebve lokal t\u00eb Ulqinit (por kjo vlen\u00eb edhe p\u00ebr ato republikan), \u00ebsht\u00eb ai, q\u00eb viti ka disa festa fetare t\u00eb tre besimeve, data t\u00eb\" \/>\n<meta name=\"robots\" content=\"index, follow, max-snippet:-1, max-image-preview:large, max-video-preview:-1\" \/>\n<link rel=\"canonical\" href=\"https:\/\/www.visit-ulcinj.com\/blog\/2016\/01\/09\/silver-korda-kordiq-stamolla-digjet-kurva-krifet\/\" \/>\n<meta property=\"og:locale\" content=\"en_US\" \/>\n<meta property=\"og:type\" content=\"article\" \/>\n<meta property=\"og:title\" content=\"Silver Korda Kordiq: Stamolla digjet - Kurva krifet - Lajme nga Ulqini\" \/>\n<meta property=\"og:description\" content=\"Fati m\u00eb i madh\u00eb i politikan\u00ebve lokal t\u00eb Ulqinit (por kjo vlen\u00eb edhe p\u00ebr ato republikan), \u00ebsht\u00eb ai, q\u00eb viti ka disa festa fetare t\u00eb tre besimeve, data t\u00eb\" \/>\n<meta property=\"og:url\" content=\"https:\/\/www.visit-ulcinj.com\/blog\/2016\/01\/09\/silver-korda-kordiq-stamolla-digjet-kurva-krifet\/\" \/>\n<meta property=\"og:site_name\" content=\"Lajme nga Ulqini\" \/>\n<meta property=\"article:published_time\" content=\"2016-01-09T11:31:06+00:00\" \/>\n<meta property=\"og:image\" content=\"http:\/\/www.visit-ulcinj.com\/blog\/wp-content\/uploads\/2016\/01\/Silver-Korda-Kordic.jpg\" \/>\n<meta name=\"twitter:label1\" content=\"Written by\" \/>\n\t<meta name=\"twitter:data1\" content=\"ulqini\" \/>\n\t<meta name=\"twitter:label2\" content=\"Est. reading time\" \/>\n\t<meta name=\"twitter:data2\" content=\"5 minutes\" \/>\n<script type=\"application\/ld+json\" class=\"yoast-schema-graph\">{\"@context\":\"https:\/\/schema.org\",\"@graph\":[{\"@type\":\"WebSite\",\"@id\":\"https:\/\/www.visit-ulcinj.com\/blog\/#website\",\"url\":\"https:\/\/www.visit-ulcinj.com\/blog\/\",\"name\":\"Lajme nga Ulqini\",\"description\":\"Lajme,Vijesti,Ulqini,Ulqin,Crna Gora,Mali i Zi\",\"potentialAction\":[{\"@type\":\"SearchAction\",\"target\":{\"@type\":\"EntryPoint\",\"urlTemplate\":\"https:\/\/www.visit-ulcinj.com\/blog\/?s={search_term_string}\"},\"query-input\":\"required name=search_term_string\"}],\"inLanguage\":\"en-US\"},{\"@type\":\"ImageObject\",\"inLanguage\":\"en-US\",\"@id\":\"https:\/\/www.visit-ulcinj.com\/blog\/2016\/01\/09\/silver-korda-kordiq-stamolla-digjet-kurva-krifet\/#primaryimage\",\"url\":\"https:\/\/www.visit-ulcinj.com\/blog\/wp-content\/uploads\/2016\/01\/Silver-Korda-Kordic.jpg\",\"contentUrl\":\"https:\/\/www.visit-ulcinj.com\/blog\/wp-content\/uploads\/2016\/01\/Silver-Korda-Kordic.jpg\",\"width\":949,\"height\":650},{\"@type\":\"WebPage\",\"@id\":\"https:\/\/www.visit-ulcinj.com\/blog\/2016\/01\/09\/silver-korda-kordiq-stamolla-digjet-kurva-krifet\/#webpage\",\"url\":\"https:\/\/www.visit-ulcinj.com\/blog\/2016\/01\/09\/silver-korda-kordiq-stamolla-digjet-kurva-krifet\/\",\"name\":\"Silver Korda Kordiq: Stamolla digjet - Kurva krifet - Lajme nga Ulqini\",\"isPartOf\":{\"@id\":\"https:\/\/www.visit-ulcinj.com\/blog\/#website\"},\"primaryImageOfPage\":{\"@id\":\"https:\/\/www.visit-ulcinj.com\/blog\/2016\/01\/09\/silver-korda-kordiq-stamolla-digjet-kurva-krifet\/#primaryimage\"},\"datePublished\":\"2016-01-09T11:31:06+00:00\",\"dateModified\":\"2016-01-09T11:31:06+00:00\",\"author\":{\"@id\":\"https:\/\/www.visit-ulcinj.com\/blog\/#\/schema\/person\/dcab619c614d3038751c63bc2aadc06d\"},\"description\":\"Fati m\u00eb i madh\u00eb i politikan\u00ebve lokal t\u00eb Ulqinit (por kjo vlen\u00eb edhe p\u00ebr ato republikan), \u00ebsht\u00eb ai, q\u00eb viti ka disa festa fetare t\u00eb tre besimeve, data t\u00eb\",\"breadcrumb\":{\"@id\":\"https:\/\/www.visit-ulcinj.com\/blog\/2016\/01\/09\/silver-korda-kordiq-stamolla-digjet-kurva-krifet\/#breadcrumb\"},\"inLanguage\":\"en-US\",\"potentialAction\":[{\"@type\":\"ReadAction\",\"target\":[\"https:\/\/www.visit-ulcinj.com\/blog\/2016\/01\/09\/silver-korda-kordiq-stamolla-digjet-kurva-krifet\/\"]}]},{\"@type\":\"BreadcrumbList\",\"@id\":\"https:\/\/www.visit-ulcinj.com\/blog\/2016\/01\/09\/silver-korda-kordiq-stamolla-digjet-kurva-krifet\/#breadcrumb\",\"itemListElement\":[{\"@type\":\"ListItem\",\"position\":1,\"name\":\"Silver Korda Kordiq: Stamolla digjet &#8211; Kurva krifet\"}]},{\"@type\":\"Person\",\"@id\":\"https:\/\/www.visit-ulcinj.com\/blog\/#\/schema\/person\/dcab619c614d3038751c63bc2aadc06d\",\"name\":\"ulqini\",\"sameAs\":[\"http:\/\/www.visit-ulcinj.com\"],\"url\":\"https:\/\/www.visit-ulcinj.com\/blog\/author\/admin\/\"}]}<\/script>\n<!-- \/ Yoast SEO plugin. -->","yoast_head_json":{"title":"Silver Korda Kordiq: Stamolla digjet - Kurva krifet - Lajme nga Ulqini","description":"Fati m\u00eb i madh\u00eb i politikan\u00ebve lokal t\u00eb Ulqinit (por kjo vlen\u00eb edhe p\u00ebr ato republikan), \u00ebsht\u00eb ai, q\u00eb viti ka disa festa fetare t\u00eb tre besimeve, data t\u00eb","robots":{"index":"index","follow":"follow","max-snippet":"max-snippet:-1","max-image-preview":"max-image-preview:large","max-video-preview":"max-video-preview:-1"},"canonical":"https:\/\/www.visit-ulcinj.com\/blog\/2016\/01\/09\/silver-korda-kordiq-stamolla-digjet-kurva-krifet\/","og_locale":"en_US","og_type":"article","og_title":"Silver Korda Kordiq: Stamolla digjet - Kurva krifet - Lajme nga Ulqini","og_description":"Fati m\u00eb i madh\u00eb i politikan\u00ebve lokal t\u00eb Ulqinit (por kjo vlen\u00eb edhe p\u00ebr ato republikan), \u00ebsht\u00eb ai, q\u00eb viti ka disa festa fetare t\u00eb tre besimeve, data t\u00eb","og_url":"https:\/\/www.visit-ulcinj.com\/blog\/2016\/01\/09\/silver-korda-kordiq-stamolla-digjet-kurva-krifet\/","og_site_name":"Lajme nga Ulqini","article_published_time":"2016-01-09T11:31:06+00:00","og_image":[{"url":"http:\/\/www.visit-ulcinj.com\/blog\/wp-content\/uploads\/2016\/01\/Silver-Korda-Kordic.jpg"}],"twitter_misc":{"Written by":"ulqini","Est. reading time":"5 minutes"},"schema":{"@context":"https:\/\/schema.org","@graph":[{"@type":"WebSite","@id":"https:\/\/www.visit-ulcinj.com\/blog\/#website","url":"https:\/\/www.visit-ulcinj.com\/blog\/","name":"Lajme nga Ulqini","description":"Lajme,Vijesti,Ulqini,Ulqin,Crna Gora,Mali i Zi","potentialAction":[{"@type":"SearchAction","target":{"@type":"EntryPoint","urlTemplate":"https:\/\/www.visit-ulcinj.com\/blog\/?s={search_term_string}"},"query-input":"required name=search_term_string"}],"inLanguage":"en-US"},{"@type":"ImageObject","inLanguage":"en-US","@id":"https:\/\/www.visit-ulcinj.com\/blog\/2016\/01\/09\/silver-korda-kordiq-stamolla-digjet-kurva-krifet\/#primaryimage","url":"https:\/\/www.visit-ulcinj.com\/blog\/wp-content\/uploads\/2016\/01\/Silver-Korda-Kordic.jpg","contentUrl":"https:\/\/www.visit-ulcinj.com\/blog\/wp-content\/uploads\/2016\/01\/Silver-Korda-Kordic.jpg","width":949,"height":650},{"@type":"WebPage","@id":"https:\/\/www.visit-ulcinj.com\/blog\/2016\/01\/09\/silver-korda-kordiq-stamolla-digjet-kurva-krifet\/#webpage","url":"https:\/\/www.visit-ulcinj.com\/blog\/2016\/01\/09\/silver-korda-kordiq-stamolla-digjet-kurva-krifet\/","name":"Silver Korda Kordiq: Stamolla digjet - Kurva krifet - Lajme nga Ulqini","isPartOf":{"@id":"https:\/\/www.visit-ulcinj.com\/blog\/#website"},"primaryImageOfPage":{"@id":"https:\/\/www.visit-ulcinj.com\/blog\/2016\/01\/09\/silver-korda-kordiq-stamolla-digjet-kurva-krifet\/#primaryimage"},"datePublished":"2016-01-09T11:31:06+00:00","dateModified":"2016-01-09T11:31:06+00:00","author":{"@id":"https:\/\/www.visit-ulcinj.com\/blog\/#\/schema\/person\/dcab619c614d3038751c63bc2aadc06d"},"description":"Fati m\u00eb i madh\u00eb i politikan\u00ebve lokal t\u00eb Ulqinit (por kjo vlen\u00eb edhe p\u00ebr ato republikan), \u00ebsht\u00eb ai, q\u00eb viti ka disa festa fetare t\u00eb tre besimeve, data t\u00eb","breadcrumb":{"@id":"https:\/\/www.visit-ulcinj.com\/blog\/2016\/01\/09\/silver-korda-kordiq-stamolla-digjet-kurva-krifet\/#breadcrumb"},"inLanguage":"en-US","potentialAction":[{"@type":"ReadAction","target":["https:\/\/www.visit-ulcinj.com\/blog\/2016\/01\/09\/silver-korda-kordiq-stamolla-digjet-kurva-krifet\/"]}]},{"@type":"BreadcrumbList","@id":"https:\/\/www.visit-ulcinj.com\/blog\/2016\/01\/09\/silver-korda-kordiq-stamolla-digjet-kurva-krifet\/#breadcrumb","itemListElement":[{"@type":"ListItem","position":1,"name":"Silver Korda Kordiq: Stamolla digjet &#8211; Kurva krifet"}]},{"@type":"Person","@id":"https:\/\/www.visit-ulcinj.com\/blog\/#\/schema\/person\/dcab619c614d3038751c63bc2aadc06d","name":"ulqini","sameAs":["http:\/\/www.visit-ulcinj.com"],"url":"https:\/\/www.visit-ulcinj.com\/blog\/author\/admin\/"}]}},"jetpack_featured_media_url":"","jetpack_sharing_enabled":true,"jetpack_shortlink":"https:\/\/wp.me\/pe6lTn-or8","_links":{"self":[{"href":"https:\/\/www.visit-ulcinj.com\/blog\/wp-json\/wp\/v2\/posts\/93938"}],"collection":[{"href":"https:\/\/www.visit-ulcinj.com\/blog\/wp-json\/wp\/v2\/posts"}],"about":[{"href":"https:\/\/www.visit-ulcinj.com\/blog\/wp-json\/wp\/v2\/types\/post"}],"author":[{"embeddable":true,"href":"https:\/\/www.visit-ulcinj.com\/blog\/wp-json\/wp\/v2\/users\/1"}],"replies":[{"embeddable":true,"href":"https:\/\/www.visit-ulcinj.com\/blog\/wp-json\/wp\/v2\/comments?post=93938"}],"version-history":[{"count":1,"href":"https:\/\/www.visit-ulcinj.com\/blog\/wp-json\/wp\/v2\/posts\/93938\/revisions"}],"predecessor-version":[{"id":93940,"href":"https:\/\/www.visit-ulcinj.com\/blog\/wp-json\/wp\/v2\/posts\/93938\/revisions\/93940"}],"wp:attachment":[{"href":"https:\/\/www.visit-ulcinj.com\/blog\/wp-json\/wp\/v2\/media?parent=93938"}],"wp:term":[{"taxonomy":"category","embeddable":true,"href":"https:\/\/www.visit-ulcinj.com\/blog\/wp-json\/wp\/v2\/categories?post=93938"},{"taxonomy":"post_tag","embeddable":true,"href":"https:\/\/www.visit-ulcinj.com\/blog\/wp-json\/wp\/v2\/tags?post=93938"}],"curies":[{"name":"wp","href":"https:\/\/api.w.org\/{rel}","templated":true}]}}